{"id":164571,"date":"2026-01-22T16:10:11","date_gmt":"2026-01-22T19:10:11","guid":{"rendered":"https:\/\/portaltela.pt\/noticias\/2026\/01\/22\/partos-fora-dos-hospitais-mantem-se-estaveis-na-ultima-decada-diz-ministra\/"},"modified":"2026-01-22T16:10:11","modified_gmt":"2026-01-22T19:10:11","slug":"partos-fora-dos-hospitais-mantem-se-estaveis-na-ultima-decada-diz-ministra","status":"publish","type":"post","link":"https:\/\/portaltela.pt\/noticias\/politica\/2026\/01\/22\/partos-fora-dos-hospitais-mantem-se-estaveis-na-ultima-decada-diz-ministra\/","title":{"rendered":"Partos fora dos hospitais mant\u00eam-se est\u00e1veis na \u00faltima d\u00e9cada, diz ministra"},"content":{"rendered":"<p>A ministra da Sa\u00fade, Ana Paula Martins, disse que o n\u00famero de partos fora dos hospitais em Portugal se mant\u00e9m est\u00e1vel face \u00e0 \u00faltima d\u00e9cada, com a maioria a ocorrer no domic\u00edlio. A declara\u00e7\u00e3o foi feita ap\u00f3s a participa\u00e7\u00e3o numa confer\u00eancia no Porto.<\/p>\n<p>Segundo a governante, o volume de partos extra-hospitalares n\u00e3o apresenta altera\u00e7\u00f5es relevantes, \u00e0 exce\u00e7\u00e3o do per\u00edodo pand\u00e9mico, que registou um acr\u00e9scimo. A tend\u00eancia atual \u00e9 de n\u00fameros semelhantes aos observados na \u00faltima d\u00e9cada.<\/p>\n<p>Ana Paula Martins sublinhou que a maioria dos partos fora de hospitais n\u00e3o acontece na via p\u00fablica nem nas ambul\u00e2ncias, ocorrendo principalmente em casa. O INEM \u00e9 chamado em situa\u00e7\u00f5es que se complicam, mas nem todos os partos fora do hospital passam por este instituto.<\/p>\n<p>A ministra indicou ainda que n\u00e3o h\u00e1 evid\u00eancia de aumento de partos em ambul\u00e2ncias face a anos anteriores, citando que as urg\u00eancias funcionam com rotatividade e constrangimentos. A linha SNS24 e o INEM est\u00e3o mobilizados para acompanhar gr\u00e1vidas.<\/p>\n<p>Foi manifestado o desejo de que as gr\u00e1vidas sejam vigiadas em todos os trimestres, com literacia suficiente para reconhecer sinais, e que as urg\u00eancias regionais contribuam para a previsibilidade do Sistema Nacional de Emerg\u00eancia M\u00e9dica.<\/p>\n<p>No que diz respeito a dados, o INEM informou que, nos primeiros 10 meses do ano anterior, foram registados 186 partos fora do hospital (ambula\u00e7\u00f5es, via p\u00fablica e domic\u00edlio), n\u00fameros pr\u00f3ximas dos 189 do ano precedente.<\/p>\n","protected":false},"excerpt":{"rendered":"<ul>\n<li>A ministra da Sa\u00fade, Ana Paula Martins, afirmou que o n\u00famero de partos extra-hospitalares em Portugal \u00e9 semelhante ao da \u00faltima d\u00e9cada, com a maioria a ocorrer em domic\u00edlio.<\/li>\n<li>Segundo a governante, fora da pandemia n\u00e3o houve grandes altera\u00e7\u00f5es nesse indicador.<\/li>\n<li>A maior parte dos partos fora do hospital n\u00e3o acontece na via p\u00fablica nem nas ambul\u00e2ncias; ocorrem principalmente em domic\u00edlio, com o INEM chamado quando surgem situa\u00e7\u00f5es que se complicam.<\/li>\n<li>N\u00e3o est\u00e1 comprovado que existam mais partos em ambul\u00e2ncias do que nos anos anteriores, devido \u00e0 rota\u00e7\u00e3o de urg\u00eancias e a constrangimentos operacionais.<\/li>\n<li>A ministra juntou o objetivo de vigiar gr\u00e1vidas ao longo de todos os trimestres, com maior literacia para reconhecer sinais, e mencionou que o SNS 24 e o INEM podem orientar as futuras decis\u00f5es; o INEM revelou que, nos primeiros 10 meses do ano passado, houve 186 partos fora do hospital, face a 189 no ano anterior.<\/li>\n<\/ul>\n","protected":false},"author":2,"featured_media":164581,"comment_status":"closed","ping_status":"closed","sticky":false,"template":"","format":"standard","meta":{"footnotes":""},"categories":[1,5],"tags":[1935,633,1922,172,3693,1899],"class_list":["post-164571","post","type-post","status-publish","format-standard","has-post-thumbnail","hentry","category-noticias","category-politica","tag-emergencias","tag-hospital","tag-inem","tag-saude","tag-sns-24","tag-urgencias"],"yoast_head":"<!-- This site is optimized with the Yoast SEO plugin v27.2 - https:\/\/yoast.com\/product\/yoast-seo-wordpress\/ -->\n<title>Partos fora dos hospitais mant\u00eam-se est\u00e1veis na \u00faltima d\u00e9cada, diz ministra - Portal Tela Portugal<\/title>\n<meta name=\"robots\" content=\"index, follow, max-snippet:-1, max-image-preview:large, max-video-preview:-1\" \/>\n<meta property=\"og:locale\" content=\"pt_PT\" \/>\n<meta property=\"og:type\" content=\"article\" \/>\n<meta property=\"og:title\" content=\"Partos fora dos hospitais mant\u00eam-se est\u00e1veis na \u00faltima d\u00e9cada, diz ministra - Portal Tela Portugal\" \/>\n<meta property=\"og:description\" content=\"A ministra da Sa\u00fade, Ana Paula Martins, afirmou que o n\u00famero de partos extra-hospitalares em Portugal \u00e9 semelhante ao da \u00faltima d\u00e9cada, com a maioria a ocorrer em domic\u00edlio. Segundo a governante, fora da pandemia n\u00e3o houve grandes altera\u00e7\u00f5es nesse indicador. A maior parte dos partos fora do hospital n\u00e3o acontece na via p\u00fablica nem nas ambul\u00e2ncias; ocorrem principalmente em domic\u00edlio, com o INEM chamado quando surgem situa\u00e7\u00f5es que se complicam. N\u00e3o est\u00e1 comprovado que existam mais partos em ambul\u00e2ncias do que nos anos anteriores, devido \u00e0 rota\u00e7\u00e3o de urg\u00eancias e a constrangimentos operacionais. A ministra juntou o objetivo de vigiar gr\u00e1vidas ao longo de todos os trimestres, com maior literacia para reconhecer sinais, e mencionou que o SNS 24 e o INEM podem orientar as futuras decis\u00f5es; o INEM revelou que, nos primeiros 10 meses do ano passado, houve 186 partos fora do hospital, face a 189 no ano anterior.\" \/>\n<meta property=\"og:url\" content=\"https:\/\/portaltela.pt\/noticias\/2026\/01\/22\/partos-fora-dos-hospitais-mantem-se-estaveis-na-ultima-decada-diz-ministra\/\" \/>\n<meta property=\"og:site_name\" content=\"Portal Tela Portugal\" \/>\n<meta property=\"article:published_time\" content=\"2026-01-22T19:10:11+00:00\" \/>\n<meta name=\"author\" content=\"Telinha\" \/>\n<meta name=\"twitter:card\" content=\"summary_large_image\" \/>\n<meta name=\"twitter:label1\" content=\"Escrito por\" \/>\n\t<meta name=\"twitter:data1\" content=\"Telinha\" \/>\n\t<meta name=\"twitter:label2\" content=\"Tempo estimado de leitura\" \/>\n\t<meta name=\"twitter:data2\" content=\"1 minuto\" \/>\n<script type=\"application\/ld+json\" class=\"yoast-schema-graph\">{\"@context\":\"https:\/\/schema.org\",\"@graph\":[{\"@type\":\"Article\",\"@id\":\"https:\/\/portaltela.pt\/noticias\/2026\/01\/22\/partos-fora-dos-hospitais-mantem-se-estaveis-na-ultima-decada-diz-ministra\/#article\",\"isPartOf\":{\"@id\":\"https:\/\/portaltela.pt\/noticias\/2026\/01\/22\/partos-fora-dos-hospitais-mantem-se-estaveis-na-ultima-decada-diz-ministra\/\"},\"author\":{\"name\":\"Telinha\",\"@id\":\"https:\/\/portaltela.pt\/#\/schema\/person\/c4278d4a6028830caff9ee44b42d32ed\"},\"headline\":\"Partos fora dos hospitais mant\u00eam-se est\u00e1veis na \u00faltima d\u00e9cada, diz ministra\",\"datePublished\":\"2026-01-22T19:10:11+00:00\",\"mainEntityOfPage\":{\"@id\":\"https:\/\/portaltela.pt\/noticias\/2026\/01\/22\/partos-fora-dos-hospitais-mantem-se-estaveis-na-ultima-decada-diz-ministra\/\"},\"wordCount\":275,\"image\":{\"@id\":\"https:\/\/portaltela.pt\/noticias\/2026\/01\/22\/partos-fora-dos-hospitais-mantem-se-estaveis-na-ultima-decada-diz-ministra\/#primaryimage\"},\"thumbnailUrl\":\"https:\/\/portaltela.pt\/s.01k8rhncp4jt1\/2026\/01\/img_1500x1000uu2025-12-08-22-16-30-2253309-im-639018341136916445.jpg\",\"keywords\":[\"emerg\u00eancias\",\"hospital\",\"INEM\",\"sa\u00fade\",\"SNS 24\",\"urg\u00eancias\"],\"articleSection\":[\"Not\u00edcias\",\"Pol\u00edtica\"],\"inLanguage\":\"pt-PT\"},{\"@type\":\"WebPage\",\"@id\":\"https:\/\/portaltela.pt\/noticias\/2026\/01\/22\/partos-fora-dos-hospitais-mantem-se-estaveis-na-ultima-decada-diz-ministra\/\",\"url\":\"https:\/\/portaltela.pt\/noticias\/2026\/01\/22\/partos-fora-dos-hospitais-mantem-se-estaveis-na-ultima-decada-diz-ministra\/\",\"name\":\"Partos fora dos hospitais mant\u00eam-se est\u00e1veis na \u00faltima d\u00e9cada, diz ministra - Portal Tela Portugal\",\"isPartOf\":{\"@id\":\"https:\/\/portaltela.pt\/#website\"},\"primaryImageOfPage\":{\"@id\":\"https:\/\/portaltela.pt\/noticias\/2026\/01\/22\/partos-fora-dos-hospitais-mantem-se-estaveis-na-ultima-decada-diz-ministra\/#primaryimage\"},\"image\":{\"@id\":\"https:\/\/portaltela.pt\/noticias\/2026\/01\/22\/partos-fora-dos-hospitais-mantem-se-estaveis-na-ultima-decada-diz-ministra\/#primaryimage\"},\"thumbnailUrl\":\"https:\/\/portaltela.pt\/s.01k8rhncp4jt1\/2026\/01\/img_1500x1000uu2025-12-08-22-16-30-2253309-im-639018341136916445.jpg\",\"datePublished\":\"2026-01-22T19:10:11+00:00\",\"author\":{\"@id\":\"https:\/\/portaltela.pt\/#\/schema\/person\/c4278d4a6028830caff9ee44b42d32ed\"},\"breadcrumb\":{\"@id\":\"https:\/\/portaltela.pt\/noticias\/2026\/01\/22\/partos-fora-dos-hospitais-mantem-se-estaveis-na-ultima-decada-diz-ministra\/#breadcrumb\"},\"inLanguage\":\"pt-PT\",\"potentialAction\":[{\"@type\":\"ReadAction\",\"target\":[\"https:\/\/portaltela.pt\/noticias\/2026\/01\/22\/partos-fora-dos-hospitais-mantem-se-estaveis-na-ultima-decada-diz-ministra\/\"]}]},{\"@type\":\"ImageObject\",\"inLanguage\":\"pt-PT\",\"@id\":\"https:\/\/portaltela.pt\/noticias\/2026\/01\/22\/partos-fora-dos-hospitais-mantem-se-estaveis-na-ultima-decada-diz-ministra\/#primaryimage\",\"url\":\"https:\/\/portaltela.pt\/s.01k8rhncp4jt1\/2026\/01\/img_1500x1000uu2025-12-08-22-16-30-2253309-im-639018341136916445.jpg\",\"contentUrl\":\"https:\/\/portaltela.pt\/s.01k8rhncp4jt1\/2026\/01\/img_1500x1000uu2025-12-08-22-16-30-2253309-im-639018341136916445.jpg\",\"width\":796,\"height\":448,\"caption\":\"Ana Paula Martins, ministra da Sa\u00fade\"},{\"@type\":\"BreadcrumbList\",\"@id\":\"https:\/\/portaltela.pt\/noticias\/2026\/01\/22\/partos-fora-dos-hospitais-mantem-se-estaveis-na-ultima-decada-diz-ministra\/#breadcrumb\",\"itemListElement\":[{\"@type\":\"ListItem\",\"position\":1,\"name\":\"In\u00edcio\",\"item\":\"https:\/\/portaltela.pt\/\"},{\"@type\":\"ListItem\",\"position\":2,\"name\":\"Partos fora dos hospitais mant\u00eam-se est\u00e1veis na \u00faltima d\u00e9cada, diz ministra\"}]},{\"@type\":\"WebSite\",\"@id\":\"https:\/\/portaltela.pt\/#website\",\"url\":\"https:\/\/portaltela.pt\/\",\"name\":\"Portal Tela Portugal\",\"description\":\"\",\"potentialAction\":[{\"@type\":\"SearchAction\",\"target\":{\"@type\":\"EntryPoint\",\"urlTemplate\":\"https:\/\/portaltela.pt\/?s={search_term_string}\"},\"query-input\":{\"@type\":\"PropertyValueSpecification\",\"valueRequired\":true,\"valueName\":\"search_term_string\"}}],\"inLanguage\":\"pt-PT\"},{\"@type\":\"Person\",\"@id\":\"https:\/\/portaltela.pt\/#\/schema\/person\/c4278d4a6028830caff9ee44b42d32ed\",\"name\":\"Telinha\",\"image\":{\"@type\":\"ImageObject\",\"inLanguage\":\"pt-PT\",\"@id\":\"https:\/\/portaltela.pt\/s.01k8rhncp4jt1\/2025\/11\/talking-bot-125x125.png\",\"url\":\"https:\/\/portaltela.pt\/s.01k8rhncp4jt1\/2025\/11\/talking-bot-125x125.png\",\"contentUrl\":\"https:\/\/portaltela.pt\/s.01k8rhncp4jt1\/2025\/11\/talking-bot-125x125.png\",\"caption\":\"Telinha\"},\"sameAs\":[\"https:\/\/portaltela.pt\/\"],\"url\":\"https:\/\/portaltela.pt\/por\/367410592786\/\"}]}<\/script>\n<!-- \/ Yoast SEO plugin. -->","yoast_head_json":{"title":"Partos fora dos hospitais mant\u00eam-se est\u00e1veis na \u00faltima d\u00e9cada, diz ministra - Portal Tela Portugal","robots":{"index":"index","follow":"follow","max-snippet":"max-snippet:-1","max-image-preview":"max-image-preview:large","max-video-preview":"max-video-preview:-1"},"og_locale":"pt_PT","og_type":"article","og_title":"Partos fora dos hospitais mant\u00eam-se est\u00e1veis na \u00faltima d\u00e9cada, diz ministra - Portal Tela Portugal","og_description":"A ministra da Sa\u00fade, Ana Paula Martins, afirmou que o n\u00famero de partos extra-hospitalares em Portugal \u00e9 semelhante ao da \u00faltima d\u00e9cada, com a maioria a ocorrer em domic\u00edlio. Segundo a governante, fora da pandemia n\u00e3o houve grandes altera\u00e7\u00f5es nesse indicador. A maior parte dos partos fora do hospital n\u00e3o acontece na via p\u00fablica nem nas ambul\u00e2ncias; ocorrem principalmente em domic\u00edlio, com o INEM chamado quando surgem situa\u00e7\u00f5es que se complicam. N\u00e3o est\u00e1 comprovado que existam mais partos em ambul\u00e2ncias do que nos anos anteriores, devido \u00e0 rota\u00e7\u00e3o de urg\u00eancias e a constrangimentos operacionais. A ministra juntou o objetivo de vigiar gr\u00e1vidas ao longo de todos os trimestres, com maior literacia para reconhecer sinais, e mencionou que o SNS 24 e o INEM podem orientar as futuras decis\u00f5es; o INEM revelou que, nos primeiros 10 meses do ano passado, houve 186 partos fora do hospital, face a 189 no ano anterior.","og_url":"https:\/\/portaltela.pt\/noticias\/2026\/01\/22\/partos-fora-dos-hospitais-mantem-se-estaveis-na-ultima-decada-diz-ministra\/","og_site_name":"Portal Tela Portugal","article_published_time":"2026-01-22T19:10:11+00:00","author":"Telinha","twitter_card":"summary_large_image","twitter_misc":{"Escrito por":"Telinha","Tempo estimado de leitura":"1 minuto"},"schema":{"@context":"https:\/\/schema.org","@graph":[{"@type":"Article","@id":"https:\/\/portaltela.pt\/noticias\/2026\/01\/22\/partos-fora-dos-hospitais-mantem-se-estaveis-na-ultima-decada-diz-ministra\/#article","isPartOf":{"@id":"https:\/\/portaltela.pt\/noticias\/2026\/01\/22\/partos-fora-dos-hospitais-mantem-se-estaveis-na-ultima-decada-diz-ministra\/"},"author":{"name":"Telinha","@id":"https:\/\/portaltela.pt\/#\/schema\/person\/c4278d4a6028830caff9ee44b42d32ed"},"headline":"Partos fora dos hospitais mant\u00eam-se est\u00e1veis na \u00faltima d\u00e9cada, diz ministra","datePublished":"2026-01-22T19:10:11+00:00","mainEntityOfPage":{"@id":"https:\/\/portaltela.pt\/noticias\/2026\/01\/22\/partos-fora-dos-hospitais-mantem-se-estaveis-na-ultima-decada-diz-ministra\/"},"wordCount":275,"image":{"@id":"https:\/\/portaltela.pt\/noticias\/2026\/01\/22\/partos-fora-dos-hospitais-mantem-se-estaveis-na-ultima-decada-diz-ministra\/#primaryimage"},"thumbnailUrl":"https:\/\/portaltela.pt\/s.01k8rhncp4jt1\/2026\/01\/img_1500x1000uu2025-12-08-22-16-30-2253309-im-639018341136916445.jpg","keywords":["emerg\u00eancias","hospital","INEM","sa\u00fade","SNS 24","urg\u00eancias"],"articleSection":["Not\u00edcias","Pol\u00edtica"],"inLanguage":"pt-PT"},{"@type":"WebPage","@id":"https:\/\/portaltela.pt\/noticias\/2026\/01\/22\/partos-fora-dos-hospitais-mantem-se-estaveis-na-ultima-decada-diz-ministra\/","url":"https:\/\/portaltela.pt\/noticias\/2026\/01\/22\/partos-fora-dos-hospitais-mantem-se-estaveis-na-ultima-decada-diz-ministra\/","name":"Partos fora dos hospitais mant\u00eam-se est\u00e1veis na \u00faltima d\u00e9cada, diz ministra - Portal Tela Portugal","isPartOf":{"@id":"https:\/\/portaltela.pt\/#website"},"primaryImageOfPage":{"@id":"https:\/\/portaltela.pt\/noticias\/2026\/01\/22\/partos-fora-dos-hospitais-mantem-se-estaveis-na-ultima-decada-diz-ministra\/#primaryimage"},"image":{"@id":"https:\/\/portaltela.pt\/noticias\/2026\/01\/22\/partos-fora-dos-hospitais-mantem-se-estaveis-na-ultima-decada-diz-ministra\/#primaryimage"},"thumbnailUrl":"https:\/\/portaltela.pt\/s.01k8rhncp4jt1\/2026\/01\/img_1500x1000uu2025-12-08-22-16-30-2253309-im-639018341136916445.jpg","datePublished":"2026-01-22T19:10:11+00:00","author":{"@id":"https:\/\/portaltela.pt\/#\/schema\/person\/c4278d4a6028830caff9ee44b42d32ed"},"breadcrumb":{"@id":"https:\/\/portaltela.pt\/noticias\/2026\/01\/22\/partos-fora-dos-hospitais-mantem-se-estaveis-na-ultima-decada-diz-ministra\/#breadcrumb"},"inLanguage":"pt-PT","potentialAction":[{"@type":"ReadAction","target":["https:\/\/portaltela.pt\/noticias\/2026\/01\/22\/partos-fora-dos-hospitais-mantem-se-estaveis-na-ultima-decada-diz-ministra\/"]}]},{"@type":"ImageObject","inLanguage":"pt-PT","@id":"https:\/\/portaltela.pt\/noticias\/2026\/01\/22\/partos-fora-dos-hospitais-mantem-se-estaveis-na-ultima-decada-diz-ministra\/#primaryimage","url":"https:\/\/portaltela.pt\/s.01k8rhncp4jt1\/2026\/01\/img_1500x1000uu2025-12-08-22-16-30-2253309-im-639018341136916445.jpg","contentUrl":"https:\/\/portaltela.pt\/s.01k8rhncp4jt1\/2026\/01\/img_1500x1000uu2025-12-08-22-16-30-2253309-im-639018341136916445.jpg","width":796,"height":448,"caption":"Ana Paula Martins, ministra da Sa\u00fade"},{"@type":"BreadcrumbList","@id":"https:\/\/portaltela.pt\/noticias\/2026\/01\/22\/partos-fora-dos-hospitais-mantem-se-estaveis-na-ultima-decada-diz-ministra\/#breadcrumb","itemListElement":[{"@type":"ListItem","position":1,"name":"In\u00edcio","item":"https:\/\/portaltela.pt\/"},{"@type":"ListItem","position":2,"name":"Partos fora dos hospitais mant\u00eam-se est\u00e1veis na \u00faltima d\u00e9cada, diz ministra"}]},{"@type":"WebSite","@id":"https:\/\/portaltela.pt\/#website","url":"https:\/\/portaltela.pt\/","name":"Portal Tela Portugal","description":"","potentialAction":[{"@type":"SearchAction","target":{"@type":"EntryPoint","urlTemplate":"https:\/\/portaltela.pt\/?s={search_term_string}"},"query-input":{"@type":"PropertyValueSpecification","valueRequired":true,"valueName":"search_term_string"}}],"inLanguage":"pt-PT"},{"@type":"Person","@id":"https:\/\/portaltela.pt\/#\/schema\/person\/c4278d4a6028830caff9ee44b42d32ed","name":"Telinha","image":{"@type":"ImageObject","inLanguage":"pt-PT","@id":"https:\/\/portaltela.pt\/s.01k8rhncp4jt1\/2025\/11\/talking-bot-125x125.png","url":"https:\/\/portaltela.pt\/s.01k8rhncp4jt1\/2025\/11\/talking-bot-125x125.png","contentUrl":"https:\/\/portaltela.pt\/s.01k8rhncp4jt1\/2025\/11\/talking-bot-125x125.png","caption":"Telinha"},"sameAs":["https:\/\/portaltela.pt\/"],"url":"https:\/\/portaltela.pt\/por\/367410592786\/"}]}},"_links":{"self":[{"href":"https:\/\/portaltela.pt\/api\/wp\/v2\/posts\/164571","targetHints":{"allow":["GET"]}}],"collection":[{"href":"https:\/\/portaltela.pt\/api\/wp\/v2\/posts"}],"about":[{"href":"https:\/\/portaltela.pt\/api\/wp\/v2\/types\/post"}],"author":[{"embeddable":true,"href":"https:\/\/portaltela.pt\/api\/wp\/v2\/users\/2"}],"replies":[{"embeddable":true,"href":"https:\/\/portaltela.pt\/api\/wp\/v2\/comments?post=164571"}],"version-history":[{"count":0,"href":"https:\/\/portaltela.pt\/api\/wp\/v2\/posts\/164571\/revisions"}],"wp:featuredmedia":[{"embeddable":true,"href":"https:\/\/portaltela.pt\/api\/wp\/v2\/media\/164581"}],"wp:attachment":[{"href":"https:\/\/portaltela.pt\/api\/wp\/v2\/media?parent=164571"}],"wp:term":[{"taxonomy":"category","embeddable":true,"href":"https:\/\/portaltela.pt\/api\/wp\/v2\/categories?post=164571"},{"taxonomy":"post_tag","embeddable":true,"href":"https:\/\/portaltela.pt\/api\/wp\/v2\/tags?post=164571"}],"curies":[{"name":"wp","href":"https:\/\/api.w.org\/{rel}","templated":true}]}}