{"id":164473,"date":"2026-01-22T15:39:00","date_gmt":"2026-01-22T18:39:00","guid":{"rendered":"https:\/\/portaltela.pt\/noticias\/2026\/01\/22\/marques-mendes-anuncia-apoio-a-antonio-jose-seguro-na-segunda-volta-2\/"},"modified":"2026-01-22T15:39:00","modified_gmt":"2026-01-22T18:39:00","slug":"marques-mendes-anuncia-apoio-a-antonio-jose-seguro-na-segunda-volta-2","status":"publish","type":"post","link":"https:\/\/portaltela.pt\/noticias\/2026\/01\/22\/marques-mendes-anuncia-apoio-a-antonio-jose-seguro-na-segunda-volta-2\/","title":{"rendered":"Marques Mendes anuncia apoio a Ant\u00f3nio Jos\u00e9 Seguro na segunda volta"},"content":{"rendered":"<p>Marques Mendes, antigo l\u00edder do PSD, vai votar em Ant\u00f3nio Jos\u00e9 Seguro na segunda volta das elei\u00e7\u00f5es presidenciais. A informa\u00e7\u00e3o surge ap\u00f3s a elei\u00e7\u00e3o de domingo, quando o social-democrata afirmou que n\u00e3o apoiaria nenhum dos candidatos que passaram \u00e0 segunda volta.<\/p>\n<p>Mendes ficou em quinto lugar, com 11,3 por cento dos votos, cerca de 640 mil apoios. A decis\u00e3o foi tornada p\u00fablica pela RTP, que cita a mudan\u00e7a de posi\u00e7\u00e3o do pol\u00edtico, anteriormente defensor da liberdade de voto.<\/p>\n<h3>Contexto e desdobramentos<\/h3>\n<p>A remodela\u00e7\u00e3o do apoio, segundo a RTP, altera o cen\u00e1rio para a segunda volta. Marques Mendes j\u00e1 tinha referido que os votos n\u00e3o lhe pertenciam e cabia a cada eleitor decidir conforme a consci\u00eancia. A confirma\u00e7\u00e3o ocorre dias ap\u00f3s o escrut\u00ednio.<\/p>\n","protected":false},"excerpt":{"rendered":"<ul>\n<li>Marques Mendes vai anunciar apoio a Ant\u00f3nio Jos\u00e9 Seguro na segunda volta das presidenciais.<\/li>\n<li>O social-democrata ficou em quinto lugar nas elei\u00e7\u00f5es do passado domingo, com 11,3 por cento dos votos.<\/li>\n<li>O resultado traduz-se em perto de 640 mil votos.<\/li>\n<li>Na noite eleitoral, Mendes disse que n\u00e3o era dono dos votos depositados e que cada um votaria de acordo com a sua liberdade e consci\u00eancia.<\/li>\n<li>A RTP avan\u00e7a que Mendes decidiu tornar p\u00fablico o voto em Seguro.<\/li>\n<\/ul>\n","protected":false},"author":2,"featured_media":164481,"comment_status":"closed","ping_status":"closed","sticky":false,"template":"","format":"standard","meta":{"footnotes":""},"categories":[1],"tags":[2655,68,2450,2832,3001,3695],"class_list":["post-164473","post","type-post","status-publish","format-standard","has-post-thumbnail","hentry","category-noticias","tag-antonio-jose-seguro","tag-eleicoes","tag-marques-mendes","tag-politica","tag-presidenciais","tag-psd"],"yoast_head":"<!-- This site is optimized with the Yoast SEO plugin v27.2 - https:\/\/yoast.com\/product\/yoast-seo-wordpress\/ -->\n<title>Marques Mendes anuncia apoio a Ant\u00f3nio Jos\u00e9 Seguro na segunda volta - Portal Tela Portugal<\/title>\n<meta name=\"robots\" content=\"index, follow, max-snippet:-1, max-image-preview:large, max-video-preview:-1\" \/>\n<meta property=\"og:locale\" content=\"pt_PT\" \/>\n<meta property=\"og:type\" content=\"article\" \/>\n<meta property=\"og:title\" content=\"Marques Mendes anuncia apoio a Ant\u00f3nio Jos\u00e9 Seguro na segunda volta - Portal Tela Portugal\" \/>\n<meta property=\"og:description\" content=\"Marques Mendes vai anunciar apoio a Ant\u00f3nio Jos\u00e9 Seguro na segunda volta das presidenciais. O social-democrata ficou em quinto lugar nas elei\u00e7\u00f5es do passado domingo, com 11,3 por cento dos votos. O resultado traduz-se em perto de 640 mil votos. Na noite eleitoral, Mendes disse que n\u00e3o era dono dos votos depositados e que cada um votaria de acordo com a sua liberdade e consci\u00eancia. A RTP avan\u00e7a que Mendes decidiu tornar p\u00fablico o voto em Seguro.\" \/>\n<meta property=\"og:url\" content=\"https:\/\/portaltela.pt\/noticias\/2026\/01\/22\/marques-mendes-anuncia-apoio-a-antonio-jose-seguro-na-segunda-volta-2\/\" \/>\n<meta property=\"og:site_name\" content=\"Portal Tela Portugal\" \/>\n<meta property=\"article:published_time\" content=\"2026-01-22T18:39:00+00:00\" \/>\n<meta name=\"author\" content=\"Telinha\" \/>\n<meta name=\"twitter:card\" content=\"summary_large_image\" \/>\n<meta name=\"twitter:label1\" content=\"Escrito por\" \/>\n\t<meta name=\"twitter:data1\" content=\"Telinha\" \/>\n\t<meta name=\"twitter:label2\" content=\"Tempo estimado de leitura\" \/>\n\t<meta name=\"twitter:data2\" content=\"1 minuto\" \/>\n<script type=\"application\/ld+json\" class=\"yoast-schema-graph\">{\"@context\":\"https:\/\/schema.org\",\"@graph\":[{\"@type\":\"Article\",\"@id\":\"https:\/\/portaltela.pt\/noticias\/2026\/01\/22\/marques-mendes-anuncia-apoio-a-antonio-jose-seguro-na-segunda-volta-2\/#article\",\"isPartOf\":{\"@id\":\"https:\/\/portaltela.pt\/noticias\/2026\/01\/22\/marques-mendes-anuncia-apoio-a-antonio-jose-seguro-na-segunda-volta-2\/\"},\"author\":{\"name\":\"Telinha\",\"@id\":\"https:\/\/portaltela.pt\/#\/schema\/person\/c4278d4a6028830caff9ee44b42d32ed\"},\"headline\":\"Marques Mendes anuncia apoio a Ant\u00f3nio Jos\u00e9 Seguro na segunda volta\",\"datePublished\":\"2026-01-22T18:39:00+00:00\",\"mainEntityOfPage\":{\"@id\":\"https:\/\/portaltela.pt\/noticias\/2026\/01\/22\/marques-mendes-anuncia-apoio-a-antonio-jose-seguro-na-segunda-volta-2\/\"},\"wordCount\":150,\"image\":{\"@id\":\"https:\/\/portaltela.pt\/noticias\/2026\/01\/22\/marques-mendes-anuncia-apoio-a-antonio-jose-seguro-na-segunda-volta-2\/#primaryimage\"},\"thumbnailUrl\":\"https:\/\/portaltela.pt\/s.01k8rhncp4jt1\/2026\/01\/img_920x518uu2026-01-22-18-38-53-2416632-im-639047039873351278.jpg\",\"keywords\":[\"Ant\u00f3nio Jos\u00e9 Seguro\",\"elei\u00e7\u00f5es\",\"Marques Mendes\",\"pol\u00edtica\",\"Presidenciais\",\"PSD\"],\"articleSection\":[\"Not\u00edcias\"],\"inLanguage\":\"pt-PT\"},{\"@type\":\"WebPage\",\"@id\":\"https:\/\/portaltela.pt\/noticias\/2026\/01\/22\/marques-mendes-anuncia-apoio-a-antonio-jose-seguro-na-segunda-volta-2\/\",\"url\":\"https:\/\/portaltela.pt\/noticias\/2026\/01\/22\/marques-mendes-anuncia-apoio-a-antonio-jose-seguro-na-segunda-volta-2\/\",\"name\":\"Marques Mendes anuncia apoio a Ant\u00f3nio Jos\u00e9 Seguro na segunda volta - Portal Tela Portugal\",\"isPartOf\":{\"@id\":\"https:\/\/portaltela.pt\/#website\"},\"primaryImageOfPage\":{\"@id\":\"https:\/\/portaltela.pt\/noticias\/2026\/01\/22\/marques-mendes-anuncia-apoio-a-antonio-jose-seguro-na-segunda-volta-2\/#primaryimage\"},\"image\":{\"@id\":\"https:\/\/portaltela.pt\/noticias\/2026\/01\/22\/marques-mendes-anuncia-apoio-a-antonio-jose-seguro-na-segunda-volta-2\/#primaryimage\"},\"thumbnailUrl\":\"https:\/\/portaltela.pt\/s.01k8rhncp4jt1\/2026\/01\/img_920x518uu2026-01-22-18-38-53-2416632-im-639047039873351278.jpg\",\"datePublished\":\"2026-01-22T18:39:00+00:00\",\"author\":{\"@id\":\"https:\/\/portaltela.pt\/#\/schema\/person\/c4278d4a6028830caff9ee44b42d32ed\"},\"breadcrumb\":{\"@id\":\"https:\/\/portaltela.pt\/noticias\/2026\/01\/22\/marques-mendes-anuncia-apoio-a-antonio-jose-seguro-na-segunda-volta-2\/#breadcrumb\"},\"inLanguage\":\"pt-PT\",\"potentialAction\":[{\"@type\":\"ReadAction\",\"target\":[\"https:\/\/portaltela.pt\/noticias\/2026\/01\/22\/marques-mendes-anuncia-apoio-a-antonio-jose-seguro-na-segunda-volta-2\/\"]}]},{\"@type\":\"ImageObject\",\"inLanguage\":\"pt-PT\",\"@id\":\"https:\/\/portaltela.pt\/noticias\/2026\/01\/22\/marques-mendes-anuncia-apoio-a-antonio-jose-seguro-na-segunda-volta-2\/#primaryimage\",\"url\":\"https:\/\/portaltela.pt\/s.01k8rhncp4jt1\/2026\/01\/img_920x518uu2026-01-22-18-38-53-2416632-im-639047039873351278.jpg\",\"contentUrl\":\"https:\/\/portaltela.pt\/s.01k8rhncp4jt1\/2026\/01\/img_920x518uu2026-01-22-18-38-53-2416632-im-639047039873351278.jpg\",\"width\":796,\"height\":448,\"caption\":\"Marques Mendes foi um dos grandes derrotados nas presidenciais\"},{\"@type\":\"BreadcrumbList\",\"@id\":\"https:\/\/portaltela.pt\/noticias\/2026\/01\/22\/marques-mendes-anuncia-apoio-a-antonio-jose-seguro-na-segunda-volta-2\/#breadcrumb\",\"itemListElement\":[{\"@type\":\"ListItem\",\"position\":1,\"name\":\"In\u00edcio\",\"item\":\"https:\/\/portaltela.pt\/\"},{\"@type\":\"ListItem\",\"position\":2,\"name\":\"Marques Mendes anuncia apoio a Ant\u00f3nio Jos\u00e9 Seguro na segunda volta\"}]},{\"@type\":\"WebSite\",\"@id\":\"https:\/\/portaltela.pt\/#website\",\"url\":\"https:\/\/portaltela.pt\/\",\"name\":\"Portal Tela Portugal\",\"description\":\"\",\"potentialAction\":[{\"@type\":\"SearchAction\",\"target\":{\"@type\":\"EntryPoint\",\"urlTemplate\":\"https:\/\/portaltela.pt\/?s={search_term_string}\"},\"query-input\":{\"@type\":\"PropertyValueSpecification\",\"valueRequired\":true,\"valueName\":\"search_term_string\"}}],\"inLanguage\":\"pt-PT\"},{\"@type\":\"Person\",\"@id\":\"https:\/\/portaltela.pt\/#\/schema\/person\/c4278d4a6028830caff9ee44b42d32ed\",\"name\":\"Telinha\",\"image\":{\"@type\":\"ImageObject\",\"inLanguage\":\"pt-PT\",\"@id\":\"https:\/\/portaltela.pt\/s.01k8rhncp4jt1\/2025\/11\/talking-bot-125x125.png\",\"url\":\"https:\/\/portaltela.pt\/s.01k8rhncp4jt1\/2025\/11\/talking-bot-125x125.png\",\"contentUrl\":\"https:\/\/portaltela.pt\/s.01k8rhncp4jt1\/2025\/11\/talking-bot-125x125.png\",\"caption\":\"Telinha\"},\"sameAs\":[\"https:\/\/portaltela.pt\/\"],\"url\":\"https:\/\/portaltela.pt\/por\/367410592786\/\"}]}<\/script>\n<!-- \/ Yoast SEO plugin. -->","yoast_head_json":{"title":"Marques Mendes anuncia apoio a Ant\u00f3nio Jos\u00e9 Seguro na segunda volta - Portal Tela Portugal","robots":{"index":"index","follow":"follow","max-snippet":"max-snippet:-1","max-image-preview":"max-image-preview:large","max-video-preview":"max-video-preview:-1"},"og_locale":"pt_PT","og_type":"article","og_title":"Marques Mendes anuncia apoio a Ant\u00f3nio Jos\u00e9 Seguro na segunda volta - Portal Tela Portugal","og_description":"Marques Mendes vai anunciar apoio a Ant\u00f3nio Jos\u00e9 Seguro na segunda volta das presidenciais. O social-democrata ficou em quinto lugar nas elei\u00e7\u00f5es do passado domingo, com 11,3 por cento dos votos. O resultado traduz-se em perto de 640 mil votos. Na noite eleitoral, Mendes disse que n\u00e3o era dono dos votos depositados e que cada um votaria de acordo com a sua liberdade e consci\u00eancia. A RTP avan\u00e7a que Mendes decidiu tornar p\u00fablico o voto em Seguro.","og_url":"https:\/\/portaltela.pt\/noticias\/2026\/01\/22\/marques-mendes-anuncia-apoio-a-antonio-jose-seguro-na-segunda-volta-2\/","og_site_name":"Portal Tela Portugal","article_published_time":"2026-01-22T18:39:00+00:00","author":"Telinha","twitter_card":"summary_large_image","twitter_misc":{"Escrito por":"Telinha","Tempo estimado de leitura":"1 minuto"},"schema":{"@context":"https:\/\/schema.org","@graph":[{"@type":"Article","@id":"https:\/\/portaltela.pt\/noticias\/2026\/01\/22\/marques-mendes-anuncia-apoio-a-antonio-jose-seguro-na-segunda-volta-2\/#article","isPartOf":{"@id":"https:\/\/portaltela.pt\/noticias\/2026\/01\/22\/marques-mendes-anuncia-apoio-a-antonio-jose-seguro-na-segunda-volta-2\/"},"author":{"name":"Telinha","@id":"https:\/\/portaltela.pt\/#\/schema\/person\/c4278d4a6028830caff9ee44b42d32ed"},"headline":"Marques Mendes anuncia apoio a Ant\u00f3nio Jos\u00e9 Seguro na segunda volta","datePublished":"2026-01-22T18:39:00+00:00","mainEntityOfPage":{"@id":"https:\/\/portaltela.pt\/noticias\/2026\/01\/22\/marques-mendes-anuncia-apoio-a-antonio-jose-seguro-na-segunda-volta-2\/"},"wordCount":150,"image":{"@id":"https:\/\/portaltela.pt\/noticias\/2026\/01\/22\/marques-mendes-anuncia-apoio-a-antonio-jose-seguro-na-segunda-volta-2\/#primaryimage"},"thumbnailUrl":"https:\/\/portaltela.pt\/s.01k8rhncp4jt1\/2026\/01\/img_920x518uu2026-01-22-18-38-53-2416632-im-639047039873351278.jpg","keywords":["Ant\u00f3nio Jos\u00e9 Seguro","elei\u00e7\u00f5es","Marques Mendes","pol\u00edtica","Presidenciais","PSD"],"articleSection":["Not\u00edcias"],"inLanguage":"pt-PT"},{"@type":"WebPage","@id":"https:\/\/portaltela.pt\/noticias\/2026\/01\/22\/marques-mendes-anuncia-apoio-a-antonio-jose-seguro-na-segunda-volta-2\/","url":"https:\/\/portaltela.pt\/noticias\/2026\/01\/22\/marques-mendes-anuncia-apoio-a-antonio-jose-seguro-na-segunda-volta-2\/","name":"Marques Mendes anuncia apoio a Ant\u00f3nio Jos\u00e9 Seguro na segunda volta - Portal Tela Portugal","isPartOf":{"@id":"https:\/\/portaltela.pt\/#website"},"primaryImageOfPage":{"@id":"https:\/\/portaltela.pt\/noticias\/2026\/01\/22\/marques-mendes-anuncia-apoio-a-antonio-jose-seguro-na-segunda-volta-2\/#primaryimage"},"image":{"@id":"https:\/\/portaltela.pt\/noticias\/2026\/01\/22\/marques-mendes-anuncia-apoio-a-antonio-jose-seguro-na-segunda-volta-2\/#primaryimage"},"thumbnailUrl":"https:\/\/portaltela.pt\/s.01k8rhncp4jt1\/2026\/01\/img_920x518uu2026-01-22-18-38-53-2416632-im-639047039873351278.jpg","datePublished":"2026-01-22T18:39:00+00:00","author":{"@id":"https:\/\/portaltela.pt\/#\/schema\/person\/c4278d4a6028830caff9ee44b42d32ed"},"breadcrumb":{"@id":"https:\/\/portaltela.pt\/noticias\/2026\/01\/22\/marques-mendes-anuncia-apoio-a-antonio-jose-seguro-na-segunda-volta-2\/#breadcrumb"},"inLanguage":"pt-PT","potentialAction":[{"@type":"ReadAction","target":["https:\/\/portaltela.pt\/noticias\/2026\/01\/22\/marques-mendes-anuncia-apoio-a-antonio-jose-seguro-na-segunda-volta-2\/"]}]},{"@type":"ImageObject","inLanguage":"pt-PT","@id":"https:\/\/portaltela.pt\/noticias\/2026\/01\/22\/marques-mendes-anuncia-apoio-a-antonio-jose-seguro-na-segunda-volta-2\/#primaryimage","url":"https:\/\/portaltela.pt\/s.01k8rhncp4jt1\/2026\/01\/img_920x518uu2026-01-22-18-38-53-2416632-im-639047039873351278.jpg","contentUrl":"https:\/\/portaltela.pt\/s.01k8rhncp4jt1\/2026\/01\/img_920x518uu2026-01-22-18-38-53-2416632-im-639047039873351278.jpg","width":796,"height":448,"caption":"Marques Mendes foi um dos grandes derrotados nas presidenciais"},{"@type":"BreadcrumbList","@id":"https:\/\/portaltela.pt\/noticias\/2026\/01\/22\/marques-mendes-anuncia-apoio-a-antonio-jose-seguro-na-segunda-volta-2\/#breadcrumb","itemListElement":[{"@type":"ListItem","position":1,"name":"In\u00edcio","item":"https:\/\/portaltela.pt\/"},{"@type":"ListItem","position":2,"name":"Marques Mendes anuncia apoio a Ant\u00f3nio Jos\u00e9 Seguro na segunda volta"}]},{"@type":"WebSite","@id":"https:\/\/portaltela.pt\/#website","url":"https:\/\/portaltela.pt\/","name":"Portal Tela Portugal","description":"","potentialAction":[{"@type":"SearchAction","target":{"@type":"EntryPoint","urlTemplate":"https:\/\/portaltela.pt\/?s={search_term_string}"},"query-input":{"@type":"PropertyValueSpecification","valueRequired":true,"valueName":"search_term_string"}}],"inLanguage":"pt-PT"},{"@type":"Person","@id":"https:\/\/portaltela.pt\/#\/schema\/person\/c4278d4a6028830caff9ee44b42d32ed","name":"Telinha","image":{"@type":"ImageObject","inLanguage":"pt-PT","@id":"https:\/\/portaltela.pt\/s.01k8rhncp4jt1\/2025\/11\/talking-bot-125x125.png","url":"https:\/\/portaltela.pt\/s.01k8rhncp4jt1\/2025\/11\/talking-bot-125x125.png","contentUrl":"https:\/\/portaltela.pt\/s.01k8rhncp4jt1\/2025\/11\/talking-bot-125x125.png","caption":"Telinha"},"sameAs":["https:\/\/portaltela.pt\/"],"url":"https:\/\/portaltela.pt\/por\/367410592786\/"}]}},"_links":{"self":[{"href":"https:\/\/portaltela.pt\/api\/wp\/v2\/posts\/164473","targetHints":{"allow":["GET"]}}],"collection":[{"href":"https:\/\/portaltela.pt\/api\/wp\/v2\/posts"}],"about":[{"href":"https:\/\/portaltela.pt\/api\/wp\/v2\/types\/post"}],"author":[{"embeddable":true,"href":"https:\/\/portaltela.pt\/api\/wp\/v2\/users\/2"}],"replies":[{"embeddable":true,"href":"https:\/\/portaltela.pt\/api\/wp\/v2\/comments?post=164473"}],"version-history":[{"count":0,"href":"https:\/\/portaltela.pt\/api\/wp\/v2\/posts\/164473\/revisions"}],"wp:featuredmedia":[{"embeddable":true,"href":"https:\/\/portaltela.pt\/api\/wp\/v2\/media\/164481"}],"wp:attachment":[{"href":"https:\/\/portaltela.pt\/api\/wp\/v2\/media?parent=164473"}],"wp:term":[{"taxonomy":"category","embeddable":true,"href":"https:\/\/portaltela.pt\/api\/wp\/v2\/categories?post=164473"},{"taxonomy":"post_tag","embeddable":true,"href":"https:\/\/portaltela.pt\/api\/wp\/v2\/tags?post=164473"}],"curies":[{"name":"wp","href":"https:\/\/api.w.org\/{rel}","templated":true}]}}