{"id":164472,"date":"2026-01-22T15:39:00","date_gmt":"2026-01-22T18:39:00","guid":{"rendered":"https:\/\/portaltela.pt\/noticias\/2026\/01\/22\/marques-mendes-anuncia-apoio-a-antonio-jose-seguro-na-segunda-volta\/"},"modified":"2026-01-22T15:39:00","modified_gmt":"2026-01-22T18:39:00","slug":"marques-mendes-anuncia-apoio-a-antonio-jose-seguro-na-segunda-volta","status":"publish","type":"post","link":"https:\/\/portaltela.pt\/noticias\/politica\/2026\/01\/22\/marques-mendes-anuncia-apoio-a-antonio-jose-seguro-na-segunda-volta\/","title":{"rendered":"Marques Mendes anuncia apoio a Ant\u00f3nio Jos\u00e9 Seguro na segunda volta"},"content":{"rendered":"<p>Marques Mendes, figura hist\u00f3rica do PSD, vai anunciar o seu apoio a Ant\u00f3nio Jos\u00e9 Seguro na segunda volta das presidenciais em Portugal. A decis\u00e3o foi comunicada publicamente no \u00e2mbito da campanha para a fase final.<\/p>\n<p>Depois de a noite eleitoral indicar que n\u00e3o apoiaria nenhum dos candidatos classificados para a segunda volta, Mendes decidiu revelar que vai votar em Seguro. A informa\u00e7\u00e3o foi avan\u00e7ada pela RTP, citando a mudan\u00e7a de posi\u00e7\u00e3o.<\/p>\n<p>Acompanhando o an\u00fancio, o ex-membro do PSD j\u00e1 tinha mostrado uma mudan\u00e7a de rumo ao n\u00e3o declarar apoio pr\u00e9vio. A decis\u00e3o surge no contexto de um cen\u00e1rio de segunda volta entre os dois principais candidatos.<\/p>\n<h3>Contexto e n\u00fameros relevantes<\/h3>\n<p>O candidato apoiado pelo PSD ficou em quinto lugar nas elei\u00e7\u00f5es, com 11,3 por cento dos votos, akin a cerca de 640 mil votantes. A posi\u00e7\u00e3o criava expectativa sobre poss\u00edveis efeitos do apoio de Mendes no \u00e2mbito do eleitorado de centro-direita.<\/p>\n<p>A vota\u00e7\u00e3o de Mendes, assim como o seu posicionamento p\u00fablico, \u00e9 analisada por analistas como potencial vi\u00e9s de clarifica\u00e7\u00e3o de apoios no centro do espectro pol\u00edtico. O impacto final ainda estar\u00e1 por apurar na segunda volta.<\/p>\n","protected":false},"excerpt":{"rendered":"<ul>\n<li>Marques Mendes, ex-l\u00edder do PSD, vai anunciar apoio a Ant\u00f3nio Jos\u00e9 Seguro na segunda volta das presidenciais.<\/li>\n<li>O social-democrata ficou em quinto lugar, com 11,3 por cento dos votos, perto de 640 mil.<\/li>\n<li>Na noite eleitoral, Mendes afirmou que n\u00e3o ia apoiar nenhum dos candidatos que passaram \u00e0 segunda volta.<\/li>\n<li>A RTP avan\u00e7a que Mendes decidiu tornar p\u00fablico que vai votar em Seguro.<\/li>\n<li>Mendes justificou que \u201cn\u00e3o sou dono dos votos em mim depositados. Cada um decidir\u00e1 de acordo com a sua liberdade e a sua consci\u00eancia\u201d.<\/li>\n<\/ul>\n","protected":false},"author":2,"featured_media":164485,"comment_status":"closed","ping_status":"closed","sticky":false,"template":"","format":"standard","meta":{"footnotes":""},"categories":[1,5],"tags":[68,2450,2832,30,2144,3695],"class_list":["post-164472","post","type-post","status-publish","format-standard","has-post-thumbnail","hentry","category-noticias","category-politica","tag-eleicoes","tag-marques-mendes","tag-politica","tag-presidente","tag-ps","tag-psd"],"yoast_head":"<!-- This site is optimized with the Yoast SEO plugin v27.2 - https:\/\/yoast.com\/product\/yoast-seo-wordpress\/ -->\n<title>Marques Mendes anuncia apoio a Ant\u00f3nio Jos\u00e9 Seguro na segunda volta - Portal Tela Portugal<\/title>\n<meta name=\"robots\" content=\"index, follow, max-snippet:-1, max-image-preview:large, max-video-preview:-1\" \/>\n<meta property=\"og:locale\" content=\"pt_PT\" \/>\n<meta property=\"og:type\" content=\"article\" \/>\n<meta property=\"og:title\" content=\"Marques Mendes anuncia apoio a Ant\u00f3nio Jos\u00e9 Seguro na segunda volta - Portal Tela Portugal\" \/>\n<meta property=\"og:description\" content=\"Marques Mendes, ex-l\u00edder do PSD, vai anunciar apoio a Ant\u00f3nio Jos\u00e9 Seguro na segunda volta das presidenciais. O social-democrata ficou em quinto lugar, com 11,3 por cento dos votos, perto de 640 mil. Na noite eleitoral, Mendes afirmou que n\u00e3o ia apoiar nenhum dos candidatos que passaram \u00e0 segunda volta. A RTP avan\u00e7a que Mendes decidiu tornar p\u00fablico que vai votar em Seguro. Mendes justificou que \u201cn\u00e3o sou dono dos votos em mim depositados. Cada um decidir\u00e1 de acordo com a sua liberdade e a sua consci\u00eancia\u201d.\" \/>\n<meta property=\"og:url\" content=\"https:\/\/portaltela.pt\/noticias\/2026\/01\/22\/marques-mendes-anuncia-apoio-a-antonio-jose-seguro-na-segunda-volta\/\" \/>\n<meta property=\"og:site_name\" content=\"Portal Tela Portugal\" \/>\n<meta property=\"article:published_time\" content=\"2026-01-22T18:39:00+00:00\" \/>\n<meta name=\"author\" content=\"Telinha\" \/>\n<meta name=\"twitter:card\" content=\"summary_large_image\" \/>\n<meta name=\"twitter:label1\" content=\"Escrito por\" \/>\n\t<meta name=\"twitter:data1\" content=\"Telinha\" \/>\n\t<meta name=\"twitter:label2\" content=\"Tempo estimado de leitura\" \/>\n\t<meta name=\"twitter:data2\" content=\"1 minuto\" \/>\n<script type=\"application\/ld+json\" class=\"yoast-schema-graph\">{\"@context\":\"https:\/\/schema.org\",\"@graph\":[{\"@type\":\"Article\",\"@id\":\"https:\/\/portaltela.pt\/noticias\/2026\/01\/22\/marques-mendes-anuncia-apoio-a-antonio-jose-seguro-na-segunda-volta\/#article\",\"isPartOf\":{\"@id\":\"https:\/\/portaltela.pt\/noticias\/2026\/01\/22\/marques-mendes-anuncia-apoio-a-antonio-jose-seguro-na-segunda-volta\/\"},\"author\":{\"name\":\"Telinha\",\"@id\":\"https:\/\/portaltela.pt\/#\/schema\/person\/c4278d4a6028830caff9ee44b42d32ed\"},\"headline\":\"Marques Mendes anuncia apoio a Ant\u00f3nio Jos\u00e9 Seguro na segunda volta\",\"datePublished\":\"2026-01-22T18:39:00+00:00\",\"mainEntityOfPage\":{\"@id\":\"https:\/\/portaltela.pt\/noticias\/2026\/01\/22\/marques-mendes-anuncia-apoio-a-antonio-jose-seguro-na-segunda-volta\/\"},\"wordCount\":219,\"image\":{\"@id\":\"https:\/\/portaltela.pt\/noticias\/2026\/01\/22\/marques-mendes-anuncia-apoio-a-antonio-jose-seguro-na-segunda-volta\/#primaryimage\"},\"thumbnailUrl\":\"https:\/\/portaltela.pt\/s.01k8rhncp4jt1\/2026\/01\/img_920x518uu2026-01-22-18-38-53-2416632-im-639047039873351278-1.jpg\",\"keywords\":[\"elei\u00e7\u00f5es\",\"Marques Mendes\",\"pol\u00edtica\",\"presidente\",\"PS\",\"PSD\"],\"articleSection\":[\"Not\u00edcias\",\"Pol\u00edtica\"],\"inLanguage\":\"pt-PT\"},{\"@type\":\"WebPage\",\"@id\":\"https:\/\/portaltela.pt\/noticias\/2026\/01\/22\/marques-mendes-anuncia-apoio-a-antonio-jose-seguro-na-segunda-volta\/\",\"url\":\"https:\/\/portaltela.pt\/noticias\/2026\/01\/22\/marques-mendes-anuncia-apoio-a-antonio-jose-seguro-na-segunda-volta\/\",\"name\":\"Marques Mendes anuncia apoio a Ant\u00f3nio Jos\u00e9 Seguro na segunda volta - Portal Tela Portugal\",\"isPartOf\":{\"@id\":\"https:\/\/portaltela.pt\/#website\"},\"primaryImageOfPage\":{\"@id\":\"https:\/\/portaltela.pt\/noticias\/2026\/01\/22\/marques-mendes-anuncia-apoio-a-antonio-jose-seguro-na-segunda-volta\/#primaryimage\"},\"image\":{\"@id\":\"https:\/\/portaltela.pt\/noticias\/2026\/01\/22\/marques-mendes-anuncia-apoio-a-antonio-jose-seguro-na-segunda-volta\/#primaryimage\"},\"thumbnailUrl\":\"https:\/\/portaltela.pt\/s.01k8rhncp4jt1\/2026\/01\/img_920x518uu2026-01-22-18-38-53-2416632-im-639047039873351278-1.jpg\",\"datePublished\":\"2026-01-22T18:39:00+00:00\",\"author\":{\"@id\":\"https:\/\/portaltela.pt\/#\/schema\/person\/c4278d4a6028830caff9ee44b42d32ed\"},\"breadcrumb\":{\"@id\":\"https:\/\/portaltela.pt\/noticias\/2026\/01\/22\/marques-mendes-anuncia-apoio-a-antonio-jose-seguro-na-segunda-volta\/#breadcrumb\"},\"inLanguage\":\"pt-PT\",\"potentialAction\":[{\"@type\":\"ReadAction\",\"target\":[\"https:\/\/portaltela.pt\/noticias\/2026\/01\/22\/marques-mendes-anuncia-apoio-a-antonio-jose-seguro-na-segunda-volta\/\"]}]},{\"@type\":\"ImageObject\",\"inLanguage\":\"pt-PT\",\"@id\":\"https:\/\/portaltela.pt\/noticias\/2026\/01\/22\/marques-mendes-anuncia-apoio-a-antonio-jose-seguro-na-segunda-volta\/#primaryimage\",\"url\":\"https:\/\/portaltela.pt\/s.01k8rhncp4jt1\/2026\/01\/img_920x518uu2026-01-22-18-38-53-2416632-im-639047039873351278-1.jpg\",\"contentUrl\":\"https:\/\/portaltela.pt\/s.01k8rhncp4jt1\/2026\/01\/img_920x518uu2026-01-22-18-38-53-2416632-im-639047039873351278-1.jpg\",\"width\":796,\"height\":448,\"caption\":\"Marques Mendes foi um dos grandes derrotados nas presidenciais\"},{\"@type\":\"BreadcrumbList\",\"@id\":\"https:\/\/portaltela.pt\/noticias\/2026\/01\/22\/marques-mendes-anuncia-apoio-a-antonio-jose-seguro-na-segunda-volta\/#breadcrumb\",\"itemListElement\":[{\"@type\":\"ListItem\",\"position\":1,\"name\":\"In\u00edcio\",\"item\":\"https:\/\/portaltela.pt\/\"},{\"@type\":\"ListItem\",\"position\":2,\"name\":\"Marques Mendes anuncia apoio a Ant\u00f3nio Jos\u00e9 Seguro na segunda volta\"}]},{\"@type\":\"WebSite\",\"@id\":\"https:\/\/portaltela.pt\/#website\",\"url\":\"https:\/\/portaltela.pt\/\",\"name\":\"Portal Tela Portugal\",\"description\":\"\",\"potentialAction\":[{\"@type\":\"SearchAction\",\"target\":{\"@type\":\"EntryPoint\",\"urlTemplate\":\"https:\/\/portaltela.pt\/?s={search_term_string}\"},\"query-input\":{\"@type\":\"PropertyValueSpecification\",\"valueRequired\":true,\"valueName\":\"search_term_string\"}}],\"inLanguage\":\"pt-PT\"},{\"@type\":\"Person\",\"@id\":\"https:\/\/portaltela.pt\/#\/schema\/person\/c4278d4a6028830caff9ee44b42d32ed\",\"name\":\"Telinha\",\"image\":{\"@type\":\"ImageObject\",\"inLanguage\":\"pt-PT\",\"@id\":\"https:\/\/portaltela.pt\/s.01k8rhncp4jt1\/2025\/11\/talking-bot-125x125.png\",\"url\":\"https:\/\/portaltela.pt\/s.01k8rhncp4jt1\/2025\/11\/talking-bot-125x125.png\",\"contentUrl\":\"https:\/\/portaltela.pt\/s.01k8rhncp4jt1\/2025\/11\/talking-bot-125x125.png\",\"caption\":\"Telinha\"},\"sameAs\":[\"https:\/\/portaltela.pt\/\"],\"url\":\"https:\/\/portaltela.pt\/por\/367410592786\/\"}]}<\/script>\n<!-- \/ Yoast SEO plugin. -->","yoast_head_json":{"title":"Marques Mendes anuncia apoio a Ant\u00f3nio Jos\u00e9 Seguro na segunda volta - Portal Tela Portugal","robots":{"index":"index","follow":"follow","max-snippet":"max-snippet:-1","max-image-preview":"max-image-preview:large","max-video-preview":"max-video-preview:-1"},"og_locale":"pt_PT","og_type":"article","og_title":"Marques Mendes anuncia apoio a Ant\u00f3nio Jos\u00e9 Seguro na segunda volta - Portal Tela Portugal","og_description":"Marques Mendes, ex-l\u00edder do PSD, vai anunciar apoio a Ant\u00f3nio Jos\u00e9 Seguro na segunda volta das presidenciais. O social-democrata ficou em quinto lugar, com 11,3 por cento dos votos, perto de 640 mil. Na noite eleitoral, Mendes afirmou que n\u00e3o ia apoiar nenhum dos candidatos que passaram \u00e0 segunda volta. A RTP avan\u00e7a que Mendes decidiu tornar p\u00fablico que vai votar em Seguro. Mendes justificou que \u201cn\u00e3o sou dono dos votos em mim depositados. Cada um decidir\u00e1 de acordo com a sua liberdade e a sua consci\u00eancia\u201d.","og_url":"https:\/\/portaltela.pt\/noticias\/2026\/01\/22\/marques-mendes-anuncia-apoio-a-antonio-jose-seguro-na-segunda-volta\/","og_site_name":"Portal Tela Portugal","article_published_time":"2026-01-22T18:39:00+00:00","author":"Telinha","twitter_card":"summary_large_image","twitter_misc":{"Escrito por":"Telinha","Tempo estimado de leitura":"1 minuto"},"schema":{"@context":"https:\/\/schema.org","@graph":[{"@type":"Article","@id":"https:\/\/portaltela.pt\/noticias\/2026\/01\/22\/marques-mendes-anuncia-apoio-a-antonio-jose-seguro-na-segunda-volta\/#article","isPartOf":{"@id":"https:\/\/portaltela.pt\/noticias\/2026\/01\/22\/marques-mendes-anuncia-apoio-a-antonio-jose-seguro-na-segunda-volta\/"},"author":{"name":"Telinha","@id":"https:\/\/portaltela.pt\/#\/schema\/person\/c4278d4a6028830caff9ee44b42d32ed"},"headline":"Marques Mendes anuncia apoio a Ant\u00f3nio Jos\u00e9 Seguro na segunda volta","datePublished":"2026-01-22T18:39:00+00:00","mainEntityOfPage":{"@id":"https:\/\/portaltela.pt\/noticias\/2026\/01\/22\/marques-mendes-anuncia-apoio-a-antonio-jose-seguro-na-segunda-volta\/"},"wordCount":219,"image":{"@id":"https:\/\/portaltela.pt\/noticias\/2026\/01\/22\/marques-mendes-anuncia-apoio-a-antonio-jose-seguro-na-segunda-volta\/#primaryimage"},"thumbnailUrl":"https:\/\/portaltela.pt\/s.01k8rhncp4jt1\/2026\/01\/img_920x518uu2026-01-22-18-38-53-2416632-im-639047039873351278-1.jpg","keywords":["elei\u00e7\u00f5es","Marques Mendes","pol\u00edtica","presidente","PS","PSD"],"articleSection":["Not\u00edcias","Pol\u00edtica"],"inLanguage":"pt-PT"},{"@type":"WebPage","@id":"https:\/\/portaltela.pt\/noticias\/2026\/01\/22\/marques-mendes-anuncia-apoio-a-antonio-jose-seguro-na-segunda-volta\/","url":"https:\/\/portaltela.pt\/noticias\/2026\/01\/22\/marques-mendes-anuncia-apoio-a-antonio-jose-seguro-na-segunda-volta\/","name":"Marques Mendes anuncia apoio a Ant\u00f3nio Jos\u00e9 Seguro na segunda volta - Portal Tela Portugal","isPartOf":{"@id":"https:\/\/portaltela.pt\/#website"},"primaryImageOfPage":{"@id":"https:\/\/portaltela.pt\/noticias\/2026\/01\/22\/marques-mendes-anuncia-apoio-a-antonio-jose-seguro-na-segunda-volta\/#primaryimage"},"image":{"@id":"https:\/\/portaltela.pt\/noticias\/2026\/01\/22\/marques-mendes-anuncia-apoio-a-antonio-jose-seguro-na-segunda-volta\/#primaryimage"},"thumbnailUrl":"https:\/\/portaltela.pt\/s.01k8rhncp4jt1\/2026\/01\/img_920x518uu2026-01-22-18-38-53-2416632-im-639047039873351278-1.jpg","datePublished":"2026-01-22T18:39:00+00:00","author":{"@id":"https:\/\/portaltela.pt\/#\/schema\/person\/c4278d4a6028830caff9ee44b42d32ed"},"breadcrumb":{"@id":"https:\/\/portaltela.pt\/noticias\/2026\/01\/22\/marques-mendes-anuncia-apoio-a-antonio-jose-seguro-na-segunda-volta\/#breadcrumb"},"inLanguage":"pt-PT","potentialAction":[{"@type":"ReadAction","target":["https:\/\/portaltela.pt\/noticias\/2026\/01\/22\/marques-mendes-anuncia-apoio-a-antonio-jose-seguro-na-segunda-volta\/"]}]},{"@type":"ImageObject","inLanguage":"pt-PT","@id":"https:\/\/portaltela.pt\/noticias\/2026\/01\/22\/marques-mendes-anuncia-apoio-a-antonio-jose-seguro-na-segunda-volta\/#primaryimage","url":"https:\/\/portaltela.pt\/s.01k8rhncp4jt1\/2026\/01\/img_920x518uu2026-01-22-18-38-53-2416632-im-639047039873351278-1.jpg","contentUrl":"https:\/\/portaltela.pt\/s.01k8rhncp4jt1\/2026\/01\/img_920x518uu2026-01-22-18-38-53-2416632-im-639047039873351278-1.jpg","width":796,"height":448,"caption":"Marques Mendes foi um dos grandes derrotados nas presidenciais"},{"@type":"BreadcrumbList","@id":"https:\/\/portaltela.pt\/noticias\/2026\/01\/22\/marques-mendes-anuncia-apoio-a-antonio-jose-seguro-na-segunda-volta\/#breadcrumb","itemListElement":[{"@type":"ListItem","position":1,"name":"In\u00edcio","item":"https:\/\/portaltela.pt\/"},{"@type":"ListItem","position":2,"name":"Marques Mendes anuncia apoio a Ant\u00f3nio Jos\u00e9 Seguro na segunda volta"}]},{"@type":"WebSite","@id":"https:\/\/portaltela.pt\/#website","url":"https:\/\/portaltela.pt\/","name":"Portal Tela Portugal","description":"","potentialAction":[{"@type":"SearchAction","target":{"@type":"EntryPoint","urlTemplate":"https:\/\/portaltela.pt\/?s={search_term_string}"},"query-input":{"@type":"PropertyValueSpecification","valueRequired":true,"valueName":"search_term_string"}}],"inLanguage":"pt-PT"},{"@type":"Person","@id":"https:\/\/portaltela.pt\/#\/schema\/person\/c4278d4a6028830caff9ee44b42d32ed","name":"Telinha","image":{"@type":"ImageObject","inLanguage":"pt-PT","@id":"https:\/\/portaltela.pt\/s.01k8rhncp4jt1\/2025\/11\/talking-bot-125x125.png","url":"https:\/\/portaltela.pt\/s.01k8rhncp4jt1\/2025\/11\/talking-bot-125x125.png","contentUrl":"https:\/\/portaltela.pt\/s.01k8rhncp4jt1\/2025\/11\/talking-bot-125x125.png","caption":"Telinha"},"sameAs":["https:\/\/portaltela.pt\/"],"url":"https:\/\/portaltela.pt\/por\/367410592786\/"}]}},"_links":{"self":[{"href":"https:\/\/portaltela.pt\/api\/wp\/v2\/posts\/164472","targetHints":{"allow":["GET"]}}],"collection":[{"href":"https:\/\/portaltela.pt\/api\/wp\/v2\/posts"}],"about":[{"href":"https:\/\/portaltela.pt\/api\/wp\/v2\/types\/post"}],"author":[{"embeddable":true,"href":"https:\/\/portaltela.pt\/api\/wp\/v2\/users\/2"}],"replies":[{"embeddable":true,"href":"https:\/\/portaltela.pt\/api\/wp\/v2\/comments?post=164472"}],"version-history":[{"count":0,"href":"https:\/\/portaltela.pt\/api\/wp\/v2\/posts\/164472\/revisions"}],"wp:featuredmedia":[{"embeddable":true,"href":"https:\/\/portaltela.pt\/api\/wp\/v2\/media\/164485"}],"wp:attachment":[{"href":"https:\/\/portaltela.pt\/api\/wp\/v2\/media?parent=164472"}],"wp:term":[{"taxonomy":"category","embeddable":true,"href":"https:\/\/portaltela.pt\/api\/wp\/v2\/categories?post=164472"},{"taxonomy":"post_tag","embeddable":true,"href":"https:\/\/portaltela.pt\/api\/wp\/v2\/tags?post=164472"}],"curies":[{"name":"wp","href":"https:\/\/api.w.org\/{rel}","templated":true}]}}