{"id":164362,"date":"2026-01-22T14:59:00","date_gmt":"2026-01-22T17:59:00","guid":{"rendered":"https:\/\/portaltela.pt\/noticias\/2026\/01\/22\/ter-stegen-apresentado-pelo-girona-apos-despedida-dificil-do-barca\/"},"modified":"2026-01-22T14:59:00","modified_gmt":"2026-01-22T17:59:00","slug":"ter-stegen-apresentado-pelo-girona-apos-despedida-dificil-do-barca","status":"publish","type":"post","link":"https:\/\/portaltela.pt\/desporto\/futebol\/2026\/01\/22\/ter-stegen-apresentado-pelo-girona-apos-despedida-dificil-do-barca\/","title":{"rendered":"Ter Stegen apresentado pelo Girona ap\u00f3s despedida dif\u00edcil do Bar\u00e7a"},"content":{"rendered":"<p>Marc-Andr\u00e9 ter Stegen foi apresentado pelo Girona nesta janela de transfer\u00eancias, mantendo-se na regi\u00e3o da Catalunha. O guardi\u00e3o alem\u00e3o chega por empr\u00e9stimo at\u00e9 ao ver\u00e3o, sem op\u00e7\u00e3o de compra, com o objetivo de jogar com regularidade.<\/p>\n<p>O principal motivo \u00e9 assegurar minutos suficientes para integrar a sele\u00e7\u00e3o alem\u00e3 no Mundial de 2026. No Barcelona, Joan Garc\u00eda assumiu a titularidade desde o in\u00edcio da \u00e9poca, dificultando a manuten\u00e7\u00e3o de Ter Stegen como Primeiro Guarda-Redes.<\/p>\n<h3>Regresso aos relvados e objetivo desportivo<\/h3>\n<p>Na confer\u00eancia de apresenta\u00e7\u00e3o, Ter Stegen explicou que, ap\u00f3s a les\u00e3o, quis regressar aos relvados o quanto antes, respeitando a decis\u00e3o do treinador Flick. Agradeceu ter tido oportunidade de competir e reconheceu a rela\u00e7\u00e3o positiva com o plantel.<\/p>\n<p>A despedida do Barcelona foi descrita como muito dura, com o guarda-redes a recordar a longa liga\u00e7\u00e3o de quase 12 anos ao clube. Admitiu ter guardado mem\u00f3rias inesquec\u00edveis e que representou o Bar\u00e7a com o m\u00e1ximo respeito, inclusive mantendo o estatuto de capit\u00e3o.<\/p>\n<h3>Perspetiva de competi\u00e7\u00e3o no Girona<\/h3>\n<p>Ter Stegen revelou que as negocia\u00e7\u00f5es chegaram a depender de v\u00e1rias circunst\u00e2ncias, mas acabaram por falar-se de forma aberta e construtiva. Aposta no estilo de jogo do Girona e na experi\u00eancia para contribuir para o desempenho da equipa.<\/p>\n<p>O jogador refor\u00e7ou o respeito pela carreira de Paulo Gazzaniga, mas deixou claro que veio para jogar e competir pela titularidade. Destacou o interesse em conversar com o treinador M\u00edchel para alinhar expectativas e contributos para o clube.<\/p>\n","protected":false},"excerpt":{"rendered":"<ul>\n<li>O guarda-redes alem\u00e3o Marc-Andr\u00e9 ter Stegen foi emprestado pelo Barcelona ao Girona at\u00e9 ao ver\u00e3o, sem op\u00e7\u00e3o de compra.<\/li>\n<li>O objetivo \u00e9 jogar com regularidade para se qualificar para a sele\u00e7\u00e3o alem\u00e3 no Mundial de 2026.<\/li>\n<li>No Barcelona, Joan Garc\u00eda ganhou protagonismo, tornando-se titular e reduzindo as oportunidades de ter Stegen.<\/li>\n<li>Ter Stegen disse que a despedida do Barcelona foi muito dura, ap\u00f3s quase 12 anos no clube, onde foi capit\u00e3o.<\/li>\n<li>No Girona, ter\u00e1 competi\u00e7\u00e3o com Gazzaniga e afirmou que quer competir, divertir-se e contribuir para o clube, mantendo di\u00e1logo com o treinador M\u00edchel.<\/li>\n<\/ul>\n","protected":false},"author":2,"featured_media":164367,"comment_status":"closed","ping_status":"closed","sticky":false,"template":"","format":"standard","meta":{"footnotes":""},"categories":[21,24],"tags":[1603,2587,32,3338,2657,47],"class_list":["post-164362","post","type-post","status-publish","format-standard","has-post-thumbnail","hentry","category-desporto","category-futebol","tag-alemanha","tag-barcelona","tag-futebol","tag-futebol-internacional","tag-girona","tag-mundial"],"yoast_head":"<!-- This site is optimized with the Yoast SEO plugin v27.2 - https:\/\/yoast.com\/product\/yoast-seo-wordpress\/ -->\n<title>Ter Stegen apresentado pelo Girona ap\u00f3s despedida dif\u00edcil do Bar\u00e7a - Portal Tela Portugal<\/title>\n<meta name=\"robots\" content=\"index, follow, max-snippet:-1, max-image-preview:large, max-video-preview:-1\" \/>\n<meta property=\"og:locale\" content=\"pt_PT\" \/>\n<meta property=\"og:type\" content=\"article\" \/>\n<meta property=\"og:title\" content=\"Ter Stegen apresentado pelo Girona ap\u00f3s despedida dif\u00edcil do Bar\u00e7a - Portal Tela Portugal\" \/>\n<meta property=\"og:description\" content=\"O guarda-redes alem\u00e3o Marc-Andr\u00e9 ter Stegen foi emprestado pelo Barcelona ao Girona at\u00e9 ao ver\u00e3o, sem op\u00e7\u00e3o de compra. O objetivo \u00e9 jogar com regularidade para se qualificar para a sele\u00e7\u00e3o alem\u00e3 no Mundial de 2026. No Barcelona, Joan Garc\u00eda ganhou protagonismo, tornando-se titular e reduzindo as oportunidades de ter Stegen. Ter Stegen disse que a despedida do Barcelona foi muito dura, ap\u00f3s quase 12 anos no clube, onde foi capit\u00e3o. No Girona, ter\u00e1 competi\u00e7\u00e3o com Gazzaniga e afirmou que quer competir, divertir-se e contribuir para o clube, mantendo di\u00e1logo com o treinador M\u00edchel.\" \/>\n<meta property=\"og:url\" content=\"https:\/\/portaltela.pt\/noticias\/2026\/01\/22\/ter-stegen-apresentado-pelo-girona-apos-despedida-dificil-do-barca\/\" \/>\n<meta property=\"og:site_name\" content=\"Portal Tela Portugal\" \/>\n<meta property=\"article:published_time\" content=\"2026-01-22T17:59:00+00:00\" \/>\n<meta name=\"author\" content=\"Telinha\" \/>\n<meta name=\"twitter:card\" content=\"summary_large_image\" \/>\n<meta name=\"twitter:label1\" content=\"Escrito por\" \/>\n\t<meta name=\"twitter:data1\" content=\"Telinha\" \/>\n\t<meta name=\"twitter:label2\" content=\"Tempo estimado de leitura\" \/>\n\t<meta name=\"twitter:data2\" content=\"1 minuto\" \/>\n<script type=\"application\/ld+json\" class=\"yoast-schema-graph\">{\"@context\":\"https:\/\/schema.org\",\"@graph\":[{\"@type\":\"Article\",\"@id\":\"https:\/\/portaltela.pt\/noticias\/2026\/01\/22\/ter-stegen-apresentado-pelo-girona-apos-despedida-dificil-do-barca\/#article\",\"isPartOf\":{\"@id\":\"https:\/\/portaltela.pt\/noticias\/2026\/01\/22\/ter-stegen-apresentado-pelo-girona-apos-despedida-dificil-do-barca\/\"},\"author\":{\"name\":\"Telinha\",\"@id\":\"https:\/\/portaltela.pt\/#\/schema\/person\/c4278d4a6028830caff9ee44b42d32ed\"},\"headline\":\"Ter Stegen apresentado pelo Girona ap\u00f3s despedida dif\u00edcil do Bar\u00e7a\",\"datePublished\":\"2026-01-22T17:59:00+00:00\",\"mainEntityOfPage\":{\"@id\":\"https:\/\/portaltela.pt\/noticias\/2026\/01\/22\/ter-stegen-apresentado-pelo-girona-apos-despedida-dificil-do-barca\/\"},\"wordCount\":281,\"image\":{\"@id\":\"https:\/\/portaltela.pt\/noticias\/2026\/01\/22\/ter-stegen-apresentado-pelo-girona-apos-despedida-dificil-do-barca\/#primaryimage\"},\"thumbnailUrl\":\"https:\/\/portaltela.pt\/s.01k8rhncp4jt1\/2026\/01\/dfc2b3af-3f5b-4c78-9479-9b10cf7b5328.jpg\",\"keywords\":[\"Alemanha\",\"Barcelona\",\"futebol\",\"futebol internacional\",\"Girona\",\"mundial\"],\"articleSection\":[\"Desporto\",\"Futebol\"],\"inLanguage\":\"pt-PT\"},{\"@type\":\"WebPage\",\"@id\":\"https:\/\/portaltela.pt\/noticias\/2026\/01\/22\/ter-stegen-apresentado-pelo-girona-apos-despedida-dificil-do-barca\/\",\"url\":\"https:\/\/portaltela.pt\/noticias\/2026\/01\/22\/ter-stegen-apresentado-pelo-girona-apos-despedida-dificil-do-barca\/\",\"name\":\"Ter Stegen apresentado pelo Girona ap\u00f3s despedida dif\u00edcil do Bar\u00e7a - Portal Tela Portugal\",\"isPartOf\":{\"@id\":\"https:\/\/portaltela.pt\/#website\"},\"primaryImageOfPage\":{\"@id\":\"https:\/\/portaltela.pt\/noticias\/2026\/01\/22\/ter-stegen-apresentado-pelo-girona-apos-despedida-dificil-do-barca\/#primaryimage\"},\"image\":{\"@id\":\"https:\/\/portaltela.pt\/noticias\/2026\/01\/22\/ter-stegen-apresentado-pelo-girona-apos-despedida-dificil-do-barca\/#primaryimage\"},\"thumbnailUrl\":\"https:\/\/portaltela.pt\/s.01k8rhncp4jt1\/2026\/01\/dfc2b3af-3f5b-4c78-9479-9b10cf7b5328.jpg\",\"datePublished\":\"2026-01-22T17:59:00+00:00\",\"author\":{\"@id\":\"https:\/\/portaltela.pt\/#\/schema\/person\/c4278d4a6028830caff9ee44b42d32ed\"},\"breadcrumb\":{\"@id\":\"https:\/\/portaltela.pt\/noticias\/2026\/01\/22\/ter-stegen-apresentado-pelo-girona-apos-despedida-dificil-do-barca\/#breadcrumb\"},\"inLanguage\":\"pt-PT\",\"potentialAction\":[{\"@type\":\"ReadAction\",\"target\":[\"https:\/\/portaltela.pt\/noticias\/2026\/01\/22\/ter-stegen-apresentado-pelo-girona-apos-despedida-dificil-do-barca\/\"]}]},{\"@type\":\"ImageObject\",\"inLanguage\":\"pt-PT\",\"@id\":\"https:\/\/portaltela.pt\/noticias\/2026\/01\/22\/ter-stegen-apresentado-pelo-girona-apos-despedida-dificil-do-barca\/#primaryimage\",\"url\":\"https:\/\/portaltela.pt\/s.01k8rhncp4jt1\/2026\/01\/dfc2b3af-3f5b-4c78-9479-9b10cf7b5328.jpg\",\"contentUrl\":\"https:\/\/portaltela.pt\/s.01k8rhncp4jt1\/2026\/01\/dfc2b3af-3f5b-4c78-9479-9b10cf7b5328.jpg\",\"width\":796,\"height\":448,\"caption\":\"Ter Stegen apresentado no Girona - Foto: Girona\"},{\"@type\":\"BreadcrumbList\",\"@id\":\"https:\/\/portaltela.pt\/noticias\/2026\/01\/22\/ter-stegen-apresentado-pelo-girona-apos-despedida-dificil-do-barca\/#breadcrumb\",\"itemListElement\":[{\"@type\":\"ListItem\",\"position\":1,\"name\":\"In\u00edcio\",\"item\":\"https:\/\/portaltela.pt\/\"},{\"@type\":\"ListItem\",\"position\":2,\"name\":\"Ter Stegen apresentado pelo Girona ap\u00f3s despedida dif\u00edcil do Bar\u00e7a\"}]},{\"@type\":\"WebSite\",\"@id\":\"https:\/\/portaltela.pt\/#website\",\"url\":\"https:\/\/portaltela.pt\/\",\"name\":\"Portal Tela Portugal\",\"description\":\"\",\"potentialAction\":[{\"@type\":\"SearchAction\",\"target\":{\"@type\":\"EntryPoint\",\"urlTemplate\":\"https:\/\/portaltela.pt\/?s={search_term_string}\"},\"query-input\":{\"@type\":\"PropertyValueSpecification\",\"valueRequired\":true,\"valueName\":\"search_term_string\"}}],\"inLanguage\":\"pt-PT\"},{\"@type\":\"Person\",\"@id\":\"https:\/\/portaltela.pt\/#\/schema\/person\/c4278d4a6028830caff9ee44b42d32ed\",\"name\":\"Telinha\",\"image\":{\"@type\":\"ImageObject\",\"inLanguage\":\"pt-PT\",\"@id\":\"https:\/\/portaltela.pt\/s.01k8rhncp4jt1\/2025\/11\/talking-bot-125x125.png\",\"url\":\"https:\/\/portaltela.pt\/s.01k8rhncp4jt1\/2025\/11\/talking-bot-125x125.png\",\"contentUrl\":\"https:\/\/portaltela.pt\/s.01k8rhncp4jt1\/2025\/11\/talking-bot-125x125.png\",\"caption\":\"Telinha\"},\"sameAs\":[\"https:\/\/portaltela.pt\/\"],\"url\":\"https:\/\/portaltela.pt\/por\/367410592786\/\"}]}<\/script>\n<!-- \/ Yoast SEO plugin. -->","yoast_head_json":{"title":"Ter Stegen apresentado pelo Girona ap\u00f3s despedida dif\u00edcil do Bar\u00e7a - Portal Tela Portugal","robots":{"index":"index","follow":"follow","max-snippet":"max-snippet:-1","max-image-preview":"max-image-preview:large","max-video-preview":"max-video-preview:-1"},"og_locale":"pt_PT","og_type":"article","og_title":"Ter Stegen apresentado pelo Girona ap\u00f3s despedida dif\u00edcil do Bar\u00e7a - Portal Tela Portugal","og_description":"O guarda-redes alem\u00e3o Marc-Andr\u00e9 ter Stegen foi emprestado pelo Barcelona ao Girona at\u00e9 ao ver\u00e3o, sem op\u00e7\u00e3o de compra. O objetivo \u00e9 jogar com regularidade para se qualificar para a sele\u00e7\u00e3o alem\u00e3 no Mundial de 2026. No Barcelona, Joan Garc\u00eda ganhou protagonismo, tornando-se titular e reduzindo as oportunidades de ter Stegen. Ter Stegen disse que a despedida do Barcelona foi muito dura, ap\u00f3s quase 12 anos no clube, onde foi capit\u00e3o. No Girona, ter\u00e1 competi\u00e7\u00e3o com Gazzaniga e afirmou que quer competir, divertir-se e contribuir para o clube, mantendo di\u00e1logo com o treinador M\u00edchel.","og_url":"https:\/\/portaltela.pt\/noticias\/2026\/01\/22\/ter-stegen-apresentado-pelo-girona-apos-despedida-dificil-do-barca\/","og_site_name":"Portal Tela Portugal","article_published_time":"2026-01-22T17:59:00+00:00","author":"Telinha","twitter_card":"summary_large_image","twitter_misc":{"Escrito por":"Telinha","Tempo estimado de leitura":"1 minuto"},"schema":{"@context":"https:\/\/schema.org","@graph":[{"@type":"Article","@id":"https:\/\/portaltela.pt\/noticias\/2026\/01\/22\/ter-stegen-apresentado-pelo-girona-apos-despedida-dificil-do-barca\/#article","isPartOf":{"@id":"https:\/\/portaltela.pt\/noticias\/2026\/01\/22\/ter-stegen-apresentado-pelo-girona-apos-despedida-dificil-do-barca\/"},"author":{"name":"Telinha","@id":"https:\/\/portaltela.pt\/#\/schema\/person\/c4278d4a6028830caff9ee44b42d32ed"},"headline":"Ter Stegen apresentado pelo Girona ap\u00f3s despedida dif\u00edcil do Bar\u00e7a","datePublished":"2026-01-22T17:59:00+00:00","mainEntityOfPage":{"@id":"https:\/\/portaltela.pt\/noticias\/2026\/01\/22\/ter-stegen-apresentado-pelo-girona-apos-despedida-dificil-do-barca\/"},"wordCount":281,"image":{"@id":"https:\/\/portaltela.pt\/noticias\/2026\/01\/22\/ter-stegen-apresentado-pelo-girona-apos-despedida-dificil-do-barca\/#primaryimage"},"thumbnailUrl":"https:\/\/portaltela.pt\/s.01k8rhncp4jt1\/2026\/01\/dfc2b3af-3f5b-4c78-9479-9b10cf7b5328.jpg","keywords":["Alemanha","Barcelona","futebol","futebol internacional","Girona","mundial"],"articleSection":["Desporto","Futebol"],"inLanguage":"pt-PT"},{"@type":"WebPage","@id":"https:\/\/portaltela.pt\/noticias\/2026\/01\/22\/ter-stegen-apresentado-pelo-girona-apos-despedida-dificil-do-barca\/","url":"https:\/\/portaltela.pt\/noticias\/2026\/01\/22\/ter-stegen-apresentado-pelo-girona-apos-despedida-dificil-do-barca\/","name":"Ter Stegen apresentado pelo Girona ap\u00f3s despedida dif\u00edcil do Bar\u00e7a - Portal Tela Portugal","isPartOf":{"@id":"https:\/\/portaltela.pt\/#website"},"primaryImageOfPage":{"@id":"https:\/\/portaltela.pt\/noticias\/2026\/01\/22\/ter-stegen-apresentado-pelo-girona-apos-despedida-dificil-do-barca\/#primaryimage"},"image":{"@id":"https:\/\/portaltela.pt\/noticias\/2026\/01\/22\/ter-stegen-apresentado-pelo-girona-apos-despedida-dificil-do-barca\/#primaryimage"},"thumbnailUrl":"https:\/\/portaltela.pt\/s.01k8rhncp4jt1\/2026\/01\/dfc2b3af-3f5b-4c78-9479-9b10cf7b5328.jpg","datePublished":"2026-01-22T17:59:00+00:00","author":{"@id":"https:\/\/portaltela.pt\/#\/schema\/person\/c4278d4a6028830caff9ee44b42d32ed"},"breadcrumb":{"@id":"https:\/\/portaltela.pt\/noticias\/2026\/01\/22\/ter-stegen-apresentado-pelo-girona-apos-despedida-dificil-do-barca\/#breadcrumb"},"inLanguage":"pt-PT","potentialAction":[{"@type":"ReadAction","target":["https:\/\/portaltela.pt\/noticias\/2026\/01\/22\/ter-stegen-apresentado-pelo-girona-apos-despedida-dificil-do-barca\/"]}]},{"@type":"ImageObject","inLanguage":"pt-PT","@id":"https:\/\/portaltela.pt\/noticias\/2026\/01\/22\/ter-stegen-apresentado-pelo-girona-apos-despedida-dificil-do-barca\/#primaryimage","url":"https:\/\/portaltela.pt\/s.01k8rhncp4jt1\/2026\/01\/dfc2b3af-3f5b-4c78-9479-9b10cf7b5328.jpg","contentUrl":"https:\/\/portaltela.pt\/s.01k8rhncp4jt1\/2026\/01\/dfc2b3af-3f5b-4c78-9479-9b10cf7b5328.jpg","width":796,"height":448,"caption":"Ter Stegen apresentado no Girona - Foto: Girona"},{"@type":"BreadcrumbList","@id":"https:\/\/portaltela.pt\/noticias\/2026\/01\/22\/ter-stegen-apresentado-pelo-girona-apos-despedida-dificil-do-barca\/#breadcrumb","itemListElement":[{"@type":"ListItem","position":1,"name":"In\u00edcio","item":"https:\/\/portaltela.pt\/"},{"@type":"ListItem","position":2,"name":"Ter Stegen apresentado pelo Girona ap\u00f3s despedida dif\u00edcil do Bar\u00e7a"}]},{"@type":"WebSite","@id":"https:\/\/portaltela.pt\/#website","url":"https:\/\/portaltela.pt\/","name":"Portal Tela Portugal","description":"","potentialAction":[{"@type":"SearchAction","target":{"@type":"EntryPoint","urlTemplate":"https:\/\/portaltela.pt\/?s={search_term_string}"},"query-input":{"@type":"PropertyValueSpecification","valueRequired":true,"valueName":"search_term_string"}}],"inLanguage":"pt-PT"},{"@type":"Person","@id":"https:\/\/portaltela.pt\/#\/schema\/person\/c4278d4a6028830caff9ee44b42d32ed","name":"Telinha","image":{"@type":"ImageObject","inLanguage":"pt-PT","@id":"https:\/\/portaltela.pt\/s.01k8rhncp4jt1\/2025\/11\/talking-bot-125x125.png","url":"https:\/\/portaltela.pt\/s.01k8rhncp4jt1\/2025\/11\/talking-bot-125x125.png","contentUrl":"https:\/\/portaltela.pt\/s.01k8rhncp4jt1\/2025\/11\/talking-bot-125x125.png","caption":"Telinha"},"sameAs":["https:\/\/portaltela.pt\/"],"url":"https:\/\/portaltela.pt\/por\/367410592786\/"}]}},"_links":{"self":[{"href":"https:\/\/portaltela.pt\/api\/wp\/v2\/posts\/164362","targetHints":{"allow":["GET"]}}],"collection":[{"href":"https:\/\/portaltela.pt\/api\/wp\/v2\/posts"}],"about":[{"href":"https:\/\/portaltela.pt\/api\/wp\/v2\/types\/post"}],"author":[{"embeddable":true,"href":"https:\/\/portaltela.pt\/api\/wp\/v2\/users\/2"}],"replies":[{"embeddable":true,"href":"https:\/\/portaltela.pt\/api\/wp\/v2\/comments?post=164362"}],"version-history":[{"count":0,"href":"https:\/\/portaltela.pt\/api\/wp\/v2\/posts\/164362\/revisions"}],"wp:featuredmedia":[{"embeddable":true,"href":"https:\/\/portaltela.pt\/api\/wp\/v2\/media\/164367"}],"wp:attachment":[{"href":"https:\/\/portaltela.pt\/api\/wp\/v2\/media?parent=164362"}],"wp:term":[{"taxonomy":"category","embeddable":true,"href":"https:\/\/portaltela.pt\/api\/wp\/v2\/categories?post=164362"},{"taxonomy":"post_tag","embeddable":true,"href":"https:\/\/portaltela.pt\/api\/wp\/v2\/tags?post=164362"}],"curies":[{"name":"wp","href":"https:\/\/api.w.org\/{rel}","templated":true}]}}