{"id":164357,"date":"2026-01-22T15:03:00","date_gmt":"2026-01-22T18:03:00","guid":{"rendered":"https:\/\/portaltela.pt\/noticias\/2026\/01\/22\/homem-detido-por-violacao-de-adolescente-com-incapacidade\/"},"modified":"2026-01-22T15:03:00","modified_gmt":"2026-01-22T18:03:00","slug":"homem-detido-por-violacao-de-adolescente-com-incapacidade","status":"publish","type":"post","link":"https:\/\/portaltela.pt\/noticias\/2026\/01\/22\/homem-detido-por-violacao-de-adolescente-com-incapacidade\/","title":{"rendered":"Homem detido por viola\u00e7\u00e3o de adolescente com incapacidade"},"content":{"rendered":"<p>Foi detido um homem de 21 anos pela Pol\u00edcia Judici\u00e1ria (PJ) por suspeita de viola\u00e7\u00e3o agravada de uma adolescente de 14 anos, em Sintra. O crime ocorreu em fevereiro de 2025, no domic\u00edlio do suspeito, segundo a PJ.<\/p>\n<p>A v\u00edtima \u00e9 portadora de incapacidade f\u00edsica por doen\u00e7a cong\u00e9nita, com limita\u00e7\u00f5es motoras. Foi abordada pelo suspeito, que n\u00e3o conhecia, no trajeto entre a escola e a sua resid\u00eancia, e obrigada, pela for\u00e7a, a seguir para a casa dele, onde ocorreu a viola\u00e7\u00e3o.<\/p>\n<p>A menor n\u00e3o revelou o sucedido de imediato, temendo repercuss\u00f5es e alterando rotinas. O caso s\u00f3 veio a p\u00fablico em contexto de atendimento hospitalar, ao detetar-se uma gravidez em agosto do ano passado. A m\u00e3e alertou as autoridades, e a PJ recolheu ADN ap\u00f3s o nascimento da crian\u00e7a, comprovando a paternidade.<\/p>\n<h3>Deten\u00e7\u00e3o e investigac\u0327a\u0303o<\/h3>\n<p>O suspeito j\u00e1 n\u00e3o vivia no local onde o crime ocorreu. A PJ localizou-o e realizou a deten\u00e7\u00e3o no \u00e2mbito de uma investiga\u00e7\u00e3o que confirmou, de forma inequ\u00edvoca, a identidade do autor atrav\u00e9s de ADN. A opera\u00e7\u00e3o decorreu sem incidentes relevantes.<\/p>\n","protected":false},"excerpt":{"rendered":"<ul>\n<li>A Pol\u00edcia Judici\u00e1ria deteve um homem de 21 anos suspeito de viola\u00e7\u00e3o agravada de uma adolescente de 14 anos em Sintra.<\/li>\n<li>Os factos ocorreram em fevereiro de 2025 no domic\u00edlio do suspeito; a v\u00edtima, portadora de incapacidade f\u00edsica por doen\u00e7a cong\u00e9nita, foi abordada no trajeto da escola para casa.<\/li>\n<li>A menor foi obrigada pela for\u00e7a a dirigir-se \u00e0 casa do homem, onde decorreu a viola\u00e7\u00e3o; fugiu do local assim que foi libertada.<\/li>\n<li>O caso veio ao conhecimento em contexto de atendimento hospitalar, em agosto do ano passado, quando foi detetada uma gravidez em estado avan\u00e7ado.<\/li>\n<li>A investiga\u00e7\u00e3o da Pol\u00edcia Judici\u00e1ria, com o nascimento da crian\u00e7a, permitiu recolher ADN que confirmou a paternidade e identidade do autor; o suspeito foi localizado e detido.<\/li>\n<\/ul>\n","protected":false},"author":2,"featured_media":164360,"comment_status":"closed","ping_status":"closed","sticky":false,"template":"","format":"standard","meta":{"footnotes":""},"categories":[1],"tags":[2089,2737,1110,1825,3599,1103],"class_list":["post-164357","post","type-post","status-publish","format-standard","has-post-thumbnail","hentry","category-noticias","tag-crimes-sexuais-contra-criancas","tag-pessoas-com-deficiencia","tag-sintra","tag-violacao","tag-violacao-agravada","tag-violacao-de-menor-dependente-ou-em-situacao-vulneravel"],"yoast_head":"<!-- This site is optimized with the Yoast SEO plugin v27.2 - https:\/\/yoast.com\/product\/yoast-seo-wordpress\/ -->\n<title>Homem detido por viola\u00e7\u00e3o de adolescente com incapacidade - Portal Tela Portugal<\/title>\n<meta name=\"robots\" content=\"index, follow, max-snippet:-1, max-image-preview:large, max-video-preview:-1\" \/>\n<meta property=\"og:locale\" content=\"pt_PT\" \/>\n<meta property=\"og:type\" content=\"article\" \/>\n<meta property=\"og:title\" content=\"Homem detido por viola\u00e7\u00e3o de adolescente com incapacidade - Portal Tela Portugal\" \/>\n<meta property=\"og:description\" content=\"A Pol\u00edcia Judici\u00e1ria deteve um homem de 21 anos suspeito de viola\u00e7\u00e3o agravada de uma adolescente de 14 anos em Sintra. Os factos ocorreram em fevereiro de 2025 no domic\u00edlio do suspeito; a v\u00edtima, portadora de incapacidade f\u00edsica por doen\u00e7a cong\u00e9nita, foi abordada no trajeto da escola para casa. A menor foi obrigada pela for\u00e7a a dirigir-se \u00e0 casa do homem, onde decorreu a viola\u00e7\u00e3o; fugiu do local assim que foi libertada. O caso veio ao conhecimento em contexto de atendimento hospitalar, em agosto do ano passado, quando foi detetada uma gravidez em estado avan\u00e7ado. A investiga\u00e7\u00e3o da Pol\u00edcia Judici\u00e1ria, com o nascimento da crian\u00e7a, permitiu recolher ADN que confirmou a paternidade e identidade do autor; o suspeito foi localizado e detido.\" \/>\n<meta property=\"og:url\" content=\"https:\/\/portaltela.pt\/noticias\/2026\/01\/22\/homem-detido-por-violacao-de-adolescente-com-incapacidade\/\" \/>\n<meta property=\"og:site_name\" content=\"Portal Tela Portugal\" \/>\n<meta property=\"article:published_time\" content=\"2026-01-22T18:03:00+00:00\" \/>\n<meta name=\"author\" content=\"Telinha\" \/>\n<meta name=\"twitter:card\" content=\"summary_large_image\" \/>\n<meta name=\"twitter:label1\" content=\"Escrito por\" \/>\n\t<meta name=\"twitter:data1\" content=\"Telinha\" \/>\n\t<meta name=\"twitter:label2\" content=\"Tempo estimado de leitura\" \/>\n\t<meta name=\"twitter:data2\" content=\"1 minuto\" \/>\n<script type=\"application\/ld+json\" class=\"yoast-schema-graph\">{\"@context\":\"https:\/\/schema.org\",\"@graph\":[{\"@type\":\"Article\",\"@id\":\"https:\/\/portaltela.pt\/noticias\/2026\/01\/22\/homem-detido-por-violacao-de-adolescente-com-incapacidade\/#article\",\"isPartOf\":{\"@id\":\"https:\/\/portaltela.pt\/noticias\/2026\/01\/22\/homem-detido-por-violacao-de-adolescente-com-incapacidade\/\"},\"author\":{\"name\":\"Telinha\",\"@id\":\"https:\/\/portaltela.pt\/#\/schema\/person\/c4278d4a6028830caff9ee44b42d32ed\"},\"headline\":\"Homem detido por viola\u00e7\u00e3o de adolescente com incapacidade\",\"datePublished\":\"2026-01-22T18:03:00+00:00\",\"mainEntityOfPage\":{\"@id\":\"https:\/\/portaltela.pt\/noticias\/2026\/01\/22\/homem-detido-por-violacao-de-adolescente-com-incapacidade\/\"},\"wordCount\":209,\"image\":{\"@id\":\"https:\/\/portaltela.pt\/noticias\/2026\/01\/22\/homem-detido-por-violacao-de-adolescente-com-incapacidade\/#primaryimage\"},\"thumbnailUrl\":\"https:\/\/portaltela.pt\/s.01k8rhncp4jt1\/2026\/01\/gettyimages-2227549546-4.jpg\",\"keywords\":[\"crimes sexuais contra crian\u00e7as\",\"pessoas com defici\u00eancia\",\"Sintra\",\"viola\u00e7\u00e3o\",\"viola\u00e7\u00e3o agravada\",\"viola\u00e7\u00e3o de menor dependente ou em situa\u00e7\u00e3o vulner\u00e1vel\"],\"articleSection\":[\"Not\u00edcias\"],\"inLanguage\":\"pt-PT\"},{\"@type\":\"WebPage\",\"@id\":\"https:\/\/portaltela.pt\/noticias\/2026\/01\/22\/homem-detido-por-violacao-de-adolescente-com-incapacidade\/\",\"url\":\"https:\/\/portaltela.pt\/noticias\/2026\/01\/22\/homem-detido-por-violacao-de-adolescente-com-incapacidade\/\",\"name\":\"Homem detido por viola\u00e7\u00e3o de adolescente com incapacidade - Portal Tela Portugal\",\"isPartOf\":{\"@id\":\"https:\/\/portaltela.pt\/#website\"},\"primaryImageOfPage\":{\"@id\":\"https:\/\/portaltela.pt\/noticias\/2026\/01\/22\/homem-detido-por-violacao-de-adolescente-com-incapacidade\/#primaryimage\"},\"image\":{\"@id\":\"https:\/\/portaltela.pt\/noticias\/2026\/01\/22\/homem-detido-por-violacao-de-adolescente-com-incapacidade\/#primaryimage\"},\"thumbnailUrl\":\"https:\/\/portaltela.pt\/s.01k8rhncp4jt1\/2026\/01\/gettyimages-2227549546-4.jpg\",\"datePublished\":\"2026-01-22T18:03:00+00:00\",\"author\":{\"@id\":\"https:\/\/portaltela.pt\/#\/schema\/person\/c4278d4a6028830caff9ee44b42d32ed\"},\"breadcrumb\":{\"@id\":\"https:\/\/portaltela.pt\/noticias\/2026\/01\/22\/homem-detido-por-violacao-de-adolescente-com-incapacidade\/#breadcrumb\"},\"inLanguage\":\"pt-PT\",\"potentialAction\":[{\"@type\":\"ReadAction\",\"target\":[\"https:\/\/portaltela.pt\/noticias\/2026\/01\/22\/homem-detido-por-violacao-de-adolescente-com-incapacidade\/\"]}]},{\"@type\":\"ImageObject\",\"inLanguage\":\"pt-PT\",\"@id\":\"https:\/\/portaltela.pt\/noticias\/2026\/01\/22\/homem-detido-por-violacao-de-adolescente-com-incapacidade\/#primaryimage\",\"url\":\"https:\/\/portaltela.pt\/s.01k8rhncp4jt1\/2026\/01\/gettyimages-2227549546-4.jpg\",\"contentUrl\":\"https:\/\/portaltela.pt\/s.01k8rhncp4jt1\/2026\/01\/gettyimages-2227549546-4.jpg\",\"width\":796,\"height\":448,\"caption\":\"Pol\u00edcia Judici\u00e1ria\"},{\"@type\":\"BreadcrumbList\",\"@id\":\"https:\/\/portaltela.pt\/noticias\/2026\/01\/22\/homem-detido-por-violacao-de-adolescente-com-incapacidade\/#breadcrumb\",\"itemListElement\":[{\"@type\":\"ListItem\",\"position\":1,\"name\":\"In\u00edcio\",\"item\":\"https:\/\/portaltela.pt\/\"},{\"@type\":\"ListItem\",\"position\":2,\"name\":\"Homem detido por viola\u00e7\u00e3o de adolescente com incapacidade\"}]},{\"@type\":\"WebSite\",\"@id\":\"https:\/\/portaltela.pt\/#website\",\"url\":\"https:\/\/portaltela.pt\/\",\"name\":\"Portal Tela Portugal\",\"description\":\"\",\"potentialAction\":[{\"@type\":\"SearchAction\",\"target\":{\"@type\":\"EntryPoint\",\"urlTemplate\":\"https:\/\/portaltela.pt\/?s={search_term_string}\"},\"query-input\":{\"@type\":\"PropertyValueSpecification\",\"valueRequired\":true,\"valueName\":\"search_term_string\"}}],\"inLanguage\":\"pt-PT\"},{\"@type\":\"Person\",\"@id\":\"https:\/\/portaltela.pt\/#\/schema\/person\/c4278d4a6028830caff9ee44b42d32ed\",\"name\":\"Telinha\",\"image\":{\"@type\":\"ImageObject\",\"inLanguage\":\"pt-PT\",\"@id\":\"https:\/\/portaltela.pt\/s.01k8rhncp4jt1\/2025\/11\/talking-bot-125x125.png\",\"url\":\"https:\/\/portaltela.pt\/s.01k8rhncp4jt1\/2025\/11\/talking-bot-125x125.png\",\"contentUrl\":\"https:\/\/portaltela.pt\/s.01k8rhncp4jt1\/2025\/11\/talking-bot-125x125.png\",\"caption\":\"Telinha\"},\"sameAs\":[\"https:\/\/portaltela.pt\/\"],\"url\":\"https:\/\/portaltela.pt\/por\/367410592786\/\"}]}<\/script>\n<!-- \/ Yoast SEO plugin. -->","yoast_head_json":{"title":"Homem detido por viola\u00e7\u00e3o de adolescente com incapacidade - Portal Tela Portugal","robots":{"index":"index","follow":"follow","max-snippet":"max-snippet:-1","max-image-preview":"max-image-preview:large","max-video-preview":"max-video-preview:-1"},"og_locale":"pt_PT","og_type":"article","og_title":"Homem detido por viola\u00e7\u00e3o de adolescente com incapacidade - Portal Tela Portugal","og_description":"A Pol\u00edcia Judici\u00e1ria deteve um homem de 21 anos suspeito de viola\u00e7\u00e3o agravada de uma adolescente de 14 anos em Sintra. Os factos ocorreram em fevereiro de 2025 no domic\u00edlio do suspeito; a v\u00edtima, portadora de incapacidade f\u00edsica por doen\u00e7a cong\u00e9nita, foi abordada no trajeto da escola para casa. A menor foi obrigada pela for\u00e7a a dirigir-se \u00e0 casa do homem, onde decorreu a viola\u00e7\u00e3o; fugiu do local assim que foi libertada. O caso veio ao conhecimento em contexto de atendimento hospitalar, em agosto do ano passado, quando foi detetada uma gravidez em estado avan\u00e7ado. A investiga\u00e7\u00e3o da Pol\u00edcia Judici\u00e1ria, com o nascimento da crian\u00e7a, permitiu recolher ADN que confirmou a paternidade e identidade do autor; o suspeito foi localizado e detido.","og_url":"https:\/\/portaltela.pt\/noticias\/2026\/01\/22\/homem-detido-por-violacao-de-adolescente-com-incapacidade\/","og_site_name":"Portal Tela Portugal","article_published_time":"2026-01-22T18:03:00+00:00","author":"Telinha","twitter_card":"summary_large_image","twitter_misc":{"Escrito por":"Telinha","Tempo estimado de leitura":"1 minuto"},"schema":{"@context":"https:\/\/schema.org","@graph":[{"@type":"Article","@id":"https:\/\/portaltela.pt\/noticias\/2026\/01\/22\/homem-detido-por-violacao-de-adolescente-com-incapacidade\/#article","isPartOf":{"@id":"https:\/\/portaltela.pt\/noticias\/2026\/01\/22\/homem-detido-por-violacao-de-adolescente-com-incapacidade\/"},"author":{"name":"Telinha","@id":"https:\/\/portaltela.pt\/#\/schema\/person\/c4278d4a6028830caff9ee44b42d32ed"},"headline":"Homem detido por viola\u00e7\u00e3o de adolescente com incapacidade","datePublished":"2026-01-22T18:03:00+00:00","mainEntityOfPage":{"@id":"https:\/\/portaltela.pt\/noticias\/2026\/01\/22\/homem-detido-por-violacao-de-adolescente-com-incapacidade\/"},"wordCount":209,"image":{"@id":"https:\/\/portaltela.pt\/noticias\/2026\/01\/22\/homem-detido-por-violacao-de-adolescente-com-incapacidade\/#primaryimage"},"thumbnailUrl":"https:\/\/portaltela.pt\/s.01k8rhncp4jt1\/2026\/01\/gettyimages-2227549546-4.jpg","keywords":["crimes sexuais contra crian\u00e7as","pessoas com defici\u00eancia","Sintra","viola\u00e7\u00e3o","viola\u00e7\u00e3o agravada","viola\u00e7\u00e3o de menor dependente ou em situa\u00e7\u00e3o vulner\u00e1vel"],"articleSection":["Not\u00edcias"],"inLanguage":"pt-PT"},{"@type":"WebPage","@id":"https:\/\/portaltela.pt\/noticias\/2026\/01\/22\/homem-detido-por-violacao-de-adolescente-com-incapacidade\/","url":"https:\/\/portaltela.pt\/noticias\/2026\/01\/22\/homem-detido-por-violacao-de-adolescente-com-incapacidade\/","name":"Homem detido por viola\u00e7\u00e3o de adolescente com incapacidade - Portal Tela Portugal","isPartOf":{"@id":"https:\/\/portaltela.pt\/#website"},"primaryImageOfPage":{"@id":"https:\/\/portaltela.pt\/noticias\/2026\/01\/22\/homem-detido-por-violacao-de-adolescente-com-incapacidade\/#primaryimage"},"image":{"@id":"https:\/\/portaltela.pt\/noticias\/2026\/01\/22\/homem-detido-por-violacao-de-adolescente-com-incapacidade\/#primaryimage"},"thumbnailUrl":"https:\/\/portaltela.pt\/s.01k8rhncp4jt1\/2026\/01\/gettyimages-2227549546-4.jpg","datePublished":"2026-01-22T18:03:00+00:00","author":{"@id":"https:\/\/portaltela.pt\/#\/schema\/person\/c4278d4a6028830caff9ee44b42d32ed"},"breadcrumb":{"@id":"https:\/\/portaltela.pt\/noticias\/2026\/01\/22\/homem-detido-por-violacao-de-adolescente-com-incapacidade\/#breadcrumb"},"inLanguage":"pt-PT","potentialAction":[{"@type":"ReadAction","target":["https:\/\/portaltela.pt\/noticias\/2026\/01\/22\/homem-detido-por-violacao-de-adolescente-com-incapacidade\/"]}]},{"@type":"ImageObject","inLanguage":"pt-PT","@id":"https:\/\/portaltela.pt\/noticias\/2026\/01\/22\/homem-detido-por-violacao-de-adolescente-com-incapacidade\/#primaryimage","url":"https:\/\/portaltela.pt\/s.01k8rhncp4jt1\/2026\/01\/gettyimages-2227549546-4.jpg","contentUrl":"https:\/\/portaltela.pt\/s.01k8rhncp4jt1\/2026\/01\/gettyimages-2227549546-4.jpg","width":796,"height":448,"caption":"Pol\u00edcia Judici\u00e1ria"},{"@type":"BreadcrumbList","@id":"https:\/\/portaltela.pt\/noticias\/2026\/01\/22\/homem-detido-por-violacao-de-adolescente-com-incapacidade\/#breadcrumb","itemListElement":[{"@type":"ListItem","position":1,"name":"In\u00edcio","item":"https:\/\/portaltela.pt\/"},{"@type":"ListItem","position":2,"name":"Homem detido por viola\u00e7\u00e3o de adolescente com incapacidade"}]},{"@type":"WebSite","@id":"https:\/\/portaltela.pt\/#website","url":"https:\/\/portaltela.pt\/","name":"Portal Tela Portugal","description":"","potentialAction":[{"@type":"SearchAction","target":{"@type":"EntryPoint","urlTemplate":"https:\/\/portaltela.pt\/?s={search_term_string}"},"query-input":{"@type":"PropertyValueSpecification","valueRequired":true,"valueName":"search_term_string"}}],"inLanguage":"pt-PT"},{"@type":"Person","@id":"https:\/\/portaltela.pt\/#\/schema\/person\/c4278d4a6028830caff9ee44b42d32ed","name":"Telinha","image":{"@type":"ImageObject","inLanguage":"pt-PT","@id":"https:\/\/portaltela.pt\/s.01k8rhncp4jt1\/2025\/11\/talking-bot-125x125.png","url":"https:\/\/portaltela.pt\/s.01k8rhncp4jt1\/2025\/11\/talking-bot-125x125.png","contentUrl":"https:\/\/portaltela.pt\/s.01k8rhncp4jt1\/2025\/11\/talking-bot-125x125.png","caption":"Telinha"},"sameAs":["https:\/\/portaltela.pt\/"],"url":"https:\/\/portaltela.pt\/por\/367410592786\/"}]}},"_links":{"self":[{"href":"https:\/\/portaltela.pt\/api\/wp\/v2\/posts\/164357","targetHints":{"allow":["GET"]}}],"collection":[{"href":"https:\/\/portaltela.pt\/api\/wp\/v2\/posts"}],"about":[{"href":"https:\/\/portaltela.pt\/api\/wp\/v2\/types\/post"}],"author":[{"embeddable":true,"href":"https:\/\/portaltela.pt\/api\/wp\/v2\/users\/2"}],"replies":[{"embeddable":true,"href":"https:\/\/portaltela.pt\/api\/wp\/v2\/comments?post=164357"}],"version-history":[{"count":0,"href":"https:\/\/portaltela.pt\/api\/wp\/v2\/posts\/164357\/revisions"}],"wp:featuredmedia":[{"embeddable":true,"href":"https:\/\/portaltela.pt\/api\/wp\/v2\/media\/164360"}],"wp:attachment":[{"href":"https:\/\/portaltela.pt\/api\/wp\/v2\/media?parent=164357"}],"wp:term":[{"taxonomy":"category","embeddable":true,"href":"https:\/\/portaltela.pt\/api\/wp\/v2\/categories?post=164357"},{"taxonomy":"post_tag","embeddable":true,"href":"https:\/\/portaltela.pt\/api\/wp\/v2\/tags?post=164357"}],"curies":[{"name":"wp","href":"https:\/\/api.w.org\/{rel}","templated":true}]}}