{"id":164305,"date":"2026-01-21T21:00:00","date_gmt":"2026-01-22T00:00:00","guid":{"rendered":"https:\/\/portaltela.pt\/noticias\/2026\/01\/21\/tradicao-madeirense-moda-e-beleza-na-nova-concept-store-das-irmas-sousa\/"},"modified":"2026-01-21T21:00:00","modified_gmt":"2026-01-22T00:00:00","slug":"tradicao-madeirense-moda-e-beleza-na-nova-concept-store-das-irmas-sousa","status":"publish","type":"post","link":"https:\/\/portaltela.pt\/noticias\/2026\/01\/21\/tradicao-madeirense-moda-e-beleza-na-nova-concept-store-das-irmas-sousa\/","title":{"rendered":"Tradi\u00e7\u00e3o madeirense, moda e beleza na nova concept store das irm\u00e3s Sousa"},"content":{"rendered":"<p>A nova concept store SOMOS nasce das irm\u00e3s Mariana e \u00c9rica Sousa, juntas pela primeira vez num projeto comum que re\u00fane moda, beleza e tradi\u00e7\u00e3o artesanal madeirense. A loja abriu em dezembro, no Edif\u00edcio Savoy Residence Insular, no Largo do Pelourinho, no Funchal.<\/p>\n<p>A SOUS, marca criada h\u00e1 11 anos por Mariana, celebra a costura e o bordado da Madeira. A irm\u00e3 \u00c9rica, que iniciou a carreira na maquilhagem, junta-se agora ao projeto como respons\u00e1vel pelo beauty center do espa\u00e7o. A produ\u00e7\u00e3o da cole\u00e7\u00e3o atual decorre entre o Brasil e a Madeira, com a m\u00e3e a trabalhar como costureira.<\/p>\n<h3>Espa\u00e7o e servi\u00e7os<\/h3>\n<p>A concept store funciona como ponto de venda da SOUS, com pe\u00e7as exclusivas, e oferece servi\u00e7os de est\u00e9tica, incluindo maquilhagem, prepara\u00e7\u00e3o de noivas, design de sobrancelhas, extens\u00e3o de pestanas e hidrata\u00e7\u00e3o facial. A decora\u00e7\u00e3o combina elementos locais, como pedra nativa, pain\u00e9is com folhas de bananeira e refer\u00eancias \u00e0 costa madeirense.<\/p>\n<p>Mariana descreve o espa\u00e7o como um ref\u00fagio acolhedor, pensado para receber clientes mesmo sem aquisi\u00e7\u00e3o de produtos ou servi\u00e7os. A loja apresenta tecidos exclusivos assinados pela SOUS, criados em parceria com artistas como Lucia Koranyi, do Rio de Janeiro, para inspirar pe\u00e7as feitas sob encomenda.<\/p>\n<h3>Futuro e projetos<\/h3>\n<p>O duo j\u00e1 trabalha h\u00e1 mais de um ano no projeto da loja e planeia expandir a equipa. Tamb\u00e9m surge a ideia de abrir uma loja f\u00edsica da SOMOS no Rio de Janeiro, aproveitando a liga\u00e7\u00e3o de Mariana \u00e0 cidade, onde a marca j\u00e1 tem produ\u00e7\u00e3o direta.<\/p>\n<p>Al\u00e9m da loja no Funchal, h\u00e1 a possibilidade de desenvolver colabora\u00e7\u00e3o com noivas, dada a rela\u00e7\u00e3o j\u00e1 estabelecida entre as irm\u00e3s neste segmento. O objetivo \u00e9 manter a identidade da Madeira presente, ao mesmo tempo que se exploram mercados internacionais.<\/p>\n","protected":false},"excerpt":{"rendered":"<ul>\n<li>As irm\u00e3s Mariana e \u00c9rica Sousa lan\u00e7aram a concept store SOMOS no Funchal, em dezembro, no Edif\u00edcio Savoy Residence Insular, Largo do Pelourinho, juntando moda, beleza e a tradi\u00e7\u00e3o bordadeira da Madeira.<\/li>\n<li>A loja da SOUS funciona tamb\u00e9m como beauty center, oferecendo servi\u00e7os de maquilhagem, prepara\u00e7\u00e3o de noivas, design de sobrancelhas, extens\u00e3o e lifting de pestanas, entre outros.<\/li>\n<li>A produ\u00e7\u00e3o da cole\u00e7\u00e3o est\u00e1 repartida entre Brasil e Madeira, com 80% no Rio de Janeiro e 20% na Madeira, envolvendo a m\u00e3e costureira da fam\u00edlia.<\/li>\n<li>A cole\u00e7\u00e3o, inspirada no log\u00f3tipo \u201cSomos\u201d, inclui tecidos exclusivos da SOUS, criados com artistas ligados \u00e0 Madeira e com padr\u00f5es que remetem \u00e0 cultura local.<\/li>\n<li>A futuro, as irm\u00e3s pretendem aumentar a equipa, abrir uma loja no Rio de Janeiro e manter a loja como espa\u00e7o acolhedor que celebra a hist\u00f3ria familiar.<\/li>\n<\/ul>\n","protected":false},"author":2,"featured_media":164312,"comment_status":"closed","ping_status":"closed","sticky":false,"template":"","format":"standard","meta":{"footnotes":""},"categories":[1],"tags":[222,1233,1120,859,1217,135],"class_list":["post-164305","post","type-post","status-publish","format-standard","has-post-thumbnail","hentry","category-noticias","tag-artesanato","tag-bordados","tag-funchal","tag-madeira","tag-maquilhagem","tag-moda"],"yoast_head":"<!-- This site is optimized with the Yoast SEO plugin v27.2 - https:\/\/yoast.com\/product\/yoast-seo-wordpress\/ -->\n<title>Tradi\u00e7\u00e3o madeirense, moda e beleza na nova concept store das irm\u00e3s Sousa - Portal Tela Portugal<\/title>\n<meta name=\"robots\" content=\"index, follow, max-snippet:-1, max-image-preview:large, max-video-preview:-1\" \/>\n<meta property=\"og:locale\" content=\"pt_PT\" \/>\n<meta property=\"og:type\" content=\"article\" \/>\n<meta property=\"og:title\" content=\"Tradi\u00e7\u00e3o madeirense, moda e beleza na nova concept store das irm\u00e3s Sousa - Portal Tela Portugal\" \/>\n<meta property=\"og:description\" content=\"As irm\u00e3s Mariana e \u00c9rica Sousa lan\u00e7aram a concept store SOMOS no Funchal, em dezembro, no Edif\u00edcio Savoy Residence Insular, Largo do Pelourinho, juntando moda, beleza e a tradi\u00e7\u00e3o bordadeira da Madeira. A loja da SOUS funciona tamb\u00e9m como beauty center, oferecendo servi\u00e7os de maquilhagem, prepara\u00e7\u00e3o de noivas, design de sobrancelhas, extens\u00e3o e lifting de pestanas, entre outros. A produ\u00e7\u00e3o da cole\u00e7\u00e3o est\u00e1 repartida entre Brasil e Madeira, com 80% no Rio de Janeiro e 20% na Madeira, envolvendo a m\u00e3e costureira da fam\u00edlia. A cole\u00e7\u00e3o, inspirada no log\u00f3tipo \u201cSomos\u201d, inclui tecidos exclusivos da SOUS, criados com artistas ligados \u00e0 Madeira e com padr\u00f5es que remetem \u00e0 cultura local. A futuro, as irm\u00e3s pretendem aumentar a equipa, abrir uma loja no Rio de Janeiro e manter a loja como espa\u00e7o acolhedor que celebra a hist\u00f3ria familiar.\" \/>\n<meta property=\"og:url\" content=\"https:\/\/portaltela.pt\/noticias\/2026\/01\/21\/tradicao-madeirense-moda-e-beleza-na-nova-concept-store-das-irmas-sousa\/\" \/>\n<meta property=\"og:site_name\" content=\"Portal Tela Portugal\" \/>\n<meta property=\"article:published_time\" content=\"2026-01-22T00:00:00+00:00\" \/>\n<meta name=\"author\" content=\"Telinha\" \/>\n<meta name=\"twitter:card\" content=\"summary_large_image\" \/>\n<meta name=\"twitter:label1\" content=\"Escrito por\" \/>\n\t<meta name=\"twitter:data1\" content=\"Telinha\" \/>\n\t<meta name=\"twitter:label2\" content=\"Tempo estimado de leitura\" \/>\n\t<meta name=\"twitter:data2\" content=\"2 minutos\" \/>\n<script type=\"application\/ld+json\" class=\"yoast-schema-graph\">{\"@context\":\"https:\/\/schema.org\",\"@graph\":[{\"@type\":\"Article\",\"@id\":\"https:\/\/portaltela.pt\/noticias\/2026\/01\/21\/tradicao-madeirense-moda-e-beleza-na-nova-concept-store-das-irmas-sousa\/#article\",\"isPartOf\":{\"@id\":\"https:\/\/portaltela.pt\/noticias\/2026\/01\/21\/tradicao-madeirense-moda-e-beleza-na-nova-concept-store-das-irmas-sousa\/\"},\"author\":{\"name\":\"Telinha\",\"@id\":\"https:\/\/portaltela.pt\/#\/schema\/person\/c4278d4a6028830caff9ee44b42d32ed\"},\"headline\":\"Tradi\u00e7\u00e3o madeirense, moda e beleza na nova concept store das irm\u00e3s Sousa\",\"datePublished\":\"2026-01-22T00:00:00+00:00\",\"mainEntityOfPage\":{\"@id\":\"https:\/\/portaltela.pt\/noticias\/2026\/01\/21\/tradicao-madeirense-moda-e-beleza-na-nova-concept-store-das-irmas-sousa\/\"},\"wordCount\":330,\"image\":{\"@id\":\"https:\/\/portaltela.pt\/noticias\/2026\/01\/21\/tradicao-madeirense-moda-e-beleza-na-nova-concept-store-das-irmas-sousa\/#primaryimage\"},\"thumbnailUrl\":\"https:\/\/portaltela.pt\/s.01k8rhncp4jt1\/2026\/01\/retrato-somos-ii.jpg\",\"keywords\":[\"artesanato\",\"bordados\",\"Funchal\",\"Madeira\",\"maquilhagem\",\"moda\"],\"articleSection\":[\"Not\u00edcias\"],\"inLanguage\":\"pt-PT\"},{\"@type\":\"WebPage\",\"@id\":\"https:\/\/portaltela.pt\/noticias\/2026\/01\/21\/tradicao-madeirense-moda-e-beleza-na-nova-concept-store-das-irmas-sousa\/\",\"url\":\"https:\/\/portaltela.pt\/noticias\/2026\/01\/21\/tradicao-madeirense-moda-e-beleza-na-nova-concept-store-das-irmas-sousa\/\",\"name\":\"Tradi\u00e7\u00e3o madeirense, moda e beleza na nova concept store das irm\u00e3s Sousa - Portal Tela Portugal\",\"isPartOf\":{\"@id\":\"https:\/\/portaltela.pt\/#website\"},\"primaryImageOfPage\":{\"@id\":\"https:\/\/portaltela.pt\/noticias\/2026\/01\/21\/tradicao-madeirense-moda-e-beleza-na-nova-concept-store-das-irmas-sousa\/#primaryimage\"},\"image\":{\"@id\":\"https:\/\/portaltela.pt\/noticias\/2026\/01\/21\/tradicao-madeirense-moda-e-beleza-na-nova-concept-store-das-irmas-sousa\/#primaryimage\"},\"thumbnailUrl\":\"https:\/\/portaltela.pt\/s.01k8rhncp4jt1\/2026\/01\/retrato-somos-ii.jpg\",\"datePublished\":\"2026-01-22T00:00:00+00:00\",\"author\":{\"@id\":\"https:\/\/portaltela.pt\/#\/schema\/person\/c4278d4a6028830caff9ee44b42d32ed\"},\"breadcrumb\":{\"@id\":\"https:\/\/portaltela.pt\/noticias\/2026\/01\/21\/tradicao-madeirense-moda-e-beleza-na-nova-concept-store-das-irmas-sousa\/#breadcrumb\"},\"inLanguage\":\"pt-PT\",\"potentialAction\":[{\"@type\":\"ReadAction\",\"target\":[\"https:\/\/portaltela.pt\/noticias\/2026\/01\/21\/tradicao-madeirense-moda-e-beleza-na-nova-concept-store-das-irmas-sousa\/\"]}]},{\"@type\":\"ImageObject\",\"inLanguage\":\"pt-PT\",\"@id\":\"https:\/\/portaltela.pt\/noticias\/2026\/01\/21\/tradicao-madeirense-moda-e-beleza-na-nova-concept-store-das-irmas-sousa\/#primaryimage\",\"url\":\"https:\/\/portaltela.pt\/s.01k8rhncp4jt1\/2026\/01\/retrato-somos-ii.jpg\",\"contentUrl\":\"https:\/\/portaltela.pt\/s.01k8rhncp4jt1\/2026\/01\/retrato-somos-ii.jpg\",\"width\":796,\"height\":448,\"caption\":\"\u00c9rica e Mariana Sousa, as irm\u00e3s que agora juntam-se para oferecer beleza e moda na nova concept store do Funchal\"},{\"@type\":\"BreadcrumbList\",\"@id\":\"https:\/\/portaltela.pt\/noticias\/2026\/01\/21\/tradicao-madeirense-moda-e-beleza-na-nova-concept-store-das-irmas-sousa\/#breadcrumb\",\"itemListElement\":[{\"@type\":\"ListItem\",\"position\":1,\"name\":\"In\u00edcio\",\"item\":\"https:\/\/portaltela.pt\/\"},{\"@type\":\"ListItem\",\"position\":2,\"name\":\"Tradi\u00e7\u00e3o madeirense, moda e beleza na nova concept store das irm\u00e3s Sousa\"}]},{\"@type\":\"WebSite\",\"@id\":\"https:\/\/portaltela.pt\/#website\",\"url\":\"https:\/\/portaltela.pt\/\",\"name\":\"Portal Tela Portugal\",\"description\":\"\",\"potentialAction\":[{\"@type\":\"SearchAction\",\"target\":{\"@type\":\"EntryPoint\",\"urlTemplate\":\"https:\/\/portaltela.pt\/?s={search_term_string}\"},\"query-input\":{\"@type\":\"PropertyValueSpecification\",\"valueRequired\":true,\"valueName\":\"search_term_string\"}}],\"inLanguage\":\"pt-PT\"},{\"@type\":\"Person\",\"@id\":\"https:\/\/portaltela.pt\/#\/schema\/person\/c4278d4a6028830caff9ee44b42d32ed\",\"name\":\"Telinha\",\"image\":{\"@type\":\"ImageObject\",\"inLanguage\":\"pt-PT\",\"@id\":\"https:\/\/portaltela.pt\/s.01k8rhncp4jt1\/2025\/11\/talking-bot-125x125.png\",\"url\":\"https:\/\/portaltela.pt\/s.01k8rhncp4jt1\/2025\/11\/talking-bot-125x125.png\",\"contentUrl\":\"https:\/\/portaltela.pt\/s.01k8rhncp4jt1\/2025\/11\/talking-bot-125x125.png\",\"caption\":\"Telinha\"},\"sameAs\":[\"https:\/\/portaltela.pt\/\"],\"url\":\"https:\/\/portaltela.pt\/por\/367410592786\/\"}]}<\/script>\n<!-- \/ Yoast SEO plugin. -->","yoast_head_json":{"title":"Tradi\u00e7\u00e3o madeirense, moda e beleza na nova concept store das irm\u00e3s Sousa - Portal Tela Portugal","robots":{"index":"index","follow":"follow","max-snippet":"max-snippet:-1","max-image-preview":"max-image-preview:large","max-video-preview":"max-video-preview:-1"},"og_locale":"pt_PT","og_type":"article","og_title":"Tradi\u00e7\u00e3o madeirense, moda e beleza na nova concept store das irm\u00e3s Sousa - Portal Tela Portugal","og_description":"As irm\u00e3s Mariana e \u00c9rica Sousa lan\u00e7aram a concept store SOMOS no Funchal, em dezembro, no Edif\u00edcio Savoy Residence Insular, Largo do Pelourinho, juntando moda, beleza e a tradi\u00e7\u00e3o bordadeira da Madeira. A loja da SOUS funciona tamb\u00e9m como beauty center, oferecendo servi\u00e7os de maquilhagem, prepara\u00e7\u00e3o de noivas, design de sobrancelhas, extens\u00e3o e lifting de pestanas, entre outros. A produ\u00e7\u00e3o da cole\u00e7\u00e3o est\u00e1 repartida entre Brasil e Madeira, com 80% no Rio de Janeiro e 20% na Madeira, envolvendo a m\u00e3e costureira da fam\u00edlia. A cole\u00e7\u00e3o, inspirada no log\u00f3tipo \u201cSomos\u201d, inclui tecidos exclusivos da SOUS, criados com artistas ligados \u00e0 Madeira e com padr\u00f5es que remetem \u00e0 cultura local. A futuro, as irm\u00e3s pretendem aumentar a equipa, abrir uma loja no Rio de Janeiro e manter a loja como espa\u00e7o acolhedor que celebra a hist\u00f3ria familiar.","og_url":"https:\/\/portaltela.pt\/noticias\/2026\/01\/21\/tradicao-madeirense-moda-e-beleza-na-nova-concept-store-das-irmas-sousa\/","og_site_name":"Portal Tela Portugal","article_published_time":"2026-01-22T00:00:00+00:00","author":"Telinha","twitter_card":"summary_large_image","twitter_misc":{"Escrito por":"Telinha","Tempo estimado de leitura":"2 minutos"},"schema":{"@context":"https:\/\/schema.org","@graph":[{"@type":"Article","@id":"https:\/\/portaltela.pt\/noticias\/2026\/01\/21\/tradicao-madeirense-moda-e-beleza-na-nova-concept-store-das-irmas-sousa\/#article","isPartOf":{"@id":"https:\/\/portaltela.pt\/noticias\/2026\/01\/21\/tradicao-madeirense-moda-e-beleza-na-nova-concept-store-das-irmas-sousa\/"},"author":{"name":"Telinha","@id":"https:\/\/portaltela.pt\/#\/schema\/person\/c4278d4a6028830caff9ee44b42d32ed"},"headline":"Tradi\u00e7\u00e3o madeirense, moda e beleza na nova concept store das irm\u00e3s Sousa","datePublished":"2026-01-22T00:00:00+00:00","mainEntityOfPage":{"@id":"https:\/\/portaltela.pt\/noticias\/2026\/01\/21\/tradicao-madeirense-moda-e-beleza-na-nova-concept-store-das-irmas-sousa\/"},"wordCount":330,"image":{"@id":"https:\/\/portaltela.pt\/noticias\/2026\/01\/21\/tradicao-madeirense-moda-e-beleza-na-nova-concept-store-das-irmas-sousa\/#primaryimage"},"thumbnailUrl":"https:\/\/portaltela.pt\/s.01k8rhncp4jt1\/2026\/01\/retrato-somos-ii.jpg","keywords":["artesanato","bordados","Funchal","Madeira","maquilhagem","moda"],"articleSection":["Not\u00edcias"],"inLanguage":"pt-PT"},{"@type":"WebPage","@id":"https:\/\/portaltela.pt\/noticias\/2026\/01\/21\/tradicao-madeirense-moda-e-beleza-na-nova-concept-store-das-irmas-sousa\/","url":"https:\/\/portaltela.pt\/noticias\/2026\/01\/21\/tradicao-madeirense-moda-e-beleza-na-nova-concept-store-das-irmas-sousa\/","name":"Tradi\u00e7\u00e3o madeirense, moda e beleza na nova concept store das irm\u00e3s Sousa - Portal Tela Portugal","isPartOf":{"@id":"https:\/\/portaltela.pt\/#website"},"primaryImageOfPage":{"@id":"https:\/\/portaltela.pt\/noticias\/2026\/01\/21\/tradicao-madeirense-moda-e-beleza-na-nova-concept-store-das-irmas-sousa\/#primaryimage"},"image":{"@id":"https:\/\/portaltela.pt\/noticias\/2026\/01\/21\/tradicao-madeirense-moda-e-beleza-na-nova-concept-store-das-irmas-sousa\/#primaryimage"},"thumbnailUrl":"https:\/\/portaltela.pt\/s.01k8rhncp4jt1\/2026\/01\/retrato-somos-ii.jpg","datePublished":"2026-01-22T00:00:00+00:00","author":{"@id":"https:\/\/portaltela.pt\/#\/schema\/person\/c4278d4a6028830caff9ee44b42d32ed"},"breadcrumb":{"@id":"https:\/\/portaltela.pt\/noticias\/2026\/01\/21\/tradicao-madeirense-moda-e-beleza-na-nova-concept-store-das-irmas-sousa\/#breadcrumb"},"inLanguage":"pt-PT","potentialAction":[{"@type":"ReadAction","target":["https:\/\/portaltela.pt\/noticias\/2026\/01\/21\/tradicao-madeirense-moda-e-beleza-na-nova-concept-store-das-irmas-sousa\/"]}]},{"@type":"ImageObject","inLanguage":"pt-PT","@id":"https:\/\/portaltela.pt\/noticias\/2026\/01\/21\/tradicao-madeirense-moda-e-beleza-na-nova-concept-store-das-irmas-sousa\/#primaryimage","url":"https:\/\/portaltela.pt\/s.01k8rhncp4jt1\/2026\/01\/retrato-somos-ii.jpg","contentUrl":"https:\/\/portaltela.pt\/s.01k8rhncp4jt1\/2026\/01\/retrato-somos-ii.jpg","width":796,"height":448,"caption":"\u00c9rica e Mariana Sousa, as irm\u00e3s que agora juntam-se para oferecer beleza e moda na nova concept store do Funchal"},{"@type":"BreadcrumbList","@id":"https:\/\/portaltela.pt\/noticias\/2026\/01\/21\/tradicao-madeirense-moda-e-beleza-na-nova-concept-store-das-irmas-sousa\/#breadcrumb","itemListElement":[{"@type":"ListItem","position":1,"name":"In\u00edcio","item":"https:\/\/portaltela.pt\/"},{"@type":"ListItem","position":2,"name":"Tradi\u00e7\u00e3o madeirense, moda e beleza na nova concept store das irm\u00e3s Sousa"}]},{"@type":"WebSite","@id":"https:\/\/portaltela.pt\/#website","url":"https:\/\/portaltela.pt\/","name":"Portal Tela Portugal","description":"","potentialAction":[{"@type":"SearchAction","target":{"@type":"EntryPoint","urlTemplate":"https:\/\/portaltela.pt\/?s={search_term_string}"},"query-input":{"@type":"PropertyValueSpecification","valueRequired":true,"valueName":"search_term_string"}}],"inLanguage":"pt-PT"},{"@type":"Person","@id":"https:\/\/portaltela.pt\/#\/schema\/person\/c4278d4a6028830caff9ee44b42d32ed","name":"Telinha","image":{"@type":"ImageObject","inLanguage":"pt-PT","@id":"https:\/\/portaltela.pt\/s.01k8rhncp4jt1\/2025\/11\/talking-bot-125x125.png","url":"https:\/\/portaltela.pt\/s.01k8rhncp4jt1\/2025\/11\/talking-bot-125x125.png","contentUrl":"https:\/\/portaltela.pt\/s.01k8rhncp4jt1\/2025\/11\/talking-bot-125x125.png","caption":"Telinha"},"sameAs":["https:\/\/portaltela.pt\/"],"url":"https:\/\/portaltela.pt\/por\/367410592786\/"}]}},"_links":{"self":[{"href":"https:\/\/portaltela.pt\/api\/wp\/v2\/posts\/164305","targetHints":{"allow":["GET"]}}],"collection":[{"href":"https:\/\/portaltela.pt\/api\/wp\/v2\/posts"}],"about":[{"href":"https:\/\/portaltela.pt\/api\/wp\/v2\/types\/post"}],"author":[{"embeddable":true,"href":"https:\/\/portaltela.pt\/api\/wp\/v2\/users\/2"}],"replies":[{"embeddable":true,"href":"https:\/\/portaltela.pt\/api\/wp\/v2\/comments?post=164305"}],"version-history":[{"count":0,"href":"https:\/\/portaltela.pt\/api\/wp\/v2\/posts\/164305\/revisions"}],"wp:featuredmedia":[{"embeddable":true,"href":"https:\/\/portaltela.pt\/api\/wp\/v2\/media\/164312"}],"wp:attachment":[{"href":"https:\/\/portaltela.pt\/api\/wp\/v2\/media?parent=164305"}],"wp:term":[{"taxonomy":"category","embeddable":true,"href":"https:\/\/portaltela.pt\/api\/wp\/v2\/categories?post=164305"},{"taxonomy":"post_tag","embeddable":true,"href":"https:\/\/portaltela.pt\/api\/wp\/v2\/tags?post=164305"}],"curies":[{"name":"wp","href":"https:\/\/api.w.org\/{rel}","templated":true}]}}