{"id":164240,"date":"2026-01-22T14:19:00","date_gmt":"2026-01-22T17:19:00","guid":{"rendered":"https:\/\/portaltela.pt\/noticias\/2026\/01\/22\/alerta-de-poluicao-no-tejo-com-espuma-flutuante-em-nisa\/"},"modified":"2026-01-22T14:19:00","modified_gmt":"2026-01-22T17:19:00","slug":"alerta-de-poluicao-no-tejo-com-espuma-flutuante-em-nisa","status":"publish","type":"post","link":"https:\/\/portaltela.pt\/noticias\/2026\/01\/22\/alerta-de-poluicao-no-tejo-com-espuma-flutuante-em-nisa\/","title":{"rendered":"Alerta de polui\u00e7\u00e3o no Tejo com espuma flutuante em Nisa"},"content":{"rendered":"<p>Nos \u00faltimos dias, o ProTejo \u2013 Movimento pelo Tejo alertou para um foco regular de polui\u00e7\u00e3o no rio Tejo, entre a barragem do Fratel e a Barca da Amieira do Tejo, em Nisa, no distrito de Portalegre.<\/p>\n<p>Segundo o movimento, a espuma vis\u00edvel na \u00e1gua pode ter origem em descargas de efluentes a montante da Barca da Amieira do Tejo, uma plataforma flutuante no Tejo. A avalia\u00e7\u00e3o inicial aponta contacto entre \u00e1gua da barragem e leito polu\u00eddo como poss\u00edvel causa.<\/p>\n<p>O alerta foi partilhado na p\u00e1gina online e nas redes sociais do ProTejo. Ainda n\u00e3o existem informa\u00e7\u00f5es atualizadas sobre a persist\u00eancia do foco de polui\u00e7\u00e3o ou a extens\u00e3o da contamina\u00e7\u00e3o ao longo da extens\u00e3o estudada.<\/p>\n<p>O ProTejo j\u00e1 fez a den\u00fancia \u00e0s autoridades competentes e pediu a\u00e7\u00f5es concretas. Solicita an\u00e1lises regulares da qualidade da \u00e1gua a montante da Barca da Amieira do Tejo, incluindo verifica\u00e7\u00e3o de fibras de celulose na \u00e1gua, e o destacamento de equipas de fiscaliza\u00e7\u00e3o para detetar descargas de efluentes urbanos ou industriais.<\/p>\n<p>Al\u00e9m disso, o movimento pediu o agendamento de uma reuni\u00e3o com a Comiss\u00e3o de Acompanhamento sobre Polui\u00e7\u00e3o do rio Tejo. A entidade solicita informa\u00e7\u00e3o sobre a atua\u00e7\u00e3o das autoridades no enfrentamento deste surto de polui\u00e7\u00e3o.<\/p>\n","protected":false},"excerpt":{"rendered":"<ul>\n<li>O ProTejo alerta para um foco regular de polui\u00e7\u00e3o no rio Tejo, entre a barragem do Fratel e a Barca da Amieira do Tejo, com espuma na superf\u00edcie.<\/li>\n<li>A p\u00e1gina do movimento sugere que a polui\u00e7\u00e3o pode ter origem em descargas de efluentes a montante da Barca da Amieira do Tejo, no concelho de Nisa, Portalegre.<\/li>\n<li>O fen\u00f3meno foi visto entre s\u00e1bado e segunda-feira; n\u00e3o h\u00e1 confirma\u00e7\u00e3o de continuidade da presen\u00e7a da espuma no momento.<\/li>\n<li>O ProTejo denunciou o caso \u00e0 Inspec\u00e7\u00e3o-Geral da Agricultura, do Mar, do Ambiente e do Ordenamento do Territ\u00f3rio (IGAMAOT) e \u00e0 Ag\u00eancia Portuguesa do Ambiente (APA), solicitando interven\u00e7\u00e3o.<\/li>\n<li>Pedem an\u00e1lises regulares da qualidade da \u00e1gua montante da Barca da Amieira do Tejo, verifica\u00e7\u00e3o de fibras de celulose, despacho de equipas de fiscaliza\u00e7\u00e3o e uma reuni\u00e3o com a Comiss\u00e3o de Acompanhamento sobre Polui\u00e7\u00e3o do rio Tejo.<\/li>\n<\/ul>\n","protected":false},"author":2,"featured_media":164246,"comment_status":"closed","ping_status":"closed","sticky":false,"template":"","format":"standard","meta":{"footnotes":""},"categories":[1],"tags":[1503,1090,3854,3750,1075,2408],"class_list":["post-164240","post","type-post","status-publish","format-standard","has-post-thumbnail","hentry","category-noticias","tag-abastecimento-de-agua","tag-agua","tag-nisa","tag-poluicao-ambiental","tag-portalegre","tag-tejo"],"yoast_head":"<!-- This site is optimized with the Yoast SEO plugin v27.2 - https:\/\/yoast.com\/product\/yoast-seo-wordpress\/ -->\n<title>Alerta de polui\u00e7\u00e3o no Tejo com espuma flutuante em Nisa - Portal Tela Portugal<\/title>\n<meta name=\"robots\" content=\"index, follow, max-snippet:-1, max-image-preview:large, max-video-preview:-1\" \/>\n<meta property=\"og:locale\" content=\"pt_PT\" \/>\n<meta property=\"og:type\" content=\"article\" \/>\n<meta property=\"og:title\" content=\"Alerta de polui\u00e7\u00e3o no Tejo com espuma flutuante em Nisa - Portal Tela Portugal\" \/>\n<meta property=\"og:description\" content=\"O ProTejo alerta para um foco regular de polui\u00e7\u00e3o no rio Tejo, entre a barragem do Fratel e a Barca da Amieira do Tejo, com espuma na superf\u00edcie. A p\u00e1gina do movimento sugere que a polui\u00e7\u00e3o pode ter origem em descargas de efluentes a montante da Barca da Amieira do Tejo, no concelho de Nisa, Portalegre. O fen\u00f3meno foi visto entre s\u00e1bado e segunda-feira; n\u00e3o h\u00e1 confirma\u00e7\u00e3o de continuidade da presen\u00e7a da espuma no momento. O ProTejo denunciou o caso \u00e0 Inspec\u00e7\u00e3o-Geral da Agricultura, do Mar, do Ambiente e do Ordenamento do Territ\u00f3rio (IGAMAOT) e \u00e0 Ag\u00eancia Portuguesa do Ambiente (APA), solicitando interven\u00e7\u00e3o. Pedem an\u00e1lises regulares da qualidade da \u00e1gua montante da Barca da Amieira do Tejo, verifica\u00e7\u00e3o de fibras de celulose, despacho de equipas de fiscaliza\u00e7\u00e3o e uma reuni\u00e3o com a Comiss\u00e3o de Acompanhamento sobre Polui\u00e7\u00e3o do rio Tejo.\" \/>\n<meta property=\"og:url\" content=\"https:\/\/portaltela.pt\/noticias\/2026\/01\/22\/alerta-de-poluicao-no-tejo-com-espuma-flutuante-em-nisa\/\" \/>\n<meta property=\"og:site_name\" content=\"Portal Tela Portugal\" \/>\n<meta property=\"article:published_time\" content=\"2026-01-22T17:19:00+00:00\" \/>\n<meta name=\"author\" content=\"Telinha\" \/>\n<meta name=\"twitter:card\" content=\"summary_large_image\" \/>\n<meta name=\"twitter:label1\" content=\"Escrito por\" \/>\n\t<meta name=\"twitter:data1\" content=\"Telinha\" \/>\n\t<meta name=\"twitter:label2\" content=\"Tempo estimado de leitura\" \/>\n\t<meta name=\"twitter:data2\" content=\"1 minuto\" \/>\n<script type=\"application\/ld+json\" class=\"yoast-schema-graph\">{\"@context\":\"https:\/\/schema.org\",\"@graph\":[{\"@type\":\"Article\",\"@id\":\"https:\/\/portaltela.pt\/noticias\/2026\/01\/22\/alerta-de-poluicao-no-tejo-com-espuma-flutuante-em-nisa\/#article\",\"isPartOf\":{\"@id\":\"https:\/\/portaltela.pt\/noticias\/2026\/01\/22\/alerta-de-poluicao-no-tejo-com-espuma-flutuante-em-nisa\/\"},\"author\":{\"name\":\"Telinha\",\"@id\":\"https:\/\/portaltela.pt\/#\/schema\/person\/c4278d4a6028830caff9ee44b42d32ed\"},\"headline\":\"Alerta de polui\u00e7\u00e3o no Tejo com espuma flutuante em Nisa\",\"datePublished\":\"2026-01-22T17:19:00+00:00\",\"mainEntityOfPage\":{\"@id\":\"https:\/\/portaltela.pt\/noticias\/2026\/01\/22\/alerta-de-poluicao-no-tejo-com-espuma-flutuante-em-nisa\/\"},\"wordCount\":236,\"image\":{\"@id\":\"https:\/\/portaltela.pt\/noticias\/2026\/01\/22\/alerta-de-poluicao-no-tejo-com-espuma-flutuante-em-nisa\/#primaryimage\"},\"thumbnailUrl\":\"https:\/\/portaltela.pt\/s.01k8rhncp4jt1\/2026\/01\/2061274.jpg\",\"keywords\":[\"abastecimento de \u00e1gua\",\"\u00e1gua\",\"Nisa\",\"polui\u00e7\u00e3o ambiental\",\"Portalegre\",\"Tejo\"],\"articleSection\":[\"Not\u00edcias\"],\"inLanguage\":\"pt-PT\"},{\"@type\":\"WebPage\",\"@id\":\"https:\/\/portaltela.pt\/noticias\/2026\/01\/22\/alerta-de-poluicao-no-tejo-com-espuma-flutuante-em-nisa\/\",\"url\":\"https:\/\/portaltela.pt\/noticias\/2026\/01\/22\/alerta-de-poluicao-no-tejo-com-espuma-flutuante-em-nisa\/\",\"name\":\"Alerta de polui\u00e7\u00e3o no Tejo com espuma flutuante em Nisa - Portal Tela Portugal\",\"isPartOf\":{\"@id\":\"https:\/\/portaltela.pt\/#website\"},\"primaryImageOfPage\":{\"@id\":\"https:\/\/portaltela.pt\/noticias\/2026\/01\/22\/alerta-de-poluicao-no-tejo-com-espuma-flutuante-em-nisa\/#primaryimage\"},\"image\":{\"@id\":\"https:\/\/portaltela.pt\/noticias\/2026\/01\/22\/alerta-de-poluicao-no-tejo-com-espuma-flutuante-em-nisa\/#primaryimage\"},\"thumbnailUrl\":\"https:\/\/portaltela.pt\/s.01k8rhncp4jt1\/2026\/01\/2061274.jpg\",\"datePublished\":\"2026-01-22T17:19:00+00:00\",\"author\":{\"@id\":\"https:\/\/portaltela.pt\/#\/schema\/person\/c4278d4a6028830caff9ee44b42d32ed\"},\"breadcrumb\":{\"@id\":\"https:\/\/portaltela.pt\/noticias\/2026\/01\/22\/alerta-de-poluicao-no-tejo-com-espuma-flutuante-em-nisa\/#breadcrumb\"},\"inLanguage\":\"pt-PT\",\"potentialAction\":[{\"@type\":\"ReadAction\",\"target\":[\"https:\/\/portaltela.pt\/noticias\/2026\/01\/22\/alerta-de-poluicao-no-tejo-com-espuma-flutuante-em-nisa\/\"]}]},{\"@type\":\"ImageObject\",\"inLanguage\":\"pt-PT\",\"@id\":\"https:\/\/portaltela.pt\/noticias\/2026\/01\/22\/alerta-de-poluicao-no-tejo-com-espuma-flutuante-em-nisa\/#primaryimage\",\"url\":\"https:\/\/portaltela.pt\/s.01k8rhncp4jt1\/2026\/01\/2061274.jpg\",\"contentUrl\":\"https:\/\/portaltela.pt\/s.01k8rhncp4jt1\/2026\/01\/2061274.jpg\",\"width\":796,\"height\":448,\"caption\":\"Rio Tejo na zona de Nisa, no Alentejo (imagem de arquivo)\"},{\"@type\":\"BreadcrumbList\",\"@id\":\"https:\/\/portaltela.pt\/noticias\/2026\/01\/22\/alerta-de-poluicao-no-tejo-com-espuma-flutuante-em-nisa\/#breadcrumb\",\"itemListElement\":[{\"@type\":\"ListItem\",\"position\":1,\"name\":\"In\u00edcio\",\"item\":\"https:\/\/portaltela.pt\/\"},{\"@type\":\"ListItem\",\"position\":2,\"name\":\"Alerta de polui\u00e7\u00e3o no Tejo com espuma flutuante em Nisa\"}]},{\"@type\":\"WebSite\",\"@id\":\"https:\/\/portaltela.pt\/#website\",\"url\":\"https:\/\/portaltela.pt\/\",\"name\":\"Portal Tela Portugal\",\"description\":\"\",\"potentialAction\":[{\"@type\":\"SearchAction\",\"target\":{\"@type\":\"EntryPoint\",\"urlTemplate\":\"https:\/\/portaltela.pt\/?s={search_term_string}\"},\"query-input\":{\"@type\":\"PropertyValueSpecification\",\"valueRequired\":true,\"valueName\":\"search_term_string\"}}],\"inLanguage\":\"pt-PT\"},{\"@type\":\"Person\",\"@id\":\"https:\/\/portaltela.pt\/#\/schema\/person\/c4278d4a6028830caff9ee44b42d32ed\",\"name\":\"Telinha\",\"image\":{\"@type\":\"ImageObject\",\"inLanguage\":\"pt-PT\",\"@id\":\"https:\/\/portaltela.pt\/s.01k8rhncp4jt1\/2025\/11\/talking-bot-125x125.png\",\"url\":\"https:\/\/portaltela.pt\/s.01k8rhncp4jt1\/2025\/11\/talking-bot-125x125.png\",\"contentUrl\":\"https:\/\/portaltela.pt\/s.01k8rhncp4jt1\/2025\/11\/talking-bot-125x125.png\",\"caption\":\"Telinha\"},\"sameAs\":[\"https:\/\/portaltela.pt\/\"],\"url\":\"https:\/\/portaltela.pt\/por\/367410592786\/\"}]}<\/script>\n<!-- \/ Yoast SEO plugin. -->","yoast_head_json":{"title":"Alerta de polui\u00e7\u00e3o no Tejo com espuma flutuante em Nisa - Portal Tela Portugal","robots":{"index":"index","follow":"follow","max-snippet":"max-snippet:-1","max-image-preview":"max-image-preview:large","max-video-preview":"max-video-preview:-1"},"og_locale":"pt_PT","og_type":"article","og_title":"Alerta de polui\u00e7\u00e3o no Tejo com espuma flutuante em Nisa - Portal Tela Portugal","og_description":"O ProTejo alerta para um foco regular de polui\u00e7\u00e3o no rio Tejo, entre a barragem do Fratel e a Barca da Amieira do Tejo, com espuma na superf\u00edcie. A p\u00e1gina do movimento sugere que a polui\u00e7\u00e3o pode ter origem em descargas de efluentes a montante da Barca da Amieira do Tejo, no concelho de Nisa, Portalegre. O fen\u00f3meno foi visto entre s\u00e1bado e segunda-feira; n\u00e3o h\u00e1 confirma\u00e7\u00e3o de continuidade da presen\u00e7a da espuma no momento. O ProTejo denunciou o caso \u00e0 Inspec\u00e7\u00e3o-Geral da Agricultura, do Mar, do Ambiente e do Ordenamento do Territ\u00f3rio (IGAMAOT) e \u00e0 Ag\u00eancia Portuguesa do Ambiente (APA), solicitando interven\u00e7\u00e3o. Pedem an\u00e1lises regulares da qualidade da \u00e1gua montante da Barca da Amieira do Tejo, verifica\u00e7\u00e3o de fibras de celulose, despacho de equipas de fiscaliza\u00e7\u00e3o e uma reuni\u00e3o com a Comiss\u00e3o de Acompanhamento sobre Polui\u00e7\u00e3o do rio Tejo.","og_url":"https:\/\/portaltela.pt\/noticias\/2026\/01\/22\/alerta-de-poluicao-no-tejo-com-espuma-flutuante-em-nisa\/","og_site_name":"Portal Tela Portugal","article_published_time":"2026-01-22T17:19:00+00:00","author":"Telinha","twitter_card":"summary_large_image","twitter_misc":{"Escrito por":"Telinha","Tempo estimado de leitura":"1 minuto"},"schema":{"@context":"https:\/\/schema.org","@graph":[{"@type":"Article","@id":"https:\/\/portaltela.pt\/noticias\/2026\/01\/22\/alerta-de-poluicao-no-tejo-com-espuma-flutuante-em-nisa\/#article","isPartOf":{"@id":"https:\/\/portaltela.pt\/noticias\/2026\/01\/22\/alerta-de-poluicao-no-tejo-com-espuma-flutuante-em-nisa\/"},"author":{"name":"Telinha","@id":"https:\/\/portaltela.pt\/#\/schema\/person\/c4278d4a6028830caff9ee44b42d32ed"},"headline":"Alerta de polui\u00e7\u00e3o no Tejo com espuma flutuante em Nisa","datePublished":"2026-01-22T17:19:00+00:00","mainEntityOfPage":{"@id":"https:\/\/portaltela.pt\/noticias\/2026\/01\/22\/alerta-de-poluicao-no-tejo-com-espuma-flutuante-em-nisa\/"},"wordCount":236,"image":{"@id":"https:\/\/portaltela.pt\/noticias\/2026\/01\/22\/alerta-de-poluicao-no-tejo-com-espuma-flutuante-em-nisa\/#primaryimage"},"thumbnailUrl":"https:\/\/portaltela.pt\/s.01k8rhncp4jt1\/2026\/01\/2061274.jpg","keywords":["abastecimento de \u00e1gua","\u00e1gua","Nisa","polui\u00e7\u00e3o ambiental","Portalegre","Tejo"],"articleSection":["Not\u00edcias"],"inLanguage":"pt-PT"},{"@type":"WebPage","@id":"https:\/\/portaltela.pt\/noticias\/2026\/01\/22\/alerta-de-poluicao-no-tejo-com-espuma-flutuante-em-nisa\/","url":"https:\/\/portaltela.pt\/noticias\/2026\/01\/22\/alerta-de-poluicao-no-tejo-com-espuma-flutuante-em-nisa\/","name":"Alerta de polui\u00e7\u00e3o no Tejo com espuma flutuante em Nisa - Portal Tela Portugal","isPartOf":{"@id":"https:\/\/portaltela.pt\/#website"},"primaryImageOfPage":{"@id":"https:\/\/portaltela.pt\/noticias\/2026\/01\/22\/alerta-de-poluicao-no-tejo-com-espuma-flutuante-em-nisa\/#primaryimage"},"image":{"@id":"https:\/\/portaltela.pt\/noticias\/2026\/01\/22\/alerta-de-poluicao-no-tejo-com-espuma-flutuante-em-nisa\/#primaryimage"},"thumbnailUrl":"https:\/\/portaltela.pt\/s.01k8rhncp4jt1\/2026\/01\/2061274.jpg","datePublished":"2026-01-22T17:19:00+00:00","author":{"@id":"https:\/\/portaltela.pt\/#\/schema\/person\/c4278d4a6028830caff9ee44b42d32ed"},"breadcrumb":{"@id":"https:\/\/portaltela.pt\/noticias\/2026\/01\/22\/alerta-de-poluicao-no-tejo-com-espuma-flutuante-em-nisa\/#breadcrumb"},"inLanguage":"pt-PT","potentialAction":[{"@type":"ReadAction","target":["https:\/\/portaltela.pt\/noticias\/2026\/01\/22\/alerta-de-poluicao-no-tejo-com-espuma-flutuante-em-nisa\/"]}]},{"@type":"ImageObject","inLanguage":"pt-PT","@id":"https:\/\/portaltela.pt\/noticias\/2026\/01\/22\/alerta-de-poluicao-no-tejo-com-espuma-flutuante-em-nisa\/#primaryimage","url":"https:\/\/portaltela.pt\/s.01k8rhncp4jt1\/2026\/01\/2061274.jpg","contentUrl":"https:\/\/portaltela.pt\/s.01k8rhncp4jt1\/2026\/01\/2061274.jpg","width":796,"height":448,"caption":"Rio Tejo na zona de Nisa, no Alentejo (imagem de arquivo)"},{"@type":"BreadcrumbList","@id":"https:\/\/portaltela.pt\/noticias\/2026\/01\/22\/alerta-de-poluicao-no-tejo-com-espuma-flutuante-em-nisa\/#breadcrumb","itemListElement":[{"@type":"ListItem","position":1,"name":"In\u00edcio","item":"https:\/\/portaltela.pt\/"},{"@type":"ListItem","position":2,"name":"Alerta de polui\u00e7\u00e3o no Tejo com espuma flutuante em Nisa"}]},{"@type":"WebSite","@id":"https:\/\/portaltela.pt\/#website","url":"https:\/\/portaltela.pt\/","name":"Portal Tela Portugal","description":"","potentialAction":[{"@type":"SearchAction","target":{"@type":"EntryPoint","urlTemplate":"https:\/\/portaltela.pt\/?s={search_term_string}"},"query-input":{"@type":"PropertyValueSpecification","valueRequired":true,"valueName":"search_term_string"}}],"inLanguage":"pt-PT"},{"@type":"Person","@id":"https:\/\/portaltela.pt\/#\/schema\/person\/c4278d4a6028830caff9ee44b42d32ed","name":"Telinha","image":{"@type":"ImageObject","inLanguage":"pt-PT","@id":"https:\/\/portaltela.pt\/s.01k8rhncp4jt1\/2025\/11\/talking-bot-125x125.png","url":"https:\/\/portaltela.pt\/s.01k8rhncp4jt1\/2025\/11\/talking-bot-125x125.png","contentUrl":"https:\/\/portaltela.pt\/s.01k8rhncp4jt1\/2025\/11\/talking-bot-125x125.png","caption":"Telinha"},"sameAs":["https:\/\/portaltela.pt\/"],"url":"https:\/\/portaltela.pt\/por\/367410592786\/"}]}},"_links":{"self":[{"href":"https:\/\/portaltela.pt\/api\/wp\/v2\/posts\/164240","targetHints":{"allow":["GET"]}}],"collection":[{"href":"https:\/\/portaltela.pt\/api\/wp\/v2\/posts"}],"about":[{"href":"https:\/\/portaltela.pt\/api\/wp\/v2\/types\/post"}],"author":[{"embeddable":true,"href":"https:\/\/portaltela.pt\/api\/wp\/v2\/users\/2"}],"replies":[{"embeddable":true,"href":"https:\/\/portaltela.pt\/api\/wp\/v2\/comments?post=164240"}],"version-history":[{"count":0,"href":"https:\/\/portaltela.pt\/api\/wp\/v2\/posts\/164240\/revisions"}],"wp:featuredmedia":[{"embeddable":true,"href":"https:\/\/portaltela.pt\/api\/wp\/v2\/media\/164246"}],"wp:attachment":[{"href":"https:\/\/portaltela.pt\/api\/wp\/v2\/media?parent=164240"}],"wp:term":[{"taxonomy":"category","embeddable":true,"href":"https:\/\/portaltela.pt\/api\/wp\/v2\/categories?post=164240"},{"taxonomy":"post_tag","embeddable":true,"href":"https:\/\/portaltela.pt\/api\/wp\/v2\/tags?post=164240"}],"curies":[{"name":"wp","href":"https:\/\/api.w.org\/{rel}","templated":true}]}}