{"id":164211,"date":"2026-01-22T14:21:00","date_gmt":"2026-01-22T17:21:00","guid":{"rendered":"https:\/\/portaltela.pt\/noticias\/2026\/01\/22\/governo-garante-corrigir-constrangimentos-do-novo-sistema-aduaneiro\/"},"modified":"2026-01-22T14:21:00","modified_gmt":"2026-01-22T17:21:00","slug":"governo-garante-corrigir-constrangimentos-do-novo-sistema-aduaneiro","status":"publish","type":"post","link":"https:\/\/portaltela.pt\/noticias\/2026\/01\/22\/governo-garante-corrigir-constrangimentos-do-novo-sistema-aduaneiro\/","title":{"rendered":"Governo garante corrigir constrangimentos do novo sistema aduaneiro"},"content":{"rendered":"<p>O Governo admitiu nesta quinta-feira que o novo Sistema Integrado dos Meios de Transporte e das Mercadorias (SiMTeM) gerou constrangimentos, nomeadamente no porto de Leix\u00f5es. Garantiu j\u00e1 ter tomado medidas para normalizar a atividade e manter o acompanhamento ao longo do processo. A Administra\u00e7\u00e3o refor\u00e7ou que o fluxo de mercadorias nunca ficou comprometido.<\/p>\n<p>A Associa\u00e7\u00e3o dos Transit\u00e1rios de Portugal (APAT) denunciou, recentemente, um caos log\u00edstico provocado pelo SiMTeM. A Agefe pediu a suspens\u00e3o urgente do sistema, alegando preju\u00edzos de v\u00e1rios milh\u00f5es de euros e solicitando um per\u00edodo transit\u00f3rio para permitir a normaliza\u00e7\u00e3o das opera\u00e7\u00f5es portu\u00e1rias.<\/p>\n<p>O Governo explicou que a entrada em funcionamento do SiMTeM foi faseada, com in\u00edcio nos portos de Aveiro, Figueira da Foz e Viana do Castelo em 21 de outubro, prosseguindo com aeroportos a 21 de novembro e restantes portos a 5 de dezembro. O objetivo foi permitir testes e adapta\u00e7\u00e3o.<\/p>\n<h3>Medidas de resposta e forma\u00e7\u00e3o<\/h3>\n<p>Foi ativado, no porto de Leix\u00f5es, o plano de conting\u00eancia j\u00e1 divulgado. A APP e a AT promoveram uma sess\u00e3o nacional de forma\u00e7\u00e3o para mais de 600 participantes, centrada em d\u00favidas e erros declarativos frequentes.<\/p>\n<p>Um trabalho conjunto entre AT, administra\u00e7\u00f5es portu\u00e1rias e entidades concession\u00e1rias visa reduzir falhas nos actos declarativos, automatizar corre\u00e7\u00f5es e melhorar a interoperabilidade entre a Janela \u00danica Log\u00edstica e os sistemas da AT.<\/p>\n<p>O MF salienta que as medidas contribu\u00edram para a normaliza\u00e7\u00e3o das opera\u00e7\u00f5es, sobretudo em Leix\u00f5es, com redu\u00e7\u00e3o gradual de contentores em parque para n\u00edveis pr\u00f3ximos do habitual. O Governo continua a acompanhar a evolu\u00e7\u00e3o com vista \u00e0 estabiliza\u00e7\u00e3o plena.<\/p>\n","protected":false},"excerpt":{"rendered":"<ul>\n<li>O Governo reconhece constrangimentos causados pelo SiMTeM, especialmente no porto de Leix\u00f5es, e anunciou medidas para normalizar a situa\u00e7\u00e3o.<\/li>\n<li>O SiMTeM entrou em funcionamento de forma faseada: primeiro nos portos de Aveiro, Figueira da Foz e Viana do Castelo; nos aeroportos a 21 de novembro e nos restantes portos a 5 de dezembro.<\/li>\n<li>Foi ativado o plano de conting\u00eancia no porto de Leix\u00f5es e realizou-se uma forma\u00e7\u00e3o nacional para mais de 600 participantes, com foco em d\u00favidas e erros declarativos, para reduzir falhas no sistema.<\/li>\n<li>Associa\u00e7\u00f5es de transit\u00e1rios e da ind\u00fastria eletrodigital denunciaram caos log\u00edstico e preju\u00edzos, mas o Minist\u00e9rio das Finan\u00e7as garante que o fluxo de mercadorias n\u00e3o ficou comprometido.<\/li>\n<li>O Governo vai manter o acompanhamento estreito com todos os intervenientes para estabilizar plenamente as opera\u00e7\u00f5es portu\u00e1rias; o SiMTeM \u00e9 resultado de uma decis\u00e3o da Comiss\u00e3o Europeia para digitalizar a aduana at\u00e9 2025.<\/li>\n<\/ul>\n","protected":false},"author":2,"featured_media":164219,"comment_status":"closed","ping_status":"closed","sticky":false,"template":"","format":"standard","meta":{"footnotes":""},"categories":[1],"tags":[168,3302,1290,1890,192,1505],"class_list":["post-164211","post","type-post","status-publish","format-standard","has-post-thumbnail","hentry","category-noticias","tag-administracao-publica","tag-aeroportos","tag-formacao","tag-leixoes","tag-transporte","tag-transportes-rodoviarios"],"yoast_head":"<!-- This site is optimized with the Yoast SEO plugin v27.2 - https:\/\/yoast.com\/product\/yoast-seo-wordpress\/ -->\n<title>Governo garante corrigir constrangimentos do novo sistema aduaneiro - Portal Tela Portugal<\/title>\n<meta name=\"robots\" content=\"index, follow, max-snippet:-1, max-image-preview:large, max-video-preview:-1\" \/>\n<meta property=\"og:locale\" content=\"pt_PT\" \/>\n<meta property=\"og:type\" content=\"article\" \/>\n<meta property=\"og:title\" content=\"Governo garante corrigir constrangimentos do novo sistema aduaneiro - Portal Tela Portugal\" \/>\n<meta property=\"og:description\" content=\"O Governo reconhece constrangimentos causados pelo SiMTeM, especialmente no porto de Leix\u00f5es, e anunciou medidas para normalizar a situa\u00e7\u00e3o. O SiMTeM entrou em funcionamento de forma faseada: primeiro nos portos de Aveiro, Figueira da Foz e Viana do Castelo; nos aeroportos a 21 de novembro e nos restantes portos a 5 de dezembro. Foi ativado o plano de conting\u00eancia no porto de Leix\u00f5es e realizou-se uma forma\u00e7\u00e3o nacional para mais de 600 participantes, com foco em d\u00favidas e erros declarativos, para reduzir falhas no sistema. Associa\u00e7\u00f5es de transit\u00e1rios e da ind\u00fastria eletrodigital denunciaram caos log\u00edstico e preju\u00edzos, mas o Minist\u00e9rio das Finan\u00e7as garante que o fluxo de mercadorias n\u00e3o ficou comprometido. O Governo vai manter o acompanhamento estreito com todos os intervenientes para estabilizar plenamente as opera\u00e7\u00f5es portu\u00e1rias; o SiMTeM \u00e9 resultado de uma decis\u00e3o da Comiss\u00e3o Europeia para digitalizar a aduana at\u00e9 2025.\" \/>\n<meta property=\"og:url\" content=\"https:\/\/portaltela.pt\/noticias\/2026\/01\/22\/governo-garante-corrigir-constrangimentos-do-novo-sistema-aduaneiro\/\" \/>\n<meta property=\"og:site_name\" content=\"Portal Tela Portugal\" \/>\n<meta property=\"article:published_time\" content=\"2026-01-22T17:21:00+00:00\" \/>\n<meta name=\"author\" content=\"Telinha\" \/>\n<meta name=\"twitter:card\" content=\"summary_large_image\" \/>\n<meta name=\"twitter:label1\" content=\"Escrito por\" \/>\n\t<meta name=\"twitter:data1\" content=\"Telinha\" \/>\n\t<meta name=\"twitter:label2\" content=\"Tempo estimado de leitura\" \/>\n\t<meta name=\"twitter:data2\" content=\"1 minuto\" \/>\n<script type=\"application\/ld+json\" class=\"yoast-schema-graph\">{\"@context\":\"https:\/\/schema.org\",\"@graph\":[{\"@type\":\"Article\",\"@id\":\"https:\/\/portaltela.pt\/noticias\/2026\/01\/22\/governo-garante-corrigir-constrangimentos-do-novo-sistema-aduaneiro\/#article\",\"isPartOf\":{\"@id\":\"https:\/\/portaltela.pt\/noticias\/2026\/01\/22\/governo-garante-corrigir-constrangimentos-do-novo-sistema-aduaneiro\/\"},\"author\":{\"name\":\"Telinha\",\"@id\":\"https:\/\/portaltela.pt\/#\/schema\/person\/c4278d4a6028830caff9ee44b42d32ed\"},\"headline\":\"Governo garante corrigir constrangimentos do novo sistema aduaneiro\",\"datePublished\":\"2026-01-22T17:21:00+00:00\",\"mainEntityOfPage\":{\"@id\":\"https:\/\/portaltela.pt\/noticias\/2026\/01\/22\/governo-garante-corrigir-constrangimentos-do-novo-sistema-aduaneiro\/\"},\"wordCount\":296,\"image\":{\"@id\":\"https:\/\/portaltela.pt\/noticias\/2026\/01\/22\/governo-garante-corrigir-constrangimentos-do-novo-sistema-aduaneiro\/#primaryimage\"},\"thumbnailUrl\":\"https:\/\/portaltela.pt\/s.01k8rhncp4jt1\/2026\/01\/leixoes.jpg\",\"keywords\":[\"administra\u00e7\u00e3o p\u00fablica\",\"aeroportos\",\"forma\u00e7\u00e3o\",\"Leix\u00f5es\",\"transporte\",\"Transportes Rodovi\u00e1rios\"],\"articleSection\":[\"Not\u00edcias\"],\"inLanguage\":\"pt-PT\"},{\"@type\":\"WebPage\",\"@id\":\"https:\/\/portaltela.pt\/noticias\/2026\/01\/22\/governo-garante-corrigir-constrangimentos-do-novo-sistema-aduaneiro\/\",\"url\":\"https:\/\/portaltela.pt\/noticias\/2026\/01\/22\/governo-garante-corrigir-constrangimentos-do-novo-sistema-aduaneiro\/\",\"name\":\"Governo garante corrigir constrangimentos do novo sistema aduaneiro - Portal Tela Portugal\",\"isPartOf\":{\"@id\":\"https:\/\/portaltela.pt\/#website\"},\"primaryImageOfPage\":{\"@id\":\"https:\/\/portaltela.pt\/noticias\/2026\/01\/22\/governo-garante-corrigir-constrangimentos-do-novo-sistema-aduaneiro\/#primaryimage\"},\"image\":{\"@id\":\"https:\/\/portaltela.pt\/noticias\/2026\/01\/22\/governo-garante-corrigir-constrangimentos-do-novo-sistema-aduaneiro\/#primaryimage\"},\"thumbnailUrl\":\"https:\/\/portaltela.pt\/s.01k8rhncp4jt1\/2026\/01\/leixoes.jpg\",\"datePublished\":\"2026-01-22T17:21:00+00:00\",\"author\":{\"@id\":\"https:\/\/portaltela.pt\/#\/schema\/person\/c4278d4a6028830caff9ee44b42d32ed\"},\"breadcrumb\":{\"@id\":\"https:\/\/portaltela.pt\/noticias\/2026\/01\/22\/governo-garante-corrigir-constrangimentos-do-novo-sistema-aduaneiro\/#breadcrumb\"},\"inLanguage\":\"pt-PT\",\"potentialAction\":[{\"@type\":\"ReadAction\",\"target\":[\"https:\/\/portaltela.pt\/noticias\/2026\/01\/22\/governo-garante-corrigir-constrangimentos-do-novo-sistema-aduaneiro\/\"]}]},{\"@type\":\"ImageObject\",\"inLanguage\":\"pt-PT\",\"@id\":\"https:\/\/portaltela.pt\/noticias\/2026\/01\/22\/governo-garante-corrigir-constrangimentos-do-novo-sistema-aduaneiro\/#primaryimage\",\"url\":\"https:\/\/portaltela.pt\/s.01k8rhncp4jt1\/2026\/01\/leixoes.jpg\",\"contentUrl\":\"https:\/\/portaltela.pt\/s.01k8rhncp4jt1\/2026\/01\/leixoes.jpg\",\"width\":796,\"height\":448,\"caption\":\"Photo\"},{\"@type\":\"BreadcrumbList\",\"@id\":\"https:\/\/portaltela.pt\/noticias\/2026\/01\/22\/governo-garante-corrigir-constrangimentos-do-novo-sistema-aduaneiro\/#breadcrumb\",\"itemListElement\":[{\"@type\":\"ListItem\",\"position\":1,\"name\":\"In\u00edcio\",\"item\":\"https:\/\/portaltela.pt\/\"},{\"@type\":\"ListItem\",\"position\":2,\"name\":\"Governo garante corrigir constrangimentos do novo sistema aduaneiro\"}]},{\"@type\":\"WebSite\",\"@id\":\"https:\/\/portaltela.pt\/#website\",\"url\":\"https:\/\/portaltela.pt\/\",\"name\":\"Portal Tela Portugal\",\"description\":\"\",\"potentialAction\":[{\"@type\":\"SearchAction\",\"target\":{\"@type\":\"EntryPoint\",\"urlTemplate\":\"https:\/\/portaltela.pt\/?s={search_term_string}\"},\"query-input\":{\"@type\":\"PropertyValueSpecification\",\"valueRequired\":true,\"valueName\":\"search_term_string\"}}],\"inLanguage\":\"pt-PT\"},{\"@type\":\"Person\",\"@id\":\"https:\/\/portaltela.pt\/#\/schema\/person\/c4278d4a6028830caff9ee44b42d32ed\",\"name\":\"Telinha\",\"image\":{\"@type\":\"ImageObject\",\"inLanguage\":\"pt-PT\",\"@id\":\"https:\/\/portaltela.pt\/s.01k8rhncp4jt1\/2025\/11\/talking-bot-125x125.png\",\"url\":\"https:\/\/portaltela.pt\/s.01k8rhncp4jt1\/2025\/11\/talking-bot-125x125.png\",\"contentUrl\":\"https:\/\/portaltela.pt\/s.01k8rhncp4jt1\/2025\/11\/talking-bot-125x125.png\",\"caption\":\"Telinha\"},\"sameAs\":[\"https:\/\/portaltela.pt\/\"],\"url\":\"https:\/\/portaltela.pt\/por\/367410592786\/\"}]}<\/script>\n<!-- \/ Yoast SEO plugin. -->","yoast_head_json":{"title":"Governo garante corrigir constrangimentos do novo sistema aduaneiro - Portal Tela Portugal","robots":{"index":"index","follow":"follow","max-snippet":"max-snippet:-1","max-image-preview":"max-image-preview:large","max-video-preview":"max-video-preview:-1"},"og_locale":"pt_PT","og_type":"article","og_title":"Governo garante corrigir constrangimentos do novo sistema aduaneiro - Portal Tela Portugal","og_description":"O Governo reconhece constrangimentos causados pelo SiMTeM, especialmente no porto de Leix\u00f5es, e anunciou medidas para normalizar a situa\u00e7\u00e3o. O SiMTeM entrou em funcionamento de forma faseada: primeiro nos portos de Aveiro, Figueira da Foz e Viana do Castelo; nos aeroportos a 21 de novembro e nos restantes portos a 5 de dezembro. Foi ativado o plano de conting\u00eancia no porto de Leix\u00f5es e realizou-se uma forma\u00e7\u00e3o nacional para mais de 600 participantes, com foco em d\u00favidas e erros declarativos, para reduzir falhas no sistema. Associa\u00e7\u00f5es de transit\u00e1rios e da ind\u00fastria eletrodigital denunciaram caos log\u00edstico e preju\u00edzos, mas o Minist\u00e9rio das Finan\u00e7as garante que o fluxo de mercadorias n\u00e3o ficou comprometido. O Governo vai manter o acompanhamento estreito com todos os intervenientes para estabilizar plenamente as opera\u00e7\u00f5es portu\u00e1rias; o SiMTeM \u00e9 resultado de uma decis\u00e3o da Comiss\u00e3o Europeia para digitalizar a aduana at\u00e9 2025.","og_url":"https:\/\/portaltela.pt\/noticias\/2026\/01\/22\/governo-garante-corrigir-constrangimentos-do-novo-sistema-aduaneiro\/","og_site_name":"Portal Tela Portugal","article_published_time":"2026-01-22T17:21:00+00:00","author":"Telinha","twitter_card":"summary_large_image","twitter_misc":{"Escrito por":"Telinha","Tempo estimado de leitura":"1 minuto"},"schema":{"@context":"https:\/\/schema.org","@graph":[{"@type":"Article","@id":"https:\/\/portaltela.pt\/noticias\/2026\/01\/22\/governo-garante-corrigir-constrangimentos-do-novo-sistema-aduaneiro\/#article","isPartOf":{"@id":"https:\/\/portaltela.pt\/noticias\/2026\/01\/22\/governo-garante-corrigir-constrangimentos-do-novo-sistema-aduaneiro\/"},"author":{"name":"Telinha","@id":"https:\/\/portaltela.pt\/#\/schema\/person\/c4278d4a6028830caff9ee44b42d32ed"},"headline":"Governo garante corrigir constrangimentos do novo sistema aduaneiro","datePublished":"2026-01-22T17:21:00+00:00","mainEntityOfPage":{"@id":"https:\/\/portaltela.pt\/noticias\/2026\/01\/22\/governo-garante-corrigir-constrangimentos-do-novo-sistema-aduaneiro\/"},"wordCount":296,"image":{"@id":"https:\/\/portaltela.pt\/noticias\/2026\/01\/22\/governo-garante-corrigir-constrangimentos-do-novo-sistema-aduaneiro\/#primaryimage"},"thumbnailUrl":"https:\/\/portaltela.pt\/s.01k8rhncp4jt1\/2026\/01\/leixoes.jpg","keywords":["administra\u00e7\u00e3o p\u00fablica","aeroportos","forma\u00e7\u00e3o","Leix\u00f5es","transporte","Transportes Rodovi\u00e1rios"],"articleSection":["Not\u00edcias"],"inLanguage":"pt-PT"},{"@type":"WebPage","@id":"https:\/\/portaltela.pt\/noticias\/2026\/01\/22\/governo-garante-corrigir-constrangimentos-do-novo-sistema-aduaneiro\/","url":"https:\/\/portaltela.pt\/noticias\/2026\/01\/22\/governo-garante-corrigir-constrangimentos-do-novo-sistema-aduaneiro\/","name":"Governo garante corrigir constrangimentos do novo sistema aduaneiro - Portal Tela Portugal","isPartOf":{"@id":"https:\/\/portaltela.pt\/#website"},"primaryImageOfPage":{"@id":"https:\/\/portaltela.pt\/noticias\/2026\/01\/22\/governo-garante-corrigir-constrangimentos-do-novo-sistema-aduaneiro\/#primaryimage"},"image":{"@id":"https:\/\/portaltela.pt\/noticias\/2026\/01\/22\/governo-garante-corrigir-constrangimentos-do-novo-sistema-aduaneiro\/#primaryimage"},"thumbnailUrl":"https:\/\/portaltela.pt\/s.01k8rhncp4jt1\/2026\/01\/leixoes.jpg","datePublished":"2026-01-22T17:21:00+00:00","author":{"@id":"https:\/\/portaltela.pt\/#\/schema\/person\/c4278d4a6028830caff9ee44b42d32ed"},"breadcrumb":{"@id":"https:\/\/portaltela.pt\/noticias\/2026\/01\/22\/governo-garante-corrigir-constrangimentos-do-novo-sistema-aduaneiro\/#breadcrumb"},"inLanguage":"pt-PT","potentialAction":[{"@type":"ReadAction","target":["https:\/\/portaltela.pt\/noticias\/2026\/01\/22\/governo-garante-corrigir-constrangimentos-do-novo-sistema-aduaneiro\/"]}]},{"@type":"ImageObject","inLanguage":"pt-PT","@id":"https:\/\/portaltela.pt\/noticias\/2026\/01\/22\/governo-garante-corrigir-constrangimentos-do-novo-sistema-aduaneiro\/#primaryimage","url":"https:\/\/portaltela.pt\/s.01k8rhncp4jt1\/2026\/01\/leixoes.jpg","contentUrl":"https:\/\/portaltela.pt\/s.01k8rhncp4jt1\/2026\/01\/leixoes.jpg","width":796,"height":448,"caption":"Photo"},{"@type":"BreadcrumbList","@id":"https:\/\/portaltela.pt\/noticias\/2026\/01\/22\/governo-garante-corrigir-constrangimentos-do-novo-sistema-aduaneiro\/#breadcrumb","itemListElement":[{"@type":"ListItem","position":1,"name":"In\u00edcio","item":"https:\/\/portaltela.pt\/"},{"@type":"ListItem","position":2,"name":"Governo garante corrigir constrangimentos do novo sistema aduaneiro"}]},{"@type":"WebSite","@id":"https:\/\/portaltela.pt\/#website","url":"https:\/\/portaltela.pt\/","name":"Portal Tela Portugal","description":"","potentialAction":[{"@type":"SearchAction","target":{"@type":"EntryPoint","urlTemplate":"https:\/\/portaltela.pt\/?s={search_term_string}"},"query-input":{"@type":"PropertyValueSpecification","valueRequired":true,"valueName":"search_term_string"}}],"inLanguage":"pt-PT"},{"@type":"Person","@id":"https:\/\/portaltela.pt\/#\/schema\/person\/c4278d4a6028830caff9ee44b42d32ed","name":"Telinha","image":{"@type":"ImageObject","inLanguage":"pt-PT","@id":"https:\/\/portaltela.pt\/s.01k8rhncp4jt1\/2025\/11\/talking-bot-125x125.png","url":"https:\/\/portaltela.pt\/s.01k8rhncp4jt1\/2025\/11\/talking-bot-125x125.png","contentUrl":"https:\/\/portaltela.pt\/s.01k8rhncp4jt1\/2025\/11\/talking-bot-125x125.png","caption":"Telinha"},"sameAs":["https:\/\/portaltela.pt\/"],"url":"https:\/\/portaltela.pt\/por\/367410592786\/"}]}},"_links":{"self":[{"href":"https:\/\/portaltela.pt\/api\/wp\/v2\/posts\/164211","targetHints":{"allow":["GET"]}}],"collection":[{"href":"https:\/\/portaltela.pt\/api\/wp\/v2\/posts"}],"about":[{"href":"https:\/\/portaltela.pt\/api\/wp\/v2\/types\/post"}],"author":[{"embeddable":true,"href":"https:\/\/portaltela.pt\/api\/wp\/v2\/users\/2"}],"replies":[{"embeddable":true,"href":"https:\/\/portaltela.pt\/api\/wp\/v2\/comments?post=164211"}],"version-history":[{"count":0,"href":"https:\/\/portaltela.pt\/api\/wp\/v2\/posts\/164211\/revisions"}],"wp:featuredmedia":[{"embeddable":true,"href":"https:\/\/portaltela.pt\/api\/wp\/v2\/media\/164219"}],"wp:attachment":[{"href":"https:\/\/portaltela.pt\/api\/wp\/v2\/media?parent=164211"}],"wp:term":[{"taxonomy":"category","embeddable":true,"href":"https:\/\/portaltela.pt\/api\/wp\/v2\/categories?post=164211"},{"taxonomy":"post_tag","embeddable":true,"href":"https:\/\/portaltela.pt\/api\/wp\/v2\/tags?post=164211"}],"curies":[{"name":"wp","href":"https:\/\/api.w.org\/{rel}","templated":true}]}}