{"id":164193,"date":"2026-01-22T14:23:46","date_gmt":"2026-01-22T17:23:46","guid":{"rendered":"https:\/\/portaltela.pt\/noticias\/2026\/01\/22\/arrumadinho-afirma-que-dudu-so-encerra-processo-ao-obter-o-que-e-seu-direito\/"},"modified":"2026-01-22T14:23:46","modified_gmt":"2026-01-22T17:23:46","slug":"arrumadinho-afirma-que-dudu-so-encerra-processo-ao-obter-o-que-e-seu-direito","status":"publish","type":"post","link":"https:\/\/portaltela.pt\/noticias\/2026\/01\/22\/arrumadinho-afirma-que-dudu-so-encerra-processo-ao-obter-o-que-e-seu-direito\/","title":{"rendered":"Arrumadinho afirma que Dudu s\u00f3 encerra processo ao obter o que \u00e9 seu direito"},"content":{"rendered":"<p>Arrumadinho afirma que o ex-direito de Dudu s\u00f3 pode cessar o processo quando este tiver acesso \u00e0quilo que lhe compete por direito. A declara\u00e7\u00e3o surge no \u00e2mbito da disputa judicial em curso, sem adiantar novos detalhes sobre vias processuais ou prazos.<\/p>\n<p>Segundo a CMTV, o coment\u00e1rio de uma fonte ligada ao canal aponta que os advogados de Dudu estariam a realizar um levantamento do patrim\u00f3nio de Marco Paulo, para sustentar o pedido de acesso aos bens. A not\u00edcia n\u00e3o especifica quais bens est\u00e3o em foco nem o estado atual do processo.<\/p>\n<h3>Contexto adicional<\/h3>\n<p>A reportagem n\u00e3o confirma data ou local espec\u00edfico do alegado levantamento, nem refer\u00eancias a eventuais decis\u00f5es judiciais recentes. N\u00e3o foram inclu\u00eddos argumentos adicionais de partes envolvidas nem informa\u00e7\u00f5es sobre medidas cautelares.<\/p>\n<h3>Implica\u00e7\u00f5es legais<\/h3>\n<p>O relato indica que a quest\u00e3o gira em torno de direitos patrimoniais e de acesso a bens, sem destacar fundamentos legais ou prazos processuais. A cobertura permanece neutral, sem posicionamento ou opini\u00e3o sobre o m\u00e9rito da disputa.<\/p>\n","protected":false},"excerpt":{"rendered":"<ul>\n<li>Arrumadinho afirma que Dudu s\u00f3 deve parar com o processo quando tiver acesso ao que \u00e9 seu por direito.<\/li>\n<li>Um comentador da CMTV afirmou que os advogados de Dudu est\u00e3o a fazer um levantamento do patrim\u00f3nio de Marco Paulo.<\/li>\n<li>A fala de Arrumadinho centra-se no acesso a bens considerados por Dudu como leg\u00edtimos.<\/li>\n<li>N\u00e3o foram apresentados outros detalhes ou desdobramentos oficiais no conte\u00fado fornecido.<\/li>\n<\/ul>\n","protected":false},"author":2,"featured_media":164194,"comment_status":"closed","ping_status":"closed","sticky":false,"template":"","format":"standard","meta":{"footnotes":""},"categories":[1],"tags":[168,1428,215,814,3667,52],"class_list":["post-164193","post","type-post","status-publish","format-standard","has-post-thumbnail","hentry","category-noticias","tag-administracao-publica","tag-direitos-publicos","tag-investigacao","tag-patrimonio","tag-processos","tag-tribunal"],"yoast_head":"<!-- This site is optimized with the Yoast SEO plugin v27.2 - https:\/\/yoast.com\/product\/yoast-seo-wordpress\/ -->\n<title>Arrumadinho afirma que Dudu s\u00f3 encerra processo ao obter o que \u00e9 seu direito - Portal Tela Portugal<\/title>\n<meta name=\"robots\" content=\"index, follow, max-snippet:-1, max-image-preview:large, max-video-preview:-1\" \/>\n<meta property=\"og:locale\" content=\"pt_PT\" \/>\n<meta property=\"og:type\" content=\"article\" \/>\n<meta property=\"og:title\" content=\"Arrumadinho afirma que Dudu s\u00f3 encerra processo ao obter o que \u00e9 seu direito - Portal Tela Portugal\" \/>\n<meta property=\"og:description\" content=\"Arrumadinho afirma que Dudu s\u00f3 deve parar com o processo quando tiver acesso ao que \u00e9 seu por direito. Um comentador da CMTV afirmou que os advogados de Dudu est\u00e3o a fazer um levantamento do patrim\u00f3nio de Marco Paulo. A fala de Arrumadinho centra-se no acesso a bens considerados por Dudu como leg\u00edtimos. N\u00e3o foram apresentados outros detalhes ou desdobramentos oficiais no conte\u00fado fornecido.\" \/>\n<meta property=\"og:url\" content=\"https:\/\/portaltela.pt\/noticias\/2026\/01\/22\/arrumadinho-afirma-que-dudu-so-encerra-processo-ao-obter-o-que-e-seu-direito\/\" \/>\n<meta property=\"og:site_name\" content=\"Portal Tela Portugal\" \/>\n<meta property=\"article:published_time\" content=\"2026-01-22T17:23:46+00:00\" \/>\n<meta name=\"author\" content=\"Telinha\" \/>\n<meta name=\"twitter:card\" content=\"summary_large_image\" \/>\n<meta name=\"twitter:label1\" content=\"Escrito por\" \/>\n\t<meta name=\"twitter:data1\" content=\"Telinha\" \/>\n\t<meta name=\"twitter:label2\" content=\"Tempo estimado de leitura\" \/>\n\t<meta name=\"twitter:data2\" content=\"1 minuto\" \/>\n<script type=\"application\/ld+json\" class=\"yoast-schema-graph\">{\"@context\":\"https:\/\/schema.org\",\"@graph\":[{\"@type\":\"Article\",\"@id\":\"https:\/\/portaltela.pt\/noticias\/2026\/01\/22\/arrumadinho-afirma-que-dudu-so-encerra-processo-ao-obter-o-que-e-seu-direito\/#article\",\"isPartOf\":{\"@id\":\"https:\/\/portaltela.pt\/noticias\/2026\/01\/22\/arrumadinho-afirma-que-dudu-so-encerra-processo-ao-obter-o-que-e-seu-direito\/\"},\"author\":{\"name\":\"Telinha\",\"@id\":\"https:\/\/portaltela.pt\/#\/schema\/person\/c4278d4a6028830caff9ee44b42d32ed\"},\"headline\":\"Arrumadinho afirma que Dudu s\u00f3 encerra processo ao obter o que \u00e9 seu direito\",\"datePublished\":\"2026-01-22T17:23:46+00:00\",\"mainEntityOfPage\":{\"@id\":\"https:\/\/portaltela.pt\/noticias\/2026\/01\/22\/arrumadinho-afirma-que-dudu-so-encerra-processo-ao-obter-o-que-e-seu-direito\/\"},\"wordCount\":193,\"image\":{\"@id\":\"https:\/\/portaltela.pt\/noticias\/2026\/01\/22\/arrumadinho-afirma-que-dudu-so-encerra-processo-ao-obter-o-que-e-seu-direito\/#primaryimage\"},\"thumbnailUrl\":\"https:\/\/portaltela.pt\/s.01k8rhncp4jt1\/2026\/01\/img_1280x722uu2026-01-22-15-38-49-2261922.jpg\",\"keywords\":[\"administra\u00e7\u00e3o p\u00fablica\",\"direitos p\u00fablicos\",\"investiga\u00e7\u00e3o\",\"patrim\u00f3nio\",\"processos\",\"tribunal\"],\"articleSection\":[\"Not\u00edcias\"],\"inLanguage\":\"pt-PT\"},{\"@type\":\"WebPage\",\"@id\":\"https:\/\/portaltela.pt\/noticias\/2026\/01\/22\/arrumadinho-afirma-que-dudu-so-encerra-processo-ao-obter-o-que-e-seu-direito\/\",\"url\":\"https:\/\/portaltela.pt\/noticias\/2026\/01\/22\/arrumadinho-afirma-que-dudu-so-encerra-processo-ao-obter-o-que-e-seu-direito\/\",\"name\":\"Arrumadinho afirma que Dudu s\u00f3 encerra processo ao obter o que \u00e9 seu direito - Portal Tela Portugal\",\"isPartOf\":{\"@id\":\"https:\/\/portaltela.pt\/#website\"},\"primaryImageOfPage\":{\"@id\":\"https:\/\/portaltela.pt\/noticias\/2026\/01\/22\/arrumadinho-afirma-que-dudu-so-encerra-processo-ao-obter-o-que-e-seu-direito\/#primaryimage\"},\"image\":{\"@id\":\"https:\/\/portaltela.pt\/noticias\/2026\/01\/22\/arrumadinho-afirma-que-dudu-so-encerra-processo-ao-obter-o-que-e-seu-direito\/#primaryimage\"},\"thumbnailUrl\":\"https:\/\/portaltela.pt\/s.01k8rhncp4jt1\/2026\/01\/img_1280x722uu2026-01-22-15-38-49-2261922.jpg\",\"datePublished\":\"2026-01-22T17:23:46+00:00\",\"author\":{\"@id\":\"https:\/\/portaltela.pt\/#\/schema\/person\/c4278d4a6028830caff9ee44b42d32ed\"},\"breadcrumb\":{\"@id\":\"https:\/\/portaltela.pt\/noticias\/2026\/01\/22\/arrumadinho-afirma-que-dudu-so-encerra-processo-ao-obter-o-que-e-seu-direito\/#breadcrumb\"},\"inLanguage\":\"pt-PT\",\"potentialAction\":[{\"@type\":\"ReadAction\",\"target\":[\"https:\/\/portaltela.pt\/noticias\/2026\/01\/22\/arrumadinho-afirma-que-dudu-so-encerra-processo-ao-obter-o-que-e-seu-direito\/\"]}]},{\"@type\":\"ImageObject\",\"inLanguage\":\"pt-PT\",\"@id\":\"https:\/\/portaltela.pt\/noticias\/2026\/01\/22\/arrumadinho-afirma-que-dudu-so-encerra-processo-ao-obter-o-que-e-seu-direito\/#primaryimage\",\"url\":\"https:\/\/portaltela.pt\/s.01k8rhncp4jt1\/2026\/01\/img_1280x722uu2026-01-22-15-38-49-2261922.jpg\",\"contentUrl\":\"https:\/\/portaltela.pt\/s.01k8rhncp4jt1\/2026\/01\/img_1280x722uu2026-01-22-15-38-49-2261922.jpg\",\"width\":796,\"height\":448,\"caption\":\"Photo\"},{\"@type\":\"BreadcrumbList\",\"@id\":\"https:\/\/portaltela.pt\/noticias\/2026\/01\/22\/arrumadinho-afirma-que-dudu-so-encerra-processo-ao-obter-o-que-e-seu-direito\/#breadcrumb\",\"itemListElement\":[{\"@type\":\"ListItem\",\"position\":1,\"name\":\"In\u00edcio\",\"item\":\"https:\/\/portaltela.pt\/\"},{\"@type\":\"ListItem\",\"position\":2,\"name\":\"Arrumadinho afirma que Dudu s\u00f3 encerra processo ao obter o que \u00e9 seu direito\"}]},{\"@type\":\"WebSite\",\"@id\":\"https:\/\/portaltela.pt\/#website\",\"url\":\"https:\/\/portaltela.pt\/\",\"name\":\"Portal Tela Portugal\",\"description\":\"\",\"potentialAction\":[{\"@type\":\"SearchAction\",\"target\":{\"@type\":\"EntryPoint\",\"urlTemplate\":\"https:\/\/portaltela.pt\/?s={search_term_string}\"},\"query-input\":{\"@type\":\"PropertyValueSpecification\",\"valueRequired\":true,\"valueName\":\"search_term_string\"}}],\"inLanguage\":\"pt-PT\"},{\"@type\":\"Person\",\"@id\":\"https:\/\/portaltela.pt\/#\/schema\/person\/c4278d4a6028830caff9ee44b42d32ed\",\"name\":\"Telinha\",\"image\":{\"@type\":\"ImageObject\",\"inLanguage\":\"pt-PT\",\"@id\":\"https:\/\/portaltela.pt\/s.01k8rhncp4jt1\/2025\/11\/talking-bot-125x125.png\",\"url\":\"https:\/\/portaltela.pt\/s.01k8rhncp4jt1\/2025\/11\/talking-bot-125x125.png\",\"contentUrl\":\"https:\/\/portaltela.pt\/s.01k8rhncp4jt1\/2025\/11\/talking-bot-125x125.png\",\"caption\":\"Telinha\"},\"sameAs\":[\"https:\/\/portaltela.pt\/\"],\"url\":\"https:\/\/portaltela.pt\/por\/367410592786\/\"}]}<\/script>\n<!-- \/ Yoast SEO plugin. -->","yoast_head_json":{"title":"Arrumadinho afirma que Dudu s\u00f3 encerra processo ao obter o que \u00e9 seu direito - Portal Tela Portugal","robots":{"index":"index","follow":"follow","max-snippet":"max-snippet:-1","max-image-preview":"max-image-preview:large","max-video-preview":"max-video-preview:-1"},"og_locale":"pt_PT","og_type":"article","og_title":"Arrumadinho afirma que Dudu s\u00f3 encerra processo ao obter o que \u00e9 seu direito - Portal Tela Portugal","og_description":"Arrumadinho afirma que Dudu s\u00f3 deve parar com o processo quando tiver acesso ao que \u00e9 seu por direito. Um comentador da CMTV afirmou que os advogados de Dudu est\u00e3o a fazer um levantamento do patrim\u00f3nio de Marco Paulo. A fala de Arrumadinho centra-se no acesso a bens considerados por Dudu como leg\u00edtimos. N\u00e3o foram apresentados outros detalhes ou desdobramentos oficiais no conte\u00fado fornecido.","og_url":"https:\/\/portaltela.pt\/noticias\/2026\/01\/22\/arrumadinho-afirma-que-dudu-so-encerra-processo-ao-obter-o-que-e-seu-direito\/","og_site_name":"Portal Tela Portugal","article_published_time":"2026-01-22T17:23:46+00:00","author":"Telinha","twitter_card":"summary_large_image","twitter_misc":{"Escrito por":"Telinha","Tempo estimado de leitura":"1 minuto"},"schema":{"@context":"https:\/\/schema.org","@graph":[{"@type":"Article","@id":"https:\/\/portaltela.pt\/noticias\/2026\/01\/22\/arrumadinho-afirma-que-dudu-so-encerra-processo-ao-obter-o-que-e-seu-direito\/#article","isPartOf":{"@id":"https:\/\/portaltela.pt\/noticias\/2026\/01\/22\/arrumadinho-afirma-que-dudu-so-encerra-processo-ao-obter-o-que-e-seu-direito\/"},"author":{"name":"Telinha","@id":"https:\/\/portaltela.pt\/#\/schema\/person\/c4278d4a6028830caff9ee44b42d32ed"},"headline":"Arrumadinho afirma que Dudu s\u00f3 encerra processo ao obter o que \u00e9 seu direito","datePublished":"2026-01-22T17:23:46+00:00","mainEntityOfPage":{"@id":"https:\/\/portaltela.pt\/noticias\/2026\/01\/22\/arrumadinho-afirma-que-dudu-so-encerra-processo-ao-obter-o-que-e-seu-direito\/"},"wordCount":193,"image":{"@id":"https:\/\/portaltela.pt\/noticias\/2026\/01\/22\/arrumadinho-afirma-que-dudu-so-encerra-processo-ao-obter-o-que-e-seu-direito\/#primaryimage"},"thumbnailUrl":"https:\/\/portaltela.pt\/s.01k8rhncp4jt1\/2026\/01\/img_1280x722uu2026-01-22-15-38-49-2261922.jpg","keywords":["administra\u00e7\u00e3o p\u00fablica","direitos p\u00fablicos","investiga\u00e7\u00e3o","patrim\u00f3nio","processos","tribunal"],"articleSection":["Not\u00edcias"],"inLanguage":"pt-PT"},{"@type":"WebPage","@id":"https:\/\/portaltela.pt\/noticias\/2026\/01\/22\/arrumadinho-afirma-que-dudu-so-encerra-processo-ao-obter-o-que-e-seu-direito\/","url":"https:\/\/portaltela.pt\/noticias\/2026\/01\/22\/arrumadinho-afirma-que-dudu-so-encerra-processo-ao-obter-o-que-e-seu-direito\/","name":"Arrumadinho afirma que Dudu s\u00f3 encerra processo ao obter o que \u00e9 seu direito - Portal Tela Portugal","isPartOf":{"@id":"https:\/\/portaltela.pt\/#website"},"primaryImageOfPage":{"@id":"https:\/\/portaltela.pt\/noticias\/2026\/01\/22\/arrumadinho-afirma-que-dudu-so-encerra-processo-ao-obter-o-que-e-seu-direito\/#primaryimage"},"image":{"@id":"https:\/\/portaltela.pt\/noticias\/2026\/01\/22\/arrumadinho-afirma-que-dudu-so-encerra-processo-ao-obter-o-que-e-seu-direito\/#primaryimage"},"thumbnailUrl":"https:\/\/portaltela.pt\/s.01k8rhncp4jt1\/2026\/01\/img_1280x722uu2026-01-22-15-38-49-2261922.jpg","datePublished":"2026-01-22T17:23:46+00:00","author":{"@id":"https:\/\/portaltela.pt\/#\/schema\/person\/c4278d4a6028830caff9ee44b42d32ed"},"breadcrumb":{"@id":"https:\/\/portaltela.pt\/noticias\/2026\/01\/22\/arrumadinho-afirma-que-dudu-so-encerra-processo-ao-obter-o-que-e-seu-direito\/#breadcrumb"},"inLanguage":"pt-PT","potentialAction":[{"@type":"ReadAction","target":["https:\/\/portaltela.pt\/noticias\/2026\/01\/22\/arrumadinho-afirma-que-dudu-so-encerra-processo-ao-obter-o-que-e-seu-direito\/"]}]},{"@type":"ImageObject","inLanguage":"pt-PT","@id":"https:\/\/portaltela.pt\/noticias\/2026\/01\/22\/arrumadinho-afirma-que-dudu-so-encerra-processo-ao-obter-o-que-e-seu-direito\/#primaryimage","url":"https:\/\/portaltela.pt\/s.01k8rhncp4jt1\/2026\/01\/img_1280x722uu2026-01-22-15-38-49-2261922.jpg","contentUrl":"https:\/\/portaltela.pt\/s.01k8rhncp4jt1\/2026\/01\/img_1280x722uu2026-01-22-15-38-49-2261922.jpg","width":796,"height":448,"caption":"Photo"},{"@type":"BreadcrumbList","@id":"https:\/\/portaltela.pt\/noticias\/2026\/01\/22\/arrumadinho-afirma-que-dudu-so-encerra-processo-ao-obter-o-que-e-seu-direito\/#breadcrumb","itemListElement":[{"@type":"ListItem","position":1,"name":"In\u00edcio","item":"https:\/\/portaltela.pt\/"},{"@type":"ListItem","position":2,"name":"Arrumadinho afirma que Dudu s\u00f3 encerra processo ao obter o que \u00e9 seu direito"}]},{"@type":"WebSite","@id":"https:\/\/portaltela.pt\/#website","url":"https:\/\/portaltela.pt\/","name":"Portal Tela Portugal","description":"","potentialAction":[{"@type":"SearchAction","target":{"@type":"EntryPoint","urlTemplate":"https:\/\/portaltela.pt\/?s={search_term_string}"},"query-input":{"@type":"PropertyValueSpecification","valueRequired":true,"valueName":"search_term_string"}}],"inLanguage":"pt-PT"},{"@type":"Person","@id":"https:\/\/portaltela.pt\/#\/schema\/person\/c4278d4a6028830caff9ee44b42d32ed","name":"Telinha","image":{"@type":"ImageObject","inLanguage":"pt-PT","@id":"https:\/\/portaltela.pt\/s.01k8rhncp4jt1\/2025\/11\/talking-bot-125x125.png","url":"https:\/\/portaltela.pt\/s.01k8rhncp4jt1\/2025\/11\/talking-bot-125x125.png","contentUrl":"https:\/\/portaltela.pt\/s.01k8rhncp4jt1\/2025\/11\/talking-bot-125x125.png","caption":"Telinha"},"sameAs":["https:\/\/portaltela.pt\/"],"url":"https:\/\/portaltela.pt\/por\/367410592786\/"}]}},"_links":{"self":[{"href":"https:\/\/portaltela.pt\/api\/wp\/v2\/posts\/164193","targetHints":{"allow":["GET"]}}],"collection":[{"href":"https:\/\/portaltela.pt\/api\/wp\/v2\/posts"}],"about":[{"href":"https:\/\/portaltela.pt\/api\/wp\/v2\/types\/post"}],"author":[{"embeddable":true,"href":"https:\/\/portaltela.pt\/api\/wp\/v2\/users\/2"}],"replies":[{"embeddable":true,"href":"https:\/\/portaltela.pt\/api\/wp\/v2\/comments?post=164193"}],"version-history":[{"count":0,"href":"https:\/\/portaltela.pt\/api\/wp\/v2\/posts\/164193\/revisions"}],"wp:featuredmedia":[{"embeddable":true,"href":"https:\/\/portaltela.pt\/api\/wp\/v2\/media\/164194"}],"wp:attachment":[{"href":"https:\/\/portaltela.pt\/api\/wp\/v2\/media?parent=164193"}],"wp:term":[{"taxonomy":"category","embeddable":true,"href":"https:\/\/portaltela.pt\/api\/wp\/v2\/categories?post=164193"},{"taxonomy":"post_tag","embeddable":true,"href":"https:\/\/portaltela.pt\/api\/wp\/v2\/tags?post=164193"}],"curies":[{"name":"wp","href":"https:\/\/api.w.org\/{rel}","templated":true}]}}