{"id":164161,"date":"2026-01-22T13:56:00","date_gmt":"2026-01-22T16:56:00","guid":{"rendered":"https:\/\/portaltela.pt\/noticias\/2026\/01\/22\/raptaram-para-cobrar-divida-de-1500-euros-em-sintra-2\/"},"modified":"2026-01-22T13:56:00","modified_gmt":"2026-01-22T16:56:00","slug":"raptaram-para-cobrar-divida-de-1500-euros-em-sintra-2","status":"publish","type":"post","link":"https:\/\/portaltela.pt\/noticias\/2026\/01\/22\/raptaram-para-cobrar-divida-de-1500-euros-em-sintra-2\/","title":{"rendered":"Raptaram para cobrar d\u00edvida de 1500 euros em Sintra"},"content":{"rendered":"<p>Um jovem de 20 anos foi raptado, agredido e amea\u00e7ado por dois indiv\u00edduos, como forma de cobran\u00e7a de uma d\u00edvida de 1500 euros. A v\u00edtima foi mantida parada num descampado ap\u00f3s o rapto, em Sintra, segundo a Pol\u00edcia Judici\u00e1ria (PJ).<\/p>\n<p>Os suspeitos, de 20 e 26 anos, encontram-se indiciados pela pr\u00e1tica de rapto, extors\u00e3o, ofensas graves, amea\u00e7as, coa\u00e7\u00e3o, tr\u00e1fico de estupefacientes e deten\u00e7\u00e3o de arma proibida. A investiga\u00e7\u00e3o insere-se no contexto da criminalidade violenta.<\/p>\n<p>A deten\u00e7\u00e3o ocorreu na manh\u00e3 desta quinta-feira na zona de Sintra, por elementos da Unidade Nacional de Combate ao Terrorismo da Pol\u00edcia Judici\u00e1ria. Foram efetuados mandados de busca domicili\u00e1ria e n\u00e3o domicili\u00e1ria e apreendidos v\u00e1rios objetos.<\/p>\n<p>Na a\u00e7\u00e3o, a PJ recolheu prova relevante que sustenta a priva\u00e7\u00e3o de liberdade da v\u00edtima e a agress\u00e3o para obligar ao pagamento da d\u00edvida. Entre os itens apreendidos contam-se uma arma de fogo, muni\u00e7\u00f5es, uma viatura, droga, balan\u00e7as de precis\u00e3o, dinheiro e telem\u00f3veis.<\/p>\n<h3>Deten\u00e7\u00e3o e evid\u00eancias<\/h3>\n<p>Os dois homens v\u00e3o ser apresentados a tribunal para primeiro interrogat\u00f3rio judicial e aplica\u00e7\u00e3o de medidas de coa\u00e7\u00e3o, informou a PJ. A investiga\u00e7\u00e3o continua a decorrer para esclarecer todo o alcance do caso.<\/p>\n","protected":false},"excerpt":{"rendered":"<ul>\n<li>Dois homens, de 20 e 26 anos, foram detidos pela Unidade Nacional de Contraterrorismo da Pol\u00edcia Judici\u00e1ria na zona de Sintra, suspeitos de rapto e extors\u00e3o relacionados com uma d\u00edvida de 1500 euros.<\/li>\n<li>A v\u00edtima, um homem de 20 anos, foi privado de liberdade e transportado para um descampado, onde sofreu agress\u00f5es f\u00edsicas e amea\u00e7as com o objetivo de cobrar o valor.<\/li>\n<li>Os detidos est\u00e3o ainda indiciados por ofensas \u00e0 integridade f\u00edsica grave, coa\u00e7\u00e3o, tr\u00e1fico de estupefacientes e deten\u00e7\u00e3o de arma proibida.<\/li>\n<li>A opera\u00e7\u00e3o incluiu v\u00e1rias buscas domicili\u00e1rias e n\u00e3o domicili\u00e1rias, com apreens\u00e3o de arma de fogo, muni\u00e7\u00f5es, viatura, produto estupefaciente, balan\u00e7as de precis\u00e3o, dinheiro e equipamentos telef\u00f3nicos.<\/li>\n<li>Os arguidos v\u00e3o ser apresentados a tribunal para primeiro interrogat\u00f3rio judicial e aplica\u00e7\u00e3o de medidas de coa\u00e7\u00e3o.<\/li>\n<\/ul>\n","protected":false},"author":2,"featured_media":164171,"comment_status":"closed","ping_status":"closed","sticky":false,"template":"","format":"standard","meta":{"footnotes":""},"categories":[1],"tags":[124,3132,1170,1110,1442,939],"class_list":["post-164161","post","type-post","status-publish","format-standard","has-post-thumbnail","hentry","category-noticias","tag-arma-de-fogo","tag-extorsao-agravada","tag-sequestro","tag-sintra","tag-trafico-de-estupefacientes","tag-violencia"],"yoast_head":"<!-- This site is optimized with the Yoast SEO plugin v27.2 - https:\/\/yoast.com\/product\/yoast-seo-wordpress\/ -->\n<title>Raptaram para cobrar d\u00edvida de 1500 euros em Sintra - Portal Tela Portugal<\/title>\n<meta name=\"robots\" content=\"index, follow, max-snippet:-1, max-image-preview:large, max-video-preview:-1\" \/>\n<meta property=\"og:locale\" content=\"pt_PT\" \/>\n<meta property=\"og:type\" content=\"article\" \/>\n<meta property=\"og:title\" content=\"Raptaram para cobrar d\u00edvida de 1500 euros em Sintra - Portal Tela Portugal\" \/>\n<meta property=\"og:description\" content=\"Dois homens, de 20 e 26 anos, foram detidos pela Unidade Nacional de Contraterrorismo da Pol\u00edcia Judici\u00e1ria na zona de Sintra, suspeitos de rapto e extors\u00e3o relacionados com uma d\u00edvida de 1500 euros. A v\u00edtima, um homem de 20 anos, foi privado de liberdade e transportado para um descampado, onde sofreu agress\u00f5es f\u00edsicas e amea\u00e7as com o objetivo de cobrar o valor. Os detidos est\u00e3o ainda indiciados por ofensas \u00e0 integridade f\u00edsica grave, coa\u00e7\u00e3o, tr\u00e1fico de estupefacientes e deten\u00e7\u00e3o de arma proibida. A opera\u00e7\u00e3o incluiu v\u00e1rias buscas domicili\u00e1rias e n\u00e3o domicili\u00e1rias, com apreens\u00e3o de arma de fogo, muni\u00e7\u00f5es, viatura, produto estupefaciente, balan\u00e7as de precis\u00e3o, dinheiro e equipamentos telef\u00f3nicos. Os arguidos v\u00e3o ser apresentados a tribunal para primeiro interrogat\u00f3rio judicial e aplica\u00e7\u00e3o de medidas de coa\u00e7\u00e3o.\" \/>\n<meta property=\"og:url\" content=\"https:\/\/portaltela.pt\/noticias\/2026\/01\/22\/raptaram-para-cobrar-divida-de-1500-euros-em-sintra-2\/\" \/>\n<meta property=\"og:site_name\" content=\"Portal Tela Portugal\" \/>\n<meta property=\"article:published_time\" content=\"2026-01-22T16:56:00+00:00\" \/>\n<meta name=\"author\" content=\"Telinha\" \/>\n<meta name=\"twitter:card\" content=\"summary_large_image\" \/>\n<meta name=\"twitter:label1\" content=\"Escrito por\" \/>\n\t<meta name=\"twitter:data1\" content=\"Telinha\" \/>\n\t<meta name=\"twitter:label2\" content=\"Tempo estimado de leitura\" \/>\n\t<meta name=\"twitter:data2\" content=\"1 minuto\" \/>\n<script type=\"application\/ld+json\" class=\"yoast-schema-graph\">{\"@context\":\"https:\/\/schema.org\",\"@graph\":[{\"@type\":\"Article\",\"@id\":\"https:\/\/portaltela.pt\/noticias\/2026\/01\/22\/raptaram-para-cobrar-divida-de-1500-euros-em-sintra-2\/#article\",\"isPartOf\":{\"@id\":\"https:\/\/portaltela.pt\/noticias\/2026\/01\/22\/raptaram-para-cobrar-divida-de-1500-euros-em-sintra-2\/\"},\"author\":{\"name\":\"Telinha\",\"@id\":\"https:\/\/portaltela.pt\/#\/schema\/person\/c4278d4a6028830caff9ee44b42d32ed\"},\"headline\":\"Raptaram para cobrar d\u00edvida de 1500 euros em Sintra\",\"datePublished\":\"2026-01-22T16:56:00+00:00\",\"mainEntityOfPage\":{\"@id\":\"https:\/\/portaltela.pt\/noticias\/2026\/01\/22\/raptaram-para-cobrar-divida-de-1500-euros-em-sintra-2\/\"},\"wordCount\":232,\"image\":{\"@id\":\"https:\/\/portaltela.pt\/noticias\/2026\/01\/22\/raptaram-para-cobrar-divida-de-1500-euros-em-sintra-2\/#primaryimage\"},\"thumbnailUrl\":\"https:\/\/portaltela.pt\/s.01k8rhncp4jt1\/2026\/01\/img_1500x1000uu2025-10-26-23-37-11-2243857-2.jpg\",\"keywords\":[\"arma de fogo\",\"extors\u00e3o agravada\",\"sequestro\",\"Sintra\",\"tr\u00e1fico de estupefacientes\",\"viol\u00eancia\"],\"articleSection\":[\"Not\u00edcias\"],\"inLanguage\":\"pt-PT\"},{\"@type\":\"WebPage\",\"@id\":\"https:\/\/portaltela.pt\/noticias\/2026\/01\/22\/raptaram-para-cobrar-divida-de-1500-euros-em-sintra-2\/\",\"url\":\"https:\/\/portaltela.pt\/noticias\/2026\/01\/22\/raptaram-para-cobrar-divida-de-1500-euros-em-sintra-2\/\",\"name\":\"Raptaram para cobrar d\u00edvida de 1500 euros em Sintra - Portal Tela Portugal\",\"isPartOf\":{\"@id\":\"https:\/\/portaltela.pt\/#website\"},\"primaryImageOfPage\":{\"@id\":\"https:\/\/portaltela.pt\/noticias\/2026\/01\/22\/raptaram-para-cobrar-divida-de-1500-euros-em-sintra-2\/#primaryimage\"},\"image\":{\"@id\":\"https:\/\/portaltela.pt\/noticias\/2026\/01\/22\/raptaram-para-cobrar-divida-de-1500-euros-em-sintra-2\/#primaryimage\"},\"thumbnailUrl\":\"https:\/\/portaltela.pt\/s.01k8rhncp4jt1\/2026\/01\/img_1500x1000uu2025-10-26-23-37-11-2243857-2.jpg\",\"datePublished\":\"2026-01-22T16:56:00+00:00\",\"author\":{\"@id\":\"https:\/\/portaltela.pt\/#\/schema\/person\/c4278d4a6028830caff9ee44b42d32ed\"},\"breadcrumb\":{\"@id\":\"https:\/\/portaltela.pt\/noticias\/2026\/01\/22\/raptaram-para-cobrar-divida-de-1500-euros-em-sintra-2\/#breadcrumb\"},\"inLanguage\":\"pt-PT\",\"potentialAction\":[{\"@type\":\"ReadAction\",\"target\":[\"https:\/\/portaltela.pt\/noticias\/2026\/01\/22\/raptaram-para-cobrar-divida-de-1500-euros-em-sintra-2\/\"]}]},{\"@type\":\"ImageObject\",\"inLanguage\":\"pt-PT\",\"@id\":\"https:\/\/portaltela.pt\/noticias\/2026\/01\/22\/raptaram-para-cobrar-divida-de-1500-euros-em-sintra-2\/#primaryimage\",\"url\":\"https:\/\/portaltela.pt\/s.01k8rhncp4jt1\/2026\/01\/img_1500x1000uu2025-10-26-23-37-11-2243857-2.jpg\",\"contentUrl\":\"https:\/\/portaltela.pt\/s.01k8rhncp4jt1\/2026\/01\/img_1500x1000uu2025-10-26-23-37-11-2243857-2.jpg\",\"width\":796,\"height\":448,\"caption\":\"PJ deteve raptores de jovem de 20 anos\"},{\"@type\":\"BreadcrumbList\",\"@id\":\"https:\/\/portaltela.pt\/noticias\/2026\/01\/22\/raptaram-para-cobrar-divida-de-1500-euros-em-sintra-2\/#breadcrumb\",\"itemListElement\":[{\"@type\":\"ListItem\",\"position\":1,\"name\":\"In\u00edcio\",\"item\":\"https:\/\/portaltela.pt\/\"},{\"@type\":\"ListItem\",\"position\":2,\"name\":\"Raptaram para cobrar d\u00edvida de 1500 euros em Sintra\"}]},{\"@type\":\"WebSite\",\"@id\":\"https:\/\/portaltela.pt\/#website\",\"url\":\"https:\/\/portaltela.pt\/\",\"name\":\"Portal Tela Portugal\",\"description\":\"\",\"potentialAction\":[{\"@type\":\"SearchAction\",\"target\":{\"@type\":\"EntryPoint\",\"urlTemplate\":\"https:\/\/portaltela.pt\/?s={search_term_string}\"},\"query-input\":{\"@type\":\"PropertyValueSpecification\",\"valueRequired\":true,\"valueName\":\"search_term_string\"}}],\"inLanguage\":\"pt-PT\"},{\"@type\":\"Person\",\"@id\":\"https:\/\/portaltela.pt\/#\/schema\/person\/c4278d4a6028830caff9ee44b42d32ed\",\"name\":\"Telinha\",\"image\":{\"@type\":\"ImageObject\",\"inLanguage\":\"pt-PT\",\"@id\":\"https:\/\/portaltela.pt\/s.01k8rhncp4jt1\/2025\/11\/talking-bot-125x125.png\",\"url\":\"https:\/\/portaltela.pt\/s.01k8rhncp4jt1\/2025\/11\/talking-bot-125x125.png\",\"contentUrl\":\"https:\/\/portaltela.pt\/s.01k8rhncp4jt1\/2025\/11\/talking-bot-125x125.png\",\"caption\":\"Telinha\"},\"sameAs\":[\"https:\/\/portaltela.pt\/\"],\"url\":\"https:\/\/portaltela.pt\/por\/367410592786\/\"}]}<\/script>\n<!-- \/ Yoast SEO plugin. -->","yoast_head_json":{"title":"Raptaram para cobrar d\u00edvida de 1500 euros em Sintra - Portal Tela Portugal","robots":{"index":"index","follow":"follow","max-snippet":"max-snippet:-1","max-image-preview":"max-image-preview:large","max-video-preview":"max-video-preview:-1"},"og_locale":"pt_PT","og_type":"article","og_title":"Raptaram para cobrar d\u00edvida de 1500 euros em Sintra - Portal Tela Portugal","og_description":"Dois homens, de 20 e 26 anos, foram detidos pela Unidade Nacional de Contraterrorismo da Pol\u00edcia Judici\u00e1ria na zona de Sintra, suspeitos de rapto e extors\u00e3o relacionados com uma d\u00edvida de 1500 euros. A v\u00edtima, um homem de 20 anos, foi privado de liberdade e transportado para um descampado, onde sofreu agress\u00f5es f\u00edsicas e amea\u00e7as com o objetivo de cobrar o valor. Os detidos est\u00e3o ainda indiciados por ofensas \u00e0 integridade f\u00edsica grave, coa\u00e7\u00e3o, tr\u00e1fico de estupefacientes e deten\u00e7\u00e3o de arma proibida. A opera\u00e7\u00e3o incluiu v\u00e1rias buscas domicili\u00e1rias e n\u00e3o domicili\u00e1rias, com apreens\u00e3o de arma de fogo, muni\u00e7\u00f5es, viatura, produto estupefaciente, balan\u00e7as de precis\u00e3o, dinheiro e equipamentos telef\u00f3nicos. Os arguidos v\u00e3o ser apresentados a tribunal para primeiro interrogat\u00f3rio judicial e aplica\u00e7\u00e3o de medidas de coa\u00e7\u00e3o.","og_url":"https:\/\/portaltela.pt\/noticias\/2026\/01\/22\/raptaram-para-cobrar-divida-de-1500-euros-em-sintra-2\/","og_site_name":"Portal Tela Portugal","article_published_time":"2026-01-22T16:56:00+00:00","author":"Telinha","twitter_card":"summary_large_image","twitter_misc":{"Escrito por":"Telinha","Tempo estimado de leitura":"1 minuto"},"schema":{"@context":"https:\/\/schema.org","@graph":[{"@type":"Article","@id":"https:\/\/portaltela.pt\/noticias\/2026\/01\/22\/raptaram-para-cobrar-divida-de-1500-euros-em-sintra-2\/#article","isPartOf":{"@id":"https:\/\/portaltela.pt\/noticias\/2026\/01\/22\/raptaram-para-cobrar-divida-de-1500-euros-em-sintra-2\/"},"author":{"name":"Telinha","@id":"https:\/\/portaltela.pt\/#\/schema\/person\/c4278d4a6028830caff9ee44b42d32ed"},"headline":"Raptaram para cobrar d\u00edvida de 1500 euros em Sintra","datePublished":"2026-01-22T16:56:00+00:00","mainEntityOfPage":{"@id":"https:\/\/portaltela.pt\/noticias\/2026\/01\/22\/raptaram-para-cobrar-divida-de-1500-euros-em-sintra-2\/"},"wordCount":232,"image":{"@id":"https:\/\/portaltela.pt\/noticias\/2026\/01\/22\/raptaram-para-cobrar-divida-de-1500-euros-em-sintra-2\/#primaryimage"},"thumbnailUrl":"https:\/\/portaltela.pt\/s.01k8rhncp4jt1\/2026\/01\/img_1500x1000uu2025-10-26-23-37-11-2243857-2.jpg","keywords":["arma de fogo","extors\u00e3o agravada","sequestro","Sintra","tr\u00e1fico de estupefacientes","viol\u00eancia"],"articleSection":["Not\u00edcias"],"inLanguage":"pt-PT"},{"@type":"WebPage","@id":"https:\/\/portaltela.pt\/noticias\/2026\/01\/22\/raptaram-para-cobrar-divida-de-1500-euros-em-sintra-2\/","url":"https:\/\/portaltela.pt\/noticias\/2026\/01\/22\/raptaram-para-cobrar-divida-de-1500-euros-em-sintra-2\/","name":"Raptaram para cobrar d\u00edvida de 1500 euros em Sintra - Portal Tela Portugal","isPartOf":{"@id":"https:\/\/portaltela.pt\/#website"},"primaryImageOfPage":{"@id":"https:\/\/portaltela.pt\/noticias\/2026\/01\/22\/raptaram-para-cobrar-divida-de-1500-euros-em-sintra-2\/#primaryimage"},"image":{"@id":"https:\/\/portaltela.pt\/noticias\/2026\/01\/22\/raptaram-para-cobrar-divida-de-1500-euros-em-sintra-2\/#primaryimage"},"thumbnailUrl":"https:\/\/portaltela.pt\/s.01k8rhncp4jt1\/2026\/01\/img_1500x1000uu2025-10-26-23-37-11-2243857-2.jpg","datePublished":"2026-01-22T16:56:00+00:00","author":{"@id":"https:\/\/portaltela.pt\/#\/schema\/person\/c4278d4a6028830caff9ee44b42d32ed"},"breadcrumb":{"@id":"https:\/\/portaltela.pt\/noticias\/2026\/01\/22\/raptaram-para-cobrar-divida-de-1500-euros-em-sintra-2\/#breadcrumb"},"inLanguage":"pt-PT","potentialAction":[{"@type":"ReadAction","target":["https:\/\/portaltela.pt\/noticias\/2026\/01\/22\/raptaram-para-cobrar-divida-de-1500-euros-em-sintra-2\/"]}]},{"@type":"ImageObject","inLanguage":"pt-PT","@id":"https:\/\/portaltela.pt\/noticias\/2026\/01\/22\/raptaram-para-cobrar-divida-de-1500-euros-em-sintra-2\/#primaryimage","url":"https:\/\/portaltela.pt\/s.01k8rhncp4jt1\/2026\/01\/img_1500x1000uu2025-10-26-23-37-11-2243857-2.jpg","contentUrl":"https:\/\/portaltela.pt\/s.01k8rhncp4jt1\/2026\/01\/img_1500x1000uu2025-10-26-23-37-11-2243857-2.jpg","width":796,"height":448,"caption":"PJ deteve raptores de jovem de 20 anos"},{"@type":"BreadcrumbList","@id":"https:\/\/portaltela.pt\/noticias\/2026\/01\/22\/raptaram-para-cobrar-divida-de-1500-euros-em-sintra-2\/#breadcrumb","itemListElement":[{"@type":"ListItem","position":1,"name":"In\u00edcio","item":"https:\/\/portaltela.pt\/"},{"@type":"ListItem","position":2,"name":"Raptaram para cobrar d\u00edvida de 1500 euros em Sintra"}]},{"@type":"WebSite","@id":"https:\/\/portaltela.pt\/#website","url":"https:\/\/portaltela.pt\/","name":"Portal Tela Portugal","description":"","potentialAction":[{"@type":"SearchAction","target":{"@type":"EntryPoint","urlTemplate":"https:\/\/portaltela.pt\/?s={search_term_string}"},"query-input":{"@type":"PropertyValueSpecification","valueRequired":true,"valueName":"search_term_string"}}],"inLanguage":"pt-PT"},{"@type":"Person","@id":"https:\/\/portaltela.pt\/#\/schema\/person\/c4278d4a6028830caff9ee44b42d32ed","name":"Telinha","image":{"@type":"ImageObject","inLanguage":"pt-PT","@id":"https:\/\/portaltela.pt\/s.01k8rhncp4jt1\/2025\/11\/talking-bot-125x125.png","url":"https:\/\/portaltela.pt\/s.01k8rhncp4jt1\/2025\/11\/talking-bot-125x125.png","contentUrl":"https:\/\/portaltela.pt\/s.01k8rhncp4jt1\/2025\/11\/talking-bot-125x125.png","caption":"Telinha"},"sameAs":["https:\/\/portaltela.pt\/"],"url":"https:\/\/portaltela.pt\/por\/367410592786\/"}]}},"_links":{"self":[{"href":"https:\/\/portaltela.pt\/api\/wp\/v2\/posts\/164161","targetHints":{"allow":["GET"]}}],"collection":[{"href":"https:\/\/portaltela.pt\/api\/wp\/v2\/posts"}],"about":[{"href":"https:\/\/portaltela.pt\/api\/wp\/v2\/types\/post"}],"author":[{"embeddable":true,"href":"https:\/\/portaltela.pt\/api\/wp\/v2\/users\/2"}],"replies":[{"embeddable":true,"href":"https:\/\/portaltela.pt\/api\/wp\/v2\/comments?post=164161"}],"version-history":[{"count":0,"href":"https:\/\/portaltela.pt\/api\/wp\/v2\/posts\/164161\/revisions"}],"wp:featuredmedia":[{"embeddable":true,"href":"https:\/\/portaltela.pt\/api\/wp\/v2\/media\/164171"}],"wp:attachment":[{"href":"https:\/\/portaltela.pt\/api\/wp\/v2\/media?parent=164161"}],"wp:term":[{"taxonomy":"category","embeddable":true,"href":"https:\/\/portaltela.pt\/api\/wp\/v2\/categories?post=164161"},{"taxonomy":"post_tag","embeddable":true,"href":"https:\/\/portaltela.pt\/api\/wp\/v2\/tags?post=164161"}],"curies":[{"name":"wp","href":"https:\/\/api.w.org\/{rel}","templated":true}]}}