{"id":164144,"date":"2026-01-22T13:54:00","date_gmt":"2026-01-22T16:54:00","guid":{"rendered":"https:\/\/portaltela.pt\/noticias\/2026\/01\/22\/psp-resgata-dois-caes-vitimas-de-maus-tratos-em-sintra\/"},"modified":"2026-01-22T13:54:00","modified_gmt":"2026-01-22T16:54:00","slug":"psp-resgata-dois-caes-vitimas-de-maus-tratos-em-sintra","status":"publish","type":"post","link":"https:\/\/portaltela.pt\/noticias\/2026\/01\/22\/psp-resgata-dois-caes-vitimas-de-maus-tratos-em-sintra\/","title":{"rendered":"PSP resgata dois c\u00e3es v\u00edtimas de maus-tratos em Sintra"},"content":{"rendered":"<p>A PSP resgatou dois c\u00e3es v\u00edtimas de maus-tratos em Sintra, em duas situa\u00e7\u00f5es distintas, com o apoio do Gabinete M\u00e9dico Veterin\u00e1rio Municipal da C\u00e2mara Municipal de Sintra. A divulga\u00e7\u00e3o ocorreu na quinta-feira.<\/p>\n<p>No primeiro caso, no dia 14, durante dilig\u00eancia policial, foi detetado um c\u00e3o de pequeno porte em grave estado de subnutri\u00e7\u00e3o, confinado a um espa\u00e7o ex\u00edguo sem \u00e1gua, alimenta\u00e7\u00e3o ou abrigo. A avalia\u00e7\u00e3o t\u00e9cnico-veterin\u00e1ria confirmou maus-tratos e o animal foi apreendido.<\/p>\n<h3>Detalhes das ocorr\u00eancias<\/h3>\n<p>No segundo caso, dia 15, na sequ\u00eancia de uma den\u00fancia, foi identificado um c\u00e3o jovem a viver permanentemente no interior de um ve\u00edculo abandonado, sem condi\u00e7\u00f5es de bem-estar, identifica\u00e7\u00e3o, vacina\u00e7\u00e3o ou acompanhamento veterin\u00e1rio. Face ao risco para a sa\u00fade, foi determinada a apreens\u00e3o imediata e encaminhamento para o Canil Municipal de Sintra.<\/p>\n","protected":false},"excerpt":{"rendered":"<ul>\n<li>A PSP resgatou, em Sintra, dois c\u00e3es v\u00edtimas de maus-tratos, em articula\u00e7\u00e3o com o Gabinete M\u00e9dico Veterin\u00e1rio Municipal da C\u00e2mara Municipal de Sintra.<\/li>\n<li>No dia catorze, durante uma dilig\u00eancia policial, foi detetado um can\u00eddeo de pequeno porte em grave estado de subnutri\u00e7\u00e3o, confinado a espa\u00e7o ex\u00edguo e sem \u00e1gua, alimenta\u00e7\u00e3o ou abrigo; a avalia\u00e7\u00e3o t\u00e9cnico-veterin\u00e1ria confirmou maus-tratos e o animal foi apreendido.<\/li>\n<li>No dia quinze, na sequ\u00eancia de uma den\u00fancia, foi identificado um can\u00eddeo jovem a viver permanentemente dentro de um ve\u00edculo abandonado na via p\u00fablica, sem condi\u00e7\u00f5es m\u00ednimas de bem-estar, identifica\u00e7\u00e3o, vacina\u00e7\u00e3o ou acompanhamento veterin\u00e1rio.<\/li>\n<li>Face ao risco para a sa\u00fade, foi determinada a apreens\u00e3o imediata e o encaminhamento para o Canil Municipal de Sintra.<\/li>\n<\/ul>\n","protected":false},"author":2,"featured_media":164145,"comment_status":"closed","ping_status":"closed","sticky":false,"template":"","format":"standard","meta":{"footnotes":""},"categories":[1],"tags":[3094,3091,3365,1381,250,1110],"class_list":["post-164144","post","type-post","status-publish","format-standard","has-post-thumbnail","hentry","category-noticias","tag-abrigos","tag-animais","tag-maus-tratos-a-animais-de-companhia","tag-psp","tag-seguranca-publica","tag-sintra"],"yoast_head":"<!-- This site is optimized with the Yoast SEO plugin v27.2 - https:\/\/yoast.com\/product\/yoast-seo-wordpress\/ -->\n<title>PSP resgata dois c\u00e3es v\u00edtimas de maus-tratos em Sintra - Portal Tela Portugal<\/title>\n<meta name=\"robots\" content=\"index, follow, max-snippet:-1, max-image-preview:large, max-video-preview:-1\" \/>\n<meta property=\"og:locale\" content=\"pt_PT\" \/>\n<meta property=\"og:type\" content=\"article\" \/>\n<meta property=\"og:title\" content=\"PSP resgata dois c\u00e3es v\u00edtimas de maus-tratos em Sintra - Portal Tela Portugal\" \/>\n<meta property=\"og:description\" content=\"A PSP resgatou, em Sintra, dois c\u00e3es v\u00edtimas de maus-tratos, em articula\u00e7\u00e3o com o Gabinete M\u00e9dico Veterin\u00e1rio Municipal da C\u00e2mara Municipal de Sintra. No dia catorze, durante uma dilig\u00eancia policial, foi detetado um can\u00eddeo de pequeno porte em grave estado de subnutri\u00e7\u00e3o, confinado a espa\u00e7o ex\u00edguo e sem \u00e1gua, alimenta\u00e7\u00e3o ou abrigo; a avalia\u00e7\u00e3o t\u00e9cnico-veterin\u00e1ria confirmou maus-tratos e o animal foi apreendido. No dia quinze, na sequ\u00eancia de uma den\u00fancia, foi identificado um can\u00eddeo jovem a viver permanentemente dentro de um ve\u00edculo abandonado na via p\u00fablica, sem condi\u00e7\u00f5es m\u00ednimas de bem-estar, identifica\u00e7\u00e3o, vacina\u00e7\u00e3o ou acompanhamento veterin\u00e1rio. Face ao risco para a sa\u00fade, foi determinada a apreens\u00e3o imediata e o encaminhamento para o Canil Municipal de Sintra.\" \/>\n<meta property=\"og:url\" content=\"https:\/\/portaltela.pt\/noticias\/2026\/01\/22\/psp-resgata-dois-caes-vitimas-de-maus-tratos-em-sintra\/\" \/>\n<meta property=\"og:site_name\" content=\"Portal Tela Portugal\" \/>\n<meta property=\"article:published_time\" content=\"2026-01-22T16:54:00+00:00\" \/>\n<meta name=\"author\" content=\"Telinha\" \/>\n<meta name=\"twitter:card\" content=\"summary_large_image\" \/>\n<meta name=\"twitter:label1\" content=\"Escrito por\" \/>\n\t<meta name=\"twitter:data1\" content=\"Telinha\" \/>\n\t<meta name=\"twitter:label2\" content=\"Tempo estimado de leitura\" \/>\n\t<meta name=\"twitter:data2\" content=\"1 minuto\" \/>\n<script type=\"application\/ld+json\" class=\"yoast-schema-graph\">{\"@context\":\"https:\/\/schema.org\",\"@graph\":[{\"@type\":\"Article\",\"@id\":\"https:\/\/portaltela.pt\/noticias\/2026\/01\/22\/psp-resgata-dois-caes-vitimas-de-maus-tratos-em-sintra\/#article\",\"isPartOf\":{\"@id\":\"https:\/\/portaltela.pt\/noticias\/2026\/01\/22\/psp-resgata-dois-caes-vitimas-de-maus-tratos-em-sintra\/\"},\"author\":{\"name\":\"Telinha\",\"@id\":\"https:\/\/portaltela.pt\/#\/schema\/person\/c4278d4a6028830caff9ee44b42d32ed\"},\"headline\":\"PSP resgata dois c\u00e3es v\u00edtimas de maus-tratos em Sintra\",\"datePublished\":\"2026-01-22T16:54:00+00:00\",\"mainEntityOfPage\":{\"@id\":\"https:\/\/portaltela.pt\/noticias\/2026\/01\/22\/psp-resgata-dois-caes-vitimas-de-maus-tratos-em-sintra\/\"},\"wordCount\":164,\"image\":{\"@id\":\"https:\/\/portaltela.pt\/noticias\/2026\/01\/22\/psp-resgata-dois-caes-vitimas-de-maus-tratos-em-sintra\/#primaryimage\"},\"thumbnailUrl\":\"https:\/\/portaltela.pt\/s.01k8rhncp4jt1\/2026\/01\/img_1280x721uu2026-01-22-16-47-50-2261931-im-639046975443338847.jpg\",\"keywords\":[\"abrigos\",\"animais\",\"maus-tratos a animais de companhia\",\"PSP\",\"seguran\u00e7a p\u00fablica\",\"Sintra\"],\"articleSection\":[\"Not\u00edcias\"],\"inLanguage\":\"pt-PT\"},{\"@type\":\"WebPage\",\"@id\":\"https:\/\/portaltela.pt\/noticias\/2026\/01\/22\/psp-resgata-dois-caes-vitimas-de-maus-tratos-em-sintra\/\",\"url\":\"https:\/\/portaltela.pt\/noticias\/2026\/01\/22\/psp-resgata-dois-caes-vitimas-de-maus-tratos-em-sintra\/\",\"name\":\"PSP resgata dois c\u00e3es v\u00edtimas de maus-tratos em Sintra - Portal Tela Portugal\",\"isPartOf\":{\"@id\":\"https:\/\/portaltela.pt\/#website\"},\"primaryImageOfPage\":{\"@id\":\"https:\/\/portaltela.pt\/noticias\/2026\/01\/22\/psp-resgata-dois-caes-vitimas-de-maus-tratos-em-sintra\/#primaryimage\"},\"image\":{\"@id\":\"https:\/\/portaltela.pt\/noticias\/2026\/01\/22\/psp-resgata-dois-caes-vitimas-de-maus-tratos-em-sintra\/#primaryimage\"},\"thumbnailUrl\":\"https:\/\/portaltela.pt\/s.01k8rhncp4jt1\/2026\/01\/img_1280x721uu2026-01-22-16-47-50-2261931-im-639046975443338847.jpg\",\"datePublished\":\"2026-01-22T16:54:00+00:00\",\"author\":{\"@id\":\"https:\/\/portaltela.pt\/#\/schema\/person\/c4278d4a6028830caff9ee44b42d32ed\"},\"breadcrumb\":{\"@id\":\"https:\/\/portaltela.pt\/noticias\/2026\/01\/22\/psp-resgata-dois-caes-vitimas-de-maus-tratos-em-sintra\/#breadcrumb\"},\"inLanguage\":\"pt-PT\",\"potentialAction\":[{\"@type\":\"ReadAction\",\"target\":[\"https:\/\/portaltela.pt\/noticias\/2026\/01\/22\/psp-resgata-dois-caes-vitimas-de-maus-tratos-em-sintra\/\"]}]},{\"@type\":\"ImageObject\",\"inLanguage\":\"pt-PT\",\"@id\":\"https:\/\/portaltela.pt\/noticias\/2026\/01\/22\/psp-resgata-dois-caes-vitimas-de-maus-tratos-em-sintra\/#primaryimage\",\"url\":\"https:\/\/portaltela.pt\/s.01k8rhncp4jt1\/2026\/01\/img_1280x721uu2026-01-22-16-47-50-2261931-im-639046975443338847.jpg\",\"contentUrl\":\"https:\/\/portaltela.pt\/s.01k8rhncp4jt1\/2026\/01\/img_1280x721uu2026-01-22-16-47-50-2261931-im-639046975443338847.jpg\",\"width\":796,\"height\":448,\"caption\":\"PSP resgatou c\u00e3es\"},{\"@type\":\"BreadcrumbList\",\"@id\":\"https:\/\/portaltela.pt\/noticias\/2026\/01\/22\/psp-resgata-dois-caes-vitimas-de-maus-tratos-em-sintra\/#breadcrumb\",\"itemListElement\":[{\"@type\":\"ListItem\",\"position\":1,\"name\":\"In\u00edcio\",\"item\":\"https:\/\/portaltela.pt\/\"},{\"@type\":\"ListItem\",\"position\":2,\"name\":\"PSP resgata dois c\u00e3es v\u00edtimas de maus-tratos em Sintra\"}]},{\"@type\":\"WebSite\",\"@id\":\"https:\/\/portaltela.pt\/#website\",\"url\":\"https:\/\/portaltela.pt\/\",\"name\":\"Portal Tela Portugal\",\"description\":\"\",\"potentialAction\":[{\"@type\":\"SearchAction\",\"target\":{\"@type\":\"EntryPoint\",\"urlTemplate\":\"https:\/\/portaltela.pt\/?s={search_term_string}\"},\"query-input\":{\"@type\":\"PropertyValueSpecification\",\"valueRequired\":true,\"valueName\":\"search_term_string\"}}],\"inLanguage\":\"pt-PT\"},{\"@type\":\"Person\",\"@id\":\"https:\/\/portaltela.pt\/#\/schema\/person\/c4278d4a6028830caff9ee44b42d32ed\",\"name\":\"Telinha\",\"image\":{\"@type\":\"ImageObject\",\"inLanguage\":\"pt-PT\",\"@id\":\"https:\/\/portaltela.pt\/s.01k8rhncp4jt1\/2025\/11\/talking-bot-125x125.png\",\"url\":\"https:\/\/portaltela.pt\/s.01k8rhncp4jt1\/2025\/11\/talking-bot-125x125.png\",\"contentUrl\":\"https:\/\/portaltela.pt\/s.01k8rhncp4jt1\/2025\/11\/talking-bot-125x125.png\",\"caption\":\"Telinha\"},\"sameAs\":[\"https:\/\/portaltela.pt\/\"],\"url\":\"https:\/\/portaltela.pt\/por\/367410592786\/\"}]}<\/script>\n<!-- \/ Yoast SEO plugin. -->","yoast_head_json":{"title":"PSP resgata dois c\u00e3es v\u00edtimas de maus-tratos em Sintra - Portal Tela Portugal","robots":{"index":"index","follow":"follow","max-snippet":"max-snippet:-1","max-image-preview":"max-image-preview:large","max-video-preview":"max-video-preview:-1"},"og_locale":"pt_PT","og_type":"article","og_title":"PSP resgata dois c\u00e3es v\u00edtimas de maus-tratos em Sintra - Portal Tela Portugal","og_description":"A PSP resgatou, em Sintra, dois c\u00e3es v\u00edtimas de maus-tratos, em articula\u00e7\u00e3o com o Gabinete M\u00e9dico Veterin\u00e1rio Municipal da C\u00e2mara Municipal de Sintra. No dia catorze, durante uma dilig\u00eancia policial, foi detetado um can\u00eddeo de pequeno porte em grave estado de subnutri\u00e7\u00e3o, confinado a espa\u00e7o ex\u00edguo e sem \u00e1gua, alimenta\u00e7\u00e3o ou abrigo; a avalia\u00e7\u00e3o t\u00e9cnico-veterin\u00e1ria confirmou maus-tratos e o animal foi apreendido. No dia quinze, na sequ\u00eancia de uma den\u00fancia, foi identificado um can\u00eddeo jovem a viver permanentemente dentro de um ve\u00edculo abandonado na via p\u00fablica, sem condi\u00e7\u00f5es m\u00ednimas de bem-estar, identifica\u00e7\u00e3o, vacina\u00e7\u00e3o ou acompanhamento veterin\u00e1rio. Face ao risco para a sa\u00fade, foi determinada a apreens\u00e3o imediata e o encaminhamento para o Canil Municipal de Sintra.","og_url":"https:\/\/portaltela.pt\/noticias\/2026\/01\/22\/psp-resgata-dois-caes-vitimas-de-maus-tratos-em-sintra\/","og_site_name":"Portal Tela Portugal","article_published_time":"2026-01-22T16:54:00+00:00","author":"Telinha","twitter_card":"summary_large_image","twitter_misc":{"Escrito por":"Telinha","Tempo estimado de leitura":"1 minuto"},"schema":{"@context":"https:\/\/schema.org","@graph":[{"@type":"Article","@id":"https:\/\/portaltela.pt\/noticias\/2026\/01\/22\/psp-resgata-dois-caes-vitimas-de-maus-tratos-em-sintra\/#article","isPartOf":{"@id":"https:\/\/portaltela.pt\/noticias\/2026\/01\/22\/psp-resgata-dois-caes-vitimas-de-maus-tratos-em-sintra\/"},"author":{"name":"Telinha","@id":"https:\/\/portaltela.pt\/#\/schema\/person\/c4278d4a6028830caff9ee44b42d32ed"},"headline":"PSP resgata dois c\u00e3es v\u00edtimas de maus-tratos em Sintra","datePublished":"2026-01-22T16:54:00+00:00","mainEntityOfPage":{"@id":"https:\/\/portaltela.pt\/noticias\/2026\/01\/22\/psp-resgata-dois-caes-vitimas-de-maus-tratos-em-sintra\/"},"wordCount":164,"image":{"@id":"https:\/\/portaltela.pt\/noticias\/2026\/01\/22\/psp-resgata-dois-caes-vitimas-de-maus-tratos-em-sintra\/#primaryimage"},"thumbnailUrl":"https:\/\/portaltela.pt\/s.01k8rhncp4jt1\/2026\/01\/img_1280x721uu2026-01-22-16-47-50-2261931-im-639046975443338847.jpg","keywords":["abrigos","animais","maus-tratos a animais de companhia","PSP","seguran\u00e7a p\u00fablica","Sintra"],"articleSection":["Not\u00edcias"],"inLanguage":"pt-PT"},{"@type":"WebPage","@id":"https:\/\/portaltela.pt\/noticias\/2026\/01\/22\/psp-resgata-dois-caes-vitimas-de-maus-tratos-em-sintra\/","url":"https:\/\/portaltela.pt\/noticias\/2026\/01\/22\/psp-resgata-dois-caes-vitimas-de-maus-tratos-em-sintra\/","name":"PSP resgata dois c\u00e3es v\u00edtimas de maus-tratos em Sintra - Portal Tela Portugal","isPartOf":{"@id":"https:\/\/portaltela.pt\/#website"},"primaryImageOfPage":{"@id":"https:\/\/portaltela.pt\/noticias\/2026\/01\/22\/psp-resgata-dois-caes-vitimas-de-maus-tratos-em-sintra\/#primaryimage"},"image":{"@id":"https:\/\/portaltela.pt\/noticias\/2026\/01\/22\/psp-resgata-dois-caes-vitimas-de-maus-tratos-em-sintra\/#primaryimage"},"thumbnailUrl":"https:\/\/portaltela.pt\/s.01k8rhncp4jt1\/2026\/01\/img_1280x721uu2026-01-22-16-47-50-2261931-im-639046975443338847.jpg","datePublished":"2026-01-22T16:54:00+00:00","author":{"@id":"https:\/\/portaltela.pt\/#\/schema\/person\/c4278d4a6028830caff9ee44b42d32ed"},"breadcrumb":{"@id":"https:\/\/portaltela.pt\/noticias\/2026\/01\/22\/psp-resgata-dois-caes-vitimas-de-maus-tratos-em-sintra\/#breadcrumb"},"inLanguage":"pt-PT","potentialAction":[{"@type":"ReadAction","target":["https:\/\/portaltela.pt\/noticias\/2026\/01\/22\/psp-resgata-dois-caes-vitimas-de-maus-tratos-em-sintra\/"]}]},{"@type":"ImageObject","inLanguage":"pt-PT","@id":"https:\/\/portaltela.pt\/noticias\/2026\/01\/22\/psp-resgata-dois-caes-vitimas-de-maus-tratos-em-sintra\/#primaryimage","url":"https:\/\/portaltela.pt\/s.01k8rhncp4jt1\/2026\/01\/img_1280x721uu2026-01-22-16-47-50-2261931-im-639046975443338847.jpg","contentUrl":"https:\/\/portaltela.pt\/s.01k8rhncp4jt1\/2026\/01\/img_1280x721uu2026-01-22-16-47-50-2261931-im-639046975443338847.jpg","width":796,"height":448,"caption":"PSP resgatou c\u00e3es"},{"@type":"BreadcrumbList","@id":"https:\/\/portaltela.pt\/noticias\/2026\/01\/22\/psp-resgata-dois-caes-vitimas-de-maus-tratos-em-sintra\/#breadcrumb","itemListElement":[{"@type":"ListItem","position":1,"name":"In\u00edcio","item":"https:\/\/portaltela.pt\/"},{"@type":"ListItem","position":2,"name":"PSP resgata dois c\u00e3es v\u00edtimas de maus-tratos em Sintra"}]},{"@type":"WebSite","@id":"https:\/\/portaltela.pt\/#website","url":"https:\/\/portaltela.pt\/","name":"Portal Tela Portugal","description":"","potentialAction":[{"@type":"SearchAction","target":{"@type":"EntryPoint","urlTemplate":"https:\/\/portaltela.pt\/?s={search_term_string}"},"query-input":{"@type":"PropertyValueSpecification","valueRequired":true,"valueName":"search_term_string"}}],"inLanguage":"pt-PT"},{"@type":"Person","@id":"https:\/\/portaltela.pt\/#\/schema\/person\/c4278d4a6028830caff9ee44b42d32ed","name":"Telinha","image":{"@type":"ImageObject","inLanguage":"pt-PT","@id":"https:\/\/portaltela.pt\/s.01k8rhncp4jt1\/2025\/11\/talking-bot-125x125.png","url":"https:\/\/portaltela.pt\/s.01k8rhncp4jt1\/2025\/11\/talking-bot-125x125.png","contentUrl":"https:\/\/portaltela.pt\/s.01k8rhncp4jt1\/2025\/11\/talking-bot-125x125.png","caption":"Telinha"},"sameAs":["https:\/\/portaltela.pt\/"],"url":"https:\/\/portaltela.pt\/por\/367410592786\/"}]}},"_links":{"self":[{"href":"https:\/\/portaltela.pt\/api\/wp\/v2\/posts\/164144","targetHints":{"allow":["GET"]}}],"collection":[{"href":"https:\/\/portaltela.pt\/api\/wp\/v2\/posts"}],"about":[{"href":"https:\/\/portaltela.pt\/api\/wp\/v2\/types\/post"}],"author":[{"embeddable":true,"href":"https:\/\/portaltela.pt\/api\/wp\/v2\/users\/2"}],"replies":[{"embeddable":true,"href":"https:\/\/portaltela.pt\/api\/wp\/v2\/comments?post=164144"}],"version-history":[{"count":0,"href":"https:\/\/portaltela.pt\/api\/wp\/v2\/posts\/164144\/revisions"}],"wp:featuredmedia":[{"embeddable":true,"href":"https:\/\/portaltela.pt\/api\/wp\/v2\/media\/164145"}],"wp:attachment":[{"href":"https:\/\/portaltela.pt\/api\/wp\/v2\/media?parent=164144"}],"wp:term":[{"taxonomy":"category","embeddable":true,"href":"https:\/\/portaltela.pt\/api\/wp\/v2\/categories?post=164144"},{"taxonomy":"post_tag","embeddable":true,"href":"https:\/\/portaltela.pt\/api\/wp\/v2\/tags?post=164144"}],"curies":[{"name":"wp","href":"https:\/\/api.w.org\/{rel}","templated":true}]}}