{"id":164136,"date":"2026-01-21T21:00:00","date_gmt":"2026-01-22T00:00:00","guid":{"rendered":"https:\/\/portaltela.pt\/noticias\/2026\/01\/21\/desaparecimento-da-acusacao-de-assedio-levanta-duvidas-sobre-o-caso\/"},"modified":"2026-01-21T21:00:00","modified_gmt":"2026-01-22T00:00:00","slug":"desaparecimento-da-acusacao-de-assedio-levanta-duvidas-sobre-o-caso","status":"publish","type":"post","link":"https:\/\/portaltela.pt\/noticias\/politica\/2026\/01\/21\/desaparecimento-da-acusacao-de-assedio-levanta-duvidas-sobre-o-caso\/","title":{"rendered":"Desaparecimento da acusa\u00e7\u00e3o de ass\u00e9dio levanta d\u00favidas sobre o caso"},"content":{"rendered":"<p>O que aconteceu: Alberto Gon\u00e7alves comentou o desaparecimento das not\u00edcias sobre a revela\u00e7\u00e3o do alegado ass\u00e9dio cometido por Jo\u00e3o Cotrim de Figueiredo. A situa\u00e7\u00e3o envolve uma mudan\u00e7a na cobertura jornal\u00edstica relacionada a acusa\u00e7\u00f5es de comportamento inadequado.<\/p>\n<p>Quem est\u00e1 envolvido: as figuras mencionadas s\u00e3o Alberto Gon\u00e7alves, como comentarista, e Jo\u00e3o Cotrim de Figueiredo, apontado como o alegado autor do ass\u00e9dio. O material n\u00e3o especifica testemunhas ou outras pessoas diretamente envolvidas.<\/p>\n<p>Quando e onde: n\u00e3o h\u00e1 datas nem locais indicados no conte\u00fado fornecido. A mat\u00e9ria concentra-se no coment\u00e1rio de Gon\u00e7alves sobre o desaparecimento das not\u00edcias, sem indicar o contexto temporal da cobertura ou do ve\u00edculo.<\/p>\n<p>Porqu\u00ea: o objetivo \u00e9 esclarecer por que determinadas informa\u00e7\u00f5es teriam deixado de aparecer na imprensa, segundo o coment\u00e1rio de Gon\u00e7alves. O texto n\u00e3o apresenta evid\u00eancias adicionais nem dados complementares para al\u00e9m da refer\u00eancia ao desaparecimento da cobertura.<\/p>\n","protected":false},"excerpt":{"rendered":"<ul>\n<li>Alberto Gon\u00e7alves comenta o desaparecimento das not\u00edcias da revela\u00e7\u00e3o do alegado ass\u00e9dio cometido por Jo\u00e3o Cotrim de Figueiredo.<\/li>\n<li>O tema centra-se no desaparecimento de reportagens que alegadamente revelavam o ass\u00e9dio.<\/li>\n<li>Jo\u00e3o Cotrim de Figueiredo \u00e9 a pessoa alegadamente visada no caso.<\/li>\n<li>N\u00e3o s\u00e3o apresentadas novas informa\u00e7\u00f5es no momento.<\/li>\n<\/ul>\n","protected":false},"author":2,"featured_media":164140,"comment_status":"closed","ping_status":"closed","sticky":false,"template":"","format":"standard","meta":{"footnotes":""},"categories":[1,5],"tags":[3200,1039,506,195,41,2832],"class_list":["post-164136","post","type-post","status-publish","format-standard","has-post-thumbnail","hentry","category-noticias","category-politica","tag-assedio","tag-assedio-sexista","tag-imprensa","tag-informacao","tag-noticia","tag-politica"],"yoast_head":"<!-- This site is optimized with the Yoast SEO plugin v27.2 - https:\/\/yoast.com\/product\/yoast-seo-wordpress\/ -->\n<title>Desaparecimento da acusa\u00e7\u00e3o de ass\u00e9dio levanta d\u00favidas sobre o caso - Portal Tela Portugal<\/title>\n<meta name=\"robots\" content=\"index, follow, max-snippet:-1, max-image-preview:large, max-video-preview:-1\" \/>\n<meta property=\"og:locale\" content=\"pt_PT\" \/>\n<meta property=\"og:type\" content=\"article\" \/>\n<meta property=\"og:title\" content=\"Desaparecimento da acusa\u00e7\u00e3o de ass\u00e9dio levanta d\u00favidas sobre o caso - Portal Tela Portugal\" \/>\n<meta property=\"og:description\" content=\"Alberto Gon\u00e7alves comenta o desaparecimento das not\u00edcias da revela\u00e7\u00e3o do alegado ass\u00e9dio cometido por Jo\u00e3o Cotrim de Figueiredo. O tema centra-se no desaparecimento de reportagens que alegadamente revelavam o ass\u00e9dio. Jo\u00e3o Cotrim de Figueiredo \u00e9 a pessoa alegadamente visada no caso. N\u00e3o s\u00e3o apresentadas novas informa\u00e7\u00f5es no momento.\" \/>\n<meta property=\"og:url\" content=\"https:\/\/portaltela.pt\/noticias\/2026\/01\/21\/desaparecimento-da-acusacao-de-assedio-levanta-duvidas-sobre-o-caso\/\" \/>\n<meta property=\"og:site_name\" content=\"Portal Tela Portugal\" \/>\n<meta property=\"article:published_time\" content=\"2026-01-22T00:00:00+00:00\" \/>\n<meta name=\"author\" content=\"Telinha\" \/>\n<meta name=\"twitter:card\" content=\"summary_large_image\" \/>\n<meta name=\"twitter:label1\" content=\"Escrito por\" \/>\n\t<meta name=\"twitter:data1\" content=\"Telinha\" \/>\n\t<meta name=\"twitter:label2\" content=\"Tempo estimado de leitura\" \/>\n\t<meta name=\"twitter:data2\" content=\"1 minuto\" \/>\n<script type=\"application\/ld+json\" class=\"yoast-schema-graph\">{\"@context\":\"https:\/\/schema.org\",\"@graph\":[{\"@type\":\"Article\",\"@id\":\"https:\/\/portaltela.pt\/noticias\/2026\/01\/21\/desaparecimento-da-acusacao-de-assedio-levanta-duvidas-sobre-o-caso\/#article\",\"isPartOf\":{\"@id\":\"https:\/\/portaltela.pt\/noticias\/2026\/01\/21\/desaparecimento-da-acusacao-de-assedio-levanta-duvidas-sobre-o-caso\/\"},\"author\":{\"name\":\"Telinha\",\"@id\":\"https:\/\/portaltela.pt\/#\/schema\/person\/c4278d4a6028830caff9ee44b42d32ed\"},\"headline\":\"Desaparecimento da acusa\u00e7\u00e3o de ass\u00e9dio levanta d\u00favidas sobre o caso\",\"datePublished\":\"2026-01-22T00:00:00+00:00\",\"mainEntityOfPage\":{\"@id\":\"https:\/\/portaltela.pt\/noticias\/2026\/01\/21\/desaparecimento-da-acusacao-de-assedio-levanta-duvidas-sobre-o-caso\/\"},\"wordCount\":180,\"image\":{\"@id\":\"https:\/\/portaltela.pt\/noticias\/2026\/01\/21\/desaparecimento-da-acusacao-de-assedio-levanta-duvidas-sobre-o-caso\/#primaryimage\"},\"thumbnailUrl\":\"https:\/\/portaltela.pt\/s.01k8rhncp4jt1\/2026\/01\/770-podcastideias-feitas-11.jpg\",\"keywords\":[\"ass\u00e9dio\",\"ass\u00e9dio sexista\",\"imprensa\",\"informa\u00e7\u00e3o\",\"not\u00edcia\",\"pol\u00edtica\"],\"articleSection\":[\"Not\u00edcias\",\"Pol\u00edtica\"],\"inLanguage\":\"pt-PT\"},{\"@type\":\"WebPage\",\"@id\":\"https:\/\/portaltela.pt\/noticias\/2026\/01\/21\/desaparecimento-da-acusacao-de-assedio-levanta-duvidas-sobre-o-caso\/\",\"url\":\"https:\/\/portaltela.pt\/noticias\/2026\/01\/21\/desaparecimento-da-acusacao-de-assedio-levanta-duvidas-sobre-o-caso\/\",\"name\":\"Desaparecimento da acusa\u00e7\u00e3o de ass\u00e9dio levanta d\u00favidas sobre o caso - Portal Tela Portugal\",\"isPartOf\":{\"@id\":\"https:\/\/portaltela.pt\/#website\"},\"primaryImageOfPage\":{\"@id\":\"https:\/\/portaltela.pt\/noticias\/2026\/01\/21\/desaparecimento-da-acusacao-de-assedio-levanta-duvidas-sobre-o-caso\/#primaryimage\"},\"image\":{\"@id\":\"https:\/\/portaltela.pt\/noticias\/2026\/01\/21\/desaparecimento-da-acusacao-de-assedio-levanta-duvidas-sobre-o-caso\/#primaryimage\"},\"thumbnailUrl\":\"https:\/\/portaltela.pt\/s.01k8rhncp4jt1\/2026\/01\/770-podcastideias-feitas-11.jpg\",\"datePublished\":\"2026-01-22T00:00:00+00:00\",\"author\":{\"@id\":\"https:\/\/portaltela.pt\/#\/schema\/person\/c4278d4a6028830caff9ee44b42d32ed\"},\"breadcrumb\":{\"@id\":\"https:\/\/portaltela.pt\/noticias\/2026\/01\/21\/desaparecimento-da-acusacao-de-assedio-levanta-duvidas-sobre-o-caso\/#breadcrumb\"},\"inLanguage\":\"pt-PT\",\"potentialAction\":[{\"@type\":\"ReadAction\",\"target\":[\"https:\/\/portaltela.pt\/noticias\/2026\/01\/21\/desaparecimento-da-acusacao-de-assedio-levanta-duvidas-sobre-o-caso\/\"]}]},{\"@type\":\"ImageObject\",\"inLanguage\":\"pt-PT\",\"@id\":\"https:\/\/portaltela.pt\/noticias\/2026\/01\/21\/desaparecimento-da-acusacao-de-assedio-levanta-duvidas-sobre-o-caso\/#primaryimage\",\"url\":\"https:\/\/portaltela.pt\/s.01k8rhncp4jt1\/2026\/01\/770-podcastideias-feitas-11.jpg\",\"contentUrl\":\"https:\/\/portaltela.pt\/s.01k8rhncp4jt1\/2026\/01\/770-podcastideias-feitas-11.jpg\",\"width\":796,\"height\":448,\"caption\":\"Capa do programa\"},{\"@type\":\"BreadcrumbList\",\"@id\":\"https:\/\/portaltela.pt\/noticias\/2026\/01\/21\/desaparecimento-da-acusacao-de-assedio-levanta-duvidas-sobre-o-caso\/#breadcrumb\",\"itemListElement\":[{\"@type\":\"ListItem\",\"position\":1,\"name\":\"In\u00edcio\",\"item\":\"https:\/\/portaltela.pt\/\"},{\"@type\":\"ListItem\",\"position\":2,\"name\":\"Desaparecimento da acusa\u00e7\u00e3o de ass\u00e9dio levanta d\u00favidas sobre o caso\"}]},{\"@type\":\"WebSite\",\"@id\":\"https:\/\/portaltela.pt\/#website\",\"url\":\"https:\/\/portaltela.pt\/\",\"name\":\"Portal Tela Portugal\",\"description\":\"\",\"potentialAction\":[{\"@type\":\"SearchAction\",\"target\":{\"@type\":\"EntryPoint\",\"urlTemplate\":\"https:\/\/portaltela.pt\/?s={search_term_string}\"},\"query-input\":{\"@type\":\"PropertyValueSpecification\",\"valueRequired\":true,\"valueName\":\"search_term_string\"}}],\"inLanguage\":\"pt-PT\"},{\"@type\":\"Person\",\"@id\":\"https:\/\/portaltela.pt\/#\/schema\/person\/c4278d4a6028830caff9ee44b42d32ed\",\"name\":\"Telinha\",\"image\":{\"@type\":\"ImageObject\",\"inLanguage\":\"pt-PT\",\"@id\":\"https:\/\/portaltela.pt\/s.01k8rhncp4jt1\/2025\/11\/talking-bot-125x125.png\",\"url\":\"https:\/\/portaltela.pt\/s.01k8rhncp4jt1\/2025\/11\/talking-bot-125x125.png\",\"contentUrl\":\"https:\/\/portaltela.pt\/s.01k8rhncp4jt1\/2025\/11\/talking-bot-125x125.png\",\"caption\":\"Telinha\"},\"sameAs\":[\"https:\/\/portaltela.pt\/\"],\"url\":\"https:\/\/portaltela.pt\/por\/367410592786\/\"}]}<\/script>\n<!-- \/ Yoast SEO plugin. -->","yoast_head_json":{"title":"Desaparecimento da acusa\u00e7\u00e3o de ass\u00e9dio levanta d\u00favidas sobre o caso - Portal Tela Portugal","robots":{"index":"index","follow":"follow","max-snippet":"max-snippet:-1","max-image-preview":"max-image-preview:large","max-video-preview":"max-video-preview:-1"},"og_locale":"pt_PT","og_type":"article","og_title":"Desaparecimento da acusa\u00e7\u00e3o de ass\u00e9dio levanta d\u00favidas sobre o caso - Portal Tela Portugal","og_description":"Alberto Gon\u00e7alves comenta o desaparecimento das not\u00edcias da revela\u00e7\u00e3o do alegado ass\u00e9dio cometido por Jo\u00e3o Cotrim de Figueiredo. O tema centra-se no desaparecimento de reportagens que alegadamente revelavam o ass\u00e9dio. Jo\u00e3o Cotrim de Figueiredo \u00e9 a pessoa alegadamente visada no caso. N\u00e3o s\u00e3o apresentadas novas informa\u00e7\u00f5es no momento.","og_url":"https:\/\/portaltela.pt\/noticias\/2026\/01\/21\/desaparecimento-da-acusacao-de-assedio-levanta-duvidas-sobre-o-caso\/","og_site_name":"Portal Tela Portugal","article_published_time":"2026-01-22T00:00:00+00:00","author":"Telinha","twitter_card":"summary_large_image","twitter_misc":{"Escrito por":"Telinha","Tempo estimado de leitura":"1 minuto"},"schema":{"@context":"https:\/\/schema.org","@graph":[{"@type":"Article","@id":"https:\/\/portaltela.pt\/noticias\/2026\/01\/21\/desaparecimento-da-acusacao-de-assedio-levanta-duvidas-sobre-o-caso\/#article","isPartOf":{"@id":"https:\/\/portaltela.pt\/noticias\/2026\/01\/21\/desaparecimento-da-acusacao-de-assedio-levanta-duvidas-sobre-o-caso\/"},"author":{"name":"Telinha","@id":"https:\/\/portaltela.pt\/#\/schema\/person\/c4278d4a6028830caff9ee44b42d32ed"},"headline":"Desaparecimento da acusa\u00e7\u00e3o de ass\u00e9dio levanta d\u00favidas sobre o caso","datePublished":"2026-01-22T00:00:00+00:00","mainEntityOfPage":{"@id":"https:\/\/portaltela.pt\/noticias\/2026\/01\/21\/desaparecimento-da-acusacao-de-assedio-levanta-duvidas-sobre-o-caso\/"},"wordCount":180,"image":{"@id":"https:\/\/portaltela.pt\/noticias\/2026\/01\/21\/desaparecimento-da-acusacao-de-assedio-levanta-duvidas-sobre-o-caso\/#primaryimage"},"thumbnailUrl":"https:\/\/portaltela.pt\/s.01k8rhncp4jt1\/2026\/01\/770-podcastideias-feitas-11.jpg","keywords":["ass\u00e9dio","ass\u00e9dio sexista","imprensa","informa\u00e7\u00e3o","not\u00edcia","pol\u00edtica"],"articleSection":["Not\u00edcias","Pol\u00edtica"],"inLanguage":"pt-PT"},{"@type":"WebPage","@id":"https:\/\/portaltela.pt\/noticias\/2026\/01\/21\/desaparecimento-da-acusacao-de-assedio-levanta-duvidas-sobre-o-caso\/","url":"https:\/\/portaltela.pt\/noticias\/2026\/01\/21\/desaparecimento-da-acusacao-de-assedio-levanta-duvidas-sobre-o-caso\/","name":"Desaparecimento da acusa\u00e7\u00e3o de ass\u00e9dio levanta d\u00favidas sobre o caso - Portal Tela Portugal","isPartOf":{"@id":"https:\/\/portaltela.pt\/#website"},"primaryImageOfPage":{"@id":"https:\/\/portaltela.pt\/noticias\/2026\/01\/21\/desaparecimento-da-acusacao-de-assedio-levanta-duvidas-sobre-o-caso\/#primaryimage"},"image":{"@id":"https:\/\/portaltela.pt\/noticias\/2026\/01\/21\/desaparecimento-da-acusacao-de-assedio-levanta-duvidas-sobre-o-caso\/#primaryimage"},"thumbnailUrl":"https:\/\/portaltela.pt\/s.01k8rhncp4jt1\/2026\/01\/770-podcastideias-feitas-11.jpg","datePublished":"2026-01-22T00:00:00+00:00","author":{"@id":"https:\/\/portaltela.pt\/#\/schema\/person\/c4278d4a6028830caff9ee44b42d32ed"},"breadcrumb":{"@id":"https:\/\/portaltela.pt\/noticias\/2026\/01\/21\/desaparecimento-da-acusacao-de-assedio-levanta-duvidas-sobre-o-caso\/#breadcrumb"},"inLanguage":"pt-PT","potentialAction":[{"@type":"ReadAction","target":["https:\/\/portaltela.pt\/noticias\/2026\/01\/21\/desaparecimento-da-acusacao-de-assedio-levanta-duvidas-sobre-o-caso\/"]}]},{"@type":"ImageObject","inLanguage":"pt-PT","@id":"https:\/\/portaltela.pt\/noticias\/2026\/01\/21\/desaparecimento-da-acusacao-de-assedio-levanta-duvidas-sobre-o-caso\/#primaryimage","url":"https:\/\/portaltela.pt\/s.01k8rhncp4jt1\/2026\/01\/770-podcastideias-feitas-11.jpg","contentUrl":"https:\/\/portaltela.pt\/s.01k8rhncp4jt1\/2026\/01\/770-podcastideias-feitas-11.jpg","width":796,"height":448,"caption":"Capa do programa"},{"@type":"BreadcrumbList","@id":"https:\/\/portaltela.pt\/noticias\/2026\/01\/21\/desaparecimento-da-acusacao-de-assedio-levanta-duvidas-sobre-o-caso\/#breadcrumb","itemListElement":[{"@type":"ListItem","position":1,"name":"In\u00edcio","item":"https:\/\/portaltela.pt\/"},{"@type":"ListItem","position":2,"name":"Desaparecimento da acusa\u00e7\u00e3o de ass\u00e9dio levanta d\u00favidas sobre o caso"}]},{"@type":"WebSite","@id":"https:\/\/portaltela.pt\/#website","url":"https:\/\/portaltela.pt\/","name":"Portal Tela Portugal","description":"","potentialAction":[{"@type":"SearchAction","target":{"@type":"EntryPoint","urlTemplate":"https:\/\/portaltela.pt\/?s={search_term_string}"},"query-input":{"@type":"PropertyValueSpecification","valueRequired":true,"valueName":"search_term_string"}}],"inLanguage":"pt-PT"},{"@type":"Person","@id":"https:\/\/portaltela.pt\/#\/schema\/person\/c4278d4a6028830caff9ee44b42d32ed","name":"Telinha","image":{"@type":"ImageObject","inLanguage":"pt-PT","@id":"https:\/\/portaltela.pt\/s.01k8rhncp4jt1\/2025\/11\/talking-bot-125x125.png","url":"https:\/\/portaltela.pt\/s.01k8rhncp4jt1\/2025\/11\/talking-bot-125x125.png","contentUrl":"https:\/\/portaltela.pt\/s.01k8rhncp4jt1\/2025\/11\/talking-bot-125x125.png","caption":"Telinha"},"sameAs":["https:\/\/portaltela.pt\/"],"url":"https:\/\/portaltela.pt\/por\/367410592786\/"}]}},"_links":{"self":[{"href":"https:\/\/portaltela.pt\/api\/wp\/v2\/posts\/164136","targetHints":{"allow":["GET"]}}],"collection":[{"href":"https:\/\/portaltela.pt\/api\/wp\/v2\/posts"}],"about":[{"href":"https:\/\/portaltela.pt\/api\/wp\/v2\/types\/post"}],"author":[{"embeddable":true,"href":"https:\/\/portaltela.pt\/api\/wp\/v2\/users\/2"}],"replies":[{"embeddable":true,"href":"https:\/\/portaltela.pt\/api\/wp\/v2\/comments?post=164136"}],"version-history":[{"count":0,"href":"https:\/\/portaltela.pt\/api\/wp\/v2\/posts\/164136\/revisions"}],"wp:featuredmedia":[{"embeddable":true,"href":"https:\/\/portaltela.pt\/api\/wp\/v2\/media\/164140"}],"wp:attachment":[{"href":"https:\/\/portaltela.pt\/api\/wp\/v2\/media?parent=164136"}],"wp:term":[{"taxonomy":"category","embeddable":true,"href":"https:\/\/portaltela.pt\/api\/wp\/v2\/categories?post=164136"},{"taxonomy":"post_tag","embeddable":true,"href":"https:\/\/portaltela.pt\/api\/wp\/v2\/tags?post=164136"}],"curies":[{"name":"wp","href":"https:\/\/api.w.org\/{rel}","templated":true}]}}