{"id":163960,"date":"2026-01-22T12:45:00","date_gmt":"2026-01-22T15:45:00","guid":{"rendered":"https:\/\/portaltela.pt\/noticias\/2026\/01\/22\/protejo-alerta-para-foco-de-poluicao-entre-fratel-e-barca-da-amieira\/"},"modified":"2026-01-22T12:45:00","modified_gmt":"2026-01-22T15:45:00","slug":"protejo-alerta-para-foco-de-poluicao-entre-fratel-e-barca-da-amieira","status":"publish","type":"post","link":"https:\/\/portaltela.pt\/noticias\/2026\/01\/22\/protejo-alerta-para-foco-de-poluicao-entre-fratel-e-barca-da-amieira\/","title":{"rendered":"ProTejo alerta para foco de polui\u00e7\u00e3o entre Fratel e Barca da Amieira"},"content":{"rendered":"<p>O proTEJO \u2013 Movimento pelo Tejo alertou que surgiu um foco de polui\u00e7\u00e3o de forma regular nos \u00faltimos dias entre a barragem do Fratel e a Barca da Amieira do Tejo. A den\u00fancia foi publicada pelo grupo na sua p\u00e1gina na Internet.<\/p>\n<p>Segundo a organiza\u00e7\u00e3o, a polui\u00e7\u00e3o poder\u00e1 ter origem em descargas de efluentes localizadas a montante da Barca da Amieira, no concelho de Nisa, no distrito de Portalegre. Os ambientalistas pedem investiga\u00e7\u00f5es para confirmar a origem do problema.<\/p>\n<p>O movimento j\u00e1 comunicou o atendimento da situa\u00e7\u00e3o \u00e0 IGAMAOT e \u00e0 APA, solicitando interven\u00e7\u00e3o para conter o surto de polui\u00e7\u00e3o no rio Tejo. Tamb\u00e9m pleiteiam an\u00e1lises regulares da \u00e1gua, sobretudo a montante da Barca da Amieira do Tejo, incluindo a verifica\u00e7\u00e3o de fibras de celulose.<\/p>\n<p>Entre as medidas solicitadas est\u00e3o equipas de fiscaliza\u00e7\u00e3o direcionadas ao local, para detetar descargas de efluentes urbanos ou industriais que n\u00e3o cumpram os par\u00e2metros das licen\u00e7as, bem como um agendamento da Comiss\u00e3o de Acompanhamento sobre Polui\u00e7\u00e3o do rio Tejo.<\/p>\n<p>O ProTejo afirma que permanecer\u00e1 vigilante e requer informa\u00e7\u00f5es sobre as a\u00e7\u00f5es em curso por parte do Minist\u00e9rio do Ambiente e da Energia, da APA, da IGAMAOT e do Servi\u00e7o de Prote\u00e7\u00e3o da Natureza e do Ambiente.<\/p>\n","protected":false},"excerpt":{"rendered":"<ul>\n<li>O ProTEJO alertou para um foco de polui\u00e7\u00e3o que tem surgido de forma regular no Tejo entre a barragem de Fratel e a Barca da Amieira, nos \u00faltimos dias, entre s\u00e1bado e segunda-feira.<\/li>\n<li>Suspeita-se que a polui\u00e7\u00e3o possa ter origem em descargas de efluentes situadas a montante da Barca da Amieira, no concelho de Nisa, distrito de Portalegre.<\/li>\n<li>O movimento j\u00e1 denunciou o facto \u00e0 Inspe\u00e7\u00e3o-Geral da Agricultura, do Mar, do Ambiente e do Ordenamento do Territ\u00f3rio (IGAMAOT) e \u00e0 Ag\u00eancia Portuguesa do Ambiente (APA), solicitando interven\u00e7\u00e3o para conter o surto.<\/li>\n<li>Pedem an\u00e1lises regulares da qualidade da \u00e1gua a montante da Barca da Amieira, incluindo verifica\u00e7\u00e3o de fibras de celulose, e o destacamento de equipas de fiscaliza\u00e7\u00e3o para detetar descargas n\u00e3o conformes.<\/li>\n<li>Requerem o agendamento de uma reuni\u00e3o da Comiss\u00e3o de Acompanhamento sobre Polui\u00e7\u00e3o do Tejo e a monitoriza\u00e7\u00e3o das a\u00e7\u00f5es do Minist\u00e9rio do Ambiente e da APA, IGAMAOT e do Servi\u00e7o de Prote\u00e7\u00e3o da Natureza e do Ambiente.<\/li>\n<\/ul>\n","protected":false},"author":2,"featured_media":163991,"comment_status":"closed","ping_status":"closed","sticky":false,"template":"","format":"standard","meta":{"footnotes":""},"categories":[1],"tags":[1503,1090,45,3854,3750,1075],"class_list":["post-163960","post","type-post","status-publish","format-standard","has-post-thumbnail","hentry","category-noticias","tag-abastecimento-de-agua","tag-agua","tag-meio-ambiente","tag-nisa","tag-poluicao-ambiental","tag-portalegre"],"yoast_head":"<!-- This site is optimized with the Yoast SEO plugin v27.2 - https:\/\/yoast.com\/product\/yoast-seo-wordpress\/ -->\n<title>ProTejo alerta para foco de polui\u00e7\u00e3o entre Fratel e Barca da Amieira - Portal Tela Portugal<\/title>\n<meta name=\"robots\" content=\"index, follow, max-snippet:-1, max-image-preview:large, max-video-preview:-1\" \/>\n<meta property=\"og:locale\" content=\"pt_PT\" \/>\n<meta property=\"og:type\" content=\"article\" \/>\n<meta property=\"og:title\" content=\"ProTejo alerta para foco de polui\u00e7\u00e3o entre Fratel e Barca da Amieira - Portal Tela Portugal\" \/>\n<meta property=\"og:description\" content=\"O ProTEJO alertou para um foco de polui\u00e7\u00e3o que tem surgido de forma regular no Tejo entre a barragem de Fratel e a Barca da Amieira, nos \u00faltimos dias, entre s\u00e1bado e segunda-feira. Suspeita-se que a polui\u00e7\u00e3o possa ter origem em descargas de efluentes situadas a montante da Barca da Amieira, no concelho de Nisa, distrito de Portalegre. O movimento j\u00e1 denunciou o facto \u00e0 Inspe\u00e7\u00e3o-Geral da Agricultura, do Mar, do Ambiente e do Ordenamento do Territ\u00f3rio (IGAMAOT) e \u00e0 Ag\u00eancia Portuguesa do Ambiente (APA), solicitando interven\u00e7\u00e3o para conter o surto. Pedem an\u00e1lises regulares da qualidade da \u00e1gua a montante da Barca da Amieira, incluindo verifica\u00e7\u00e3o de fibras de celulose, e o destacamento de equipas de fiscaliza\u00e7\u00e3o para detetar descargas n\u00e3o conformes. Requerem o agendamento de uma reuni\u00e3o da Comiss\u00e3o de Acompanhamento sobre Polui\u00e7\u00e3o do Tejo e a monitoriza\u00e7\u00e3o das a\u00e7\u00f5es do Minist\u00e9rio do Ambiente e da APA, IGAMAOT e do Servi\u00e7o de Prote\u00e7\u00e3o da Natureza e do Ambiente.\" \/>\n<meta property=\"og:url\" content=\"https:\/\/portaltela.pt\/noticias\/2026\/01\/22\/protejo-alerta-para-foco-de-poluicao-entre-fratel-e-barca-da-amieira\/\" \/>\n<meta property=\"og:site_name\" content=\"Portal Tela Portugal\" \/>\n<meta property=\"article:published_time\" content=\"2026-01-22T15:45:00+00:00\" \/>\n<meta name=\"author\" content=\"Telinha\" \/>\n<meta name=\"twitter:card\" content=\"summary_large_image\" \/>\n<meta name=\"twitter:label1\" content=\"Escrito por\" \/>\n\t<meta name=\"twitter:data1\" content=\"Telinha\" \/>\n\t<meta name=\"twitter:label2\" content=\"Tempo estimado de leitura\" \/>\n\t<meta name=\"twitter:data2\" content=\"1 minuto\" \/>\n<script type=\"application\/ld+json\" class=\"yoast-schema-graph\">{\"@context\":\"https:\/\/schema.org\",\"@graph\":[{\"@type\":\"Article\",\"@id\":\"https:\/\/portaltela.pt\/noticias\/2026\/01\/22\/protejo-alerta-para-foco-de-poluicao-entre-fratel-e-barca-da-amieira\/#article\",\"isPartOf\":{\"@id\":\"https:\/\/portaltela.pt\/noticias\/2026\/01\/22\/protejo-alerta-para-foco-de-poluicao-entre-fratel-e-barca-da-amieira\/\"},\"author\":{\"name\":\"Telinha\",\"@id\":\"https:\/\/portaltela.pt\/#\/schema\/person\/c4278d4a6028830caff9ee44b42d32ed\"},\"headline\":\"ProTejo alerta para foco de polui\u00e7\u00e3o entre Fratel e Barca da Amieira\",\"datePublished\":\"2026-01-22T15:45:00+00:00\",\"mainEntityOfPage\":{\"@id\":\"https:\/\/portaltela.pt\/noticias\/2026\/01\/22\/protejo-alerta-para-foco-de-poluicao-entre-fratel-e-barca-da-amieira\/\"},\"wordCount\":235,\"image\":{\"@id\":\"https:\/\/portaltela.pt\/noticias\/2026\/01\/22\/protejo-alerta-para-foco-de-poluicao-entre-fratel-e-barca-da-amieira\/#primaryimage\"},\"thumbnailUrl\":\"https:\/\/portaltela.pt\/s.01k8rhncp4jt1\/2026\/01\/imagem_odigital-1200-x-675-px-3840-x-2160-px-9-scaled-1.jpg\",\"keywords\":[\"abastecimento de \u00e1gua\",\"\u00e1gua\",\"meio-ambiente\",\"Nisa\",\"polui\u00e7\u00e3o ambiental\",\"Portalegre\"],\"articleSection\":[\"Not\u00edcias\"],\"inLanguage\":\"pt-PT\"},{\"@type\":\"WebPage\",\"@id\":\"https:\/\/portaltela.pt\/noticias\/2026\/01\/22\/protejo-alerta-para-foco-de-poluicao-entre-fratel-e-barca-da-amieira\/\",\"url\":\"https:\/\/portaltela.pt\/noticias\/2026\/01\/22\/protejo-alerta-para-foco-de-poluicao-entre-fratel-e-barca-da-amieira\/\",\"name\":\"ProTejo alerta para foco de polui\u00e7\u00e3o entre Fratel e Barca da Amieira - Portal Tela Portugal\",\"isPartOf\":{\"@id\":\"https:\/\/portaltela.pt\/#website\"},\"primaryImageOfPage\":{\"@id\":\"https:\/\/portaltela.pt\/noticias\/2026\/01\/22\/protejo-alerta-para-foco-de-poluicao-entre-fratel-e-barca-da-amieira\/#primaryimage\"},\"image\":{\"@id\":\"https:\/\/portaltela.pt\/noticias\/2026\/01\/22\/protejo-alerta-para-foco-de-poluicao-entre-fratel-e-barca-da-amieira\/#primaryimage\"},\"thumbnailUrl\":\"https:\/\/portaltela.pt\/s.01k8rhncp4jt1\/2026\/01\/imagem_odigital-1200-x-675-px-3840-x-2160-px-9-scaled-1.jpg\",\"datePublished\":\"2026-01-22T15:45:00+00:00\",\"author\":{\"@id\":\"https:\/\/portaltela.pt\/#\/schema\/person\/c4278d4a6028830caff9ee44b42d32ed\"},\"breadcrumb\":{\"@id\":\"https:\/\/portaltela.pt\/noticias\/2026\/01\/22\/protejo-alerta-para-foco-de-poluicao-entre-fratel-e-barca-da-amieira\/#breadcrumb\"},\"inLanguage\":\"pt-PT\",\"potentialAction\":[{\"@type\":\"ReadAction\",\"target\":[\"https:\/\/portaltela.pt\/noticias\/2026\/01\/22\/protejo-alerta-para-foco-de-poluicao-entre-fratel-e-barca-da-amieira\/\"]}]},{\"@type\":\"ImageObject\",\"inLanguage\":\"pt-PT\",\"@id\":\"https:\/\/portaltela.pt\/noticias\/2026\/01\/22\/protejo-alerta-para-foco-de-poluicao-entre-fratel-e-barca-da-amieira\/#primaryimage\",\"url\":\"https:\/\/portaltela.pt\/s.01k8rhncp4jt1\/2026\/01\/imagem_odigital-1200-x-675-px-3840-x-2160-px-9-scaled-1.jpg\",\"contentUrl\":\"https:\/\/portaltela.pt\/s.01k8rhncp4jt1\/2026\/01\/imagem_odigital-1200-x-675-px-3840-x-2160-px-9-scaled-1.jpg\",\"width\":796,\"height\":448,\"caption\":\"ProTejo alerta para foco de polui\u00e7\u00e3o entre barragem do Fratel e Barca da Amieira\"},{\"@type\":\"BreadcrumbList\",\"@id\":\"https:\/\/portaltela.pt\/noticias\/2026\/01\/22\/protejo-alerta-para-foco-de-poluicao-entre-fratel-e-barca-da-amieira\/#breadcrumb\",\"itemListElement\":[{\"@type\":\"ListItem\",\"position\":1,\"name\":\"In\u00edcio\",\"item\":\"https:\/\/portaltela.pt\/\"},{\"@type\":\"ListItem\",\"position\":2,\"name\":\"ProTejo alerta para foco de polui\u00e7\u00e3o entre Fratel e Barca da Amieira\"}]},{\"@type\":\"WebSite\",\"@id\":\"https:\/\/portaltela.pt\/#website\",\"url\":\"https:\/\/portaltela.pt\/\",\"name\":\"Portal Tela Portugal\",\"description\":\"\",\"potentialAction\":[{\"@type\":\"SearchAction\",\"target\":{\"@type\":\"EntryPoint\",\"urlTemplate\":\"https:\/\/portaltela.pt\/?s={search_term_string}\"},\"query-input\":{\"@type\":\"PropertyValueSpecification\",\"valueRequired\":true,\"valueName\":\"search_term_string\"}}],\"inLanguage\":\"pt-PT\"},{\"@type\":\"Person\",\"@id\":\"https:\/\/portaltela.pt\/#\/schema\/person\/c4278d4a6028830caff9ee44b42d32ed\",\"name\":\"Telinha\",\"image\":{\"@type\":\"ImageObject\",\"inLanguage\":\"pt-PT\",\"@id\":\"https:\/\/portaltela.pt\/s.01k8rhncp4jt1\/2025\/11\/talking-bot-125x125.png\",\"url\":\"https:\/\/portaltela.pt\/s.01k8rhncp4jt1\/2025\/11\/talking-bot-125x125.png\",\"contentUrl\":\"https:\/\/portaltela.pt\/s.01k8rhncp4jt1\/2025\/11\/talking-bot-125x125.png\",\"caption\":\"Telinha\"},\"sameAs\":[\"https:\/\/portaltela.pt\/\"],\"url\":\"https:\/\/portaltela.pt\/por\/367410592786\/\"}]}<\/script>\n<!-- \/ Yoast SEO plugin. -->","yoast_head_json":{"title":"ProTejo alerta para foco de polui\u00e7\u00e3o entre Fratel e Barca da Amieira - Portal Tela Portugal","robots":{"index":"index","follow":"follow","max-snippet":"max-snippet:-1","max-image-preview":"max-image-preview:large","max-video-preview":"max-video-preview:-1"},"og_locale":"pt_PT","og_type":"article","og_title":"ProTejo alerta para foco de polui\u00e7\u00e3o entre Fratel e Barca da Amieira - Portal Tela Portugal","og_description":"O ProTEJO alertou para um foco de polui\u00e7\u00e3o que tem surgido de forma regular no Tejo entre a barragem de Fratel e a Barca da Amieira, nos \u00faltimos dias, entre s\u00e1bado e segunda-feira. Suspeita-se que a polui\u00e7\u00e3o possa ter origem em descargas de efluentes situadas a montante da Barca da Amieira, no concelho de Nisa, distrito de Portalegre. O movimento j\u00e1 denunciou o facto \u00e0 Inspe\u00e7\u00e3o-Geral da Agricultura, do Mar, do Ambiente e do Ordenamento do Territ\u00f3rio (IGAMAOT) e \u00e0 Ag\u00eancia Portuguesa do Ambiente (APA), solicitando interven\u00e7\u00e3o para conter o surto. Pedem an\u00e1lises regulares da qualidade da \u00e1gua a montante da Barca da Amieira, incluindo verifica\u00e7\u00e3o de fibras de celulose, e o destacamento de equipas de fiscaliza\u00e7\u00e3o para detetar descargas n\u00e3o conformes. Requerem o agendamento de uma reuni\u00e3o da Comiss\u00e3o de Acompanhamento sobre Polui\u00e7\u00e3o do Tejo e a monitoriza\u00e7\u00e3o das a\u00e7\u00f5es do Minist\u00e9rio do Ambiente e da APA, IGAMAOT e do Servi\u00e7o de Prote\u00e7\u00e3o da Natureza e do Ambiente.","og_url":"https:\/\/portaltela.pt\/noticias\/2026\/01\/22\/protejo-alerta-para-foco-de-poluicao-entre-fratel-e-barca-da-amieira\/","og_site_name":"Portal Tela Portugal","article_published_time":"2026-01-22T15:45:00+00:00","author":"Telinha","twitter_card":"summary_large_image","twitter_misc":{"Escrito por":"Telinha","Tempo estimado de leitura":"1 minuto"},"schema":{"@context":"https:\/\/schema.org","@graph":[{"@type":"Article","@id":"https:\/\/portaltela.pt\/noticias\/2026\/01\/22\/protejo-alerta-para-foco-de-poluicao-entre-fratel-e-barca-da-amieira\/#article","isPartOf":{"@id":"https:\/\/portaltela.pt\/noticias\/2026\/01\/22\/protejo-alerta-para-foco-de-poluicao-entre-fratel-e-barca-da-amieira\/"},"author":{"name":"Telinha","@id":"https:\/\/portaltela.pt\/#\/schema\/person\/c4278d4a6028830caff9ee44b42d32ed"},"headline":"ProTejo alerta para foco de polui\u00e7\u00e3o entre Fratel e Barca da Amieira","datePublished":"2026-01-22T15:45:00+00:00","mainEntityOfPage":{"@id":"https:\/\/portaltela.pt\/noticias\/2026\/01\/22\/protejo-alerta-para-foco-de-poluicao-entre-fratel-e-barca-da-amieira\/"},"wordCount":235,"image":{"@id":"https:\/\/portaltela.pt\/noticias\/2026\/01\/22\/protejo-alerta-para-foco-de-poluicao-entre-fratel-e-barca-da-amieira\/#primaryimage"},"thumbnailUrl":"https:\/\/portaltela.pt\/s.01k8rhncp4jt1\/2026\/01\/imagem_odigital-1200-x-675-px-3840-x-2160-px-9-scaled-1.jpg","keywords":["abastecimento de \u00e1gua","\u00e1gua","meio-ambiente","Nisa","polui\u00e7\u00e3o ambiental","Portalegre"],"articleSection":["Not\u00edcias"],"inLanguage":"pt-PT"},{"@type":"WebPage","@id":"https:\/\/portaltela.pt\/noticias\/2026\/01\/22\/protejo-alerta-para-foco-de-poluicao-entre-fratel-e-barca-da-amieira\/","url":"https:\/\/portaltela.pt\/noticias\/2026\/01\/22\/protejo-alerta-para-foco-de-poluicao-entre-fratel-e-barca-da-amieira\/","name":"ProTejo alerta para foco de polui\u00e7\u00e3o entre Fratel e Barca da Amieira - Portal Tela Portugal","isPartOf":{"@id":"https:\/\/portaltela.pt\/#website"},"primaryImageOfPage":{"@id":"https:\/\/portaltela.pt\/noticias\/2026\/01\/22\/protejo-alerta-para-foco-de-poluicao-entre-fratel-e-barca-da-amieira\/#primaryimage"},"image":{"@id":"https:\/\/portaltela.pt\/noticias\/2026\/01\/22\/protejo-alerta-para-foco-de-poluicao-entre-fratel-e-barca-da-amieira\/#primaryimage"},"thumbnailUrl":"https:\/\/portaltela.pt\/s.01k8rhncp4jt1\/2026\/01\/imagem_odigital-1200-x-675-px-3840-x-2160-px-9-scaled-1.jpg","datePublished":"2026-01-22T15:45:00+00:00","author":{"@id":"https:\/\/portaltela.pt\/#\/schema\/person\/c4278d4a6028830caff9ee44b42d32ed"},"breadcrumb":{"@id":"https:\/\/portaltela.pt\/noticias\/2026\/01\/22\/protejo-alerta-para-foco-de-poluicao-entre-fratel-e-barca-da-amieira\/#breadcrumb"},"inLanguage":"pt-PT","potentialAction":[{"@type":"ReadAction","target":["https:\/\/portaltela.pt\/noticias\/2026\/01\/22\/protejo-alerta-para-foco-de-poluicao-entre-fratel-e-barca-da-amieira\/"]}]},{"@type":"ImageObject","inLanguage":"pt-PT","@id":"https:\/\/portaltela.pt\/noticias\/2026\/01\/22\/protejo-alerta-para-foco-de-poluicao-entre-fratel-e-barca-da-amieira\/#primaryimage","url":"https:\/\/portaltela.pt\/s.01k8rhncp4jt1\/2026\/01\/imagem_odigital-1200-x-675-px-3840-x-2160-px-9-scaled-1.jpg","contentUrl":"https:\/\/portaltela.pt\/s.01k8rhncp4jt1\/2026\/01\/imagem_odigital-1200-x-675-px-3840-x-2160-px-9-scaled-1.jpg","width":796,"height":448,"caption":"ProTejo alerta para foco de polui\u00e7\u00e3o entre barragem do Fratel e Barca da Amieira"},{"@type":"BreadcrumbList","@id":"https:\/\/portaltela.pt\/noticias\/2026\/01\/22\/protejo-alerta-para-foco-de-poluicao-entre-fratel-e-barca-da-amieira\/#breadcrumb","itemListElement":[{"@type":"ListItem","position":1,"name":"In\u00edcio","item":"https:\/\/portaltela.pt\/"},{"@type":"ListItem","position":2,"name":"ProTejo alerta para foco de polui\u00e7\u00e3o entre Fratel e Barca da Amieira"}]},{"@type":"WebSite","@id":"https:\/\/portaltela.pt\/#website","url":"https:\/\/portaltela.pt\/","name":"Portal Tela Portugal","description":"","potentialAction":[{"@type":"SearchAction","target":{"@type":"EntryPoint","urlTemplate":"https:\/\/portaltela.pt\/?s={search_term_string}"},"query-input":{"@type":"PropertyValueSpecification","valueRequired":true,"valueName":"search_term_string"}}],"inLanguage":"pt-PT"},{"@type":"Person","@id":"https:\/\/portaltela.pt\/#\/schema\/person\/c4278d4a6028830caff9ee44b42d32ed","name":"Telinha","image":{"@type":"ImageObject","inLanguage":"pt-PT","@id":"https:\/\/portaltela.pt\/s.01k8rhncp4jt1\/2025\/11\/talking-bot-125x125.png","url":"https:\/\/portaltela.pt\/s.01k8rhncp4jt1\/2025\/11\/talking-bot-125x125.png","contentUrl":"https:\/\/portaltela.pt\/s.01k8rhncp4jt1\/2025\/11\/talking-bot-125x125.png","caption":"Telinha"},"sameAs":["https:\/\/portaltela.pt\/"],"url":"https:\/\/portaltela.pt\/por\/367410592786\/"}]}},"_links":{"self":[{"href":"https:\/\/portaltela.pt\/api\/wp\/v2\/posts\/163960","targetHints":{"allow":["GET"]}}],"collection":[{"href":"https:\/\/portaltela.pt\/api\/wp\/v2\/posts"}],"about":[{"href":"https:\/\/portaltela.pt\/api\/wp\/v2\/types\/post"}],"author":[{"embeddable":true,"href":"https:\/\/portaltela.pt\/api\/wp\/v2\/users\/2"}],"replies":[{"embeddable":true,"href":"https:\/\/portaltela.pt\/api\/wp\/v2\/comments?post=163960"}],"version-history":[{"count":0,"href":"https:\/\/portaltela.pt\/api\/wp\/v2\/posts\/163960\/revisions"}],"wp:featuredmedia":[{"embeddable":true,"href":"https:\/\/portaltela.pt\/api\/wp\/v2\/media\/163991"}],"wp:attachment":[{"href":"https:\/\/portaltela.pt\/api\/wp\/v2\/media?parent=163960"}],"wp:term":[{"taxonomy":"category","embeddable":true,"href":"https:\/\/portaltela.pt\/api\/wp\/v2\/categories?post=163960"},{"taxonomy":"post_tag","embeddable":true,"href":"https:\/\/portaltela.pt\/api\/wp\/v2\/tags?post=163960"}],"curies":[{"name":"wp","href":"https:\/\/api.w.org\/{rel}","templated":true}]}}