{"id":163900,"date":"2026-01-22T12:52:00","date_gmt":"2026-01-22T15:52:00","guid":{"rendered":"https:\/\/portaltela.pt\/noticias\/2026\/01\/22\/conselho-de-ministros-discute-aumento-de-comboios-e-modernizacao-dos-transportes\/"},"modified":"2026-01-22T12:52:00","modified_gmt":"2026-01-22T15:52:00","slug":"conselho-de-ministros-discute-aumento-de-comboios-e-modernizacao-dos-transportes","status":"publish","type":"post","link":"https:\/\/portaltela.pt\/noticias\/2026\/01\/22\/conselho-de-ministros-discute-aumento-de-comboios-e-modernizacao-dos-transportes\/","title":{"rendered":"Conselho de Ministros discute aumento de comboios e moderniza\u00e7\u00e3o dos transportes"},"content":{"rendered":"<p>O Governo apresentou, em Conselho de Ministros, um pacote alargado de medidas para modernizar a mobilidade no Pa\u00eds. O foco central est\u00e1 na ferrovia, com apostas em alta velocidade, renova\u00e7\u00e3o de frota e reorganiza\u00e7\u00e3o de servi\u00e7os, bem como em reformas regulat\u00f3rias para simplificar licenciamento, supervis\u00e3o e servi\u00e7os de transporte. As propostas visam tamb\u00e9m ampliar a intermodalidade e acelerar a transi\u00e7\u00e3o digital no setor.<\/p>\n<p>Em termos de investimento, est\u00e1 prevista a aquisi\u00e7\u00e3o de 20 automotoras para alta velocidade, cada uma com capacidade de 500 lugares e velocidades at\u00e9 300 km\/h, num montante de 584 milh\u00f5es de euros. Paralelamente, relan\u00e7a-se o concurso de Oi\u00e3\u2013Soure, da Linha de Alta Velocidade Porto-Lisboa, com cinco anos de desenvolvimento e 25 de disponibilidade, avaliados em 2,4 mil milh\u00f5es de euros.<\/p>\n<p>Tamb\u00e9m se abriu caminho \u00e0 conclus\u00e3o da compra de 153 automotoras, com entrega de 55 comboios regionais e 98 urbanos antecipada para 2031, em vez de 2033. Um investimento adicional de 318 milh\u00f5es de euros permitir\u00e1 entregas a partir de 2029. Al\u00e9m disso, avan\u00e7am os trabalhos de subconcess\u00f5es ferrovi\u00e1rias, com o atual contrato de servi\u00e7o p\u00fablico prorrogado at\u00e9 2034 e decis\u00e3o sobre a primeira subconcess\u00e3o urbana prevista para o primeiro semestre.<\/p>\n<h3>Ferrovia<\/h3>\n<p>As meninas do setor tamb\u00e9m abriram a porta a mudan\u00e7as estruturais na gest\u00e3o e supervis\u00e3o. Foi aprovado um regime regulat\u00f3rio que define licenciamento por modo de transporte, introduz san\u00e7\u00f5es e simplifica a legisla\u00e7\u00e3o. O IMT passa a ser a entidade licenciadora e fiscalizadora, com sistema mais uniforme para metropolitanos, redes ferrovi\u00e1rias isoladas, elevadores e funiculares.<\/p>\n<p>No que toca a infraestruturas, o Governo refor\u00e7a a supervis\u00e3o de passagens de n\u00edvel, com maior exig\u00eancia na supress\u00e3o de travessias desnecess\u00e1rias, clarifica\u00e7\u00e3o de responsabilidades entre gestores rodovi\u00e1rios e ferrovi\u00e1rios e possibilidade de videovigil\u00e2ncia adicional. O objetivo \u00e9 reduzir riscos para pessoas e bens.<\/p>\n<h3>Moderniza\u00e7\u00e3o<\/h3>\n<p>O Conselho de Ministros aprovou a Lei Org\u00e2nica do IMT, reconhecendo a complexidade regulat\u00f3ria e promovendo a melhoria da supervis\u00e3o e fiscaliza\u00e7\u00e3o. Entre as medidas, destacam-se pr\u00e9mios de produtividade, cria\u00e7\u00e3o de uma carreira de inspetor e a transfer\u00eancia de balc\u00f5es do IMT para as Lojas de Cidad\u00e3o.<\/p>\n<p>Outra medida-chave foi a cria\u00e7\u00e3o do Sistema Integrado de Mobilidade (SIM), uma plataforma \u00fanica do IMT para substituir v\u00e1rias ferramentas dispersas, com servi\u00e7os j\u00e1 dispon\u00edveis como licenciamento e registo de ve\u00edculos. O SIM prioriza a rela\u00e7\u00e3o com empresas e disponibiliza processos digitais.<\/p>\n<h3>Financiamento e infraestrutura<\/h3>\n<p>O Fundo para a Mobilidade e Transportes recebe uma redefini\u00e7\u00e3o de \u00e2mbito, passando a apoiar tamb\u00e9m operadores de passageiros e mercadorias, com 15 milh\u00f5es de euros em 2026 previstos, ap\u00f3s ter mobilizado cerca de 9 milh\u00f5es em 2025 para descarboniza\u00e7\u00e3o, bilh\u00e9tica digital e melhoria de infraestrutura.<\/p>\n<p>Os centros de inspe\u00e7\u00e3o de ve\u00edculos ganham novos contornos, com instala\u00e7\u00e3o facilitada em regi\u00f5es de baixa densidade e concursos lan\u00e7ados pelos munic\u00edpios, atrav\u00e9s do IMT. A medida pretende reduzir tempos de resposta e transferir 20 mil inspe\u00e7\u00f5es anuais para a rede de centros.<\/p>\n<h3>Ve\u00edculos e inova\u00e7\u00e3o<\/h3>\n<p>Um regime geral para transforma\u00e7\u00e3o de ve\u00edculos simplifica o quadro regulamentar, abrindo caminho \u00e0 remotoriza\u00e7\u00e3o de combust\u00e3o para el\u00e9tricos. No \u00e2mbito da inova\u00e7\u00e3o, foi definido o licenciamento de testes com ve\u00edculos aut\u00f3nomos em via p\u00fablica, com valida\u00e7\u00e3o t\u00e9cnica pelo IMT e parecer das autarquias sobre percursos.<\/p>\n<p>Altera\u00e7\u00f5es ao rental de autom\u00f3veis e de mercadorias preveem contratos digitais e uma extens\u00e3o da idade m\u00e1xima dos ve\u00edculos de rent-a-cargo, de cinco para 15 anos. No transporte de mercadorias, aumenta o peso e o comprimento dos ve\u00edculos euro-modulares, aproximando-se do modelo espanhol, com avan\u00e7os para a efici\u00eancia econ\u00f3mica e ambiental.<\/p>\n<h3>Direitos dos passageiros e mobilidade sustent\u00e1vel<\/h3>\n<p>Medidas refor\u00e7am a prote\u00e7\u00e3o dos direitos dos passageiros em casos de atraso ou suspens\u00e3o de servi\u00e7os, com foco especial em mobilidade para pessoas com defici\u00eancia. Tamb\u00e9m foi delineado um Quadro de A\u00e7\u00e3o Nacional para infraestruturas de combust\u00edveis alternativos, em conformidade com normas europeias, para acelerar a rede de carregamento e abastecimento.<\/p>\n<h3>Lei de bases e vis\u00e3o estrat\u00e9gica<\/h3>\n<p>Por fim, o Governo avan\u00e7a com a revis\u00e3o da Lei de Bases da Mobilidade, pedindo \u00e0 AMT uma proposta de nova lei. O objetivo \u00e9 substituir a Lei de 1990, promovendo uma vis\u00e3o integrada de mobilidade sustent\u00e1vel, alinhada ao Acordo de Paris e ao Pacto Ecol\u00f3gico Europeu.<\/p>\n","protected":false},"excerpt":{"rendered":"<ul>\n<li>Governo autoriza a aquisi\u00e7\u00e3o de vinte automotoras para alta velocidade, com capacidade para 500 lugares e velocidade at\u00e9 300 km\/h, num investimento de 584 milh\u00f5es de euros, preparando a CP para liderar este segmento e criar uma oficina dedicada; relan\u00e7a o tro\u00e7o Oi\u00e3\u2013Soure da Linha de Alta Velocidade Porto-Lisboa, or\u00e7ado em 2,4 mil milh\u00f5es de euros.<\/li>\n<li>Conclus\u00e3o antecipada da compra de 153 automotoras (55 regionais e 98 urbanos), com entrega final em 2031 e primeiras unidades em 2029; investimento adicional de 318 milh\u00f5es de euros.<\/li>\n<li>Avan\u00e7o das subconcess\u00f5es ferrovi\u00e1rias: prorroga\u00e7\u00e3o do Contrato de Servi\u00e7o P\u00fablico at\u00e9 2034 e decis\u00e3o sobre a primeira subconcess\u00e3o de servi\u00e7os urbanos ainda no primeiro semestre; aumento da procura nos servi\u00e7os urbanos desde 2015, destacando Sintra\/Azambuja e Cascais.<\/li>\n<li>Refor\u00e7o regulat\u00f3rio e de governa\u00e7\u00e3o: aprova\u00e7\u00e3o da Lei Org\u00e2nica do Instituto da Mobilidade e dos Transportes (IMT) e cria\u00e7\u00e3o do Sistema Integrado de Mobilidade; alargamento do Fundo para a Mobilidade e Transportes para incluir operadores de passageiros e mercadorias.<\/li>\n<li>Moderniza\u00e7\u00e3o e inova\u00e7\u00e3o: facilita\u00e7\u00e3o de centros de inspe\u00e7\u00e3o em zonas de baixa densidade; novo regime de transforma\u00e7\u00e3o de ve\u00edculos; licenciamento de testes com ve\u00edculos aut\u00f3nomos; altera\u00e7\u00f5es a regimes de rent-a-car, euro-modulares e habilita\u00e7\u00e3o de condu\u00e7\u00e3o em l\u00edngua estrangeira; foco em seguran\u00e7a, interoperabilidade e descarboniza\u00e7\u00e3o.<\/li>\n<\/ul>\n","protected":false},"author":2,"featured_media":163901,"comment_status":"closed","ping_status":"closed","sticky":false,"template":"","format":"standard","meta":{"footnotes":""},"categories":[1],"tags":[1867,3850,1615,2110,3263,192],"class_list":["post-163900","post","type-post","status-publish","format-standard","has-post-thumbnail","hentry","category-noticias","tag-digitalizacao","tag-direitos-dos-passageiros-e-mobilidade-sustentavel","tag-infraestrutura","tag-mobilidade","tag-mobilidade-urbana","tag-transporte"],"yoast_head":"<!-- This site is optimized with the Yoast SEO plugin v27.2 - https:\/\/yoast.com\/product\/yoast-seo-wordpress\/ -->\n<title>Conselho de Ministros discute aumento de comboios e moderniza\u00e7\u00e3o dos transportes - Portal Tela Portugal<\/title>\n<meta name=\"robots\" content=\"index, follow, max-snippet:-1, max-image-preview:large, max-video-preview:-1\" \/>\n<meta property=\"og:locale\" content=\"pt_PT\" \/>\n<meta property=\"og:type\" content=\"article\" \/>\n<meta property=\"og:title\" content=\"Conselho de Ministros discute aumento de comboios e moderniza\u00e7\u00e3o dos transportes - Portal Tela Portugal\" \/>\n<meta property=\"og:description\" content=\"Governo autoriza a aquisi\u00e7\u00e3o de vinte automotoras para alta velocidade, com capacidade para 500 lugares e velocidade at\u00e9 300 km\/h, num investimento de 584 milh\u00f5es de euros, preparando a CP para liderar este segmento e criar uma oficina dedicada; relan\u00e7a o tro\u00e7o Oi\u00e3\u2013Soure da Linha de Alta Velocidade Porto-Lisboa, or\u00e7ado em 2,4 mil milh\u00f5es de euros. Conclus\u00e3o antecipada da compra de 153 automotoras (55 regionais e 98 urbanos), com entrega final em 2031 e primeiras unidades em 2029; investimento adicional de 318 milh\u00f5es de euros. Avan\u00e7o das subconcess\u00f5es ferrovi\u00e1rias: prorroga\u00e7\u00e3o do Contrato de Servi\u00e7o P\u00fablico at\u00e9 2034 e decis\u00e3o sobre a primeira subconcess\u00e3o de servi\u00e7os urbanos ainda no primeiro semestre; aumento da procura nos servi\u00e7os urbanos desde 2015, destacando Sintra\/Azambuja e Cascais. Refor\u00e7o regulat\u00f3rio e de governa\u00e7\u00e3o: aprova\u00e7\u00e3o da Lei Org\u00e2nica do Instituto da Mobilidade e dos Transportes (IMT) e cria\u00e7\u00e3o do Sistema Integrado de Mobilidade; alargamento do Fundo para a Mobilidade e Transportes para incluir operadores de passageiros e mercadorias. Moderniza\u00e7\u00e3o e inova\u00e7\u00e3o: facilita\u00e7\u00e3o de centros de inspe\u00e7\u00e3o em zonas de baixa densidade; novo regime de transforma\u00e7\u00e3o de ve\u00edculos; licenciamento de testes com ve\u00edculos aut\u00f3nomos; altera\u00e7\u00f5es a regimes de rent-a-car, euro-modulares e habilita\u00e7\u00e3o de condu\u00e7\u00e3o em l\u00edngua estrangeira; foco em seguran\u00e7a, interoperabilidade e descarboniza\u00e7\u00e3o.\" \/>\n<meta property=\"og:url\" content=\"https:\/\/portaltela.pt\/noticias\/2026\/01\/22\/conselho-de-ministros-discute-aumento-de-comboios-e-modernizacao-dos-transportes\/\" \/>\n<meta property=\"og:site_name\" content=\"Portal Tela Portugal\" \/>\n<meta property=\"article:published_time\" content=\"2026-01-22T15:52:00+00:00\" \/>\n<meta name=\"author\" content=\"Telinha\" \/>\n<meta name=\"twitter:card\" content=\"summary_large_image\" \/>\n<meta name=\"twitter:label1\" content=\"Escrito por\" \/>\n\t<meta name=\"twitter:data1\" content=\"Telinha\" \/>\n\t<meta name=\"twitter:label2\" content=\"Tempo estimado de leitura\" \/>\n\t<meta name=\"twitter:data2\" content=\"4 minutos\" \/>\n<script type=\"application\/ld+json\" class=\"yoast-schema-graph\">{\"@context\":\"https:\/\/schema.org\",\"@graph\":[{\"@type\":\"Article\",\"@id\":\"https:\/\/portaltela.pt\/noticias\/2026\/01\/22\/conselho-de-ministros-discute-aumento-de-comboios-e-modernizacao-dos-transportes\/#article\",\"isPartOf\":{\"@id\":\"https:\/\/portaltela.pt\/noticias\/2026\/01\/22\/conselho-de-ministros-discute-aumento-de-comboios-e-modernizacao-dos-transportes\/\"},\"author\":{\"name\":\"Telinha\",\"@id\":\"https:\/\/portaltela.pt\/#\/schema\/person\/c4278d4a6028830caff9ee44b42d32ed\"},\"headline\":\"Conselho de Ministros discute aumento de comboios e moderniza\u00e7\u00e3o dos transportes\",\"datePublished\":\"2026-01-22T15:52:00+00:00\",\"mainEntityOfPage\":{\"@id\":\"https:\/\/portaltela.pt\/noticias\/2026\/01\/22\/conselho-de-ministros-discute-aumento-de-comboios-e-modernizacao-dos-transportes\/\"},\"wordCount\":786,\"image\":{\"@id\":\"https:\/\/portaltela.pt\/noticias\/2026\/01\/22\/conselho-de-ministros-discute-aumento-de-comboios-e-modernizacao-dos-transportes\/#primaryimage\"},\"thumbnailUrl\":\"https:\/\/portaltela.pt\/s.01k8rhncp4jt1\/2026\/01\/img_1500x1000uu2025-10-01-10-38-34-2238705.jpg\",\"keywords\":[\"digitaliza\u00e7\u00e3o\",\"Direitos dos passageiros e mobilidade sustent\u00e1vel\",\"infraestrutura\",\"mobilidade\",\"mobilidade urbana\",\"transporte\"],\"articleSection\":[\"Not\u00edcias\"],\"inLanguage\":\"pt-PT\"},{\"@type\":\"WebPage\",\"@id\":\"https:\/\/portaltela.pt\/noticias\/2026\/01\/22\/conselho-de-ministros-discute-aumento-de-comboios-e-modernizacao-dos-transportes\/\",\"url\":\"https:\/\/portaltela.pt\/noticias\/2026\/01\/22\/conselho-de-ministros-discute-aumento-de-comboios-e-modernizacao-dos-transportes\/\",\"name\":\"Conselho de Ministros discute aumento de comboios e moderniza\u00e7\u00e3o dos transportes - Portal Tela Portugal\",\"isPartOf\":{\"@id\":\"https:\/\/portaltela.pt\/#website\"},\"primaryImageOfPage\":{\"@id\":\"https:\/\/portaltela.pt\/noticias\/2026\/01\/22\/conselho-de-ministros-discute-aumento-de-comboios-e-modernizacao-dos-transportes\/#primaryimage\"},\"image\":{\"@id\":\"https:\/\/portaltela.pt\/noticias\/2026\/01\/22\/conselho-de-ministros-discute-aumento-de-comboios-e-modernizacao-dos-transportes\/#primaryimage\"},\"thumbnailUrl\":\"https:\/\/portaltela.pt\/s.01k8rhncp4jt1\/2026\/01\/img_1500x1000uu2025-10-01-10-38-34-2238705.jpg\",\"datePublished\":\"2026-01-22T15:52:00+00:00\",\"author\":{\"@id\":\"https:\/\/portaltela.pt\/#\/schema\/person\/c4278d4a6028830caff9ee44b42d32ed\"},\"breadcrumb\":{\"@id\":\"https:\/\/portaltela.pt\/noticias\/2026\/01\/22\/conselho-de-ministros-discute-aumento-de-comboios-e-modernizacao-dos-transportes\/#breadcrumb\"},\"inLanguage\":\"pt-PT\",\"potentialAction\":[{\"@type\":\"ReadAction\",\"target\":[\"https:\/\/portaltela.pt\/noticias\/2026\/01\/22\/conselho-de-ministros-discute-aumento-de-comboios-e-modernizacao-dos-transportes\/\"]}]},{\"@type\":\"ImageObject\",\"inLanguage\":\"pt-PT\",\"@id\":\"https:\/\/portaltela.pt\/noticias\/2026\/01\/22\/conselho-de-ministros-discute-aumento-de-comboios-e-modernizacao-dos-transportes\/#primaryimage\",\"url\":\"https:\/\/portaltela.pt\/s.01k8rhncp4jt1\/2026\/01\/img_1500x1000uu2025-10-01-10-38-34-2238705.jpg\",\"contentUrl\":\"https:\/\/portaltela.pt\/s.01k8rhncp4jt1\/2026\/01\/img_1500x1000uu2025-10-01-10-38-34-2238705.jpg\",\"width\":796,\"height\":448,\"caption\":\"Transportes p\u00fablicos\"},{\"@type\":\"BreadcrumbList\",\"@id\":\"https:\/\/portaltela.pt\/noticias\/2026\/01\/22\/conselho-de-ministros-discute-aumento-de-comboios-e-modernizacao-dos-transportes\/#breadcrumb\",\"itemListElement\":[{\"@type\":\"ListItem\",\"position\":1,\"name\":\"In\u00edcio\",\"item\":\"https:\/\/portaltela.pt\/\"},{\"@type\":\"ListItem\",\"position\":2,\"name\":\"Conselho de Ministros discute aumento de comboios e moderniza\u00e7\u00e3o dos transportes\"}]},{\"@type\":\"WebSite\",\"@id\":\"https:\/\/portaltela.pt\/#website\",\"url\":\"https:\/\/portaltela.pt\/\",\"name\":\"Portal Tela Portugal\",\"description\":\"\",\"potentialAction\":[{\"@type\":\"SearchAction\",\"target\":{\"@type\":\"EntryPoint\",\"urlTemplate\":\"https:\/\/portaltela.pt\/?s={search_term_string}\"},\"query-input\":{\"@type\":\"PropertyValueSpecification\",\"valueRequired\":true,\"valueName\":\"search_term_string\"}}],\"inLanguage\":\"pt-PT\"},{\"@type\":\"Person\",\"@id\":\"https:\/\/portaltela.pt\/#\/schema\/person\/c4278d4a6028830caff9ee44b42d32ed\",\"name\":\"Telinha\",\"image\":{\"@type\":\"ImageObject\",\"inLanguage\":\"pt-PT\",\"@id\":\"https:\/\/portaltela.pt\/s.01k8rhncp4jt1\/2025\/11\/talking-bot-125x125.png\",\"url\":\"https:\/\/portaltela.pt\/s.01k8rhncp4jt1\/2025\/11\/talking-bot-125x125.png\",\"contentUrl\":\"https:\/\/portaltela.pt\/s.01k8rhncp4jt1\/2025\/11\/talking-bot-125x125.png\",\"caption\":\"Telinha\"},\"sameAs\":[\"https:\/\/portaltela.pt\/\"],\"url\":\"https:\/\/portaltela.pt\/por\/367410592786\/\"}]}<\/script>\n<!-- \/ Yoast SEO plugin. -->","yoast_head_json":{"title":"Conselho de Ministros discute aumento de comboios e moderniza\u00e7\u00e3o dos transportes - Portal Tela Portugal","robots":{"index":"index","follow":"follow","max-snippet":"max-snippet:-1","max-image-preview":"max-image-preview:large","max-video-preview":"max-video-preview:-1"},"og_locale":"pt_PT","og_type":"article","og_title":"Conselho de Ministros discute aumento de comboios e moderniza\u00e7\u00e3o dos transportes - Portal Tela Portugal","og_description":"Governo autoriza a aquisi\u00e7\u00e3o de vinte automotoras para alta velocidade, com capacidade para 500 lugares e velocidade at\u00e9 300 km\/h, num investimento de 584 milh\u00f5es de euros, preparando a CP para liderar este segmento e criar uma oficina dedicada; relan\u00e7a o tro\u00e7o Oi\u00e3\u2013Soure da Linha de Alta Velocidade Porto-Lisboa, or\u00e7ado em 2,4 mil milh\u00f5es de euros. Conclus\u00e3o antecipada da compra de 153 automotoras (55 regionais e 98 urbanos), com entrega final em 2031 e primeiras unidades em 2029; investimento adicional de 318 milh\u00f5es de euros. Avan\u00e7o das subconcess\u00f5es ferrovi\u00e1rias: prorroga\u00e7\u00e3o do Contrato de Servi\u00e7o P\u00fablico at\u00e9 2034 e decis\u00e3o sobre a primeira subconcess\u00e3o de servi\u00e7os urbanos ainda no primeiro semestre; aumento da procura nos servi\u00e7os urbanos desde 2015, destacando Sintra\/Azambuja e Cascais. Refor\u00e7o regulat\u00f3rio e de governa\u00e7\u00e3o: aprova\u00e7\u00e3o da Lei Org\u00e2nica do Instituto da Mobilidade e dos Transportes (IMT) e cria\u00e7\u00e3o do Sistema Integrado de Mobilidade; alargamento do Fundo para a Mobilidade e Transportes para incluir operadores de passageiros e mercadorias. Moderniza\u00e7\u00e3o e inova\u00e7\u00e3o: facilita\u00e7\u00e3o de centros de inspe\u00e7\u00e3o em zonas de baixa densidade; novo regime de transforma\u00e7\u00e3o de ve\u00edculos; licenciamento de testes com ve\u00edculos aut\u00f3nomos; altera\u00e7\u00f5es a regimes de rent-a-car, euro-modulares e habilita\u00e7\u00e3o de condu\u00e7\u00e3o em l\u00edngua estrangeira; foco em seguran\u00e7a, interoperabilidade e descarboniza\u00e7\u00e3o.","og_url":"https:\/\/portaltela.pt\/noticias\/2026\/01\/22\/conselho-de-ministros-discute-aumento-de-comboios-e-modernizacao-dos-transportes\/","og_site_name":"Portal Tela Portugal","article_published_time":"2026-01-22T15:52:00+00:00","author":"Telinha","twitter_card":"summary_large_image","twitter_misc":{"Escrito por":"Telinha","Tempo estimado de leitura":"4 minutos"},"schema":{"@context":"https:\/\/schema.org","@graph":[{"@type":"Article","@id":"https:\/\/portaltela.pt\/noticias\/2026\/01\/22\/conselho-de-ministros-discute-aumento-de-comboios-e-modernizacao-dos-transportes\/#article","isPartOf":{"@id":"https:\/\/portaltela.pt\/noticias\/2026\/01\/22\/conselho-de-ministros-discute-aumento-de-comboios-e-modernizacao-dos-transportes\/"},"author":{"name":"Telinha","@id":"https:\/\/portaltela.pt\/#\/schema\/person\/c4278d4a6028830caff9ee44b42d32ed"},"headline":"Conselho de Ministros discute aumento de comboios e moderniza\u00e7\u00e3o dos transportes","datePublished":"2026-01-22T15:52:00+00:00","mainEntityOfPage":{"@id":"https:\/\/portaltela.pt\/noticias\/2026\/01\/22\/conselho-de-ministros-discute-aumento-de-comboios-e-modernizacao-dos-transportes\/"},"wordCount":786,"image":{"@id":"https:\/\/portaltela.pt\/noticias\/2026\/01\/22\/conselho-de-ministros-discute-aumento-de-comboios-e-modernizacao-dos-transportes\/#primaryimage"},"thumbnailUrl":"https:\/\/portaltela.pt\/s.01k8rhncp4jt1\/2026\/01\/img_1500x1000uu2025-10-01-10-38-34-2238705.jpg","keywords":["digitaliza\u00e7\u00e3o","Direitos dos passageiros e mobilidade sustent\u00e1vel","infraestrutura","mobilidade","mobilidade urbana","transporte"],"articleSection":["Not\u00edcias"],"inLanguage":"pt-PT"},{"@type":"WebPage","@id":"https:\/\/portaltela.pt\/noticias\/2026\/01\/22\/conselho-de-ministros-discute-aumento-de-comboios-e-modernizacao-dos-transportes\/","url":"https:\/\/portaltela.pt\/noticias\/2026\/01\/22\/conselho-de-ministros-discute-aumento-de-comboios-e-modernizacao-dos-transportes\/","name":"Conselho de Ministros discute aumento de comboios e moderniza\u00e7\u00e3o dos transportes - Portal Tela Portugal","isPartOf":{"@id":"https:\/\/portaltela.pt\/#website"},"primaryImageOfPage":{"@id":"https:\/\/portaltela.pt\/noticias\/2026\/01\/22\/conselho-de-ministros-discute-aumento-de-comboios-e-modernizacao-dos-transportes\/#primaryimage"},"image":{"@id":"https:\/\/portaltela.pt\/noticias\/2026\/01\/22\/conselho-de-ministros-discute-aumento-de-comboios-e-modernizacao-dos-transportes\/#primaryimage"},"thumbnailUrl":"https:\/\/portaltela.pt\/s.01k8rhncp4jt1\/2026\/01\/img_1500x1000uu2025-10-01-10-38-34-2238705.jpg","datePublished":"2026-01-22T15:52:00+00:00","author":{"@id":"https:\/\/portaltela.pt\/#\/schema\/person\/c4278d4a6028830caff9ee44b42d32ed"},"breadcrumb":{"@id":"https:\/\/portaltela.pt\/noticias\/2026\/01\/22\/conselho-de-ministros-discute-aumento-de-comboios-e-modernizacao-dos-transportes\/#breadcrumb"},"inLanguage":"pt-PT","potentialAction":[{"@type":"ReadAction","target":["https:\/\/portaltela.pt\/noticias\/2026\/01\/22\/conselho-de-ministros-discute-aumento-de-comboios-e-modernizacao-dos-transportes\/"]}]},{"@type":"ImageObject","inLanguage":"pt-PT","@id":"https:\/\/portaltela.pt\/noticias\/2026\/01\/22\/conselho-de-ministros-discute-aumento-de-comboios-e-modernizacao-dos-transportes\/#primaryimage","url":"https:\/\/portaltela.pt\/s.01k8rhncp4jt1\/2026\/01\/img_1500x1000uu2025-10-01-10-38-34-2238705.jpg","contentUrl":"https:\/\/portaltela.pt\/s.01k8rhncp4jt1\/2026\/01\/img_1500x1000uu2025-10-01-10-38-34-2238705.jpg","width":796,"height":448,"caption":"Transportes p\u00fablicos"},{"@type":"BreadcrumbList","@id":"https:\/\/portaltela.pt\/noticias\/2026\/01\/22\/conselho-de-ministros-discute-aumento-de-comboios-e-modernizacao-dos-transportes\/#breadcrumb","itemListElement":[{"@type":"ListItem","position":1,"name":"In\u00edcio","item":"https:\/\/portaltela.pt\/"},{"@type":"ListItem","position":2,"name":"Conselho de Ministros discute aumento de comboios e moderniza\u00e7\u00e3o dos transportes"}]},{"@type":"WebSite","@id":"https:\/\/portaltela.pt\/#website","url":"https:\/\/portaltela.pt\/","name":"Portal Tela Portugal","description":"","potentialAction":[{"@type":"SearchAction","target":{"@type":"EntryPoint","urlTemplate":"https:\/\/portaltela.pt\/?s={search_term_string}"},"query-input":{"@type":"PropertyValueSpecification","valueRequired":true,"valueName":"search_term_string"}}],"inLanguage":"pt-PT"},{"@type":"Person","@id":"https:\/\/portaltela.pt\/#\/schema\/person\/c4278d4a6028830caff9ee44b42d32ed","name":"Telinha","image":{"@type":"ImageObject","inLanguage":"pt-PT","@id":"https:\/\/portaltela.pt\/s.01k8rhncp4jt1\/2025\/11\/talking-bot-125x125.png","url":"https:\/\/portaltela.pt\/s.01k8rhncp4jt1\/2025\/11\/talking-bot-125x125.png","contentUrl":"https:\/\/portaltela.pt\/s.01k8rhncp4jt1\/2025\/11\/talking-bot-125x125.png","caption":"Telinha"},"sameAs":["https:\/\/portaltela.pt\/"],"url":"https:\/\/portaltela.pt\/por\/367410592786\/"}]}},"_links":{"self":[{"href":"https:\/\/portaltela.pt\/api\/wp\/v2\/posts\/163900","targetHints":{"allow":["GET"]}}],"collection":[{"href":"https:\/\/portaltela.pt\/api\/wp\/v2\/posts"}],"about":[{"href":"https:\/\/portaltela.pt\/api\/wp\/v2\/types\/post"}],"author":[{"embeddable":true,"href":"https:\/\/portaltela.pt\/api\/wp\/v2\/users\/2"}],"replies":[{"embeddable":true,"href":"https:\/\/portaltela.pt\/api\/wp\/v2\/comments?post=163900"}],"version-history":[{"count":0,"href":"https:\/\/portaltela.pt\/api\/wp\/v2\/posts\/163900\/revisions"}],"wp:featuredmedia":[{"embeddable":true,"href":"https:\/\/portaltela.pt\/api\/wp\/v2\/media\/163901"}],"wp:attachment":[{"href":"https:\/\/portaltela.pt\/api\/wp\/v2\/media?parent=163900"}],"wp:term":[{"taxonomy":"category","embeddable":true,"href":"https:\/\/portaltela.pt\/api\/wp\/v2\/categories?post=163900"},{"taxonomy":"post_tag","embeddable":true,"href":"https:\/\/portaltela.pt\/api\/wp\/v2\/tags?post=163900"}],"curies":[{"name":"wp","href":"https:\/\/api.w.org\/{rel}","templated":true}]}}