{"id":163877,"date":"2026-01-22T12:29:27","date_gmt":"2026-01-22T15:29:27","guid":{"rendered":"https:\/\/portaltela.pt\/noticias\/2026\/01\/22\/pacheco-afirma-que-e-preciso-demonstrar-o-que-e-ser-casapiano\/"},"modified":"2026-01-22T12:29:27","modified_gmt":"2026-01-22T15:29:27","slug":"pacheco-afirma-que-e-preciso-demonstrar-o-que-e-ser-casapiano","status":"publish","type":"post","link":"https:\/\/portaltela.pt\/desporto\/futebol\/2026\/01\/22\/pacheco-afirma-que-e-preciso-demonstrar-o-que-e-ser-casapiano\/","title":{"rendered":"Pacheco afirma que \u00e9 preciso demonstrar o que \u00e9 ser casapiano"},"content":{"rendered":"<p>\u00c1lvaro Pacheco antev\u00ea um grande desafio para o Casa Pia na rece\u00e7\u00e3o ao Aves SAD. O t\u00e9cnico espera uma equipa advers\u00e1ria forte emocionalmente, apesar da posi\u00e7\u00e3o delicada na tabela. O encontro \u00e9 no contexto de ambas as forma\u00e7\u00f5es pressionadas por pontos.<\/p>\n<p>O treinador destacou que o Aves chega para regressar \u00e0s vit\u00f3rias, mesmo ap\u00f3s o \u00faltimo jogo ter terminado com um jogador a menos. Para o Casa Pia, o objetivo \u00e9 impor a identidade e somar os tr\u00eas pontos em casa, diante dos adeptos.<\/p>\n<p>Pacheco afirmou que a equipa tem mostrado evolu\u00e7\u00e3o durante a semana e que o desafio pode trazer refor\u00e7os de confian\u00e7a. Aposta na ambi\u00e7\u00e3o de demonstrar o que \u00e9 ser casapiano e na melhoria cont\u00ednua do rendimento.<\/p>\n<h3>Disponibilidade de jogadores e d\u00favidas<\/h3>\n<p>Jos\u00e9 Fonte encontra-se em d\u00favida devido \u00e0 les\u00e3o em Alvalade, mas o treinador foca-se nas solu\u00e7\u00f5es dispon\u00edveis em treino. Ofori j\u00e1 est\u00e1 dispon\u00edvel, com a dire\u00e7\u00e3o do Casa Pia a assegurar que n\u00e3o \u00e9 urgente refor\u00e7ar.<\/p>\n<p>Entre as \u0623\u0633\u0645\u0627\u0621 confirmadas, Clau Mendes fica de fora por castigo e Kaique Rocha est\u00e1 entregue ao departamento cl\u00ednico. Duplexe Tchamba est\u00e1 apto, enquanto Andr\u00e9 Geraldes retorna ap\u00f3s suspens\u00e3o.<\/p>\n<p>A equipa mant\u00e9m o foco no processo e na cren\u00e7a de que pode melhorar dia ap\u00f3s dia. O Casa Pia pretende manter equil\u00edbrio competitivo e sustentar a evolu\u00e7\u00e3o apresentada.<\/p>\n","protected":false},"excerpt":{"rendered":"<ul>\n<li>\u00c1lvaro Pacheco antev\u00ea um grande desafio para o Casa Pia na rece\u00e7\u00e3o ao Aves SAD, num jogo em que ambas as equipas lutam por pontos e os gansos procuram a primeira vit\u00f3ria em casa no campeonato.<\/li>\n<li>O t\u00e9cnico diz que o advers\u00e1rio entra motivado para regressar \u00e0s vit\u00f3rias e destaca a import\u00e2ncia de demonstrar a identidade do Casa Pia diante do apoio dos adeptos.<\/li>\n<li>Sobre a situa\u00e7\u00e3o cl\u00ednica de Jos\u00e9 Fonte, mant\u00e9m-se a d\u00favida, mas o foco \u00e9 nas solu\u00e7\u00f5es e nos jogadores que treinam e podem ficar dispon\u00edveis.<\/li>\n<li>Ofori j\u00e1 est\u00e1 dispon\u00edvel e junta-se ao grupo, o que n\u00e3o \u00e9 visto como necessidade urgente de refor\u00e7os adicionais.<\/li>\n<li>Castigos, dispensas e retornos: Clau Mendes est\u00e1 castigado, Kaique Rocha fica no departamento cl\u00ednico, Duplexe Tchamba est\u00e1 apto, e Andr\u00e9 Geraldes regressa ap\u00f3s suspens\u00e3o.<\/li>\n<\/ul>\n","protected":false},"author":2,"featured_media":163885,"comment_status":"closed","ping_status":"closed","sticky":false,"template":"","format":"standard","meta":{"footnotes":""},"categories":[21,24],"tags":[3839,152,32,242,2538],"class_list":["post-163877","post","type-post","status-publish","format-standard","has-post-thumbnail","hentry","category-desporto","category-futebol","tag-aves-do-campo","tag-desporto","tag-futebol","tag-jogadores","tag-lesoes"],"yoast_head":"<!-- This site is optimized with the Yoast SEO plugin v27.2 - https:\/\/yoast.com\/product\/yoast-seo-wordpress\/ -->\n<title>Pacheco afirma que \u00e9 preciso demonstrar o que \u00e9 ser casapiano - Portal Tela Portugal<\/title>\n<meta name=\"robots\" content=\"index, follow, max-snippet:-1, max-image-preview:large, max-video-preview:-1\" \/>\n<meta property=\"og:locale\" content=\"pt_PT\" \/>\n<meta property=\"og:type\" content=\"article\" \/>\n<meta property=\"og:title\" content=\"Pacheco afirma que \u00e9 preciso demonstrar o que \u00e9 ser casapiano - Portal Tela Portugal\" \/>\n<meta property=\"og:description\" content=\"\u00c1lvaro Pacheco antev\u00ea um grande desafio para o Casa Pia na rece\u00e7\u00e3o ao Aves SAD, num jogo em que ambas as equipas lutam por pontos e os gansos procuram a primeira vit\u00f3ria em casa no campeonato. O t\u00e9cnico diz que o advers\u00e1rio entra motivado para regressar \u00e0s vit\u00f3rias e destaca a import\u00e2ncia de demonstrar a identidade do Casa Pia diante do apoio dos adeptos. Sobre a situa\u00e7\u00e3o cl\u00ednica de Jos\u00e9 Fonte, mant\u00e9m-se a d\u00favida, mas o foco \u00e9 nas solu\u00e7\u00f5es e nos jogadores que treinam e podem ficar dispon\u00edveis. Ofori j\u00e1 est\u00e1 dispon\u00edvel e junta-se ao grupo, o que n\u00e3o \u00e9 visto como necessidade urgente de refor\u00e7os adicionais. Castigos, dispensas e retornos: Clau Mendes est\u00e1 castigado, Kaique Rocha fica no departamento cl\u00ednico, Duplexe Tchamba est\u00e1 apto, e Andr\u00e9 Geraldes regressa ap\u00f3s suspens\u00e3o.\" \/>\n<meta property=\"og:url\" content=\"https:\/\/portaltela.pt\/noticias\/2026\/01\/22\/pacheco-afirma-que-e-preciso-demonstrar-o-que-e-ser-casapiano\/\" \/>\n<meta property=\"og:site_name\" content=\"Portal Tela Portugal\" \/>\n<meta property=\"article:published_time\" content=\"2026-01-22T15:29:27+00:00\" \/>\n<meta name=\"author\" content=\"Telinha\" \/>\n<meta name=\"twitter:card\" content=\"summary_large_image\" \/>\n<meta name=\"twitter:label1\" content=\"Escrito por\" \/>\n\t<meta name=\"twitter:data1\" content=\"Telinha\" \/>\n\t<meta name=\"twitter:label2\" content=\"Tempo estimado de leitura\" \/>\n\t<meta name=\"twitter:data2\" content=\"1 minuto\" \/>\n<script type=\"application\/ld+json\" class=\"yoast-schema-graph\">{\"@context\":\"https:\/\/schema.org\",\"@graph\":[{\"@type\":\"Article\",\"@id\":\"https:\/\/portaltela.pt\/noticias\/2026\/01\/22\/pacheco-afirma-que-e-preciso-demonstrar-o-que-e-ser-casapiano\/#article\",\"isPartOf\":{\"@id\":\"https:\/\/portaltela.pt\/noticias\/2026\/01\/22\/pacheco-afirma-que-e-preciso-demonstrar-o-que-e-ser-casapiano\/\"},\"author\":{\"name\":\"Telinha\",\"@id\":\"https:\/\/portaltela.pt\/#\/schema\/person\/c4278d4a6028830caff9ee44b42d32ed\"},\"headline\":\"Pacheco afirma que \u00e9 preciso demonstrar o que \u00e9 ser casapiano\",\"datePublished\":\"2026-01-22T15:29:27+00:00\",\"mainEntityOfPage\":{\"@id\":\"https:\/\/portaltela.pt\/noticias\/2026\/01\/22\/pacheco-afirma-que-e-preciso-demonstrar-o-que-e-ser-casapiano\/\"},\"wordCount\":252,\"image\":{\"@id\":\"https:\/\/portaltela.pt\/noticias\/2026\/01\/22\/pacheco-afirma-que-e-preciso-demonstrar-o-que-e-ser-casapiano\/#primaryimage\"},\"thumbnailUrl\":\"https:\/\/portaltela.pt\/s.01k8rhncp4jt1\/2026\/01\/03328f78-cafc-4903-9c61-40bc3cc3930d-1.jpg\",\"keywords\":[\"Aves do Campo\",\"desporto\",\"futebol\",\"jogadores\",\"les\u00f5es\"],\"articleSection\":[\"Desporto\",\"Futebol\"],\"inLanguage\":\"pt-PT\"},{\"@type\":\"WebPage\",\"@id\":\"https:\/\/portaltela.pt\/noticias\/2026\/01\/22\/pacheco-afirma-que-e-preciso-demonstrar-o-que-e-ser-casapiano\/\",\"url\":\"https:\/\/portaltela.pt\/noticias\/2026\/01\/22\/pacheco-afirma-que-e-preciso-demonstrar-o-que-e-ser-casapiano\/\",\"name\":\"Pacheco afirma que \u00e9 preciso demonstrar o que \u00e9 ser casapiano - Portal Tela Portugal\",\"isPartOf\":{\"@id\":\"https:\/\/portaltela.pt\/#website\"},\"primaryImageOfPage\":{\"@id\":\"https:\/\/portaltela.pt\/noticias\/2026\/01\/22\/pacheco-afirma-que-e-preciso-demonstrar-o-que-e-ser-casapiano\/#primaryimage\"},\"image\":{\"@id\":\"https:\/\/portaltela.pt\/noticias\/2026\/01\/22\/pacheco-afirma-que-e-preciso-demonstrar-o-que-e-ser-casapiano\/#primaryimage\"},\"thumbnailUrl\":\"https:\/\/portaltela.pt\/s.01k8rhncp4jt1\/2026\/01\/03328f78-cafc-4903-9c61-40bc3cc3930d-1.jpg\",\"datePublished\":\"2026-01-22T15:29:27+00:00\",\"author\":{\"@id\":\"https:\/\/portaltela.pt\/#\/schema\/person\/c4278d4a6028830caff9ee44b42d32ed\"},\"breadcrumb\":{\"@id\":\"https:\/\/portaltela.pt\/noticias\/2026\/01\/22\/pacheco-afirma-que-e-preciso-demonstrar-o-que-e-ser-casapiano\/#breadcrumb\"},\"inLanguage\":\"pt-PT\",\"potentialAction\":[{\"@type\":\"ReadAction\",\"target\":[\"https:\/\/portaltela.pt\/noticias\/2026\/01\/22\/pacheco-afirma-que-e-preciso-demonstrar-o-que-e-ser-casapiano\/\"]}]},{\"@type\":\"ImageObject\",\"inLanguage\":\"pt-PT\",\"@id\":\"https:\/\/portaltela.pt\/noticias\/2026\/01\/22\/pacheco-afirma-que-e-preciso-demonstrar-o-que-e-ser-casapiano\/#primaryimage\",\"url\":\"https:\/\/portaltela.pt\/s.01k8rhncp4jt1\/2026\/01\/03328f78-cafc-4903-9c61-40bc3cc3930d-1.jpg\",\"contentUrl\":\"https:\/\/portaltela.pt\/s.01k8rhncp4jt1\/2026\/01\/03328f78-cafc-4903-9c61-40bc3cc3930d-1.jpg\",\"width\":796,\"height\":448,\"caption\":\"\u00c1lvaro Pacheco procura a primeira vit\u00f3ria como t\u00e9cnico do Casa Pia\"},{\"@type\":\"BreadcrumbList\",\"@id\":\"https:\/\/portaltela.pt\/noticias\/2026\/01\/22\/pacheco-afirma-que-e-preciso-demonstrar-o-que-e-ser-casapiano\/#breadcrumb\",\"itemListElement\":[{\"@type\":\"ListItem\",\"position\":1,\"name\":\"In\u00edcio\",\"item\":\"https:\/\/portaltela.pt\/\"},{\"@type\":\"ListItem\",\"position\":2,\"name\":\"Pacheco afirma que \u00e9 preciso demonstrar o que \u00e9 ser casapiano\"}]},{\"@type\":\"WebSite\",\"@id\":\"https:\/\/portaltela.pt\/#website\",\"url\":\"https:\/\/portaltela.pt\/\",\"name\":\"Portal Tela Portugal\",\"description\":\"\",\"potentialAction\":[{\"@type\":\"SearchAction\",\"target\":{\"@type\":\"EntryPoint\",\"urlTemplate\":\"https:\/\/portaltela.pt\/?s={search_term_string}\"},\"query-input\":{\"@type\":\"PropertyValueSpecification\",\"valueRequired\":true,\"valueName\":\"search_term_string\"}}],\"inLanguage\":\"pt-PT\"},{\"@type\":\"Person\",\"@id\":\"https:\/\/portaltela.pt\/#\/schema\/person\/c4278d4a6028830caff9ee44b42d32ed\",\"name\":\"Telinha\",\"image\":{\"@type\":\"ImageObject\",\"inLanguage\":\"pt-PT\",\"@id\":\"https:\/\/portaltela.pt\/s.01k8rhncp4jt1\/2025\/11\/talking-bot-125x125.png\",\"url\":\"https:\/\/portaltela.pt\/s.01k8rhncp4jt1\/2025\/11\/talking-bot-125x125.png\",\"contentUrl\":\"https:\/\/portaltela.pt\/s.01k8rhncp4jt1\/2025\/11\/talking-bot-125x125.png\",\"caption\":\"Telinha\"},\"sameAs\":[\"https:\/\/portaltela.pt\/\"],\"url\":\"https:\/\/portaltela.pt\/por\/367410592786\/\"}]}<\/script>\n<!-- \/ Yoast SEO plugin. -->","yoast_head_json":{"title":"Pacheco afirma que \u00e9 preciso demonstrar o que \u00e9 ser casapiano - Portal Tela Portugal","robots":{"index":"index","follow":"follow","max-snippet":"max-snippet:-1","max-image-preview":"max-image-preview:large","max-video-preview":"max-video-preview:-1"},"og_locale":"pt_PT","og_type":"article","og_title":"Pacheco afirma que \u00e9 preciso demonstrar o que \u00e9 ser casapiano - Portal Tela Portugal","og_description":"\u00c1lvaro Pacheco antev\u00ea um grande desafio para o Casa Pia na rece\u00e7\u00e3o ao Aves SAD, num jogo em que ambas as equipas lutam por pontos e os gansos procuram a primeira vit\u00f3ria em casa no campeonato. O t\u00e9cnico diz que o advers\u00e1rio entra motivado para regressar \u00e0s vit\u00f3rias e destaca a import\u00e2ncia de demonstrar a identidade do Casa Pia diante do apoio dos adeptos. Sobre a situa\u00e7\u00e3o cl\u00ednica de Jos\u00e9 Fonte, mant\u00e9m-se a d\u00favida, mas o foco \u00e9 nas solu\u00e7\u00f5es e nos jogadores que treinam e podem ficar dispon\u00edveis. Ofori j\u00e1 est\u00e1 dispon\u00edvel e junta-se ao grupo, o que n\u00e3o \u00e9 visto como necessidade urgente de refor\u00e7os adicionais. Castigos, dispensas e retornos: Clau Mendes est\u00e1 castigado, Kaique Rocha fica no departamento cl\u00ednico, Duplexe Tchamba est\u00e1 apto, e Andr\u00e9 Geraldes regressa ap\u00f3s suspens\u00e3o.","og_url":"https:\/\/portaltela.pt\/noticias\/2026\/01\/22\/pacheco-afirma-que-e-preciso-demonstrar-o-que-e-ser-casapiano\/","og_site_name":"Portal Tela Portugal","article_published_time":"2026-01-22T15:29:27+00:00","author":"Telinha","twitter_card":"summary_large_image","twitter_misc":{"Escrito por":"Telinha","Tempo estimado de leitura":"1 minuto"},"schema":{"@context":"https:\/\/schema.org","@graph":[{"@type":"Article","@id":"https:\/\/portaltela.pt\/noticias\/2026\/01\/22\/pacheco-afirma-que-e-preciso-demonstrar-o-que-e-ser-casapiano\/#article","isPartOf":{"@id":"https:\/\/portaltela.pt\/noticias\/2026\/01\/22\/pacheco-afirma-que-e-preciso-demonstrar-o-que-e-ser-casapiano\/"},"author":{"name":"Telinha","@id":"https:\/\/portaltela.pt\/#\/schema\/person\/c4278d4a6028830caff9ee44b42d32ed"},"headline":"Pacheco afirma que \u00e9 preciso demonstrar o que \u00e9 ser casapiano","datePublished":"2026-01-22T15:29:27+00:00","mainEntityOfPage":{"@id":"https:\/\/portaltela.pt\/noticias\/2026\/01\/22\/pacheco-afirma-que-e-preciso-demonstrar-o-que-e-ser-casapiano\/"},"wordCount":252,"image":{"@id":"https:\/\/portaltela.pt\/noticias\/2026\/01\/22\/pacheco-afirma-que-e-preciso-demonstrar-o-que-e-ser-casapiano\/#primaryimage"},"thumbnailUrl":"https:\/\/portaltela.pt\/s.01k8rhncp4jt1\/2026\/01\/03328f78-cafc-4903-9c61-40bc3cc3930d-1.jpg","keywords":["Aves do Campo","desporto","futebol","jogadores","les\u00f5es"],"articleSection":["Desporto","Futebol"],"inLanguage":"pt-PT"},{"@type":"WebPage","@id":"https:\/\/portaltela.pt\/noticias\/2026\/01\/22\/pacheco-afirma-que-e-preciso-demonstrar-o-que-e-ser-casapiano\/","url":"https:\/\/portaltela.pt\/noticias\/2026\/01\/22\/pacheco-afirma-que-e-preciso-demonstrar-o-que-e-ser-casapiano\/","name":"Pacheco afirma que \u00e9 preciso demonstrar o que \u00e9 ser casapiano - Portal Tela Portugal","isPartOf":{"@id":"https:\/\/portaltela.pt\/#website"},"primaryImageOfPage":{"@id":"https:\/\/portaltela.pt\/noticias\/2026\/01\/22\/pacheco-afirma-que-e-preciso-demonstrar-o-que-e-ser-casapiano\/#primaryimage"},"image":{"@id":"https:\/\/portaltela.pt\/noticias\/2026\/01\/22\/pacheco-afirma-que-e-preciso-demonstrar-o-que-e-ser-casapiano\/#primaryimage"},"thumbnailUrl":"https:\/\/portaltela.pt\/s.01k8rhncp4jt1\/2026\/01\/03328f78-cafc-4903-9c61-40bc3cc3930d-1.jpg","datePublished":"2026-01-22T15:29:27+00:00","author":{"@id":"https:\/\/portaltela.pt\/#\/schema\/person\/c4278d4a6028830caff9ee44b42d32ed"},"breadcrumb":{"@id":"https:\/\/portaltela.pt\/noticias\/2026\/01\/22\/pacheco-afirma-que-e-preciso-demonstrar-o-que-e-ser-casapiano\/#breadcrumb"},"inLanguage":"pt-PT","potentialAction":[{"@type":"ReadAction","target":["https:\/\/portaltela.pt\/noticias\/2026\/01\/22\/pacheco-afirma-que-e-preciso-demonstrar-o-que-e-ser-casapiano\/"]}]},{"@type":"ImageObject","inLanguage":"pt-PT","@id":"https:\/\/portaltela.pt\/noticias\/2026\/01\/22\/pacheco-afirma-que-e-preciso-demonstrar-o-que-e-ser-casapiano\/#primaryimage","url":"https:\/\/portaltela.pt\/s.01k8rhncp4jt1\/2026\/01\/03328f78-cafc-4903-9c61-40bc3cc3930d-1.jpg","contentUrl":"https:\/\/portaltela.pt\/s.01k8rhncp4jt1\/2026\/01\/03328f78-cafc-4903-9c61-40bc3cc3930d-1.jpg","width":796,"height":448,"caption":"\u00c1lvaro Pacheco procura a primeira vit\u00f3ria como t\u00e9cnico do Casa Pia"},{"@type":"BreadcrumbList","@id":"https:\/\/portaltela.pt\/noticias\/2026\/01\/22\/pacheco-afirma-que-e-preciso-demonstrar-o-que-e-ser-casapiano\/#breadcrumb","itemListElement":[{"@type":"ListItem","position":1,"name":"In\u00edcio","item":"https:\/\/portaltela.pt\/"},{"@type":"ListItem","position":2,"name":"Pacheco afirma que \u00e9 preciso demonstrar o que \u00e9 ser casapiano"}]},{"@type":"WebSite","@id":"https:\/\/portaltela.pt\/#website","url":"https:\/\/portaltela.pt\/","name":"Portal Tela Portugal","description":"","potentialAction":[{"@type":"SearchAction","target":{"@type":"EntryPoint","urlTemplate":"https:\/\/portaltela.pt\/?s={search_term_string}"},"query-input":{"@type":"PropertyValueSpecification","valueRequired":true,"valueName":"search_term_string"}}],"inLanguage":"pt-PT"},{"@type":"Person","@id":"https:\/\/portaltela.pt\/#\/schema\/person\/c4278d4a6028830caff9ee44b42d32ed","name":"Telinha","image":{"@type":"ImageObject","inLanguage":"pt-PT","@id":"https:\/\/portaltela.pt\/s.01k8rhncp4jt1\/2025\/11\/talking-bot-125x125.png","url":"https:\/\/portaltela.pt\/s.01k8rhncp4jt1\/2025\/11\/talking-bot-125x125.png","contentUrl":"https:\/\/portaltela.pt\/s.01k8rhncp4jt1\/2025\/11\/talking-bot-125x125.png","caption":"Telinha"},"sameAs":["https:\/\/portaltela.pt\/"],"url":"https:\/\/portaltela.pt\/por\/367410592786\/"}]}},"_links":{"self":[{"href":"https:\/\/portaltela.pt\/api\/wp\/v2\/posts\/163877","targetHints":{"allow":["GET"]}}],"collection":[{"href":"https:\/\/portaltela.pt\/api\/wp\/v2\/posts"}],"about":[{"href":"https:\/\/portaltela.pt\/api\/wp\/v2\/types\/post"}],"author":[{"embeddable":true,"href":"https:\/\/portaltela.pt\/api\/wp\/v2\/users\/2"}],"replies":[{"embeddable":true,"href":"https:\/\/portaltela.pt\/api\/wp\/v2\/comments?post=163877"}],"version-history":[{"count":0,"href":"https:\/\/portaltela.pt\/api\/wp\/v2\/posts\/163877\/revisions"}],"wp:featuredmedia":[{"embeddable":true,"href":"https:\/\/portaltela.pt\/api\/wp\/v2\/media\/163885"}],"wp:attachment":[{"href":"https:\/\/portaltela.pt\/api\/wp\/v2\/media?parent=163877"}],"wp:term":[{"taxonomy":"category","embeddable":true,"href":"https:\/\/portaltela.pt\/api\/wp\/v2\/categories?post=163877"},{"taxonomy":"post_tag","embeddable":true,"href":"https:\/\/portaltela.pt\/api\/wp\/v2\/tags?post=163877"}],"curies":[{"name":"wp","href":"https:\/\/api.w.org\/{rel}","templated":true}]}}