{"id":163860,"date":"2026-01-22T12:55:00","date_gmt":"2026-01-22T15:55:00","guid":{"rendered":"https:\/\/portaltela.pt\/noticias\/2026\/01\/22\/venda-de-livros-portugueses-ainda-apresentam-baixos-indices-de-leitura\/"},"modified":"2026-01-22T12:55:00","modified_gmt":"2026-01-22T15:55:00","slug":"venda-de-livros-portugueses-ainda-apresentam-baixos-indices-de-leitura","status":"publish","type":"post","link":"https:\/\/portaltela.pt\/noticias\/2026\/01\/22\/venda-de-livros-portugueses-ainda-apresentam-baixos-indices-de-leitura\/","title":{"rendered":"Venda de livros: Portugueses ainda apresentam baixos \u00edndices de leitura"},"content":{"rendered":"<p>A venda de livros em Portugal tem vindo a crescer, mesmo com \u00edndices de leitura ainda baixos no pa\u00eds. Os dados apontam para uma tend\u00eancia positiva no setor editorial, embora o panorama geral continue desafiador.<\/p>\n<p>O presidente da Associa\u00e7\u00e3o de Editores e Livreiros, Miguel Pauseiro, salientou que o aumento das vendas \u00e9 encorajador, mas n\u00e3o resolve, por si, os reais problemas de fundo do sector. A leitura mant\u00e9m-se num patamar ainda abaixo da m\u00e9dia europeia.<\/p>\n<p>Segundo Pauseiro, o crescimento atual \u00e9 conjuntural, verificado em parte devido \u00e0 recupera\u00e7\u00e3o econ\u00f3mica e ao apoio estatal ao setor. N\u00e3o representa, contudo, uma transforma\u00e7\u00e3o estrutural da cultura de leitura.<\/p>\n<h3>O crescimento conjuntural<\/h3>\n<p>A evolu\u00e7\u00e3o recente das vendas de livros deve-se a fatores espec\u00edficos de curta dura\u00e7\u00e3o, como o maior interesse p\u00fablico por leitura durante a pandemia. O apoio financeiro a livrarias e editoras tamb\u00e9m teve impacto imediato.<\/p>\n<h3>Os \u00edndices de leitura em Portugal<\/h3>\n<p>Apesar da subida das vendas, Portugal continua a apresentar baixos \u00edndices de leitura face a outros pa\u00edses europeus. A m\u00e9dia de livros lidos por habitante permanece insuficiente para sustentar uma cultura de leitura s\u00f3lida.<\/p>\n<h3>Desafios do setor editorial<\/h3>\n<p>Entre os obst\u00e1culos est\u00e3o a distribui\u00e7\u00e3o, o acesso \u00e0s livrarias e o est\u00edmulo de h\u00e1bitos de leitura. O setor exige esfor\u00e7os conjuntos para facilitar o acesso aos livros e promover pr\u00e1ticas de leitura entre a popula\u00e7\u00e3o.<\/p>\n<h3>Perspectivas futuras<\/h3>\n<p>A Associa\u00e7\u00e3o de Editores e Livreiros aposta numa evolu\u00e7\u00e3o do setor atrav\u00e9s da forma\u00e7\u00e3o de h\u00e1bitos desde a inf\u00e2ncia e de pol\u00edticas p\u00fablicas que incentivem o consumo de livros, sustentadas por a\u00e7\u00f5es de promo\u00e7\u00e3o da leitura.<\/p>\n","protected":false},"excerpt":{"rendered":"<ul>\n<li>A venda de livros em Portugal tem vindo a crescer, embora os \u00edndices de leitura continuem baixos.<\/li>\n<li>O presidente da Associa\u00e7\u00e3o de Editores e Livreiros, Miguel Pauseiro, afirma que o crescimento \u00e9 conjuntural, n\u00e3o estrutural.<\/li>\n<li>O aumento das vendas deve-se, em parte, ao maior interesse por livros durante a pandemia e ao apoio do Estado ao setor.<\/li>\n<li>Portugal mant\u00e9m m\u00e9dias de leitura inferiores \u00e0s de muitos pa\u00edses europeus, com o n\u00famero de livros lidos por habitante ainda insuficiente.<\/li>\n<li>Os desafios incluem distribui\u00e7\u00e3o, acesso \u00e0s livrarias e forma\u00e7\u00e3o de h\u00e1bitos; s\u00e3o needed pol\u00edticas p\u00fablicas e a\u00e7\u00f5es para promover a leitura desde a inf\u00e2ncia.<\/li>\n<\/ul>\n","protected":false},"author":2,"featured_media":163862,"comment_status":"closed","ping_status":"closed","sticky":false,"template":"","format":"standard","meta":{"footnotes":""},"categories":[1],"tags":[145,163,2719,3816,130,1014],"class_list":["post-163860","post","type-post","status-publish","format-standard","has-post-thumbnail","hentry","category-noticias","tag-cultura","tag-educacao","tag-leitura","tag-livrarias-arquivos","tag-livros","tag-portugal"],"yoast_head":"<!-- This site is optimized with the Yoast SEO plugin v27.2 - https:\/\/yoast.com\/product\/yoast-seo-wordpress\/ -->\n<title>Venda de livros: Portugueses ainda apresentam baixos \u00edndices de leitura - Portal Tela Portugal<\/title>\n<meta name=\"robots\" content=\"index, follow, max-snippet:-1, max-image-preview:large, max-video-preview:-1\" \/>\n<meta property=\"og:locale\" content=\"pt_PT\" \/>\n<meta property=\"og:type\" content=\"article\" \/>\n<meta property=\"og:title\" content=\"Venda de livros: Portugueses ainda apresentam baixos \u00edndices de leitura - Portal Tela Portugal\" \/>\n<meta property=\"og:description\" content=\"A venda de livros em Portugal tem vindo a crescer, embora os \u00edndices de leitura continuem baixos. O presidente da Associa\u00e7\u00e3o de Editores e Livreiros, Miguel Pauseiro, afirma que o crescimento \u00e9 conjuntural, n\u00e3o estrutural. O aumento das vendas deve-se, em parte, ao maior interesse por livros durante a pandemia e ao apoio do Estado ao setor. Portugal mant\u00e9m m\u00e9dias de leitura inferiores \u00e0s de muitos pa\u00edses europeus, com o n\u00famero de livros lidos por habitante ainda insuficiente. Os desafios incluem distribui\u00e7\u00e3o, acesso \u00e0s livrarias e forma\u00e7\u00e3o de h\u00e1bitos; s\u00e3o needed pol\u00edticas p\u00fablicas e a\u00e7\u00f5es para promover a leitura desde a inf\u00e2ncia.\" \/>\n<meta property=\"og:url\" content=\"https:\/\/portaltela.pt\/noticias\/2026\/01\/22\/venda-de-livros-portugueses-ainda-apresentam-baixos-indices-de-leitura\/\" \/>\n<meta property=\"og:site_name\" content=\"Portal Tela Portugal\" \/>\n<meta property=\"article:published_time\" content=\"2026-01-22T15:55:00+00:00\" \/>\n<meta name=\"author\" content=\"Telinha\" \/>\n<meta name=\"twitter:card\" content=\"summary_large_image\" \/>\n<meta name=\"twitter:label1\" content=\"Escrito por\" \/>\n\t<meta name=\"twitter:data1\" content=\"Telinha\" \/>\n\t<meta name=\"twitter:label2\" content=\"Tempo estimado de leitura\" \/>\n\t<meta name=\"twitter:data2\" content=\"1 minuto\" \/>\n<script type=\"application\/ld+json\" class=\"yoast-schema-graph\">{\"@context\":\"https:\/\/schema.org\",\"@graph\":[{\"@type\":\"Article\",\"@id\":\"https:\/\/portaltela.pt\/noticias\/2026\/01\/22\/venda-de-livros-portugueses-ainda-apresentam-baixos-indices-de-leitura\/#article\",\"isPartOf\":{\"@id\":\"https:\/\/portaltela.pt\/noticias\/2026\/01\/22\/venda-de-livros-portugueses-ainda-apresentam-baixos-indices-de-leitura\/\"},\"author\":{\"name\":\"Telinha\",\"@id\":\"https:\/\/portaltela.pt\/#\/schema\/person\/c4278d4a6028830caff9ee44b42d32ed\"},\"headline\":\"Venda de livros: Portugueses ainda apresentam baixos \u00edndices de leitura\",\"datePublished\":\"2026-01-22T15:55:00+00:00\",\"mainEntityOfPage\":{\"@id\":\"https:\/\/portaltela.pt\/noticias\/2026\/01\/22\/venda-de-livros-portugueses-ainda-apresentam-baixos-indices-de-leitura\/\"},\"wordCount\":304,\"image\":{\"@id\":\"https:\/\/portaltela.pt\/noticias\/2026\/01\/22\/venda-de-livros-portugueses-ainda-apresentam-baixos-indices-de-leitura\/#primaryimage\"},\"thumbnailUrl\":\"https:\/\/portaltela.pt\/s.01k8rhncp4jt1\/2026\/01\/770-podcast-resposta-pronta-10.jpg\",\"keywords\":[\"cultura\",\"educa\u00e7\u00e3o\",\"leitura\",\"livrarias\/arquivos\",\"livros\",\"Portugal\"],\"articleSection\":[\"Not\u00edcias\"],\"inLanguage\":\"pt-PT\"},{\"@type\":\"WebPage\",\"@id\":\"https:\/\/portaltela.pt\/noticias\/2026\/01\/22\/venda-de-livros-portugueses-ainda-apresentam-baixos-indices-de-leitura\/\",\"url\":\"https:\/\/portaltela.pt\/noticias\/2026\/01\/22\/venda-de-livros-portugueses-ainda-apresentam-baixos-indices-de-leitura\/\",\"name\":\"Venda de livros: Portugueses ainda apresentam baixos \u00edndices de leitura - Portal Tela Portugal\",\"isPartOf\":{\"@id\":\"https:\/\/portaltela.pt\/#website\"},\"primaryImageOfPage\":{\"@id\":\"https:\/\/portaltela.pt\/noticias\/2026\/01\/22\/venda-de-livros-portugueses-ainda-apresentam-baixos-indices-de-leitura\/#primaryimage\"},\"image\":{\"@id\":\"https:\/\/portaltela.pt\/noticias\/2026\/01\/22\/venda-de-livros-portugueses-ainda-apresentam-baixos-indices-de-leitura\/#primaryimage\"},\"thumbnailUrl\":\"https:\/\/portaltela.pt\/s.01k8rhncp4jt1\/2026\/01\/770-podcast-resposta-pronta-10.jpg\",\"datePublished\":\"2026-01-22T15:55:00+00:00\",\"author\":{\"@id\":\"https:\/\/portaltela.pt\/#\/schema\/person\/c4278d4a6028830caff9ee44b42d32ed\"},\"breadcrumb\":{\"@id\":\"https:\/\/portaltela.pt\/noticias\/2026\/01\/22\/venda-de-livros-portugueses-ainda-apresentam-baixos-indices-de-leitura\/#breadcrumb\"},\"inLanguage\":\"pt-PT\",\"potentialAction\":[{\"@type\":\"ReadAction\",\"target\":[\"https:\/\/portaltela.pt\/noticias\/2026\/01\/22\/venda-de-livros-portugueses-ainda-apresentam-baixos-indices-de-leitura\/\"]}]},{\"@type\":\"ImageObject\",\"inLanguage\":\"pt-PT\",\"@id\":\"https:\/\/portaltela.pt\/noticias\/2026\/01\/22\/venda-de-livros-portugueses-ainda-apresentam-baixos-indices-de-leitura\/#primaryimage\",\"url\":\"https:\/\/portaltela.pt\/s.01k8rhncp4jt1\/2026\/01\/770-podcast-resposta-pronta-10.jpg\",\"contentUrl\":\"https:\/\/portaltela.pt\/s.01k8rhncp4jt1\/2026\/01\/770-podcast-resposta-pronta-10.jpg\",\"width\":796,\"height\":448,\"caption\":\"Photo\"},{\"@type\":\"BreadcrumbList\",\"@id\":\"https:\/\/portaltela.pt\/noticias\/2026\/01\/22\/venda-de-livros-portugueses-ainda-apresentam-baixos-indices-de-leitura\/#breadcrumb\",\"itemListElement\":[{\"@type\":\"ListItem\",\"position\":1,\"name\":\"In\u00edcio\",\"item\":\"https:\/\/portaltela.pt\/\"},{\"@type\":\"ListItem\",\"position\":2,\"name\":\"Venda de livros: Portugueses ainda apresentam baixos \u00edndices de leitura\"}]},{\"@type\":\"WebSite\",\"@id\":\"https:\/\/portaltela.pt\/#website\",\"url\":\"https:\/\/portaltela.pt\/\",\"name\":\"Portal Tela Portugal\",\"description\":\"\",\"potentialAction\":[{\"@type\":\"SearchAction\",\"target\":{\"@type\":\"EntryPoint\",\"urlTemplate\":\"https:\/\/portaltela.pt\/?s={search_term_string}\"},\"query-input\":{\"@type\":\"PropertyValueSpecification\",\"valueRequired\":true,\"valueName\":\"search_term_string\"}}],\"inLanguage\":\"pt-PT\"},{\"@type\":\"Person\",\"@id\":\"https:\/\/portaltela.pt\/#\/schema\/person\/c4278d4a6028830caff9ee44b42d32ed\",\"name\":\"Telinha\",\"image\":{\"@type\":\"ImageObject\",\"inLanguage\":\"pt-PT\",\"@id\":\"https:\/\/portaltela.pt\/s.01k8rhncp4jt1\/2025\/11\/talking-bot-125x125.png\",\"url\":\"https:\/\/portaltela.pt\/s.01k8rhncp4jt1\/2025\/11\/talking-bot-125x125.png\",\"contentUrl\":\"https:\/\/portaltela.pt\/s.01k8rhncp4jt1\/2025\/11\/talking-bot-125x125.png\",\"caption\":\"Telinha\"},\"sameAs\":[\"https:\/\/portaltela.pt\/\"],\"url\":\"https:\/\/portaltela.pt\/por\/367410592786\/\"}]}<\/script>\n<!-- \/ Yoast SEO plugin. -->","yoast_head_json":{"title":"Venda de livros: Portugueses ainda apresentam baixos \u00edndices de leitura - Portal Tela Portugal","robots":{"index":"index","follow":"follow","max-snippet":"max-snippet:-1","max-image-preview":"max-image-preview:large","max-video-preview":"max-video-preview:-1"},"og_locale":"pt_PT","og_type":"article","og_title":"Venda de livros: Portugueses ainda apresentam baixos \u00edndices de leitura - Portal Tela Portugal","og_description":"A venda de livros em Portugal tem vindo a crescer, embora os \u00edndices de leitura continuem baixos. O presidente da Associa\u00e7\u00e3o de Editores e Livreiros, Miguel Pauseiro, afirma que o crescimento \u00e9 conjuntural, n\u00e3o estrutural. O aumento das vendas deve-se, em parte, ao maior interesse por livros durante a pandemia e ao apoio do Estado ao setor. Portugal mant\u00e9m m\u00e9dias de leitura inferiores \u00e0s de muitos pa\u00edses europeus, com o n\u00famero de livros lidos por habitante ainda insuficiente. Os desafios incluem distribui\u00e7\u00e3o, acesso \u00e0s livrarias e forma\u00e7\u00e3o de h\u00e1bitos; s\u00e3o needed pol\u00edticas p\u00fablicas e a\u00e7\u00f5es para promover a leitura desde a inf\u00e2ncia.","og_url":"https:\/\/portaltela.pt\/noticias\/2026\/01\/22\/venda-de-livros-portugueses-ainda-apresentam-baixos-indices-de-leitura\/","og_site_name":"Portal Tela Portugal","article_published_time":"2026-01-22T15:55:00+00:00","author":"Telinha","twitter_card":"summary_large_image","twitter_misc":{"Escrito por":"Telinha","Tempo estimado de leitura":"1 minuto"},"schema":{"@context":"https:\/\/schema.org","@graph":[{"@type":"Article","@id":"https:\/\/portaltela.pt\/noticias\/2026\/01\/22\/venda-de-livros-portugueses-ainda-apresentam-baixos-indices-de-leitura\/#article","isPartOf":{"@id":"https:\/\/portaltela.pt\/noticias\/2026\/01\/22\/venda-de-livros-portugueses-ainda-apresentam-baixos-indices-de-leitura\/"},"author":{"name":"Telinha","@id":"https:\/\/portaltela.pt\/#\/schema\/person\/c4278d4a6028830caff9ee44b42d32ed"},"headline":"Venda de livros: Portugueses ainda apresentam baixos \u00edndices de leitura","datePublished":"2026-01-22T15:55:00+00:00","mainEntityOfPage":{"@id":"https:\/\/portaltela.pt\/noticias\/2026\/01\/22\/venda-de-livros-portugueses-ainda-apresentam-baixos-indices-de-leitura\/"},"wordCount":304,"image":{"@id":"https:\/\/portaltela.pt\/noticias\/2026\/01\/22\/venda-de-livros-portugueses-ainda-apresentam-baixos-indices-de-leitura\/#primaryimage"},"thumbnailUrl":"https:\/\/portaltela.pt\/s.01k8rhncp4jt1\/2026\/01\/770-podcast-resposta-pronta-10.jpg","keywords":["cultura","educa\u00e7\u00e3o","leitura","livrarias\/arquivos","livros","Portugal"],"articleSection":["Not\u00edcias"],"inLanguage":"pt-PT"},{"@type":"WebPage","@id":"https:\/\/portaltela.pt\/noticias\/2026\/01\/22\/venda-de-livros-portugueses-ainda-apresentam-baixos-indices-de-leitura\/","url":"https:\/\/portaltela.pt\/noticias\/2026\/01\/22\/venda-de-livros-portugueses-ainda-apresentam-baixos-indices-de-leitura\/","name":"Venda de livros: Portugueses ainda apresentam baixos \u00edndices de leitura - Portal Tela Portugal","isPartOf":{"@id":"https:\/\/portaltela.pt\/#website"},"primaryImageOfPage":{"@id":"https:\/\/portaltela.pt\/noticias\/2026\/01\/22\/venda-de-livros-portugueses-ainda-apresentam-baixos-indices-de-leitura\/#primaryimage"},"image":{"@id":"https:\/\/portaltela.pt\/noticias\/2026\/01\/22\/venda-de-livros-portugueses-ainda-apresentam-baixos-indices-de-leitura\/#primaryimage"},"thumbnailUrl":"https:\/\/portaltela.pt\/s.01k8rhncp4jt1\/2026\/01\/770-podcast-resposta-pronta-10.jpg","datePublished":"2026-01-22T15:55:00+00:00","author":{"@id":"https:\/\/portaltela.pt\/#\/schema\/person\/c4278d4a6028830caff9ee44b42d32ed"},"breadcrumb":{"@id":"https:\/\/portaltela.pt\/noticias\/2026\/01\/22\/venda-de-livros-portugueses-ainda-apresentam-baixos-indices-de-leitura\/#breadcrumb"},"inLanguage":"pt-PT","potentialAction":[{"@type":"ReadAction","target":["https:\/\/portaltela.pt\/noticias\/2026\/01\/22\/venda-de-livros-portugueses-ainda-apresentam-baixos-indices-de-leitura\/"]}]},{"@type":"ImageObject","inLanguage":"pt-PT","@id":"https:\/\/portaltela.pt\/noticias\/2026\/01\/22\/venda-de-livros-portugueses-ainda-apresentam-baixos-indices-de-leitura\/#primaryimage","url":"https:\/\/portaltela.pt\/s.01k8rhncp4jt1\/2026\/01\/770-podcast-resposta-pronta-10.jpg","contentUrl":"https:\/\/portaltela.pt\/s.01k8rhncp4jt1\/2026\/01\/770-podcast-resposta-pronta-10.jpg","width":796,"height":448,"caption":"Photo"},{"@type":"BreadcrumbList","@id":"https:\/\/portaltela.pt\/noticias\/2026\/01\/22\/venda-de-livros-portugueses-ainda-apresentam-baixos-indices-de-leitura\/#breadcrumb","itemListElement":[{"@type":"ListItem","position":1,"name":"In\u00edcio","item":"https:\/\/portaltela.pt\/"},{"@type":"ListItem","position":2,"name":"Venda de livros: Portugueses ainda apresentam baixos \u00edndices de leitura"}]},{"@type":"WebSite","@id":"https:\/\/portaltela.pt\/#website","url":"https:\/\/portaltela.pt\/","name":"Portal Tela Portugal","description":"","potentialAction":[{"@type":"SearchAction","target":{"@type":"EntryPoint","urlTemplate":"https:\/\/portaltela.pt\/?s={search_term_string}"},"query-input":{"@type":"PropertyValueSpecification","valueRequired":true,"valueName":"search_term_string"}}],"inLanguage":"pt-PT"},{"@type":"Person","@id":"https:\/\/portaltela.pt\/#\/schema\/person\/c4278d4a6028830caff9ee44b42d32ed","name":"Telinha","image":{"@type":"ImageObject","inLanguage":"pt-PT","@id":"https:\/\/portaltela.pt\/s.01k8rhncp4jt1\/2025\/11\/talking-bot-125x125.png","url":"https:\/\/portaltela.pt\/s.01k8rhncp4jt1\/2025\/11\/talking-bot-125x125.png","contentUrl":"https:\/\/portaltela.pt\/s.01k8rhncp4jt1\/2025\/11\/talking-bot-125x125.png","caption":"Telinha"},"sameAs":["https:\/\/portaltela.pt\/"],"url":"https:\/\/portaltela.pt\/por\/367410592786\/"}]}},"_links":{"self":[{"href":"https:\/\/portaltela.pt\/api\/wp\/v2\/posts\/163860","targetHints":{"allow":["GET"]}}],"collection":[{"href":"https:\/\/portaltela.pt\/api\/wp\/v2\/posts"}],"about":[{"href":"https:\/\/portaltela.pt\/api\/wp\/v2\/types\/post"}],"author":[{"embeddable":true,"href":"https:\/\/portaltela.pt\/api\/wp\/v2\/users\/2"}],"replies":[{"embeddable":true,"href":"https:\/\/portaltela.pt\/api\/wp\/v2\/comments?post=163860"}],"version-history":[{"count":0,"href":"https:\/\/portaltela.pt\/api\/wp\/v2\/posts\/163860\/revisions"}],"wp:featuredmedia":[{"embeddable":true,"href":"https:\/\/portaltela.pt\/api\/wp\/v2\/media\/163862"}],"wp:attachment":[{"href":"https:\/\/portaltela.pt\/api\/wp\/v2\/media?parent=163860"}],"wp:term":[{"taxonomy":"category","embeddable":true,"href":"https:\/\/portaltela.pt\/api\/wp\/v2\/categories?post=163860"},{"taxonomy":"post_tag","embeddable":true,"href":"https:\/\/portaltela.pt\/api\/wp\/v2\/tags?post=163860"}],"curies":[{"name":"wp","href":"https:\/\/api.w.org\/{rel}","templated":true}]}}