{"id":163819,"date":"2026-01-22T08:33:48","date_gmt":"2026-01-22T11:33:48","guid":{"rendered":"https:\/\/portaltela.pt\/noticias\/2026\/01\/22\/alemanha-admite-possibilidade-de-boicotar-mundial-2026-como-ultimo-recurso\/"},"modified":"2026-01-22T08:33:48","modified_gmt":"2026-01-22T11:33:48","slug":"alemanha-admite-possibilidade-de-boicotar-mundial-2026-como-ultimo-recurso","status":"publish","type":"post","link":"https:\/\/portaltela.pt\/noticias\/internacional\/2026\/01\/22\/alemanha-admite-possibilidade-de-boicotar-mundial-2026-como-ultimo-recurso\/","title":{"rendered":"Alemanha admite possibilidade de boicotar Mundial 2026 como \u00faltimo recurso"},"content":{"rendered":"<p>O deputado alem\u00e3o J\u00fcrgen Hardt afirmou ao jornal Bild que existe a possibilidade, ainda a t\u00edtulo de \u00faltimo recurso, de a Alemanha boicotar o Mundial de 2026. A provoca\u00e7\u00e3o surge na sequ\u00eancia da controv\u00e9rsia em torno da eventual venda da Gronel\u00e2ndia ao presidente dos EUA, Donald Trump.<\/p>\n<p>Hardt destacadamente indicou que o boicote seria uma medida extrema para sensibilizar Trump sobre a decis\u00e3o de comprar a Gronel\u00e2ndia. O objetivo, segundo o parlamentar, seria colocar press\u00e3o para repensar a mat\u00e9ria. N\u00e3o foram detalhadas condi\u00e7\u00f5es ou prazos.<\/p>\n<p>A not\u00edcia envolve ainda a hip\u00f3tese de n\u00e3o participa\u00e7\u00e3o de uma das equipas mais hist\u00f3ricas do futebol mundial, com a Alemanha tetracampe\u00e3 nas d\u00e9cadas de 1950, 1974, 1990 e 2014, caso o cen\u00e1rio se confirme. A posi\u00e7\u00e3o alem\u00e3 surge num contexto de negocia\u00e7\u00f5es internacionais.<\/p>\n<p>A rea\u00e7\u00e3o p\u00fablica ganhou eco em outros coment\u00e1rios de figuras p\u00fablicas. O jornalista brit\u00e2nico Piers Morgan sugeriu, em X, que v\u00e1rias sele\u00e7\u00f5es poderiam ficar de fora temporariamente para chamar a aten\u00e7\u00e3o para o neg\u00f3cio da Gronel\u00e2ndia. A ideia n\u00e3o implica confirma\u00e7\u00e3o oficial de nenhum pa\u00eds.<\/p>\n<p>N\u00e3o houve confirma\u00e7\u00e3o de outros passos ou de eventuais medidas adicionais. O Mundial de 2026, que ser\u00e1 realizado em tr\u00eas pa\u00edses anfitri\u00f5es nos Estados Unidos, permanece, por ora, sujeito a negocia\u00e7\u00f5es e decis\u00f5es oficiais.<\/p>\n","protected":false},"excerpt":{"rendered":"<ul>\n<li>O pol\u00edtico alem\u00e3o J\u00fcrgen Hardt admitiu ao Bild que a Alemanha poder\u00e1 boicotar o Mundial de 2026, como \u00faltimo recurso, para contestar a decis\u00e3o de Donald Trump de adquirir a Gronel\u00e2ndia.<\/li>\n<li>Hardt disse que o boicote seria uma medida de \u00faltimo recurso, sem desenvolver muito mais o tema.<\/li>\n<li>Se ocorrer, a Alemanha \u2014 tetracampe\u00e3 mundial \u2014 ficaria de fora de um campeonato que contou com a participa\u00e7\u00e3o antecipada dos Estados Unidos como anfitri\u00f5es.<\/li>\n<li>A ideia j\u00e1 tinha sido levantada por Piers Morgan, que sugeriu que v\u00e1rias selec\u00e7\u00f5es poderiam ficar de fora durante as negocia\u00e7\u00f5es com Trump.<\/li>\n<li>Morgan mencionou, entre as op\u00e7\u00f5es, pa\u00edses como Inglaterra, Fran\u00e7a, Espanha, Alemanha, Portugal, Holanda, Noruega e It\u00e1lia.<\/li>\n<\/ul>\n","protected":false},"author":2,"featured_media":163832,"comment_status":"closed","ping_status":"closed","sticky":false,"template":"","format":"standard","meta":{"footnotes":""},"categories":[4,1],"tags":[1603,1600,32,3184,2036,2832],"class_list":["post-163819","post","type-post","status-publish","format-standard","has-post-thumbnail","hentry","category-internacional","category-noticias","tag-alemanha","tag-estados-unidos","tag-futebol","tag-gronelandia","tag-negociacoes-internacionais","tag-politica"],"yoast_head":"<!-- This site is optimized with the Yoast SEO plugin v27.2 - https:\/\/yoast.com\/product\/yoast-seo-wordpress\/ -->\n<title>Alemanha admite possibilidade de boicotar Mundial 2026 como \u00faltimo recurso - Portal Tela Portugal<\/title>\n<meta name=\"robots\" content=\"index, follow, max-snippet:-1, max-image-preview:large, max-video-preview:-1\" \/>\n<meta property=\"og:locale\" content=\"pt_PT\" \/>\n<meta property=\"og:type\" content=\"article\" \/>\n<meta property=\"og:title\" content=\"Alemanha admite possibilidade de boicotar Mundial 2026 como \u00faltimo recurso - Portal Tela Portugal\" \/>\n<meta property=\"og:description\" content=\"O pol\u00edtico alem\u00e3o J\u00fcrgen Hardt admitiu ao Bild que a Alemanha poder\u00e1 boicotar o Mundial de 2026, como \u00faltimo recurso, para contestar a decis\u00e3o de Donald Trump de adquirir a Gronel\u00e2ndia. Hardt disse que o boicote seria uma medida de \u00faltimo recurso, sem desenvolver muito mais o tema. Se ocorrer, a Alemanha \u2014 tetracampe\u00e3 mundial \u2014 ficaria de fora de um campeonato que contou com a participa\u00e7\u00e3o antecipada dos Estados Unidos como anfitri\u00f5es. A ideia j\u00e1 tinha sido levantada por Piers Morgan, que sugeriu que v\u00e1rias selec\u00e7\u00f5es poderiam ficar de fora durante as negocia\u00e7\u00f5es com Trump. Morgan mencionou, entre as op\u00e7\u00f5es, pa\u00edses como Inglaterra, Fran\u00e7a, Espanha, Alemanha, Portugal, Holanda, Noruega e It\u00e1lia.\" \/>\n<meta property=\"og:url\" content=\"https:\/\/portaltela.pt\/noticias\/2026\/01\/22\/alemanha-admite-possibilidade-de-boicotar-mundial-2026-como-ultimo-recurso\/\" \/>\n<meta property=\"og:site_name\" content=\"Portal Tela Portugal\" \/>\n<meta property=\"article:published_time\" content=\"2026-01-22T11:33:48+00:00\" \/>\n<meta name=\"author\" content=\"Telinha\" \/>\n<meta name=\"twitter:card\" content=\"summary_large_image\" \/>\n<meta name=\"twitter:label1\" content=\"Escrito por\" \/>\n\t<meta name=\"twitter:data1\" content=\"Telinha\" \/>\n\t<meta name=\"twitter:label2\" content=\"Tempo estimado de leitura\" \/>\n\t<meta name=\"twitter:data2\" content=\"1 minuto\" \/>\n<script type=\"application\/ld+json\" class=\"yoast-schema-graph\">{\"@context\":\"https:\/\/schema.org\",\"@graph\":[{\"@type\":\"Article\",\"@id\":\"https:\/\/portaltela.pt\/noticias\/2026\/01\/22\/alemanha-admite-possibilidade-de-boicotar-mundial-2026-como-ultimo-recurso\/#article\",\"isPartOf\":{\"@id\":\"https:\/\/portaltela.pt\/noticias\/2026\/01\/22\/alemanha-admite-possibilidade-de-boicotar-mundial-2026-como-ultimo-recurso\/\"},\"author\":{\"name\":\"Telinha\",\"@id\":\"https:\/\/portaltela.pt\/#\/schema\/person\/c4278d4a6028830caff9ee44b42d32ed\"},\"headline\":\"Alemanha admite possibilidade de boicotar Mundial 2026 como \u00faltimo recurso\",\"datePublished\":\"2026-01-22T11:33:48+00:00\",\"mainEntityOfPage\":{\"@id\":\"https:\/\/portaltela.pt\/noticias\/2026\/01\/22\/alemanha-admite-possibilidade-de-boicotar-mundial-2026-como-ultimo-recurso\/\"},\"wordCount\":253,\"image\":{\"@id\":\"https:\/\/portaltela.pt\/noticias\/2026\/01\/22\/alemanha-admite-possibilidade-de-boicotar-mundial-2026-como-ultimo-recurso\/#primaryimage\"},\"thumbnailUrl\":\"https:\/\/portaltela.pt\/s.01k8rhncp4jt1\/2026\/01\/img_920x518uu2026-01-22-11-33-14-2416524-4.jpg\",\"keywords\":[\"Alemanha\",\"Estados Unidos\",\"futebol\",\"Gronel\u00c3\u00a2ndia\",\"negocia\u00e7\u00f5es internacionais\",\"pol\u00edtica\"],\"articleSection\":[\"Internacional\",\"Not\u00edcias\"],\"inLanguage\":\"pt-PT\"},{\"@type\":\"WebPage\",\"@id\":\"https:\/\/portaltela.pt\/noticias\/2026\/01\/22\/alemanha-admite-possibilidade-de-boicotar-mundial-2026-como-ultimo-recurso\/\",\"url\":\"https:\/\/portaltela.pt\/noticias\/2026\/01\/22\/alemanha-admite-possibilidade-de-boicotar-mundial-2026-como-ultimo-recurso\/\",\"name\":\"Alemanha admite possibilidade de boicotar Mundial 2026 como \u00faltimo recurso - Portal Tela Portugal\",\"isPartOf\":{\"@id\":\"https:\/\/portaltela.pt\/#website\"},\"primaryImageOfPage\":{\"@id\":\"https:\/\/portaltela.pt\/noticias\/2026\/01\/22\/alemanha-admite-possibilidade-de-boicotar-mundial-2026-como-ultimo-recurso\/#primaryimage\"},\"image\":{\"@id\":\"https:\/\/portaltela.pt\/noticias\/2026\/01\/22\/alemanha-admite-possibilidade-de-boicotar-mundial-2026-como-ultimo-recurso\/#primaryimage\"},\"thumbnailUrl\":\"https:\/\/portaltela.pt\/s.01k8rhncp4jt1\/2026\/01\/img_920x518uu2026-01-22-11-33-14-2416524-4.jpg\",\"datePublished\":\"2026-01-22T11:33:48+00:00\",\"author\":{\"@id\":\"https:\/\/portaltela.pt\/#\/schema\/person\/c4278d4a6028830caff9ee44b42d32ed\"},\"breadcrumb\":{\"@id\":\"https:\/\/portaltela.pt\/noticias\/2026\/01\/22\/alemanha-admite-possibilidade-de-boicotar-mundial-2026-como-ultimo-recurso\/#breadcrumb\"},\"inLanguage\":\"pt-PT\",\"potentialAction\":[{\"@type\":\"ReadAction\",\"target\":[\"https:\/\/portaltela.pt\/noticias\/2026\/01\/22\/alemanha-admite-possibilidade-de-boicotar-mundial-2026-como-ultimo-recurso\/\"]}]},{\"@type\":\"ImageObject\",\"inLanguage\":\"pt-PT\",\"@id\":\"https:\/\/portaltela.pt\/noticias\/2026\/01\/22\/alemanha-admite-possibilidade-de-boicotar-mundial-2026-como-ultimo-recurso\/#primaryimage\",\"url\":\"https:\/\/portaltela.pt\/s.01k8rhncp4jt1\/2026\/01\/img_920x518uu2026-01-22-11-33-14-2416524-4.jpg\",\"contentUrl\":\"https:\/\/portaltela.pt\/s.01k8rhncp4jt1\/2026\/01\/img_920x518uu2026-01-22-11-33-14-2416524-4.jpg\",\"width\":796,\"height\":448,\"caption\":\"Alemanha admite possibilidade de boicotar Mundial'2026\"},{\"@type\":\"BreadcrumbList\",\"@id\":\"https:\/\/portaltela.pt\/noticias\/2026\/01\/22\/alemanha-admite-possibilidade-de-boicotar-mundial-2026-como-ultimo-recurso\/#breadcrumb\",\"itemListElement\":[{\"@type\":\"ListItem\",\"position\":1,\"name\":\"In\u00edcio\",\"item\":\"https:\/\/portaltela.pt\/\"},{\"@type\":\"ListItem\",\"position\":2,\"name\":\"Alemanha admite possibilidade de boicotar Mundial 2026 como \u00faltimo recurso\"}]},{\"@type\":\"WebSite\",\"@id\":\"https:\/\/portaltela.pt\/#website\",\"url\":\"https:\/\/portaltela.pt\/\",\"name\":\"Portal Tela Portugal\",\"description\":\"\",\"potentialAction\":[{\"@type\":\"SearchAction\",\"target\":{\"@type\":\"EntryPoint\",\"urlTemplate\":\"https:\/\/portaltela.pt\/?s={search_term_string}\"},\"query-input\":{\"@type\":\"PropertyValueSpecification\",\"valueRequired\":true,\"valueName\":\"search_term_string\"}}],\"inLanguage\":\"pt-PT\"},{\"@type\":\"Person\",\"@id\":\"https:\/\/portaltela.pt\/#\/schema\/person\/c4278d4a6028830caff9ee44b42d32ed\",\"name\":\"Telinha\",\"image\":{\"@type\":\"ImageObject\",\"inLanguage\":\"pt-PT\",\"@id\":\"https:\/\/portaltela.pt\/s.01k8rhncp4jt1\/2025\/11\/talking-bot-125x125.png\",\"url\":\"https:\/\/portaltela.pt\/s.01k8rhncp4jt1\/2025\/11\/talking-bot-125x125.png\",\"contentUrl\":\"https:\/\/portaltela.pt\/s.01k8rhncp4jt1\/2025\/11\/talking-bot-125x125.png\",\"caption\":\"Telinha\"},\"sameAs\":[\"https:\/\/portaltela.pt\/\"],\"url\":\"https:\/\/portaltela.pt\/por\/367410592786\/\"}]}<\/script>\n<!-- \/ Yoast SEO plugin. -->","yoast_head_json":{"title":"Alemanha admite possibilidade de boicotar Mundial 2026 como \u00faltimo recurso - Portal Tela Portugal","robots":{"index":"index","follow":"follow","max-snippet":"max-snippet:-1","max-image-preview":"max-image-preview:large","max-video-preview":"max-video-preview:-1"},"og_locale":"pt_PT","og_type":"article","og_title":"Alemanha admite possibilidade de boicotar Mundial 2026 como \u00faltimo recurso - Portal Tela Portugal","og_description":"O pol\u00edtico alem\u00e3o J\u00fcrgen Hardt admitiu ao Bild que a Alemanha poder\u00e1 boicotar o Mundial de 2026, como \u00faltimo recurso, para contestar a decis\u00e3o de Donald Trump de adquirir a Gronel\u00e2ndia. Hardt disse que o boicote seria uma medida de \u00faltimo recurso, sem desenvolver muito mais o tema. Se ocorrer, a Alemanha \u2014 tetracampe\u00e3 mundial \u2014 ficaria de fora de um campeonato que contou com a participa\u00e7\u00e3o antecipada dos Estados Unidos como anfitri\u00f5es. A ideia j\u00e1 tinha sido levantada por Piers Morgan, que sugeriu que v\u00e1rias selec\u00e7\u00f5es poderiam ficar de fora durante as negocia\u00e7\u00f5es com Trump. Morgan mencionou, entre as op\u00e7\u00f5es, pa\u00edses como Inglaterra, Fran\u00e7a, Espanha, Alemanha, Portugal, Holanda, Noruega e It\u00e1lia.","og_url":"https:\/\/portaltela.pt\/noticias\/2026\/01\/22\/alemanha-admite-possibilidade-de-boicotar-mundial-2026-como-ultimo-recurso\/","og_site_name":"Portal Tela Portugal","article_published_time":"2026-01-22T11:33:48+00:00","author":"Telinha","twitter_card":"summary_large_image","twitter_misc":{"Escrito por":"Telinha","Tempo estimado de leitura":"1 minuto"},"schema":{"@context":"https:\/\/schema.org","@graph":[{"@type":"Article","@id":"https:\/\/portaltela.pt\/noticias\/2026\/01\/22\/alemanha-admite-possibilidade-de-boicotar-mundial-2026-como-ultimo-recurso\/#article","isPartOf":{"@id":"https:\/\/portaltela.pt\/noticias\/2026\/01\/22\/alemanha-admite-possibilidade-de-boicotar-mundial-2026-como-ultimo-recurso\/"},"author":{"name":"Telinha","@id":"https:\/\/portaltela.pt\/#\/schema\/person\/c4278d4a6028830caff9ee44b42d32ed"},"headline":"Alemanha admite possibilidade de boicotar Mundial 2026 como \u00faltimo recurso","datePublished":"2026-01-22T11:33:48+00:00","mainEntityOfPage":{"@id":"https:\/\/portaltela.pt\/noticias\/2026\/01\/22\/alemanha-admite-possibilidade-de-boicotar-mundial-2026-como-ultimo-recurso\/"},"wordCount":253,"image":{"@id":"https:\/\/portaltela.pt\/noticias\/2026\/01\/22\/alemanha-admite-possibilidade-de-boicotar-mundial-2026-como-ultimo-recurso\/#primaryimage"},"thumbnailUrl":"https:\/\/portaltela.pt\/s.01k8rhncp4jt1\/2026\/01\/img_920x518uu2026-01-22-11-33-14-2416524-4.jpg","keywords":["Alemanha","Estados Unidos","futebol","Gronel\u00c3\u00a2ndia","negocia\u00e7\u00f5es internacionais","pol\u00edtica"],"articleSection":["Internacional","Not\u00edcias"],"inLanguage":"pt-PT"},{"@type":"WebPage","@id":"https:\/\/portaltela.pt\/noticias\/2026\/01\/22\/alemanha-admite-possibilidade-de-boicotar-mundial-2026-como-ultimo-recurso\/","url":"https:\/\/portaltela.pt\/noticias\/2026\/01\/22\/alemanha-admite-possibilidade-de-boicotar-mundial-2026-como-ultimo-recurso\/","name":"Alemanha admite possibilidade de boicotar Mundial 2026 como \u00faltimo recurso - Portal Tela Portugal","isPartOf":{"@id":"https:\/\/portaltela.pt\/#website"},"primaryImageOfPage":{"@id":"https:\/\/portaltela.pt\/noticias\/2026\/01\/22\/alemanha-admite-possibilidade-de-boicotar-mundial-2026-como-ultimo-recurso\/#primaryimage"},"image":{"@id":"https:\/\/portaltela.pt\/noticias\/2026\/01\/22\/alemanha-admite-possibilidade-de-boicotar-mundial-2026-como-ultimo-recurso\/#primaryimage"},"thumbnailUrl":"https:\/\/portaltela.pt\/s.01k8rhncp4jt1\/2026\/01\/img_920x518uu2026-01-22-11-33-14-2416524-4.jpg","datePublished":"2026-01-22T11:33:48+00:00","author":{"@id":"https:\/\/portaltela.pt\/#\/schema\/person\/c4278d4a6028830caff9ee44b42d32ed"},"breadcrumb":{"@id":"https:\/\/portaltela.pt\/noticias\/2026\/01\/22\/alemanha-admite-possibilidade-de-boicotar-mundial-2026-como-ultimo-recurso\/#breadcrumb"},"inLanguage":"pt-PT","potentialAction":[{"@type":"ReadAction","target":["https:\/\/portaltela.pt\/noticias\/2026\/01\/22\/alemanha-admite-possibilidade-de-boicotar-mundial-2026-como-ultimo-recurso\/"]}]},{"@type":"ImageObject","inLanguage":"pt-PT","@id":"https:\/\/portaltela.pt\/noticias\/2026\/01\/22\/alemanha-admite-possibilidade-de-boicotar-mundial-2026-como-ultimo-recurso\/#primaryimage","url":"https:\/\/portaltela.pt\/s.01k8rhncp4jt1\/2026\/01\/img_920x518uu2026-01-22-11-33-14-2416524-4.jpg","contentUrl":"https:\/\/portaltela.pt\/s.01k8rhncp4jt1\/2026\/01\/img_920x518uu2026-01-22-11-33-14-2416524-4.jpg","width":796,"height":448,"caption":"Alemanha admite possibilidade de boicotar Mundial'2026"},{"@type":"BreadcrumbList","@id":"https:\/\/portaltela.pt\/noticias\/2026\/01\/22\/alemanha-admite-possibilidade-de-boicotar-mundial-2026-como-ultimo-recurso\/#breadcrumb","itemListElement":[{"@type":"ListItem","position":1,"name":"In\u00edcio","item":"https:\/\/portaltela.pt\/"},{"@type":"ListItem","position":2,"name":"Alemanha admite possibilidade de boicotar Mundial 2026 como \u00faltimo recurso"}]},{"@type":"WebSite","@id":"https:\/\/portaltela.pt\/#website","url":"https:\/\/portaltela.pt\/","name":"Portal Tela Portugal","description":"","potentialAction":[{"@type":"SearchAction","target":{"@type":"EntryPoint","urlTemplate":"https:\/\/portaltela.pt\/?s={search_term_string}"},"query-input":{"@type":"PropertyValueSpecification","valueRequired":true,"valueName":"search_term_string"}}],"inLanguage":"pt-PT"},{"@type":"Person","@id":"https:\/\/portaltela.pt\/#\/schema\/person\/c4278d4a6028830caff9ee44b42d32ed","name":"Telinha","image":{"@type":"ImageObject","inLanguage":"pt-PT","@id":"https:\/\/portaltela.pt\/s.01k8rhncp4jt1\/2025\/11\/talking-bot-125x125.png","url":"https:\/\/portaltela.pt\/s.01k8rhncp4jt1\/2025\/11\/talking-bot-125x125.png","contentUrl":"https:\/\/portaltela.pt\/s.01k8rhncp4jt1\/2025\/11\/talking-bot-125x125.png","caption":"Telinha"},"sameAs":["https:\/\/portaltela.pt\/"],"url":"https:\/\/portaltela.pt\/por\/367410592786\/"}]}},"_links":{"self":[{"href":"https:\/\/portaltela.pt\/api\/wp\/v2\/posts\/163819","targetHints":{"allow":["GET"]}}],"collection":[{"href":"https:\/\/portaltela.pt\/api\/wp\/v2\/posts"}],"about":[{"href":"https:\/\/portaltela.pt\/api\/wp\/v2\/types\/post"}],"author":[{"embeddable":true,"href":"https:\/\/portaltela.pt\/api\/wp\/v2\/users\/2"}],"replies":[{"embeddable":true,"href":"https:\/\/portaltela.pt\/api\/wp\/v2\/comments?post=163819"}],"version-history":[{"count":0,"href":"https:\/\/portaltela.pt\/api\/wp\/v2\/posts\/163819\/revisions"}],"wp:featuredmedia":[{"embeddable":true,"href":"https:\/\/portaltela.pt\/api\/wp\/v2\/media\/163832"}],"wp:attachment":[{"href":"https:\/\/portaltela.pt\/api\/wp\/v2\/media?parent=163819"}],"wp:term":[{"taxonomy":"category","embeddable":true,"href":"https:\/\/portaltela.pt\/api\/wp\/v2\/categories?post=163819"},{"taxonomy":"post_tag","embeddable":true,"href":"https:\/\/portaltela.pt\/api\/wp\/v2\/tags?post=163819"}],"curies":[{"name":"wp","href":"https:\/\/api.w.org\/{rel}","templated":true}]}}