{"id":163814,"date":"2026-01-22T12:08:00","date_gmt":"2026-01-22T15:08:00","guid":{"rendered":"https:\/\/portaltela.pt\/noticias\/2026\/01\/22\/prolongamento-da-via-rapida-e-requalificacao-de-estradas-na-ponta-do-sol\/"},"modified":"2026-01-22T12:08:00","modified_gmt":"2026-01-22T15:08:00","slug":"prolongamento-da-via-rapida-e-requalificacao-de-estradas-na-ponta-do-sol","status":"publish","type":"post","link":"https:\/\/portaltela.pt\/noticias\/2026\/01\/22\/prolongamento-da-via-rapida-e-requalificacao-de-estradas-na-ponta-do-sol\/","title":{"rendered":"Prolongamento da Via R\u00e1pida e requalifica\u00e7\u00e3o de estradas na Ponta do Sol"},"content":{"rendered":"<p>O presidente da C\u00e2mara Municipal da Ponta do Sol, Rui Marques, reuniu-se esta manh\u00e3 com o secret\u00e1rio regional dos Equipamentos e Infraestruturas, Pedro Rodrigues, nas instala\u00e7\u00f5es da secretaria, para analisar acessibilidades e mobilidade no concelho, com foco em obras estruturantes. O encontro enquadra-se numa gest\u00e3o de duas entidades p\u00fablicas.<\/p>\n<p>A reuni\u00e3o decorreu num ambiente de di\u00e1logo institucional, destacando a boa rela\u00e7\u00e3o entre o Munic\u00edpio e o Governo Regional e a inten\u00e7\u00e3o de apresentar solu\u00e7\u00f5es concretas para o curto, m\u00e9dio e longo prazo. Foram abordadas medidas que respondam \u00e0s necessidades da popula\u00e7\u00e3o.<\/p>\n<p>Um dos temas centrais foi o estudo para o prolongamento da Via R\u00e1pida entre Ribeira Brava e Calheta, com tra\u00e7ado numa cota mais elevada que pode passar pela freguesia dos Canhas e zonas como Lombada e Monte, visando melhor mobilidade e desenvolvimento local.<\/p>\n<h3>Prolongamento da Via R\u00e1pida<\/h3>\n<p>Foi refor\u00e7ada a import\u00e2ncia estrat\u00e9gica das acessibilidades para o concelho, destacando que melhorar a mobilidade n\u00e3o \u00e9 apenas reduzir tempos de viagem, mas criar condi\u00e7\u00f5es para fixa\u00e7\u00e3o de pessoas e din\u00e2mica econ\u00f3mica. Tamb\u00e9m se discutiram solu\u00e7\u00f5es de curto prazo para minimizar constrangimentos durante o ver\u00e3o nas vias de liga\u00e7\u00e3o \u00e0 Ponta do Sol e \u00e0 Ribeira Brava.<\/p>\n<p>O secret\u00e1rio regional garantiu a requalifica\u00e7\u00e3o da Reta dos Canhas, via estruturante, com melhoria do mobili\u00e1rio urbano e cria\u00e7\u00e3o de passeios ao longo de toda a extens\u00e3o, aumentando a seguran\u00e7a de pe\u00f5es. Foi confirmada tamb\u00e9m a repavimenta\u00e7\u00e3o da Estrada Regional 222, no tro\u00e7o Canhas \u2013 Moledos.<\/p>\n<h3>Requalifica\u00e7\u00e3o de estradas locais<\/h3>\n<p>A Estrada dos Anjos foi igualmente tema de interesse, com a disponibilidade do Governo Regional para colaborar na sua requalifica\u00e7\u00e3o. O Munic\u00edpio fica incumbido de desenvolver um projeto que assegure maior seguran\u00e7a, mantendo a identidade paisag\u00edstica da \u00e1rea.<\/p>\n<p>Foram ainda abordados os dossi\u00eas da Marina e da Lagoa do Lugar de Baixo, com compromisso de estudar interven\u00e7\u00f5es que valorizem e valorizem o espa\u00e7o p\u00fablico do concelho, sem afetar o enquadramento ambiental.<\/p>\n<p>No final, Rui Marques sublinhou a import\u00e2ncia da coopera\u00e7\u00e3o entre Munic\u00edpio e Governo Regional, destacando que a reuni\u00e3o demonstra um trabalho conjunto para melhorar acessibilidades e a qualidade de vida da popula\u00e7\u00e3o.<\/p>\n","protected":false},"excerpt":{"rendered":"<ul>\n<li>O presidente da C\u00e2mara Municipal da Ponta do Sol, Rui Marques, reuniu\u2011se com o secret\u00e1rio regional dos Equipamentos e Infraestruturas, Pedro Rodrigues, para analisar acessibilidades e mobilidade do concelho.<\/li>\n<li>Foi discutido o prolongamento da Via R\u00e1pida entre Ribeira Brava e Calheta, com tra\u00e7ado a uma cota mais elevada que pode atravessar o Canhas, Lombada e Monte.<\/li>\n<li>A rede vi\u00e1ria local prev\u00ea a requalifica\u00e7\u00e3o da Reta dos Canhas, com melhoria do mobili\u00e1rio urbano e cria\u00e7\u00e3o de passeios, e a repavimenta\u00e7\u00e3o da Estrada Regional 222, no tro\u00e7o Canhas \u2013 Moledos.<\/li>\n<li>Tamb\u00e9m ficou definida a possibilidade de requalifica\u00e7\u00e3o da Estrada dos Anjos, com elabora\u00e7\u00e3o de um projeto que aumente a seguran\u00e7a preservando a paisagem.<\/li>\n<li>Foram ainda abordados os dossi\u00eas da Marina e da Lagoa do Lugar de Baixo, com compromisso de estudar planos de interven\u00e7\u00e3o para valorizar o concelho.<\/li>\n<\/ul>\n","protected":false},"author":2,"featured_media":163849,"comment_status":"closed","ping_status":"closed","sticky":false,"template":"","format":"standard","meta":{"footnotes":""},"categories":[1],"tags":[167,1375,1083,1615,2110,991],"class_list":["post-163814","post","type-post","status-publish","format-standard","has-post-thumbnail","hentry","category-noticias","tag-ambiente","tag-calheta","tag-estradas","tag-infraestrutura","tag-mobilidade","tag-ribeira-brava"],"yoast_head":"<!-- This site is optimized with the Yoast SEO plugin v27.2 - https:\/\/yoast.com\/product\/yoast-seo-wordpress\/ -->\n<title>Prolongamento da Via R\u00e1pida e requalifica\u00e7\u00e3o de estradas na Ponta do Sol - Portal Tela Portugal<\/title>\n<meta name=\"robots\" content=\"index, follow, max-snippet:-1, max-image-preview:large, max-video-preview:-1\" \/>\n<meta property=\"og:locale\" content=\"pt_PT\" \/>\n<meta property=\"og:type\" content=\"article\" \/>\n<meta property=\"og:title\" content=\"Prolongamento da Via R\u00e1pida e requalifica\u00e7\u00e3o de estradas na Ponta do Sol - Portal Tela Portugal\" \/>\n<meta property=\"og:description\" content=\"O presidente da C\u00e2mara Municipal da Ponta do Sol, Rui Marques, reuniu\u2011se com o secret\u00e1rio regional dos Equipamentos e Infraestruturas, Pedro Rodrigues, para analisar acessibilidades e mobilidade do concelho. Foi discutido o prolongamento da Via R\u00e1pida entre Ribeira Brava e Calheta, com tra\u00e7ado a uma cota mais elevada que pode atravessar o Canhas, Lombada e Monte. A rede vi\u00e1ria local prev\u00ea a requalifica\u00e7\u00e3o da Reta dos Canhas, com melhoria do mobili\u00e1rio urbano e cria\u00e7\u00e3o de passeios, e a repavimenta\u00e7\u00e3o da Estrada Regional 222, no tro\u00e7o Canhas \u2013 Moledos. Tamb\u00e9m ficou definida a possibilidade de requalifica\u00e7\u00e3o da Estrada dos Anjos, com elabora\u00e7\u00e3o de um projeto que aumente a seguran\u00e7a preservando a paisagem. Foram ainda abordados os dossi\u00eas da Marina e da Lagoa do Lugar de Baixo, com compromisso de estudar planos de interven\u00e7\u00e3o para valorizar o concelho.\" \/>\n<meta property=\"og:url\" content=\"https:\/\/portaltela.pt\/noticias\/2026\/01\/22\/prolongamento-da-via-rapida-e-requalificacao-de-estradas-na-ponta-do-sol\/\" \/>\n<meta property=\"og:site_name\" content=\"Portal Tela Portugal\" \/>\n<meta property=\"article:published_time\" content=\"2026-01-22T15:08:00+00:00\" \/>\n<meta name=\"author\" content=\"Telinha\" \/>\n<meta name=\"twitter:card\" content=\"summary_large_image\" \/>\n<meta name=\"twitter:label1\" content=\"Escrito por\" \/>\n\t<meta name=\"twitter:data1\" content=\"Telinha\" \/>\n\t<meta name=\"twitter:label2\" content=\"Tempo estimado de leitura\" \/>\n\t<meta name=\"twitter:data2\" content=\"2 minutos\" \/>\n<script type=\"application\/ld+json\" class=\"yoast-schema-graph\">{\"@context\":\"https:\/\/schema.org\",\"@graph\":[{\"@type\":\"Article\",\"@id\":\"https:\/\/portaltela.pt\/noticias\/2026\/01\/22\/prolongamento-da-via-rapida-e-requalificacao-de-estradas-na-ponta-do-sol\/#article\",\"isPartOf\":{\"@id\":\"https:\/\/portaltela.pt\/noticias\/2026\/01\/22\/prolongamento-da-via-rapida-e-requalificacao-de-estradas-na-ponta-do-sol\/\"},\"author\":{\"name\":\"Telinha\",\"@id\":\"https:\/\/portaltela.pt\/#\/schema\/person\/c4278d4a6028830caff9ee44b42d32ed\"},\"headline\":\"Prolongamento da Via R\u00e1pida e requalifica\u00e7\u00e3o de estradas na Ponta do Sol\",\"datePublished\":\"2026-01-22T15:08:00+00:00\",\"mainEntityOfPage\":{\"@id\":\"https:\/\/portaltela.pt\/noticias\/2026\/01\/22\/prolongamento-da-via-rapida-e-requalificacao-de-estradas-na-ponta-do-sol\/\"},\"wordCount\":409,\"image\":{\"@id\":\"https:\/\/portaltela.pt\/noticias\/2026\/01\/22\/prolongamento-da-via-rapida-e-requalificacao-de-estradas-na-ponta-do-sol\/#primaryimage\"},\"thumbnailUrl\":\"https:\/\/portaltela.pt\/s.01k8rhncp4jt1\/2026\/01\/unnamed-file-4646.jpg\",\"keywords\":[\"ambiente\",\"Calheta\",\"estradas\",\"infraestrutura\",\"mobilidade\",\"Ribeira Brava\"],\"articleSection\":[\"Not\u00edcias\"],\"inLanguage\":\"pt-PT\"},{\"@type\":\"WebPage\",\"@id\":\"https:\/\/portaltela.pt\/noticias\/2026\/01\/22\/prolongamento-da-via-rapida-e-requalificacao-de-estradas-na-ponta-do-sol\/\",\"url\":\"https:\/\/portaltela.pt\/noticias\/2026\/01\/22\/prolongamento-da-via-rapida-e-requalificacao-de-estradas-na-ponta-do-sol\/\",\"name\":\"Prolongamento da Via R\u00e1pida e requalifica\u00e7\u00e3o de estradas na Ponta do Sol - Portal Tela Portugal\",\"isPartOf\":{\"@id\":\"https:\/\/portaltela.pt\/#website\"},\"primaryImageOfPage\":{\"@id\":\"https:\/\/portaltela.pt\/noticias\/2026\/01\/22\/prolongamento-da-via-rapida-e-requalificacao-de-estradas-na-ponta-do-sol\/#primaryimage\"},\"image\":{\"@id\":\"https:\/\/portaltela.pt\/noticias\/2026\/01\/22\/prolongamento-da-via-rapida-e-requalificacao-de-estradas-na-ponta-do-sol\/#primaryimage\"},\"thumbnailUrl\":\"https:\/\/portaltela.pt\/s.01k8rhncp4jt1\/2026\/01\/unnamed-file-4646.jpg\",\"datePublished\":\"2026-01-22T15:08:00+00:00\",\"author\":{\"@id\":\"https:\/\/portaltela.pt\/#\/schema\/person\/c4278d4a6028830caff9ee44b42d32ed\"},\"breadcrumb\":{\"@id\":\"https:\/\/portaltela.pt\/noticias\/2026\/01\/22\/prolongamento-da-via-rapida-e-requalificacao-de-estradas-na-ponta-do-sol\/#breadcrumb\"},\"inLanguage\":\"pt-PT\",\"potentialAction\":[{\"@type\":\"ReadAction\",\"target\":[\"https:\/\/portaltela.pt\/noticias\/2026\/01\/22\/prolongamento-da-via-rapida-e-requalificacao-de-estradas-na-ponta-do-sol\/\"]}]},{\"@type\":\"ImageObject\",\"inLanguage\":\"pt-PT\",\"@id\":\"https:\/\/portaltela.pt\/noticias\/2026\/01\/22\/prolongamento-da-via-rapida-e-requalificacao-de-estradas-na-ponta-do-sol\/#primaryimage\",\"url\":\"https:\/\/portaltela.pt\/s.01k8rhncp4jt1\/2026\/01\/unnamed-file-4646.jpg\",\"contentUrl\":\"https:\/\/portaltela.pt\/s.01k8rhncp4jt1\/2026\/01\/unnamed-file-4646.jpg\",\"width\":796,\"height\":448,\"caption\":\"Prolongamento da Via R\u00e1pida e requalifica\u00e7\u00e3o de estradas em an\u00e1lise na Ponta do Sol\"},{\"@type\":\"BreadcrumbList\",\"@id\":\"https:\/\/portaltela.pt\/noticias\/2026\/01\/22\/prolongamento-da-via-rapida-e-requalificacao-de-estradas-na-ponta-do-sol\/#breadcrumb\",\"itemListElement\":[{\"@type\":\"ListItem\",\"position\":1,\"name\":\"In\u00edcio\",\"item\":\"https:\/\/portaltela.pt\/\"},{\"@type\":\"ListItem\",\"position\":2,\"name\":\"Prolongamento da Via R\u00e1pida e requalifica\u00e7\u00e3o de estradas na Ponta do Sol\"}]},{\"@type\":\"WebSite\",\"@id\":\"https:\/\/portaltela.pt\/#website\",\"url\":\"https:\/\/portaltela.pt\/\",\"name\":\"Portal Tela Portugal\",\"description\":\"\",\"potentialAction\":[{\"@type\":\"SearchAction\",\"target\":{\"@type\":\"EntryPoint\",\"urlTemplate\":\"https:\/\/portaltela.pt\/?s={search_term_string}\"},\"query-input\":{\"@type\":\"PropertyValueSpecification\",\"valueRequired\":true,\"valueName\":\"search_term_string\"}}],\"inLanguage\":\"pt-PT\"},{\"@type\":\"Person\",\"@id\":\"https:\/\/portaltela.pt\/#\/schema\/person\/c4278d4a6028830caff9ee44b42d32ed\",\"name\":\"Telinha\",\"image\":{\"@type\":\"ImageObject\",\"inLanguage\":\"pt-PT\",\"@id\":\"https:\/\/portaltela.pt\/s.01k8rhncp4jt1\/2025\/11\/talking-bot-125x125.png\",\"url\":\"https:\/\/portaltela.pt\/s.01k8rhncp4jt1\/2025\/11\/talking-bot-125x125.png\",\"contentUrl\":\"https:\/\/portaltela.pt\/s.01k8rhncp4jt1\/2025\/11\/talking-bot-125x125.png\",\"caption\":\"Telinha\"},\"sameAs\":[\"https:\/\/portaltela.pt\/\"],\"url\":\"https:\/\/portaltela.pt\/por\/367410592786\/\"}]}<\/script>\n<!-- \/ Yoast SEO plugin. -->","yoast_head_json":{"title":"Prolongamento da Via R\u00e1pida e requalifica\u00e7\u00e3o de estradas na Ponta do Sol - Portal Tela Portugal","robots":{"index":"index","follow":"follow","max-snippet":"max-snippet:-1","max-image-preview":"max-image-preview:large","max-video-preview":"max-video-preview:-1"},"og_locale":"pt_PT","og_type":"article","og_title":"Prolongamento da Via R\u00e1pida e requalifica\u00e7\u00e3o de estradas na Ponta do Sol - Portal Tela Portugal","og_description":"O presidente da C\u00e2mara Municipal da Ponta do Sol, Rui Marques, reuniu\u2011se com o secret\u00e1rio regional dos Equipamentos e Infraestruturas, Pedro Rodrigues, para analisar acessibilidades e mobilidade do concelho. Foi discutido o prolongamento da Via R\u00e1pida entre Ribeira Brava e Calheta, com tra\u00e7ado a uma cota mais elevada que pode atravessar o Canhas, Lombada e Monte. A rede vi\u00e1ria local prev\u00ea a requalifica\u00e7\u00e3o da Reta dos Canhas, com melhoria do mobili\u00e1rio urbano e cria\u00e7\u00e3o de passeios, e a repavimenta\u00e7\u00e3o da Estrada Regional 222, no tro\u00e7o Canhas \u2013 Moledos. Tamb\u00e9m ficou definida a possibilidade de requalifica\u00e7\u00e3o da Estrada dos Anjos, com elabora\u00e7\u00e3o de um projeto que aumente a seguran\u00e7a preservando a paisagem. Foram ainda abordados os dossi\u00eas da Marina e da Lagoa do Lugar de Baixo, com compromisso de estudar planos de interven\u00e7\u00e3o para valorizar o concelho.","og_url":"https:\/\/portaltela.pt\/noticias\/2026\/01\/22\/prolongamento-da-via-rapida-e-requalificacao-de-estradas-na-ponta-do-sol\/","og_site_name":"Portal Tela Portugal","article_published_time":"2026-01-22T15:08:00+00:00","author":"Telinha","twitter_card":"summary_large_image","twitter_misc":{"Escrito por":"Telinha","Tempo estimado de leitura":"2 minutos"},"schema":{"@context":"https:\/\/schema.org","@graph":[{"@type":"Article","@id":"https:\/\/portaltela.pt\/noticias\/2026\/01\/22\/prolongamento-da-via-rapida-e-requalificacao-de-estradas-na-ponta-do-sol\/#article","isPartOf":{"@id":"https:\/\/portaltela.pt\/noticias\/2026\/01\/22\/prolongamento-da-via-rapida-e-requalificacao-de-estradas-na-ponta-do-sol\/"},"author":{"name":"Telinha","@id":"https:\/\/portaltela.pt\/#\/schema\/person\/c4278d4a6028830caff9ee44b42d32ed"},"headline":"Prolongamento da Via R\u00e1pida e requalifica\u00e7\u00e3o de estradas na Ponta do Sol","datePublished":"2026-01-22T15:08:00+00:00","mainEntityOfPage":{"@id":"https:\/\/portaltela.pt\/noticias\/2026\/01\/22\/prolongamento-da-via-rapida-e-requalificacao-de-estradas-na-ponta-do-sol\/"},"wordCount":409,"image":{"@id":"https:\/\/portaltela.pt\/noticias\/2026\/01\/22\/prolongamento-da-via-rapida-e-requalificacao-de-estradas-na-ponta-do-sol\/#primaryimage"},"thumbnailUrl":"https:\/\/portaltela.pt\/s.01k8rhncp4jt1\/2026\/01\/unnamed-file-4646.jpg","keywords":["ambiente","Calheta","estradas","infraestrutura","mobilidade","Ribeira Brava"],"articleSection":["Not\u00edcias"],"inLanguage":"pt-PT"},{"@type":"WebPage","@id":"https:\/\/portaltela.pt\/noticias\/2026\/01\/22\/prolongamento-da-via-rapida-e-requalificacao-de-estradas-na-ponta-do-sol\/","url":"https:\/\/portaltela.pt\/noticias\/2026\/01\/22\/prolongamento-da-via-rapida-e-requalificacao-de-estradas-na-ponta-do-sol\/","name":"Prolongamento da Via R\u00e1pida e requalifica\u00e7\u00e3o de estradas na Ponta do Sol - Portal Tela Portugal","isPartOf":{"@id":"https:\/\/portaltela.pt\/#website"},"primaryImageOfPage":{"@id":"https:\/\/portaltela.pt\/noticias\/2026\/01\/22\/prolongamento-da-via-rapida-e-requalificacao-de-estradas-na-ponta-do-sol\/#primaryimage"},"image":{"@id":"https:\/\/portaltela.pt\/noticias\/2026\/01\/22\/prolongamento-da-via-rapida-e-requalificacao-de-estradas-na-ponta-do-sol\/#primaryimage"},"thumbnailUrl":"https:\/\/portaltela.pt\/s.01k8rhncp4jt1\/2026\/01\/unnamed-file-4646.jpg","datePublished":"2026-01-22T15:08:00+00:00","author":{"@id":"https:\/\/portaltela.pt\/#\/schema\/person\/c4278d4a6028830caff9ee44b42d32ed"},"breadcrumb":{"@id":"https:\/\/portaltela.pt\/noticias\/2026\/01\/22\/prolongamento-da-via-rapida-e-requalificacao-de-estradas-na-ponta-do-sol\/#breadcrumb"},"inLanguage":"pt-PT","potentialAction":[{"@type":"ReadAction","target":["https:\/\/portaltela.pt\/noticias\/2026\/01\/22\/prolongamento-da-via-rapida-e-requalificacao-de-estradas-na-ponta-do-sol\/"]}]},{"@type":"ImageObject","inLanguage":"pt-PT","@id":"https:\/\/portaltela.pt\/noticias\/2026\/01\/22\/prolongamento-da-via-rapida-e-requalificacao-de-estradas-na-ponta-do-sol\/#primaryimage","url":"https:\/\/portaltela.pt\/s.01k8rhncp4jt1\/2026\/01\/unnamed-file-4646.jpg","contentUrl":"https:\/\/portaltela.pt\/s.01k8rhncp4jt1\/2026\/01\/unnamed-file-4646.jpg","width":796,"height":448,"caption":"Prolongamento da Via R\u00e1pida e requalifica\u00e7\u00e3o de estradas em an\u00e1lise na Ponta do Sol"},{"@type":"BreadcrumbList","@id":"https:\/\/portaltela.pt\/noticias\/2026\/01\/22\/prolongamento-da-via-rapida-e-requalificacao-de-estradas-na-ponta-do-sol\/#breadcrumb","itemListElement":[{"@type":"ListItem","position":1,"name":"In\u00edcio","item":"https:\/\/portaltela.pt\/"},{"@type":"ListItem","position":2,"name":"Prolongamento da Via R\u00e1pida e requalifica\u00e7\u00e3o de estradas na Ponta do Sol"}]},{"@type":"WebSite","@id":"https:\/\/portaltela.pt\/#website","url":"https:\/\/portaltela.pt\/","name":"Portal Tela Portugal","description":"","potentialAction":[{"@type":"SearchAction","target":{"@type":"EntryPoint","urlTemplate":"https:\/\/portaltela.pt\/?s={search_term_string}"},"query-input":{"@type":"PropertyValueSpecification","valueRequired":true,"valueName":"search_term_string"}}],"inLanguage":"pt-PT"},{"@type":"Person","@id":"https:\/\/portaltela.pt\/#\/schema\/person\/c4278d4a6028830caff9ee44b42d32ed","name":"Telinha","image":{"@type":"ImageObject","inLanguage":"pt-PT","@id":"https:\/\/portaltela.pt\/s.01k8rhncp4jt1\/2025\/11\/talking-bot-125x125.png","url":"https:\/\/portaltela.pt\/s.01k8rhncp4jt1\/2025\/11\/talking-bot-125x125.png","contentUrl":"https:\/\/portaltela.pt\/s.01k8rhncp4jt1\/2025\/11\/talking-bot-125x125.png","caption":"Telinha"},"sameAs":["https:\/\/portaltela.pt\/"],"url":"https:\/\/portaltela.pt\/por\/367410592786\/"}]}},"_links":{"self":[{"href":"https:\/\/portaltela.pt\/api\/wp\/v2\/posts\/163814","targetHints":{"allow":["GET"]}}],"collection":[{"href":"https:\/\/portaltela.pt\/api\/wp\/v2\/posts"}],"about":[{"href":"https:\/\/portaltela.pt\/api\/wp\/v2\/types\/post"}],"author":[{"embeddable":true,"href":"https:\/\/portaltela.pt\/api\/wp\/v2\/users\/2"}],"replies":[{"embeddable":true,"href":"https:\/\/portaltela.pt\/api\/wp\/v2\/comments?post=163814"}],"version-history":[{"count":0,"href":"https:\/\/portaltela.pt\/api\/wp\/v2\/posts\/163814\/revisions"}],"wp:featuredmedia":[{"embeddable":true,"href":"https:\/\/portaltela.pt\/api\/wp\/v2\/media\/163849"}],"wp:attachment":[{"href":"https:\/\/portaltela.pt\/api\/wp\/v2\/media?parent=163814"}],"wp:term":[{"taxonomy":"category","embeddable":true,"href":"https:\/\/portaltela.pt\/api\/wp\/v2\/categories?post=163814"},{"taxonomy":"post_tag","embeddable":true,"href":"https:\/\/portaltela.pt\/api\/wp\/v2\/tags?post=163814"}],"curies":[{"name":"wp","href":"https:\/\/api.w.org\/{rel}","templated":true}]}}