{"id":163773,"date":"2026-01-22T12:03:00","date_gmt":"2026-01-22T15:03:00","guid":{"rendered":"https:\/\/portaltela.pt\/noticias\/2026\/01\/22\/oppo-reno15-pro-5g-coloca-os-topos-de-gama-em-sentido\/"},"modified":"2026-01-22T12:03:00","modified_gmt":"2026-01-22T15:03:00","slug":"oppo-reno15-pro-5g-coloca-os-topos-de-gama-em-sentido","status":"publish","type":"post","link":"https:\/\/portaltela.pt\/noticias\/economia\/2026\/01\/22\/oppo-reno15-pro-5g-coloca-os-topos-de-gama-em-sentido\/","title":{"rendered":"Oppo Reno15 Pro 5G coloca os topos de gama em sentido"},"content":{"rendered":"<p>O Oppo Reno15 Pro 5G chega ao mercado com design cuidado e desempenho s\u00f3lido, mais pr\u00f3ximo de topos de gama do que de m\u00e9dia de pre\u00e7o. O dispositivo impressiona pela constru\u00e7\u00e3o e pela eleg\u00e2ncia da cor dispon\u00edvel, chamada black mocha.<\/p>\n<p>O modelo testado destina-se a quem valoriza qualidade de constru\u00e7\u00e3o sem encostar aos pre\u00e7os mais elevados. A marca oferece um equipamento com aspeto premium, mas com limita\u00e7\u00f5es que podem afastar quem procura a melhor foto e v\u00eddeo do segmento.<\/p>\n<p>A ergonomia \u00e9 um ponto forte: o ecr\u00e3 de 6,32 polegadas mant\u00e9m o manejo c\u00f3modo em m\u00e3o \u00fanica, sem sacrificar a experi\u00eancia de uso. O chassis, por\u00e9m, \u00e9 escorregadio, exigindo prote\u00e7\u00e3o com capa para evitar quedas.<\/p>\n<h3>Design e constru\u00e7\u00e3o<\/h3>\n<p>A cor mocha revela um castanho-escuro elegante, com acabamento de qualidade. Os contornos s\u00e3o finos, contribuindo para um perfil compacto para a dimens\u00e3o do ecr\u00e3. O material transmite robustez, mesmo frente a uso di\u00e1rio intenso.<\/p>\n<p>A borda do ecr\u00e3 \u00e9 fininha, o que ajuda a manter o corpo do telefone relativamente pequeno e ergon\u00f3mico. Com capa, o conjunto perde parte do toque premium, mas aumenta a prote\u00e7\u00e3o.<\/p>\n<p>O peso e o equil\u00edbrio est\u00e3o bem conseguidos, tornando-o confort\u00e1vel de segurar durante longos per\u00edodos. O design n\u00e3o procura chamar a aten\u00e7\u00e3o, mas sim a eleg\u00e2ncia discreta.<\/p>\n<h3>Ecr\u00e3 e experi\u00eancia multim\u00e9dia<\/h3>\n<p>O ecr\u00e3 OLED atinge 120 Hz, proporcionando fluidez no scrolling e na intera\u00e7\u00e3o com apps. O brilho \u00e9 adequado para uso ao ar livre, com boa visibilidade em condi\u00e7\u00f5es de luz solar.<\/p>\n<p>As cores s\u00e3o vivas sem exagero, com pretos profundos t\u00edpicos de OLED. A experi\u00eancia de v\u00eddeo \u00e9 imersiva, especialmente em plataformas de streaming, com \u00e2ncoras visuais est\u00e1veis.<\/p>\n<p>Para jogos, o desempenho \u00e9 consistente, com transi\u00e7\u00f5es r\u00e1pidas entre tarefas. O painel responde bem aos comandos e oferece uma experi\u00eancia agrad\u00e1vel no dia a dia.<\/p>\n<h3>Desempenho e IA<\/h3>\n<p>O Reno15 Pro usa o Dimensity 8450, colocando-o no segmento m\u00e9dio-alto. Em uso cotidiano, as tarefas correm com fluidez, sem engasgos percept\u00edveis.<\/p>\n<p>Em compara\u00e7\u00e3o com concorrentes, o aparelho demonstra boa performance gr\u00e1fica para jogos exigentes e multitarefa sem grandes oscila\u00e7\u00f5es. N\u00e3o \u00e9 o mais r\u00e1pido, mas cumpre com folga.<\/p>\n<p>O sistema ColorOS 16, baseado em Android 16, oferece uma interface limpa e personaliz\u00e1vel. Funcionalidades de IA incluem ferramentas de edi\u00e7\u00e3o fotogr\u00e1fica e resumo de conte\u00fados, com resultados discretos.<\/p>\n<h3>Fotografia e v\u00eddeo<\/h3>\n<p>O sensor principal de 200 MP oferece detalhe amplo em boa luz, com cores equilibradas. A teleobjetiva de 50 MP com zoom \u00f3tico de 3,5x amplia op\u00e7\u00f5es de retrato e detalhes arquitect\u00f3nicos.<\/p>\n<p>A ultra-wide de 50 MP mant\u00e9m consist\u00eancia de cores. O modo noturno resulta em melhor captura em condi\u00e7\u00f5es de pouca luz, ainda que n\u00e3o alcance os l\u00edderes do segmento.<\/p>\n<p>A grava\u00e7\u00e3o de v\u00eddeo apresenta estabiliza\u00e7\u00e3o est\u00e1vel, \u00fatil para v\u00eddeo em movimento. Em baixa luminosidade, ainda h\u00e1 margem para melhorias face aos l\u00edderes.<\/p>\n<h3>Autonomia e carregamento<\/h3>\n<p>A bateria de 6500 mAh garante um dia de uso exigente, com quedas pouco acima de 25% no fim do dia. Em uso moderado, \u00e9 poss\u00edvel chegar a dois dias entre recargas.<\/p>\n<p>O carregamento r\u00e1pido reabastece a bateria de forma \u00e1gil. Contudo, a efici\u00eancia energ\u00e9tica n\u00e3o est\u00e1 entre as melhores da categoria, segundo testes.<\/p>\n<h3>Veredicto<\/h3>\n<p>O Oppo Reno15 Pro 5G oferece equil\u00edbrio entre constru\u00e7\u00e3o, design, dimens\u00e3o e desempenho a um pre\u00e7o competitiv. Adequado para quem n\u00e3o pretende fotografar no topo da categoria.<\/p>\n<p>Quem exige a melhor fotografia e v\u00eddeo pode procurar alternativas com desempenho superior nessa \u00e1rea. O chassis escorregadio requer capa para uso di\u00e1rio sem preocupa\u00e7\u00f5es.<\/p>\n<p>Em resumo, o Reno15 Pro 5G \u00e9 uma op\u00e7\u00e3o racional para quem valoriza uso fluido e design elegante a um patamar de pre\u00e7o mais acess\u00edvel.<\/p>\n","protected":false},"excerpt":{"rendered":"<ul>\n<li>O Oppo Reno15 Pro 5G destaca-se pelo design e constru\u00e7\u00e3o, com a cor \u201cpreto mocha\u201d elegante, mas o chassis \u00e9 escorregadio, o que torna necess\u00e1ria uma capa para evitar quedas.<\/li>\n<li>Ecr\u00e3 OLED de 6,32 polegadas com taxa de atualiza\u00e7\u00e3o de 120 Hz oferece brilho elevado e cores vibrantes, ideal para v\u00eddeos e uso multim\u00e9dia.<\/li>\n<li>Desempenho com o MediaTek Dimensity 8450 situa-se no segmento m\u00e9dio-alto, suficiente para jogos e multitarefa, chegando a superar o Google Pixel 10 Pro em GPU em determinados casos.<\/li>\n<li>Fotografia: sensor principal de 200 MP; telefoto de 50 MP com zoom \u00f3tico de 3,5x; ultra-grande angular de 50 MP; modo noturno competente, mas ainda abaixo de refer\u00eancias como iPhone 17 Pro.<\/li>\n<li>Bateria de 6.500 mAh com carregamento r\u00e1pido, oferece um dia intenso de uso e, para utilizadores moderados, chega a dois dias, embora a autonomia fique aqu\u00e9m de alguns concorrentes em testes de dura\u00e7\u00e3o.<\/li>\n<\/ul>\n","protected":false},"author":2,"featured_media":163774,"comment_status":"closed","ping_status":"closed","sticky":false,"template":"","format":"standard","meta":{"footnotes":""},"categories":[2,1],"tags":[2572,143,247,33,51,153],"class_list":["post-163773","post","type-post","status-publish","format-standard","has-post-thumbnail","hentry","category-economia","category-noticias","tag-5g-standalone","tag-design","tag-fotografia","tag-inovacao","tag-inteligencia-artificial","tag-tecnologia"],"yoast_head":"<!-- This site is optimized with the Yoast SEO plugin v27.2 - https:\/\/yoast.com\/product\/yoast-seo-wordpress\/ -->\n<title>Oppo Reno15 Pro 5G coloca os topos de gama em sentido - Portal Tela Portugal<\/title>\n<meta name=\"robots\" content=\"index, follow, max-snippet:-1, max-image-preview:large, max-video-preview:-1\" \/>\n<meta property=\"og:locale\" content=\"pt_PT\" \/>\n<meta property=\"og:type\" content=\"article\" \/>\n<meta property=\"og:title\" content=\"Oppo Reno15 Pro 5G coloca os topos de gama em sentido - Portal Tela Portugal\" \/>\n<meta property=\"og:description\" content=\"O Oppo Reno15 Pro 5G destaca-se pelo design e constru\u00e7\u00e3o, com a cor \u201cpreto mocha\u201d elegante, mas o chassis \u00e9 escorregadio, o que torna necess\u00e1ria uma capa para evitar quedas. Ecr\u00e3 OLED de 6,32 polegadas com taxa de atualiza\u00e7\u00e3o de 120 Hz oferece brilho elevado e cores vibrantes, ideal para v\u00eddeos e uso multim\u00e9dia. Desempenho com o MediaTek Dimensity 8450 situa-se no segmento m\u00e9dio-alto, suficiente para jogos e multitarefa, chegando a superar o Google Pixel 10 Pro em GPU em determinados casos. Fotografia: sensor principal de 200 MP; telefoto de 50 MP com zoom \u00f3tico de 3,5x; ultra-grande angular de 50 MP; modo noturno competente, mas ainda abaixo de refer\u00eancias como iPhone 17 Pro. Bateria de 6.500 mAh com carregamento r\u00e1pido, oferece um dia intenso de uso e, para utilizadores moderados, chega a dois dias, embora a autonomia fique aqu\u00e9m de alguns concorrentes em testes de dura\u00e7\u00e3o.\" \/>\n<meta property=\"og:url\" content=\"https:\/\/portaltela.pt\/noticias\/2026\/01\/22\/oppo-reno15-pro-5g-coloca-os-topos-de-gama-em-sentido\/\" \/>\n<meta property=\"og:site_name\" content=\"Portal Tela Portugal\" \/>\n<meta property=\"article:published_time\" content=\"2026-01-22T15:03:00+00:00\" \/>\n<meta name=\"author\" content=\"Telinha\" \/>\n<meta name=\"twitter:card\" content=\"summary_large_image\" \/>\n<meta name=\"twitter:label1\" content=\"Escrito por\" \/>\n\t<meta name=\"twitter:data1\" content=\"Telinha\" \/>\n\t<meta name=\"twitter:label2\" content=\"Tempo estimado de leitura\" \/>\n\t<meta name=\"twitter:data2\" content=\"3 minutos\" \/>\n<script type=\"application\/ld+json\" class=\"yoast-schema-graph\">{\"@context\":\"https:\/\/schema.org\",\"@graph\":[{\"@type\":\"Article\",\"@id\":\"https:\/\/portaltela.pt\/noticias\/2026\/01\/22\/oppo-reno15-pro-5g-coloca-os-topos-de-gama-em-sentido\/#article\",\"isPartOf\":{\"@id\":\"https:\/\/portaltela.pt\/noticias\/2026\/01\/22\/oppo-reno15-pro-5g-coloca-os-topos-de-gama-em-sentido\/\"},\"author\":{\"name\":\"Telinha\",\"@id\":\"https:\/\/portaltela.pt\/#\/schema\/person\/c4278d4a6028830caff9ee44b42d32ed\"},\"headline\":\"Oppo Reno15 Pro 5G coloca os topos de gama em sentido\",\"datePublished\":\"2026-01-22T15:03:00+00:00\",\"mainEntityOfPage\":{\"@id\":\"https:\/\/portaltela.pt\/noticias\/2026\/01\/22\/oppo-reno15-pro-5g-coloca-os-topos-de-gama-em-sentido\/\"},\"wordCount\":680,\"image\":{\"@id\":\"https:\/\/portaltela.pt\/noticias\/2026\/01\/22\/oppo-reno15-pro-5g-coloca-os-topos-de-gama-em-sentido\/#primaryimage\"},\"thumbnailUrl\":\"https:\/\/portaltela.pt\/s.01k8rhncp4jt1\/2026\/01\/2061211.jpg\",\"keywords\":[\"5G Standalone\",\"design\",\"fotografia\",\"inova\u00e7\u00e3o\",\"intelig\u00eancia artificial\",\"tecnologia\"],\"articleSection\":[\"Economia\",\"Not\u00edcias\"],\"inLanguage\":\"pt-PT\"},{\"@type\":\"WebPage\",\"@id\":\"https:\/\/portaltela.pt\/noticias\/2026\/01\/22\/oppo-reno15-pro-5g-coloca-os-topos-de-gama-em-sentido\/\",\"url\":\"https:\/\/portaltela.pt\/noticias\/2026\/01\/22\/oppo-reno15-pro-5g-coloca-os-topos-de-gama-em-sentido\/\",\"name\":\"Oppo Reno15 Pro 5G coloca os topos de gama em sentido - Portal Tela Portugal\",\"isPartOf\":{\"@id\":\"https:\/\/portaltela.pt\/#website\"},\"primaryImageOfPage\":{\"@id\":\"https:\/\/portaltela.pt\/noticias\/2026\/01\/22\/oppo-reno15-pro-5g-coloca-os-topos-de-gama-em-sentido\/#primaryimage\"},\"image\":{\"@id\":\"https:\/\/portaltela.pt\/noticias\/2026\/01\/22\/oppo-reno15-pro-5g-coloca-os-topos-de-gama-em-sentido\/#primaryimage\"},\"thumbnailUrl\":\"https:\/\/portaltela.pt\/s.01k8rhncp4jt1\/2026\/01\/2061211.jpg\",\"datePublished\":\"2026-01-22T15:03:00+00:00\",\"author\":{\"@id\":\"https:\/\/portaltela.pt\/#\/schema\/person\/c4278d4a6028830caff9ee44b42d32ed\"},\"breadcrumb\":{\"@id\":\"https:\/\/portaltela.pt\/noticias\/2026\/01\/22\/oppo-reno15-pro-5g-coloca-os-topos-de-gama-em-sentido\/#breadcrumb\"},\"inLanguage\":\"pt-PT\",\"potentialAction\":[{\"@type\":\"ReadAction\",\"target\":[\"https:\/\/portaltela.pt\/noticias\/2026\/01\/22\/oppo-reno15-pro-5g-coloca-os-topos-de-gama-em-sentido\/\"]}]},{\"@type\":\"ImageObject\",\"inLanguage\":\"pt-PT\",\"@id\":\"https:\/\/portaltela.pt\/noticias\/2026\/01\/22\/oppo-reno15-pro-5g-coloca-os-topos-de-gama-em-sentido\/#primaryimage\",\"url\":\"https:\/\/portaltela.pt\/s.01k8rhncp4jt1\/2026\/01\/2061211.jpg\",\"contentUrl\":\"https:\/\/portaltela.pt\/s.01k8rhncp4jt1\/2026\/01\/2061211.jpg\",\"width\":796,\"height\":448,\"caption\":\"O design deste Oppo est\u00e1 muito bem conseguido e a qualidade de constru\u00e7\u00e3o \u00e9 convincente\"},{\"@type\":\"BreadcrumbList\",\"@id\":\"https:\/\/portaltela.pt\/noticias\/2026\/01\/22\/oppo-reno15-pro-5g-coloca-os-topos-de-gama-em-sentido\/#breadcrumb\",\"itemListElement\":[{\"@type\":\"ListItem\",\"position\":1,\"name\":\"In\u00edcio\",\"item\":\"https:\/\/portaltela.pt\/\"},{\"@type\":\"ListItem\",\"position\":2,\"name\":\"Oppo Reno15 Pro 5G coloca os topos de gama em sentido\"}]},{\"@type\":\"WebSite\",\"@id\":\"https:\/\/portaltela.pt\/#website\",\"url\":\"https:\/\/portaltela.pt\/\",\"name\":\"Portal Tela Portugal\",\"description\":\"\",\"potentialAction\":[{\"@type\":\"SearchAction\",\"target\":{\"@type\":\"EntryPoint\",\"urlTemplate\":\"https:\/\/portaltela.pt\/?s={search_term_string}\"},\"query-input\":{\"@type\":\"PropertyValueSpecification\",\"valueRequired\":true,\"valueName\":\"search_term_string\"}}],\"inLanguage\":\"pt-PT\"},{\"@type\":\"Person\",\"@id\":\"https:\/\/portaltela.pt\/#\/schema\/person\/c4278d4a6028830caff9ee44b42d32ed\",\"name\":\"Telinha\",\"image\":{\"@type\":\"ImageObject\",\"inLanguage\":\"pt-PT\",\"@id\":\"https:\/\/portaltela.pt\/s.01k8rhncp4jt1\/2025\/11\/talking-bot-125x125.png\",\"url\":\"https:\/\/portaltela.pt\/s.01k8rhncp4jt1\/2025\/11\/talking-bot-125x125.png\",\"contentUrl\":\"https:\/\/portaltela.pt\/s.01k8rhncp4jt1\/2025\/11\/talking-bot-125x125.png\",\"caption\":\"Telinha\"},\"sameAs\":[\"https:\/\/portaltela.pt\/\"],\"url\":\"https:\/\/portaltela.pt\/por\/367410592786\/\"}]}<\/script>\n<!-- \/ Yoast SEO plugin. -->","yoast_head_json":{"title":"Oppo Reno15 Pro 5G coloca os topos de gama em sentido - Portal Tela Portugal","robots":{"index":"index","follow":"follow","max-snippet":"max-snippet:-1","max-image-preview":"max-image-preview:large","max-video-preview":"max-video-preview:-1"},"og_locale":"pt_PT","og_type":"article","og_title":"Oppo Reno15 Pro 5G coloca os topos de gama em sentido - Portal Tela Portugal","og_description":"O Oppo Reno15 Pro 5G destaca-se pelo design e constru\u00e7\u00e3o, com a cor \u201cpreto mocha\u201d elegante, mas o chassis \u00e9 escorregadio, o que torna necess\u00e1ria uma capa para evitar quedas. Ecr\u00e3 OLED de 6,32 polegadas com taxa de atualiza\u00e7\u00e3o de 120 Hz oferece brilho elevado e cores vibrantes, ideal para v\u00eddeos e uso multim\u00e9dia. Desempenho com o MediaTek Dimensity 8450 situa-se no segmento m\u00e9dio-alto, suficiente para jogos e multitarefa, chegando a superar o Google Pixel 10 Pro em GPU em determinados casos. Fotografia: sensor principal de 200 MP; telefoto de 50 MP com zoom \u00f3tico de 3,5x; ultra-grande angular de 50 MP; modo noturno competente, mas ainda abaixo de refer\u00eancias como iPhone 17 Pro. Bateria de 6.500 mAh com carregamento r\u00e1pido, oferece um dia intenso de uso e, para utilizadores moderados, chega a dois dias, embora a autonomia fique aqu\u00e9m de alguns concorrentes em testes de dura\u00e7\u00e3o.","og_url":"https:\/\/portaltela.pt\/noticias\/2026\/01\/22\/oppo-reno15-pro-5g-coloca-os-topos-de-gama-em-sentido\/","og_site_name":"Portal Tela Portugal","article_published_time":"2026-01-22T15:03:00+00:00","author":"Telinha","twitter_card":"summary_large_image","twitter_misc":{"Escrito por":"Telinha","Tempo estimado de leitura":"3 minutos"},"schema":{"@context":"https:\/\/schema.org","@graph":[{"@type":"Article","@id":"https:\/\/portaltela.pt\/noticias\/2026\/01\/22\/oppo-reno15-pro-5g-coloca-os-topos-de-gama-em-sentido\/#article","isPartOf":{"@id":"https:\/\/portaltela.pt\/noticias\/2026\/01\/22\/oppo-reno15-pro-5g-coloca-os-topos-de-gama-em-sentido\/"},"author":{"name":"Telinha","@id":"https:\/\/portaltela.pt\/#\/schema\/person\/c4278d4a6028830caff9ee44b42d32ed"},"headline":"Oppo Reno15 Pro 5G coloca os topos de gama em sentido","datePublished":"2026-01-22T15:03:00+00:00","mainEntityOfPage":{"@id":"https:\/\/portaltela.pt\/noticias\/2026\/01\/22\/oppo-reno15-pro-5g-coloca-os-topos-de-gama-em-sentido\/"},"wordCount":680,"image":{"@id":"https:\/\/portaltela.pt\/noticias\/2026\/01\/22\/oppo-reno15-pro-5g-coloca-os-topos-de-gama-em-sentido\/#primaryimage"},"thumbnailUrl":"https:\/\/portaltela.pt\/s.01k8rhncp4jt1\/2026\/01\/2061211.jpg","keywords":["5G Standalone","design","fotografia","inova\u00e7\u00e3o","intelig\u00eancia artificial","tecnologia"],"articleSection":["Economia","Not\u00edcias"],"inLanguage":"pt-PT"},{"@type":"WebPage","@id":"https:\/\/portaltela.pt\/noticias\/2026\/01\/22\/oppo-reno15-pro-5g-coloca-os-topos-de-gama-em-sentido\/","url":"https:\/\/portaltela.pt\/noticias\/2026\/01\/22\/oppo-reno15-pro-5g-coloca-os-topos-de-gama-em-sentido\/","name":"Oppo Reno15 Pro 5G coloca os topos de gama em sentido - Portal Tela Portugal","isPartOf":{"@id":"https:\/\/portaltela.pt\/#website"},"primaryImageOfPage":{"@id":"https:\/\/portaltela.pt\/noticias\/2026\/01\/22\/oppo-reno15-pro-5g-coloca-os-topos-de-gama-em-sentido\/#primaryimage"},"image":{"@id":"https:\/\/portaltela.pt\/noticias\/2026\/01\/22\/oppo-reno15-pro-5g-coloca-os-topos-de-gama-em-sentido\/#primaryimage"},"thumbnailUrl":"https:\/\/portaltela.pt\/s.01k8rhncp4jt1\/2026\/01\/2061211.jpg","datePublished":"2026-01-22T15:03:00+00:00","author":{"@id":"https:\/\/portaltela.pt\/#\/schema\/person\/c4278d4a6028830caff9ee44b42d32ed"},"breadcrumb":{"@id":"https:\/\/portaltela.pt\/noticias\/2026\/01\/22\/oppo-reno15-pro-5g-coloca-os-topos-de-gama-em-sentido\/#breadcrumb"},"inLanguage":"pt-PT","potentialAction":[{"@type":"ReadAction","target":["https:\/\/portaltela.pt\/noticias\/2026\/01\/22\/oppo-reno15-pro-5g-coloca-os-topos-de-gama-em-sentido\/"]}]},{"@type":"ImageObject","inLanguage":"pt-PT","@id":"https:\/\/portaltela.pt\/noticias\/2026\/01\/22\/oppo-reno15-pro-5g-coloca-os-topos-de-gama-em-sentido\/#primaryimage","url":"https:\/\/portaltela.pt\/s.01k8rhncp4jt1\/2026\/01\/2061211.jpg","contentUrl":"https:\/\/portaltela.pt\/s.01k8rhncp4jt1\/2026\/01\/2061211.jpg","width":796,"height":448,"caption":"O design deste Oppo est\u00e1 muito bem conseguido e a qualidade de constru\u00e7\u00e3o \u00e9 convincente"},{"@type":"BreadcrumbList","@id":"https:\/\/portaltela.pt\/noticias\/2026\/01\/22\/oppo-reno15-pro-5g-coloca-os-topos-de-gama-em-sentido\/#breadcrumb","itemListElement":[{"@type":"ListItem","position":1,"name":"In\u00edcio","item":"https:\/\/portaltela.pt\/"},{"@type":"ListItem","position":2,"name":"Oppo Reno15 Pro 5G coloca os topos de gama em sentido"}]},{"@type":"WebSite","@id":"https:\/\/portaltela.pt\/#website","url":"https:\/\/portaltela.pt\/","name":"Portal Tela Portugal","description":"","potentialAction":[{"@type":"SearchAction","target":{"@type":"EntryPoint","urlTemplate":"https:\/\/portaltela.pt\/?s={search_term_string}"},"query-input":{"@type":"PropertyValueSpecification","valueRequired":true,"valueName":"search_term_string"}}],"inLanguage":"pt-PT"},{"@type":"Person","@id":"https:\/\/portaltela.pt\/#\/schema\/person\/c4278d4a6028830caff9ee44b42d32ed","name":"Telinha","image":{"@type":"ImageObject","inLanguage":"pt-PT","@id":"https:\/\/portaltela.pt\/s.01k8rhncp4jt1\/2025\/11\/talking-bot-125x125.png","url":"https:\/\/portaltela.pt\/s.01k8rhncp4jt1\/2025\/11\/talking-bot-125x125.png","contentUrl":"https:\/\/portaltela.pt\/s.01k8rhncp4jt1\/2025\/11\/talking-bot-125x125.png","caption":"Telinha"},"sameAs":["https:\/\/portaltela.pt\/"],"url":"https:\/\/portaltela.pt\/por\/367410592786\/"}]}},"_links":{"self":[{"href":"https:\/\/portaltela.pt\/api\/wp\/v2\/posts\/163773","targetHints":{"allow":["GET"]}}],"collection":[{"href":"https:\/\/portaltela.pt\/api\/wp\/v2\/posts"}],"about":[{"href":"https:\/\/portaltela.pt\/api\/wp\/v2\/types\/post"}],"author":[{"embeddable":true,"href":"https:\/\/portaltela.pt\/api\/wp\/v2\/users\/2"}],"replies":[{"embeddable":true,"href":"https:\/\/portaltela.pt\/api\/wp\/v2\/comments?post=163773"}],"version-history":[{"count":0,"href":"https:\/\/portaltela.pt\/api\/wp\/v2\/posts\/163773\/revisions"}],"wp:featuredmedia":[{"embeddable":true,"href":"https:\/\/portaltela.pt\/api\/wp\/v2\/media\/163774"}],"wp:attachment":[{"href":"https:\/\/portaltela.pt\/api\/wp\/v2\/media?parent=163773"}],"wp:term":[{"taxonomy":"category","embeddable":true,"href":"https:\/\/portaltela.pt\/api\/wp\/v2\/categories?post=163773"},{"taxonomy":"post_tag","embeddable":true,"href":"https:\/\/portaltela.pt\/api\/wp\/v2\/tags?post=163773"}],"curies":[{"name":"wp","href":"https:\/\/api.w.org\/{rel}","templated":true}]}}