{"id":163730,"date":"2026-01-21T21:00:00","date_gmt":"2026-01-22T00:00:00","guid":{"rendered":"https:\/\/portaltela.pt\/noticias\/2026\/01\/21\/concurso-de-medicos-de-familia-deixa-65-das-vagas-desertas\/"},"modified":"2026-01-21T21:00:00","modified_gmt":"2026-01-22T00:00:00","slug":"concurso-de-medicos-de-familia-deixa-65-das-vagas-desertas","status":"publish","type":"post","link":"https:\/\/portaltela.pt\/noticias\/2026\/01\/21\/concurso-de-medicos-de-familia-deixa-65-das-vagas-desertas\/","title":{"rendered":"Concurso de m\u00e9dicos de fam\u00edlia deixa 65% das vagas desertas"},"content":{"rendered":"<p>O concurso de segunda \u00e9poca para m\u00e9dicos de fam\u00edlia no Servi\u00e7o Nacional de Sa\u00fade obteve ocupa\u00e7\u00e3o inferior ao esperado. Dos 142 lugares dispon\u00edveis, apenas 50 foram preenchidos, correspondendo a 35% do total. Dados da Administra\u00e7\u00e3o Central do Sistema de Sa\u00fade (ACSS) publicados pelo Observador confirmam o cen\u00e1rio.<\/p>\n<p>A ACSS explica que, no concurso de 2025, aberto entre 18 e 29 de dezembro, foram colocados 50 m\u00e9dicos especialistas em Medicina Geral e Familiar (MGF). Em compara\u00e7\u00e3o, no anterior concurso, em 2024, tinham ficado contratados 62 m\u00e9dicos.<\/p>\n<p>As disparidades regionais s\u00e3o marcantes. Na regi\u00e3o Norte, a maioria das vagas foi preenchida (15 em 18). J\u00e1 em Lisboa e Vale do Tejo, a zona com maior car\u00eancia de m\u00e9dicos, mais de 70% das vagas ficaram vagas desertas, com 84 oferecidas e apenas 24 ocupadas. Nessa regi\u00e3o, nove dos 24 colocados ficaram na Unidade Local de Sa\u00fade Amadora-Sintra, onde h\u00e1 quase 200 mil utentes sem m\u00e9dico.<\/p>\n<p>Entre as ULS com maior vazio de m\u00e9dicos, o Oeste e o Estu\u00e1rio do Tejo abriram 13 vagas e atra\u00edram apenas tr\u00eas m\u00e9dicos, dois no Oeste e um no Estu\u00e1rio do Tejo, n\u00fameros insuficientes para atender a necessidade local. No Centro, apenas 8 das 29 vagas foram ocupadas, estando as mais carenciadas \u2014 Guarda e Leiria \u2014 com apenas quatro vagas preenchidas.<\/p>\n<p>No Algarve, duas das tr\u00eas vagas foram ocupadas, enquanto no Alentejo entraram apenas dois m\u00e9dicos e ficaram por preencher seis vagas. A ACSS real\u00e7a que a coloca\u00e7\u00e3o dos 50 m\u00e9dicos permitir\u00e1 atribuir m\u00e9dico de fam\u00edlia a pelo menos 77.500 utentes, incluindo 37.200 em Lisboa e Vale do Tejo.<\/p>\n<p>Entre os colocados, 38 eram internos, 3 tinham contrato de presta\u00e7\u00e3o de servi\u00e7os, 1 com contrato de trabalho com termo certo e 8 n\u00e3o tinham v\u00ednculo com o SNS. O resultado \u00e9 pouco distinto do 1\u00ba concurso de 2025, que registou apenas 39% de preenchimento no universo de 585 vagas.<\/p>\n<p>Al\u00e9m disso, 15 das 17 vagas de Sa\u00fade P\u00fablica ficaram ocupadas neste segunda \u00e9poca. O n\u00famero de utentes sem m\u00e9dico de fam\u00edlia aumentou no final de 2025, somando 1.563.710 utentes sem m\u00e9dico, deixando uma subida de cerca de 6 mil em rela\u00e7\u00e3o ao m\u00eas anterior.<\/p>\n","protected":false},"excerpt":{"rendered":"<ul>\n<li>O concurso de segunda \u00e9poca para m\u00e9dicos de fam\u00edlia no SNS contou com 142 vagas e apenas 50 foram ocupadas (35%), deixando quase dois ter\u00e7os desertas.<\/li>\n<li>Regi\u00f5es com maior desertifica\u00e7\u00e3o: Lisboa e Vale do Tejo preenchidas apenas 24 de 84 vagas; Norte teve melhor desempenho (15 de 18), enquanto Algarve (1 de 3) e Alentejo (2 de 6) tiveram baixa ocupa\u00e7\u00e3o.<\/li>\n<li>Das 50 coloca\u00e7\u00f5es, 38 eram internos; 8 sem v\u00ednculo com o SNS, 3 com contrato de presta\u00e7\u00e3o de servi\u00e7os e 1 com contrato a termo certo.<\/li>\n<li>A ACSS aponta que 50 m\u00e9dicos colocar\u00e3o m\u00e9dico de fam\u00edlia a pelo menos 77.500 utentes, incluindo 37.200 na regi\u00e3o de Lisboa e Vale do Tejo, onde h\u00e1 maior car\u00eancia.<\/li>\n<li>O resultado \u00e9 semelhante ao do primeiro concurso de 2025 (39% de vagas ocupadas), e, no final de 2025, havia 1.563.710 utentes sem m\u00e9dico de fam\u00edlia.<\/li>\n<\/ul>\n","protected":false},"author":2,"featured_media":163735,"comment_status":"closed","ping_status":"closed","sticky":false,"template":"","format":"standard","meta":{"footnotes":""},"categories":[1],"tags":[482,1014,271,1221,1775,3159],"class_list":["post-163730","post","type-post","status-publish","format-standard","has-post-thumbnail","hentry","category-noticias","tag-medicina-geral-e-familiar","tag-portugal","tag-saude-publica","tag-servicos-publicos","tag-sns","tag-unidades-de-saude-familiar"],"yoast_head":"<!-- This site is optimized with the Yoast SEO plugin v27.2 - https:\/\/yoast.com\/product\/yoast-seo-wordpress\/ -->\n<title>Concurso de m\u00e9dicos de fam\u00edlia deixa 65% das vagas desertas - Portal Tela Portugal<\/title>\n<meta name=\"robots\" content=\"index, follow, max-snippet:-1, max-image-preview:large, max-video-preview:-1\" \/>\n<meta property=\"og:locale\" content=\"pt_PT\" \/>\n<meta property=\"og:type\" content=\"article\" \/>\n<meta property=\"og:title\" content=\"Concurso de m\u00e9dicos de fam\u00edlia deixa 65% das vagas desertas - Portal Tela Portugal\" \/>\n<meta property=\"og:description\" content=\"O concurso de segunda \u00e9poca para m\u00e9dicos de fam\u00edlia no SNS contou com 142 vagas e apenas 50 foram ocupadas (35%), deixando quase dois ter\u00e7os desertas. Regi\u00f5es com maior desertifica\u00e7\u00e3o: Lisboa e Vale do Tejo preenchidas apenas 24 de 84 vagas; Norte teve melhor desempenho (15 de 18), enquanto Algarve (1 de 3) e Alentejo (2 de 6) tiveram baixa ocupa\u00e7\u00e3o. Das 50 coloca\u00e7\u00f5es, 38 eram internos; 8 sem v\u00ednculo com o SNS, 3 com contrato de presta\u00e7\u00e3o de servi\u00e7os e 1 com contrato a termo certo. A ACSS aponta que 50 m\u00e9dicos colocar\u00e3o m\u00e9dico de fam\u00edlia a pelo menos 77.500 utentes, incluindo 37.200 na regi\u00e3o de Lisboa e Vale do Tejo, onde h\u00e1 maior car\u00eancia. O resultado \u00e9 semelhante ao do primeiro concurso de 2025 (39% de vagas ocupadas), e, no final de 2025, havia 1.563.710 utentes sem m\u00e9dico de fam\u00edlia.\" \/>\n<meta property=\"og:url\" content=\"https:\/\/portaltela.pt\/noticias\/2026\/01\/21\/concurso-de-medicos-de-familia-deixa-65-das-vagas-desertas\/\" \/>\n<meta property=\"og:site_name\" content=\"Portal Tela Portugal\" \/>\n<meta property=\"article:published_time\" content=\"2026-01-22T00:00:00+00:00\" \/>\n<meta name=\"author\" content=\"Telinha\" \/>\n<meta name=\"twitter:card\" content=\"summary_large_image\" \/>\n<meta name=\"twitter:label1\" content=\"Escrito por\" \/>\n\t<meta name=\"twitter:data1\" content=\"Telinha\" \/>\n\t<meta name=\"twitter:label2\" content=\"Tempo estimado de leitura\" \/>\n\t<meta name=\"twitter:data2\" content=\"2 minutos\" \/>\n<script type=\"application\/ld+json\" class=\"yoast-schema-graph\">{\"@context\":\"https:\/\/schema.org\",\"@graph\":[{\"@type\":\"Article\",\"@id\":\"https:\/\/portaltela.pt\/noticias\/2026\/01\/21\/concurso-de-medicos-de-familia-deixa-65-das-vagas-desertas\/#article\",\"isPartOf\":{\"@id\":\"https:\/\/portaltela.pt\/noticias\/2026\/01\/21\/concurso-de-medicos-de-familia-deixa-65-das-vagas-desertas\/\"},\"author\":{\"name\":\"Telinha\",\"@id\":\"https:\/\/portaltela.pt\/#\/schema\/person\/c4278d4a6028830caff9ee44b42d32ed\"},\"headline\":\"Concurso de m\u00e9dicos de fam\u00edlia deixa 65% das vagas desertas\",\"datePublished\":\"2026-01-22T00:00:00+00:00\",\"mainEntityOfPage\":{\"@id\":\"https:\/\/portaltela.pt\/noticias\/2026\/01\/21\/concurso-de-medicos-de-familia-deixa-65-das-vagas-desertas\/\"},\"wordCount\":376,\"image\":{\"@id\":\"https:\/\/portaltela.pt\/noticias\/2026\/01\/21\/concurso-de-medicos-de-familia-deixa-65-das-vagas-desertas\/#primaryimage\"},\"thumbnailUrl\":\"https:\/\/portaltela.pt\/s.01k8rhncp4jt1\/2026\/01\/1q9a7553-1.jpg\",\"keywords\":[\"Medicina Geral e Familiar\",\"Portugal\",\"sa\u00fade p\u00fablica\",\"servi\u00e7os p\u00fablicos\",\"SNS\",\"Unidades de Sa\u00fade Familiar\"],\"articleSection\":[\"Not\u00edcias\"],\"inLanguage\":\"pt-PT\"},{\"@type\":\"WebPage\",\"@id\":\"https:\/\/portaltela.pt\/noticias\/2026\/01\/21\/concurso-de-medicos-de-familia-deixa-65-das-vagas-desertas\/\",\"url\":\"https:\/\/portaltela.pt\/noticias\/2026\/01\/21\/concurso-de-medicos-de-familia-deixa-65-das-vagas-desertas\/\",\"name\":\"Concurso de m\u00e9dicos de fam\u00edlia deixa 65% das vagas desertas - Portal Tela Portugal\",\"isPartOf\":{\"@id\":\"https:\/\/portaltela.pt\/#website\"},\"primaryImageOfPage\":{\"@id\":\"https:\/\/portaltela.pt\/noticias\/2026\/01\/21\/concurso-de-medicos-de-familia-deixa-65-das-vagas-desertas\/#primaryimage\"},\"image\":{\"@id\":\"https:\/\/portaltela.pt\/noticias\/2026\/01\/21\/concurso-de-medicos-de-familia-deixa-65-das-vagas-desertas\/#primaryimage\"},\"thumbnailUrl\":\"https:\/\/portaltela.pt\/s.01k8rhncp4jt1\/2026\/01\/1q9a7553-1.jpg\",\"datePublished\":\"2026-01-22T00:00:00+00:00\",\"author\":{\"@id\":\"https:\/\/portaltela.pt\/#\/schema\/person\/c4278d4a6028830caff9ee44b42d32ed\"},\"breadcrumb\":{\"@id\":\"https:\/\/portaltela.pt\/noticias\/2026\/01\/21\/concurso-de-medicos-de-familia-deixa-65-das-vagas-desertas\/#breadcrumb\"},\"inLanguage\":\"pt-PT\",\"potentialAction\":[{\"@type\":\"ReadAction\",\"target\":[\"https:\/\/portaltela.pt\/noticias\/2026\/01\/21\/concurso-de-medicos-de-familia-deixa-65-das-vagas-desertas\/\"]}]},{\"@type\":\"ImageObject\",\"inLanguage\":\"pt-PT\",\"@id\":\"https:\/\/portaltela.pt\/noticias\/2026\/01\/21\/concurso-de-medicos-de-familia-deixa-65-das-vagas-desertas\/#primaryimage\",\"url\":\"https:\/\/portaltela.pt\/s.01k8rhncp4jt1\/2026\/01\/1q9a7553-1.jpg\",\"contentUrl\":\"https:\/\/portaltela.pt\/s.01k8rhncp4jt1\/2026\/01\/1q9a7553-1.jpg\",\"width\":796,\"height\":448,\"caption\":\"Reportagem no Centro de Sa\u00fade de S\u00e3o Jo\u00e3o da Madeira, um dos \u00fanicos centros de sa\u00fade em todo o pa\u00eds onde todos os utentes t\u00eam m\u00e9dico de fam\u00edlia. 24 de Maio de 2023 S\u00e3o Jo\u00e3o da Madeira, Aveiro TOM\u00c1S SILVA\/OBSERVADOR\"},{\"@type\":\"BreadcrumbList\",\"@id\":\"https:\/\/portaltela.pt\/noticias\/2026\/01\/21\/concurso-de-medicos-de-familia-deixa-65-das-vagas-desertas\/#breadcrumb\",\"itemListElement\":[{\"@type\":\"ListItem\",\"position\":1,\"name\":\"In\u00edcio\",\"item\":\"https:\/\/portaltela.pt\/\"},{\"@type\":\"ListItem\",\"position\":2,\"name\":\"Concurso de m\u00e9dicos de fam\u00edlia deixa 65% das vagas desertas\"}]},{\"@type\":\"WebSite\",\"@id\":\"https:\/\/portaltela.pt\/#website\",\"url\":\"https:\/\/portaltela.pt\/\",\"name\":\"Portal Tela Portugal\",\"description\":\"\",\"potentialAction\":[{\"@type\":\"SearchAction\",\"target\":{\"@type\":\"EntryPoint\",\"urlTemplate\":\"https:\/\/portaltela.pt\/?s={search_term_string}\"},\"query-input\":{\"@type\":\"PropertyValueSpecification\",\"valueRequired\":true,\"valueName\":\"search_term_string\"}}],\"inLanguage\":\"pt-PT\"},{\"@type\":\"Person\",\"@id\":\"https:\/\/portaltela.pt\/#\/schema\/person\/c4278d4a6028830caff9ee44b42d32ed\",\"name\":\"Telinha\",\"image\":{\"@type\":\"ImageObject\",\"inLanguage\":\"pt-PT\",\"@id\":\"https:\/\/portaltela.pt\/s.01k8rhncp4jt1\/2025\/11\/talking-bot-125x125.png\",\"url\":\"https:\/\/portaltela.pt\/s.01k8rhncp4jt1\/2025\/11\/talking-bot-125x125.png\",\"contentUrl\":\"https:\/\/portaltela.pt\/s.01k8rhncp4jt1\/2025\/11\/talking-bot-125x125.png\",\"caption\":\"Telinha\"},\"sameAs\":[\"https:\/\/portaltela.pt\/\"],\"url\":\"https:\/\/portaltela.pt\/por\/367410592786\/\"}]}<\/script>\n<!-- \/ Yoast SEO plugin. -->","yoast_head_json":{"title":"Concurso de m\u00e9dicos de fam\u00edlia deixa 65% das vagas desertas - Portal Tela Portugal","robots":{"index":"index","follow":"follow","max-snippet":"max-snippet:-1","max-image-preview":"max-image-preview:large","max-video-preview":"max-video-preview:-1"},"og_locale":"pt_PT","og_type":"article","og_title":"Concurso de m\u00e9dicos de fam\u00edlia deixa 65% das vagas desertas - Portal Tela Portugal","og_description":"O concurso de segunda \u00e9poca para m\u00e9dicos de fam\u00edlia no SNS contou com 142 vagas e apenas 50 foram ocupadas (35%), deixando quase dois ter\u00e7os desertas. Regi\u00f5es com maior desertifica\u00e7\u00e3o: Lisboa e Vale do Tejo preenchidas apenas 24 de 84 vagas; Norte teve melhor desempenho (15 de 18), enquanto Algarve (1 de 3) e Alentejo (2 de 6) tiveram baixa ocupa\u00e7\u00e3o. Das 50 coloca\u00e7\u00f5es, 38 eram internos; 8 sem v\u00ednculo com o SNS, 3 com contrato de presta\u00e7\u00e3o de servi\u00e7os e 1 com contrato a termo certo. A ACSS aponta que 50 m\u00e9dicos colocar\u00e3o m\u00e9dico de fam\u00edlia a pelo menos 77.500 utentes, incluindo 37.200 na regi\u00e3o de Lisboa e Vale do Tejo, onde h\u00e1 maior car\u00eancia. O resultado \u00e9 semelhante ao do primeiro concurso de 2025 (39% de vagas ocupadas), e, no final de 2025, havia 1.563.710 utentes sem m\u00e9dico de fam\u00edlia.","og_url":"https:\/\/portaltela.pt\/noticias\/2026\/01\/21\/concurso-de-medicos-de-familia-deixa-65-das-vagas-desertas\/","og_site_name":"Portal Tela Portugal","article_published_time":"2026-01-22T00:00:00+00:00","author":"Telinha","twitter_card":"summary_large_image","twitter_misc":{"Escrito por":"Telinha","Tempo estimado de leitura":"2 minutos"},"schema":{"@context":"https:\/\/schema.org","@graph":[{"@type":"Article","@id":"https:\/\/portaltela.pt\/noticias\/2026\/01\/21\/concurso-de-medicos-de-familia-deixa-65-das-vagas-desertas\/#article","isPartOf":{"@id":"https:\/\/portaltela.pt\/noticias\/2026\/01\/21\/concurso-de-medicos-de-familia-deixa-65-das-vagas-desertas\/"},"author":{"name":"Telinha","@id":"https:\/\/portaltela.pt\/#\/schema\/person\/c4278d4a6028830caff9ee44b42d32ed"},"headline":"Concurso de m\u00e9dicos de fam\u00edlia deixa 65% das vagas desertas","datePublished":"2026-01-22T00:00:00+00:00","mainEntityOfPage":{"@id":"https:\/\/portaltela.pt\/noticias\/2026\/01\/21\/concurso-de-medicos-de-familia-deixa-65-das-vagas-desertas\/"},"wordCount":376,"image":{"@id":"https:\/\/portaltela.pt\/noticias\/2026\/01\/21\/concurso-de-medicos-de-familia-deixa-65-das-vagas-desertas\/#primaryimage"},"thumbnailUrl":"https:\/\/portaltela.pt\/s.01k8rhncp4jt1\/2026\/01\/1q9a7553-1.jpg","keywords":["Medicina Geral e Familiar","Portugal","sa\u00fade p\u00fablica","servi\u00e7os p\u00fablicos","SNS","Unidades de Sa\u00fade Familiar"],"articleSection":["Not\u00edcias"],"inLanguage":"pt-PT"},{"@type":"WebPage","@id":"https:\/\/portaltela.pt\/noticias\/2026\/01\/21\/concurso-de-medicos-de-familia-deixa-65-das-vagas-desertas\/","url":"https:\/\/portaltela.pt\/noticias\/2026\/01\/21\/concurso-de-medicos-de-familia-deixa-65-das-vagas-desertas\/","name":"Concurso de m\u00e9dicos de fam\u00edlia deixa 65% das vagas desertas - Portal Tela Portugal","isPartOf":{"@id":"https:\/\/portaltela.pt\/#website"},"primaryImageOfPage":{"@id":"https:\/\/portaltela.pt\/noticias\/2026\/01\/21\/concurso-de-medicos-de-familia-deixa-65-das-vagas-desertas\/#primaryimage"},"image":{"@id":"https:\/\/portaltela.pt\/noticias\/2026\/01\/21\/concurso-de-medicos-de-familia-deixa-65-das-vagas-desertas\/#primaryimage"},"thumbnailUrl":"https:\/\/portaltela.pt\/s.01k8rhncp4jt1\/2026\/01\/1q9a7553-1.jpg","datePublished":"2026-01-22T00:00:00+00:00","author":{"@id":"https:\/\/portaltela.pt\/#\/schema\/person\/c4278d4a6028830caff9ee44b42d32ed"},"breadcrumb":{"@id":"https:\/\/portaltela.pt\/noticias\/2026\/01\/21\/concurso-de-medicos-de-familia-deixa-65-das-vagas-desertas\/#breadcrumb"},"inLanguage":"pt-PT","potentialAction":[{"@type":"ReadAction","target":["https:\/\/portaltela.pt\/noticias\/2026\/01\/21\/concurso-de-medicos-de-familia-deixa-65-das-vagas-desertas\/"]}]},{"@type":"ImageObject","inLanguage":"pt-PT","@id":"https:\/\/portaltela.pt\/noticias\/2026\/01\/21\/concurso-de-medicos-de-familia-deixa-65-das-vagas-desertas\/#primaryimage","url":"https:\/\/portaltela.pt\/s.01k8rhncp4jt1\/2026\/01\/1q9a7553-1.jpg","contentUrl":"https:\/\/portaltela.pt\/s.01k8rhncp4jt1\/2026\/01\/1q9a7553-1.jpg","width":796,"height":448,"caption":"Reportagem no Centro de Sa\u00fade de S\u00e3o Jo\u00e3o da Madeira, um dos \u00fanicos centros de sa\u00fade em todo o pa\u00eds onde todos os utentes t\u00eam m\u00e9dico de fam\u00edlia. 24 de Maio de 2023 S\u00e3o Jo\u00e3o da Madeira, Aveiro TOM\u00c1S SILVA\/OBSERVADOR"},{"@type":"BreadcrumbList","@id":"https:\/\/portaltela.pt\/noticias\/2026\/01\/21\/concurso-de-medicos-de-familia-deixa-65-das-vagas-desertas\/#breadcrumb","itemListElement":[{"@type":"ListItem","position":1,"name":"In\u00edcio","item":"https:\/\/portaltela.pt\/"},{"@type":"ListItem","position":2,"name":"Concurso de m\u00e9dicos de fam\u00edlia deixa 65% das vagas desertas"}]},{"@type":"WebSite","@id":"https:\/\/portaltela.pt\/#website","url":"https:\/\/portaltela.pt\/","name":"Portal Tela Portugal","description":"","potentialAction":[{"@type":"SearchAction","target":{"@type":"EntryPoint","urlTemplate":"https:\/\/portaltela.pt\/?s={search_term_string}"},"query-input":{"@type":"PropertyValueSpecification","valueRequired":true,"valueName":"search_term_string"}}],"inLanguage":"pt-PT"},{"@type":"Person","@id":"https:\/\/portaltela.pt\/#\/schema\/person\/c4278d4a6028830caff9ee44b42d32ed","name":"Telinha","image":{"@type":"ImageObject","inLanguage":"pt-PT","@id":"https:\/\/portaltela.pt\/s.01k8rhncp4jt1\/2025\/11\/talking-bot-125x125.png","url":"https:\/\/portaltela.pt\/s.01k8rhncp4jt1\/2025\/11\/talking-bot-125x125.png","contentUrl":"https:\/\/portaltela.pt\/s.01k8rhncp4jt1\/2025\/11\/talking-bot-125x125.png","caption":"Telinha"},"sameAs":["https:\/\/portaltela.pt\/"],"url":"https:\/\/portaltela.pt\/por\/367410592786\/"}]}},"_links":{"self":[{"href":"https:\/\/portaltela.pt\/api\/wp\/v2\/posts\/163730","targetHints":{"allow":["GET"]}}],"collection":[{"href":"https:\/\/portaltela.pt\/api\/wp\/v2\/posts"}],"about":[{"href":"https:\/\/portaltela.pt\/api\/wp\/v2\/types\/post"}],"author":[{"embeddable":true,"href":"https:\/\/portaltela.pt\/api\/wp\/v2\/users\/2"}],"replies":[{"embeddable":true,"href":"https:\/\/portaltela.pt\/api\/wp\/v2\/comments?post=163730"}],"version-history":[{"count":0,"href":"https:\/\/portaltela.pt\/api\/wp\/v2\/posts\/163730\/revisions"}],"wp:featuredmedia":[{"embeddable":true,"href":"https:\/\/portaltela.pt\/api\/wp\/v2\/media\/163735"}],"wp:attachment":[{"href":"https:\/\/portaltela.pt\/api\/wp\/v2\/media?parent=163730"}],"wp:term":[{"taxonomy":"category","embeddable":true,"href":"https:\/\/portaltela.pt\/api\/wp\/v2\/categories?post=163730"},{"taxonomy":"post_tag","embeddable":true,"href":"https:\/\/portaltela.pt\/api\/wp\/v2\/tags?post=163730"}],"curies":[{"name":"wp","href":"https:\/\/api.w.org\/{rel}","templated":true}]}}