{"id":163689,"date":"2026-01-22T11:54:00","date_gmt":"2026-01-22T14:54:00","guid":{"rendered":"https:\/\/portaltela.pt\/noticias\/2026\/01\/22\/infiltracoes-graves-deixam-casa-no-cacem-sem-condicoes-minimas-de-habitacao\/"},"modified":"2026-01-22T11:54:00","modified_gmt":"2026-01-22T14:54:00","slug":"infiltracoes-graves-deixam-casa-no-cacem-sem-condicoes-minimas-de-habitacao","status":"publish","type":"post","link":"https:\/\/portaltela.pt\/noticias\/2026\/01\/22\/infiltracoes-graves-deixam-casa-no-cacem-sem-condicoes-minimas-de-habitacao\/","title":{"rendered":"Infiltra\u00e7\u00f5es graves deixam casa no Cac\u00e9m sem condi\u00e7\u00f5es m\u00ednimas de habita\u00e7\u00e3o"},"content":{"rendered":"<p>No Cac\u00e9m, uma habita\u00e7\u00e3o situada na rua de Angola ficou sem condi\u00e7\u00f5es m\u00ednimas de habita\u00e7\u00e3o devido a infiltra\u00e7\u00f5es graves. A casa recebe \u00e1gua constantemente, dificultando o uso seguro da eletricidade e deixando o espa\u00e7o quase sem luz. O caso envolve Jos\u00e9 Ferreira, de 63 anos, e a m\u00e3e, que vivem no local.<\/p>\n<p>As infiltra\u00e7\u00f5es atingem o telhado, com \u00e1gua que entra sempre que chove. Em casa, s\u00e3o usados baldes para recolher a \u00e1gua, e Jos\u00e9 descreve a situa\u00e7\u00e3o como uma torneira aberta durante as chuvas. A verifica\u00e7\u00e3o de danos por parte das autoridades n\u00e3o apontou qualquer dano aparente no telhado, mas o problema persiste.<\/p>\n<h3>Condi\u00e7\u00f5es de habita\u00e7\u00e3o e necess\u00e1rio apoio<\/h3>\n<p>Devido \u00e0 entrada de \u00e1gua, a eletricidade n\u00e3o pode ser usada com seguran\u00e7a, deixando a casa quase sem luz, com apenas um candeeiro na mesa de cabeceira. O senhorio faleceu; os herdeiros n\u00e3o avan\u00e7aram com a solu\u00e7\u00e3o ap\u00f3s a avalia\u00e7\u00e3o inicial. A habita\u00e7\u00e3o \u00e9 arrendada e o contrato passou para o nome da m\u00e3e ap\u00f3s o falecimento do pai.<\/p>\n<h3>Processo de renda e situa\u00e7\u00e3o social<\/h3>\n<p>Jos\u00e9 Ferreira candidatou-se \u00e0 renda apoiada pela C\u00e2mara Municipal de Sintra em 6 de agosto de 2025. Em 9 de janeiro foi informado de que a candidatura era inv\u00e1lida, sem explica\u00e7\u00e3o oferecida. A situa\u00e7\u00e3o obriga duas pessoas vulner\u00e1veis a viver num terceiro andar, com baldes junto \u00e0 cama, sem condi\u00e7\u00f5es m\u00ednimas de seguran\u00e7a.<\/p>\n","protected":false},"excerpt":{"rendered":"<ul>\n<li>Infiltra\u00e7\u00f5es graves no telhado deixam casa no Cac\u00e9m sem condi\u00e7\u00f5es m\u00ednimas de habita\u00e7\u00e3o, com \u00e1gua a entrar sempre que chove.<\/li>\n<li>Aplace n\u00e3o \u00e9 poss\u00edvel usar eletricidade com seguran\u00e7a; a casa tem luz praticamente ausente, recorrendo-se apenas a um candeeiro.<\/li>\n<li>Moradores: Jos\u00e9 Ferreira, de 63 anos, e a m\u00e3e, com doen\u00e7a da coluna, vivem numa habita\u00e7\u00e3o arrendada da qual o senhorio faleceu e cujos herdeiros ainda n\u00e3o tomaram provid\u00eancias.<\/li>\n<li>As autoridades j\u00e1 verificaram que o telhado n\u00e3o parece danificado, mas o problema persiste e n\u00e3o h\u00e1 interven\u00e7\u00e3o.<\/li>\n<li>Jos\u00e9 candidatou-se \u00e0 renda apoiada pela C\u00e2mara Municipal de Sintra em 6 de agosto de 2025; em 9 de janeiro foi informada a invalidez da candidatura, sem explica\u00e7\u00e3o, obrigando dois idosos a viver no terceiro andar com baldes para recolher \u00e1gua.<\/li>\n<\/ul>\n","protected":false},"author":2,"featured_media":163692,"comment_status":"closed","ping_status":"closed","sticky":false,"template":"","format":"standard","meta":{"footnotes":""},"categories":[1],"tags":[1331,3014,150,2842,1110,2575],"class_list":["post-163689","post","type-post","status-publish","format-standard","has-post-thumbnail","hentry","category-noticias","tag-alagamento","tag-arrendamento","tag-habitacao","tag-renda","tag-sintra","tag-subsidio-social"],"yoast_head":"<!-- This site is optimized with the Yoast SEO plugin v27.2 - https:\/\/yoast.com\/product\/yoast-seo-wordpress\/ -->\n<title>Infiltra\u00e7\u00f5es graves deixam casa no Cac\u00e9m sem condi\u00e7\u00f5es m\u00ednimas de habita\u00e7\u00e3o - Portal Tela Portugal<\/title>\n<meta name=\"robots\" content=\"index, follow, max-snippet:-1, max-image-preview:large, max-video-preview:-1\" \/>\n<meta property=\"og:locale\" content=\"pt_PT\" \/>\n<meta property=\"og:type\" content=\"article\" \/>\n<meta property=\"og:title\" content=\"Infiltra\u00e7\u00f5es graves deixam casa no Cac\u00e9m sem condi\u00e7\u00f5es m\u00ednimas de habita\u00e7\u00e3o - Portal Tela Portugal\" \/>\n<meta property=\"og:description\" content=\"Infiltra\u00e7\u00f5es graves no telhado deixam casa no Cac\u00e9m sem condi\u00e7\u00f5es m\u00ednimas de habita\u00e7\u00e3o, com \u00e1gua a entrar sempre que chove. Aplace n\u00e3o \u00e9 poss\u00edvel usar eletricidade com seguran\u00e7a; a casa tem luz praticamente ausente, recorrendo-se apenas a um candeeiro. Moradores: Jos\u00e9 Ferreira, de 63 anos, e a m\u00e3e, com doen\u00e7a da coluna, vivem numa habita\u00e7\u00e3o arrendada da qual o senhorio faleceu e cujos herdeiros ainda n\u00e3o tomaram provid\u00eancias. As autoridades j\u00e1 verificaram que o telhado n\u00e3o parece danificado, mas o problema persiste e n\u00e3o h\u00e1 interven\u00e7\u00e3o. Jos\u00e9 candidatou-se \u00e0 renda apoiada pela C\u00e2mara Municipal de Sintra em 6 de agosto de 2025; em 9 de janeiro foi informada a invalidez da candidatura, sem explica\u00e7\u00e3o, obrigando dois idosos a viver no terceiro andar com baldes para recolher \u00e1gua.\" \/>\n<meta property=\"og:url\" content=\"https:\/\/portaltela.pt\/noticias\/2026\/01\/22\/infiltracoes-graves-deixam-casa-no-cacem-sem-condicoes-minimas-de-habitacao\/\" \/>\n<meta property=\"og:site_name\" content=\"Portal Tela Portugal\" \/>\n<meta property=\"article:published_time\" content=\"2026-01-22T14:54:00+00:00\" \/>\n<meta name=\"author\" content=\"Telinha\" \/>\n<meta name=\"twitter:card\" content=\"summary_large_image\" \/>\n<meta name=\"twitter:label1\" content=\"Escrito por\" \/>\n\t<meta name=\"twitter:data1\" content=\"Telinha\" \/>\n\t<meta name=\"twitter:label2\" content=\"Tempo estimado de leitura\" \/>\n\t<meta name=\"twitter:data2\" content=\"1 minuto\" \/>\n<script type=\"application\/ld+json\" class=\"yoast-schema-graph\">{\"@context\":\"https:\/\/schema.org\",\"@graph\":[{\"@type\":\"Article\",\"@id\":\"https:\/\/portaltela.pt\/noticias\/2026\/01\/22\/infiltracoes-graves-deixam-casa-no-cacem-sem-condicoes-minimas-de-habitacao\/#article\",\"isPartOf\":{\"@id\":\"https:\/\/portaltela.pt\/noticias\/2026\/01\/22\/infiltracoes-graves-deixam-casa-no-cacem-sem-condicoes-minimas-de-habitacao\/\"},\"author\":{\"name\":\"Telinha\",\"@id\":\"https:\/\/portaltela.pt\/#\/schema\/person\/c4278d4a6028830caff9ee44b42d32ed\"},\"headline\":\"Infiltra\u00e7\u00f5es graves deixam casa no Cac\u00e9m sem condi\u00e7\u00f5es m\u00ednimas de habita\u00e7\u00e3o\",\"datePublished\":\"2026-01-22T14:54:00+00:00\",\"mainEntityOfPage\":{\"@id\":\"https:\/\/portaltela.pt\/noticias\/2026\/01\/22\/infiltracoes-graves-deixam-casa-no-cacem-sem-condicoes-minimas-de-habitacao\/\"},\"wordCount\":271,\"image\":{\"@id\":\"https:\/\/portaltela.pt\/noticias\/2026\/01\/22\/infiltracoes-graves-deixam-casa-no-cacem-sem-condicoes-minimas-de-habitacao\/#primaryimage\"},\"thumbnailUrl\":\"https:\/\/portaltela.pt\/s.01k8rhncp4jt1\/2026\/01\/img_1280x721uu2026-01-22-09-52-14-2261841.jpg\",\"keywords\":[\"alagamento\",\"arrendamento\",\"habita\u00e7\u00e3o\",\"renda\",\"Sintra\",\"Subs\u00eddio Social\"],\"articleSection\":[\"Not\u00edcias\"],\"inLanguage\":\"pt-PT\"},{\"@type\":\"WebPage\",\"@id\":\"https:\/\/portaltela.pt\/noticias\/2026\/01\/22\/infiltracoes-graves-deixam-casa-no-cacem-sem-condicoes-minimas-de-habitacao\/\",\"url\":\"https:\/\/portaltela.pt\/noticias\/2026\/01\/22\/infiltracoes-graves-deixam-casa-no-cacem-sem-condicoes-minimas-de-habitacao\/\",\"name\":\"Infiltra\u00e7\u00f5es graves deixam casa no Cac\u00e9m sem condi\u00e7\u00f5es m\u00ednimas de habita\u00e7\u00e3o - Portal Tela Portugal\",\"isPartOf\":{\"@id\":\"https:\/\/portaltela.pt\/#website\"},\"primaryImageOfPage\":{\"@id\":\"https:\/\/portaltela.pt\/noticias\/2026\/01\/22\/infiltracoes-graves-deixam-casa-no-cacem-sem-condicoes-minimas-de-habitacao\/#primaryimage\"},\"image\":{\"@id\":\"https:\/\/portaltela.pt\/noticias\/2026\/01\/22\/infiltracoes-graves-deixam-casa-no-cacem-sem-condicoes-minimas-de-habitacao\/#primaryimage\"},\"thumbnailUrl\":\"https:\/\/portaltela.pt\/s.01k8rhncp4jt1\/2026\/01\/img_1280x721uu2026-01-22-09-52-14-2261841.jpg\",\"datePublished\":\"2026-01-22T14:54:00+00:00\",\"author\":{\"@id\":\"https:\/\/portaltela.pt\/#\/schema\/person\/c4278d4a6028830caff9ee44b42d32ed\"},\"breadcrumb\":{\"@id\":\"https:\/\/portaltela.pt\/noticias\/2026\/01\/22\/infiltracoes-graves-deixam-casa-no-cacem-sem-condicoes-minimas-de-habitacao\/#breadcrumb\"},\"inLanguage\":\"pt-PT\",\"potentialAction\":[{\"@type\":\"ReadAction\",\"target\":[\"https:\/\/portaltela.pt\/noticias\/2026\/01\/22\/infiltracoes-graves-deixam-casa-no-cacem-sem-condicoes-minimas-de-habitacao\/\"]}]},{\"@type\":\"ImageObject\",\"inLanguage\":\"pt-PT\",\"@id\":\"https:\/\/portaltela.pt\/noticias\/2026\/01\/22\/infiltracoes-graves-deixam-casa-no-cacem-sem-condicoes-minimas-de-habitacao\/#primaryimage\",\"url\":\"https:\/\/portaltela.pt\/s.01k8rhncp4jt1\/2026\/01\/img_1280x721uu2026-01-22-09-52-14-2261841.jpg\",\"contentUrl\":\"https:\/\/portaltela.pt\/s.01k8rhncp4jt1\/2026\/01\/img_1280x721uu2026-01-22-09-52-14-2261841.jpg\",\"width\":796,\"height\":448,\"caption\":\"Photo\"},{\"@type\":\"BreadcrumbList\",\"@id\":\"https:\/\/portaltela.pt\/noticias\/2026\/01\/22\/infiltracoes-graves-deixam-casa-no-cacem-sem-condicoes-minimas-de-habitacao\/#breadcrumb\",\"itemListElement\":[{\"@type\":\"ListItem\",\"position\":1,\"name\":\"In\u00edcio\",\"item\":\"https:\/\/portaltela.pt\/\"},{\"@type\":\"ListItem\",\"position\":2,\"name\":\"Infiltra\u00e7\u00f5es graves deixam casa no Cac\u00e9m sem condi\u00e7\u00f5es m\u00ednimas de habita\u00e7\u00e3o\"}]},{\"@type\":\"WebSite\",\"@id\":\"https:\/\/portaltela.pt\/#website\",\"url\":\"https:\/\/portaltela.pt\/\",\"name\":\"Portal Tela Portugal\",\"description\":\"\",\"potentialAction\":[{\"@type\":\"SearchAction\",\"target\":{\"@type\":\"EntryPoint\",\"urlTemplate\":\"https:\/\/portaltela.pt\/?s={search_term_string}\"},\"query-input\":{\"@type\":\"PropertyValueSpecification\",\"valueRequired\":true,\"valueName\":\"search_term_string\"}}],\"inLanguage\":\"pt-PT\"},{\"@type\":\"Person\",\"@id\":\"https:\/\/portaltela.pt\/#\/schema\/person\/c4278d4a6028830caff9ee44b42d32ed\",\"name\":\"Telinha\",\"image\":{\"@type\":\"ImageObject\",\"inLanguage\":\"pt-PT\",\"@id\":\"https:\/\/portaltela.pt\/s.01k8rhncp4jt1\/2025\/11\/talking-bot-125x125.png\",\"url\":\"https:\/\/portaltela.pt\/s.01k8rhncp4jt1\/2025\/11\/talking-bot-125x125.png\",\"contentUrl\":\"https:\/\/portaltela.pt\/s.01k8rhncp4jt1\/2025\/11\/talking-bot-125x125.png\",\"caption\":\"Telinha\"},\"sameAs\":[\"https:\/\/portaltela.pt\/\"],\"url\":\"https:\/\/portaltela.pt\/por\/367410592786\/\"}]}<\/script>\n<!-- \/ Yoast SEO plugin. -->","yoast_head_json":{"title":"Infiltra\u00e7\u00f5es graves deixam casa no Cac\u00e9m sem condi\u00e7\u00f5es m\u00ednimas de habita\u00e7\u00e3o - Portal Tela Portugal","robots":{"index":"index","follow":"follow","max-snippet":"max-snippet:-1","max-image-preview":"max-image-preview:large","max-video-preview":"max-video-preview:-1"},"og_locale":"pt_PT","og_type":"article","og_title":"Infiltra\u00e7\u00f5es graves deixam casa no Cac\u00e9m sem condi\u00e7\u00f5es m\u00ednimas de habita\u00e7\u00e3o - Portal Tela Portugal","og_description":"Infiltra\u00e7\u00f5es graves no telhado deixam casa no Cac\u00e9m sem condi\u00e7\u00f5es m\u00ednimas de habita\u00e7\u00e3o, com \u00e1gua a entrar sempre que chove. Aplace n\u00e3o \u00e9 poss\u00edvel usar eletricidade com seguran\u00e7a; a casa tem luz praticamente ausente, recorrendo-se apenas a um candeeiro. Moradores: Jos\u00e9 Ferreira, de 63 anos, e a m\u00e3e, com doen\u00e7a da coluna, vivem numa habita\u00e7\u00e3o arrendada da qual o senhorio faleceu e cujos herdeiros ainda n\u00e3o tomaram provid\u00eancias. As autoridades j\u00e1 verificaram que o telhado n\u00e3o parece danificado, mas o problema persiste e n\u00e3o h\u00e1 interven\u00e7\u00e3o. Jos\u00e9 candidatou-se \u00e0 renda apoiada pela C\u00e2mara Municipal de Sintra em 6 de agosto de 2025; em 9 de janeiro foi informada a invalidez da candidatura, sem explica\u00e7\u00e3o, obrigando dois idosos a viver no terceiro andar com baldes para recolher \u00e1gua.","og_url":"https:\/\/portaltela.pt\/noticias\/2026\/01\/22\/infiltracoes-graves-deixam-casa-no-cacem-sem-condicoes-minimas-de-habitacao\/","og_site_name":"Portal Tela Portugal","article_published_time":"2026-01-22T14:54:00+00:00","author":"Telinha","twitter_card":"summary_large_image","twitter_misc":{"Escrito por":"Telinha","Tempo estimado de leitura":"1 minuto"},"schema":{"@context":"https:\/\/schema.org","@graph":[{"@type":"Article","@id":"https:\/\/portaltela.pt\/noticias\/2026\/01\/22\/infiltracoes-graves-deixam-casa-no-cacem-sem-condicoes-minimas-de-habitacao\/#article","isPartOf":{"@id":"https:\/\/portaltela.pt\/noticias\/2026\/01\/22\/infiltracoes-graves-deixam-casa-no-cacem-sem-condicoes-minimas-de-habitacao\/"},"author":{"name":"Telinha","@id":"https:\/\/portaltela.pt\/#\/schema\/person\/c4278d4a6028830caff9ee44b42d32ed"},"headline":"Infiltra\u00e7\u00f5es graves deixam casa no Cac\u00e9m sem condi\u00e7\u00f5es m\u00ednimas de habita\u00e7\u00e3o","datePublished":"2026-01-22T14:54:00+00:00","mainEntityOfPage":{"@id":"https:\/\/portaltela.pt\/noticias\/2026\/01\/22\/infiltracoes-graves-deixam-casa-no-cacem-sem-condicoes-minimas-de-habitacao\/"},"wordCount":271,"image":{"@id":"https:\/\/portaltela.pt\/noticias\/2026\/01\/22\/infiltracoes-graves-deixam-casa-no-cacem-sem-condicoes-minimas-de-habitacao\/#primaryimage"},"thumbnailUrl":"https:\/\/portaltela.pt\/s.01k8rhncp4jt1\/2026\/01\/img_1280x721uu2026-01-22-09-52-14-2261841.jpg","keywords":["alagamento","arrendamento","habita\u00e7\u00e3o","renda","Sintra","Subs\u00eddio Social"],"articleSection":["Not\u00edcias"],"inLanguage":"pt-PT"},{"@type":"WebPage","@id":"https:\/\/portaltela.pt\/noticias\/2026\/01\/22\/infiltracoes-graves-deixam-casa-no-cacem-sem-condicoes-minimas-de-habitacao\/","url":"https:\/\/portaltela.pt\/noticias\/2026\/01\/22\/infiltracoes-graves-deixam-casa-no-cacem-sem-condicoes-minimas-de-habitacao\/","name":"Infiltra\u00e7\u00f5es graves deixam casa no Cac\u00e9m sem condi\u00e7\u00f5es m\u00ednimas de habita\u00e7\u00e3o - Portal Tela Portugal","isPartOf":{"@id":"https:\/\/portaltela.pt\/#website"},"primaryImageOfPage":{"@id":"https:\/\/portaltela.pt\/noticias\/2026\/01\/22\/infiltracoes-graves-deixam-casa-no-cacem-sem-condicoes-minimas-de-habitacao\/#primaryimage"},"image":{"@id":"https:\/\/portaltela.pt\/noticias\/2026\/01\/22\/infiltracoes-graves-deixam-casa-no-cacem-sem-condicoes-minimas-de-habitacao\/#primaryimage"},"thumbnailUrl":"https:\/\/portaltela.pt\/s.01k8rhncp4jt1\/2026\/01\/img_1280x721uu2026-01-22-09-52-14-2261841.jpg","datePublished":"2026-01-22T14:54:00+00:00","author":{"@id":"https:\/\/portaltela.pt\/#\/schema\/person\/c4278d4a6028830caff9ee44b42d32ed"},"breadcrumb":{"@id":"https:\/\/portaltela.pt\/noticias\/2026\/01\/22\/infiltracoes-graves-deixam-casa-no-cacem-sem-condicoes-minimas-de-habitacao\/#breadcrumb"},"inLanguage":"pt-PT","potentialAction":[{"@type":"ReadAction","target":["https:\/\/portaltela.pt\/noticias\/2026\/01\/22\/infiltracoes-graves-deixam-casa-no-cacem-sem-condicoes-minimas-de-habitacao\/"]}]},{"@type":"ImageObject","inLanguage":"pt-PT","@id":"https:\/\/portaltela.pt\/noticias\/2026\/01\/22\/infiltracoes-graves-deixam-casa-no-cacem-sem-condicoes-minimas-de-habitacao\/#primaryimage","url":"https:\/\/portaltela.pt\/s.01k8rhncp4jt1\/2026\/01\/img_1280x721uu2026-01-22-09-52-14-2261841.jpg","contentUrl":"https:\/\/portaltela.pt\/s.01k8rhncp4jt1\/2026\/01\/img_1280x721uu2026-01-22-09-52-14-2261841.jpg","width":796,"height":448,"caption":"Photo"},{"@type":"BreadcrumbList","@id":"https:\/\/portaltela.pt\/noticias\/2026\/01\/22\/infiltracoes-graves-deixam-casa-no-cacem-sem-condicoes-minimas-de-habitacao\/#breadcrumb","itemListElement":[{"@type":"ListItem","position":1,"name":"In\u00edcio","item":"https:\/\/portaltela.pt\/"},{"@type":"ListItem","position":2,"name":"Infiltra\u00e7\u00f5es graves deixam casa no Cac\u00e9m sem condi\u00e7\u00f5es m\u00ednimas de habita\u00e7\u00e3o"}]},{"@type":"WebSite","@id":"https:\/\/portaltela.pt\/#website","url":"https:\/\/portaltela.pt\/","name":"Portal Tela Portugal","description":"","potentialAction":[{"@type":"SearchAction","target":{"@type":"EntryPoint","urlTemplate":"https:\/\/portaltela.pt\/?s={search_term_string}"},"query-input":{"@type":"PropertyValueSpecification","valueRequired":true,"valueName":"search_term_string"}}],"inLanguage":"pt-PT"},{"@type":"Person","@id":"https:\/\/portaltela.pt\/#\/schema\/person\/c4278d4a6028830caff9ee44b42d32ed","name":"Telinha","image":{"@type":"ImageObject","inLanguage":"pt-PT","@id":"https:\/\/portaltela.pt\/s.01k8rhncp4jt1\/2025\/11\/talking-bot-125x125.png","url":"https:\/\/portaltela.pt\/s.01k8rhncp4jt1\/2025\/11\/talking-bot-125x125.png","contentUrl":"https:\/\/portaltela.pt\/s.01k8rhncp4jt1\/2025\/11\/talking-bot-125x125.png","caption":"Telinha"},"sameAs":["https:\/\/portaltela.pt\/"],"url":"https:\/\/portaltela.pt\/por\/367410592786\/"}]}},"_links":{"self":[{"href":"https:\/\/portaltela.pt\/api\/wp\/v2\/posts\/163689","targetHints":{"allow":["GET"]}}],"collection":[{"href":"https:\/\/portaltela.pt\/api\/wp\/v2\/posts"}],"about":[{"href":"https:\/\/portaltela.pt\/api\/wp\/v2\/types\/post"}],"author":[{"embeddable":true,"href":"https:\/\/portaltela.pt\/api\/wp\/v2\/users\/2"}],"replies":[{"embeddable":true,"href":"https:\/\/portaltela.pt\/api\/wp\/v2\/comments?post=163689"}],"version-history":[{"count":0,"href":"https:\/\/portaltela.pt\/api\/wp\/v2\/posts\/163689\/revisions"}],"wp:featuredmedia":[{"embeddable":true,"href":"https:\/\/portaltela.pt\/api\/wp\/v2\/media\/163692"}],"wp:attachment":[{"href":"https:\/\/portaltela.pt\/api\/wp\/v2\/media?parent=163689"}],"wp:term":[{"taxonomy":"category","embeddable":true,"href":"https:\/\/portaltela.pt\/api\/wp\/v2\/categories?post=163689"},{"taxonomy":"post_tag","embeddable":true,"href":"https:\/\/portaltela.pt\/api\/wp\/v2\/tags?post=163689"}],"curies":[{"name":"wp","href":"https:\/\/api.w.org\/{rel}","templated":true}]}}