{"id":163648,"date":"2026-01-22T11:08:00","date_gmt":"2026-01-22T14:08:00","guid":{"rendered":"https:\/\/portaltela.pt\/noticias\/2026\/01\/22\/ogier-parte-para-o-monte-carlo-em-busca-do-10o-titulo-mundial\/"},"modified":"2026-01-22T11:08:00","modified_gmt":"2026-01-22T14:08:00","slug":"ogier-parte-para-o-monte-carlo-em-busca-do-10o-titulo-mundial","status":"publish","type":"post","link":"https:\/\/portaltela.pt\/desporto\/2026\/01\/22\/ogier-parte-para-o-monte-carlo-em-busca-do-10o-titulo-mundial\/","title":{"rendered":"Ogier parte para o Monte Carlo em busca do 10\u00ba t\u00edtulo mundial"},"content":{"rendered":"<p>S\u00e9bastien Ogier parte em 2026 para defender os t\u00edtulos de pilotos e construtores, com a Toyota, no Rali de Monte Carlo. A prova arrancou hoje e \u00e9 a primeira de 14 etapas da \u00e9poca. Ogier almeja repetir o sucesso dos \u00faltimos anos e ampliar o registo como o maior vencedor do rali monegasco, em regime de part-time.<\/p>\n<p>O rali monegasco, na 94.\u00aa edi\u00e7\u00e3o, conta com 17 especiais e um total de 339,15 quil\u00f3metros cronometrados. A participa\u00e7\u00e3o de Ogier surge numa \u00e9poca em que pode aproxim\u00e1-lo de recordes, mesmo com a presen\u00e7a de outros pilotos fortes na competi\u00e7\u00e3o.<\/p>\n<p>A temporada marca mudan\u00e7as no pelot\u00e3o: Kalle Rovanper\u00e4 e Ott T\u00e4nak n\u00e3o estar\u00e3o presentes. Rovanper\u00e4 foca-se no campeonato japon\u00eas de ralis, visando tamb\u00e9m a F\u00f3rmula 1, e T\u00e4nak faz uma pausa sem liga\u00e7\u00e3o a equipa fixa.<\/p>\n<h3>Calend\u00e1rio 2026<\/h3>\n<p>A Toyota aposta em Ogier e no vice-campe\u00e3o Elfyn Evans, que liderou a prova na Ar\u00e1bia Saudita em 2025. Oliver Solberg foi escolhido para ocupar o lugar de Rovanper\u00e4, tendo sido campe\u00e3o de WRC2 e vencedor da Est\u00f3nia em 2025. Sami Pajari e Takamoto Katsuta completam a forma\u00e7\u00e3o de Rally 1 da marca nip\u00f3nica.<\/p>\n<p>Hyundai entra em 2026 com o regresso de Dani Sordo ao elenco da marca, substituindo o est\u00f3nio T\u00e4nak. Thierry Neuville enfrenta o regresso com o desafio de vencer novamente ap\u00f3s uma \u00e9poca dif\u00edcil em 2025. Adrien Fourmaux e Esapekka Lappi mant\u00eam-se na equipa francesa, com foco em consist\u00eancia.<\/p>\n<h3>Regresso da Lancia<\/h3>\n<p>A Lancia retorna ao Campeonato Mundial com o novo Lancia Ypsilon Rally2 HF Integrale no Rally 2. A equipa apresenta Yohan Rossel e Nikolay Gryazin, dois pilotos experientes neste rali. Gryazin j\u00e1 conquistou vit\u00f3rias na prova, enquanto Rossel registou o segundo melhor tempo no shakedown, atr\u00e1s do Renault que compete na categoria.<\/p>\n<p>O regresso da marca italiana refor\u00e7a um calend\u00e1rio que, al\u00e9m de Monte Carlo, contempla ainda o Rali da Ar\u00e1bia Saudita para encerrar a temporada. O Rali de Portugal figura como sexta prova, entre outras etapas j\u00e1 definidas para este ano.<\/p>\n","protected":false},"excerpt":{"rendered":"<ul>\n<li>O piloto S\u00e9bastien Ogier, eneacampe\u00e3o mundial, inicia 2026 em regime de part-time para defender o t\u00edtulo, com o arranque hoje em Monte Carlo, primeira de catorze provas.<\/li>\n<li>Em M\u00f3naco, Ogier pode tornar-se recordista de Mundiais com onze vit\u00f3rias no rali, num total de 339,15 quil\u00f3metros cronometrados distribu\u00eddos em dezassete especiais.<\/li>\n<li>Faltas de peso marcam a temporada: Kalle Rovanper\u00e4 e Ott T\u00e4nak n\u00e3o competem; Oliver Solberg substitui Rovanper\u00e4 na Toyota.<\/li>\n<li>A Toyota mant\u00e9m Elfyn Evans na equipa, com Sami Pajari e Takamoto Katsuta, este \u00faltimo entre os cinco mais r\u00e1pidos no shakedown.<\/li>\n<li>Regresso da Lancia ao WRC em Rally 2, com o Ypsilon Rally2 HF Integrale, pilotos Yohan Rossel e Nikolay Gryazin; Gryazin venceu o shakedown.<\/li>\n<\/ul>\n","protected":false},"author":2,"featured_media":163649,"comment_status":"closed","ping_status":"closed","sticky":false,"template":"","format":"standard","meta":{"footnotes":""},"categories":[21],"tags":[2371,2681,2467,1014,3144,2517],"class_list":["post-163648","post","type-post","status-publish","format-standard","has-post-thumbnail","hentry","category-desporto","tag-automoveis","tag-desporto-internacional","tag-desportos-motorizados","tag-portugal","tag-rally-2","tag-toyota"],"yoast_head":"<!-- This site is optimized with the Yoast SEO plugin v27.2 - https:\/\/yoast.com\/product\/yoast-seo-wordpress\/ -->\n<title>Ogier parte para o Monte Carlo em busca do 10\u00ba t\u00edtulo mundial - Portal Tela Portugal<\/title>\n<meta name=\"robots\" content=\"index, follow, max-snippet:-1, max-image-preview:large, max-video-preview:-1\" \/>\n<meta property=\"og:locale\" content=\"pt_PT\" \/>\n<meta property=\"og:type\" content=\"article\" \/>\n<meta property=\"og:title\" content=\"Ogier parte para o Monte Carlo em busca do 10\u00ba t\u00edtulo mundial - Portal Tela Portugal\" \/>\n<meta property=\"og:description\" content=\"O piloto S\u00e9bastien Ogier, eneacampe\u00e3o mundial, inicia 2026 em regime de part-time para defender o t\u00edtulo, com o arranque hoje em Monte Carlo, primeira de catorze provas. Em M\u00f3naco, Ogier pode tornar-se recordista de Mundiais com onze vit\u00f3rias no rali, num total de 339,15 quil\u00f3metros cronometrados distribu\u00eddos em dezassete especiais. Faltas de peso marcam a temporada: Kalle Rovanper\u00e4 e Ott T\u00e4nak n\u00e3o competem; Oliver Solberg substitui Rovanper\u00e4 na Toyota. A Toyota mant\u00e9m Elfyn Evans na equipa, com Sami Pajari e Takamoto Katsuta, este \u00faltimo entre os cinco mais r\u00e1pidos no shakedown. Regresso da Lancia ao WRC em Rally 2, com o Ypsilon Rally2 HF Integrale, pilotos Yohan Rossel e Nikolay Gryazin; Gryazin venceu o shakedown.\" \/>\n<meta property=\"og:url\" content=\"https:\/\/portaltela.pt\/noticias\/2026\/01\/22\/ogier-parte-para-o-monte-carlo-em-busca-do-10o-titulo-mundial\/\" \/>\n<meta property=\"og:site_name\" content=\"Portal Tela Portugal\" \/>\n<meta property=\"article:published_time\" content=\"2026-01-22T14:08:00+00:00\" \/>\n<meta name=\"author\" content=\"Telinha\" \/>\n<meta name=\"twitter:card\" content=\"summary_large_image\" \/>\n<meta name=\"twitter:label1\" content=\"Escrito por\" \/>\n\t<meta name=\"twitter:data1\" content=\"Telinha\" \/>\n\t<meta name=\"twitter:label2\" content=\"Tempo estimado de leitura\" \/>\n\t<meta name=\"twitter:data2\" content=\"2 minutos\" \/>\n<script type=\"application\/ld+json\" class=\"yoast-schema-graph\">{\"@context\":\"https:\/\/schema.org\",\"@graph\":[{\"@type\":\"Article\",\"@id\":\"https:\/\/portaltela.pt\/noticias\/2026\/01\/22\/ogier-parte-para-o-monte-carlo-em-busca-do-10o-titulo-mundial\/#article\",\"isPartOf\":{\"@id\":\"https:\/\/portaltela.pt\/noticias\/2026\/01\/22\/ogier-parte-para-o-monte-carlo-em-busca-do-10o-titulo-mundial\/\"},\"author\":{\"name\":\"Telinha\",\"@id\":\"https:\/\/portaltela.pt\/#\/schema\/person\/c4278d4a6028830caff9ee44b42d32ed\"},\"headline\":\"Ogier parte para o Monte Carlo em busca do 10\u00ba t\u00edtulo mundial\",\"datePublished\":\"2026-01-22T14:08:00+00:00\",\"mainEntityOfPage\":{\"@id\":\"https:\/\/portaltela.pt\/noticias\/2026\/01\/22\/ogier-parte-para-o-monte-carlo-em-busca-do-10o-titulo-mundial\/\"},\"wordCount\":367,\"image\":{\"@id\":\"https:\/\/portaltela.pt\/noticias\/2026\/01\/22\/ogier-parte-para-o-monte-carlo-em-busca-do-10o-titulo-mundial\/#primaryimage\"},\"thumbnailUrl\":\"https:\/\/portaltela.pt\/s.01k8rhncp4jt1\/2026\/01\/2061125.jpg\",\"keywords\":[\"Autom\u00f3veis\",\"desporto internacional\",\"Desportos Motorizados\",\"Portugal\",\"Rally 2\",\"Toyota\"],\"articleSection\":[\"Desporto\"],\"inLanguage\":\"pt-PT\"},{\"@type\":\"WebPage\",\"@id\":\"https:\/\/portaltela.pt\/noticias\/2026\/01\/22\/ogier-parte-para-o-monte-carlo-em-busca-do-10o-titulo-mundial\/\",\"url\":\"https:\/\/portaltela.pt\/noticias\/2026\/01\/22\/ogier-parte-para-o-monte-carlo-em-busca-do-10o-titulo-mundial\/\",\"name\":\"Ogier parte para o Monte Carlo em busca do 10\u00ba t\u00edtulo mundial - Portal Tela Portugal\",\"isPartOf\":{\"@id\":\"https:\/\/portaltela.pt\/#website\"},\"primaryImageOfPage\":{\"@id\":\"https:\/\/portaltela.pt\/noticias\/2026\/01\/22\/ogier-parte-para-o-monte-carlo-em-busca-do-10o-titulo-mundial\/#primaryimage\"},\"image\":{\"@id\":\"https:\/\/portaltela.pt\/noticias\/2026\/01\/22\/ogier-parte-para-o-monte-carlo-em-busca-do-10o-titulo-mundial\/#primaryimage\"},\"thumbnailUrl\":\"https:\/\/portaltela.pt\/s.01k8rhncp4jt1\/2026\/01\/2061125.jpg\",\"datePublished\":\"2026-01-22T14:08:00+00:00\",\"author\":{\"@id\":\"https:\/\/portaltela.pt\/#\/schema\/person\/c4278d4a6028830caff9ee44b42d32ed\"},\"breadcrumb\":{\"@id\":\"https:\/\/portaltela.pt\/noticias\/2026\/01\/22\/ogier-parte-para-o-monte-carlo-em-busca-do-10o-titulo-mundial\/#breadcrumb\"},\"inLanguage\":\"pt-PT\",\"potentialAction\":[{\"@type\":\"ReadAction\",\"target\":[\"https:\/\/portaltela.pt\/noticias\/2026\/01\/22\/ogier-parte-para-o-monte-carlo-em-busca-do-10o-titulo-mundial\/\"]}]},{\"@type\":\"ImageObject\",\"inLanguage\":\"pt-PT\",\"@id\":\"https:\/\/portaltela.pt\/noticias\/2026\/01\/22\/ogier-parte-para-o-monte-carlo-em-busca-do-10o-titulo-mundial\/#primaryimage\",\"url\":\"https:\/\/portaltela.pt\/s.01k8rhncp4jt1\/2026\/01\/2061125.jpg\",\"contentUrl\":\"https:\/\/portaltela.pt\/s.01k8rhncp4jt1\/2026\/01\/2061125.jpg\",\"width\":796,\"height\":448,\"caption\":\"Rali de Monte Carlo abre a temporada de 2026\"},{\"@type\":\"BreadcrumbList\",\"@id\":\"https:\/\/portaltela.pt\/noticias\/2026\/01\/22\/ogier-parte-para-o-monte-carlo-em-busca-do-10o-titulo-mundial\/#breadcrumb\",\"itemListElement\":[{\"@type\":\"ListItem\",\"position\":1,\"name\":\"In\u00edcio\",\"item\":\"https:\/\/portaltela.pt\/\"},{\"@type\":\"ListItem\",\"position\":2,\"name\":\"Ogier parte para o Monte Carlo em busca do 10\u00ba t\u00edtulo mundial\"}]},{\"@type\":\"WebSite\",\"@id\":\"https:\/\/portaltela.pt\/#website\",\"url\":\"https:\/\/portaltela.pt\/\",\"name\":\"Portal Tela Portugal\",\"description\":\"\",\"potentialAction\":[{\"@type\":\"SearchAction\",\"target\":{\"@type\":\"EntryPoint\",\"urlTemplate\":\"https:\/\/portaltela.pt\/?s={search_term_string}\"},\"query-input\":{\"@type\":\"PropertyValueSpecification\",\"valueRequired\":true,\"valueName\":\"search_term_string\"}}],\"inLanguage\":\"pt-PT\"},{\"@type\":\"Person\",\"@id\":\"https:\/\/portaltela.pt\/#\/schema\/person\/c4278d4a6028830caff9ee44b42d32ed\",\"name\":\"Telinha\",\"image\":{\"@type\":\"ImageObject\",\"inLanguage\":\"pt-PT\",\"@id\":\"https:\/\/portaltela.pt\/s.01k8rhncp4jt1\/2025\/11\/talking-bot-125x125.png\",\"url\":\"https:\/\/portaltela.pt\/s.01k8rhncp4jt1\/2025\/11\/talking-bot-125x125.png\",\"contentUrl\":\"https:\/\/portaltela.pt\/s.01k8rhncp4jt1\/2025\/11\/talking-bot-125x125.png\",\"caption\":\"Telinha\"},\"sameAs\":[\"https:\/\/portaltela.pt\/\"],\"url\":\"https:\/\/portaltela.pt\/por\/367410592786\/\"}]}<\/script>\n<!-- \/ Yoast SEO plugin. -->","yoast_head_json":{"title":"Ogier parte para o Monte Carlo em busca do 10\u00ba t\u00edtulo mundial - Portal Tela Portugal","robots":{"index":"index","follow":"follow","max-snippet":"max-snippet:-1","max-image-preview":"max-image-preview:large","max-video-preview":"max-video-preview:-1"},"og_locale":"pt_PT","og_type":"article","og_title":"Ogier parte para o Monte Carlo em busca do 10\u00ba t\u00edtulo mundial - Portal Tela Portugal","og_description":"O piloto S\u00e9bastien Ogier, eneacampe\u00e3o mundial, inicia 2026 em regime de part-time para defender o t\u00edtulo, com o arranque hoje em Monte Carlo, primeira de catorze provas. Em M\u00f3naco, Ogier pode tornar-se recordista de Mundiais com onze vit\u00f3rias no rali, num total de 339,15 quil\u00f3metros cronometrados distribu\u00eddos em dezassete especiais. Faltas de peso marcam a temporada: Kalle Rovanper\u00e4 e Ott T\u00e4nak n\u00e3o competem; Oliver Solberg substitui Rovanper\u00e4 na Toyota. A Toyota mant\u00e9m Elfyn Evans na equipa, com Sami Pajari e Takamoto Katsuta, este \u00faltimo entre os cinco mais r\u00e1pidos no shakedown. Regresso da Lancia ao WRC em Rally 2, com o Ypsilon Rally2 HF Integrale, pilotos Yohan Rossel e Nikolay Gryazin; Gryazin venceu o shakedown.","og_url":"https:\/\/portaltela.pt\/noticias\/2026\/01\/22\/ogier-parte-para-o-monte-carlo-em-busca-do-10o-titulo-mundial\/","og_site_name":"Portal Tela Portugal","article_published_time":"2026-01-22T14:08:00+00:00","author":"Telinha","twitter_card":"summary_large_image","twitter_misc":{"Escrito por":"Telinha","Tempo estimado de leitura":"2 minutos"},"schema":{"@context":"https:\/\/schema.org","@graph":[{"@type":"Article","@id":"https:\/\/portaltela.pt\/noticias\/2026\/01\/22\/ogier-parte-para-o-monte-carlo-em-busca-do-10o-titulo-mundial\/#article","isPartOf":{"@id":"https:\/\/portaltela.pt\/noticias\/2026\/01\/22\/ogier-parte-para-o-monte-carlo-em-busca-do-10o-titulo-mundial\/"},"author":{"name":"Telinha","@id":"https:\/\/portaltela.pt\/#\/schema\/person\/c4278d4a6028830caff9ee44b42d32ed"},"headline":"Ogier parte para o Monte Carlo em busca do 10\u00ba t\u00edtulo mundial","datePublished":"2026-01-22T14:08:00+00:00","mainEntityOfPage":{"@id":"https:\/\/portaltela.pt\/noticias\/2026\/01\/22\/ogier-parte-para-o-monte-carlo-em-busca-do-10o-titulo-mundial\/"},"wordCount":367,"image":{"@id":"https:\/\/portaltela.pt\/noticias\/2026\/01\/22\/ogier-parte-para-o-monte-carlo-em-busca-do-10o-titulo-mundial\/#primaryimage"},"thumbnailUrl":"https:\/\/portaltela.pt\/s.01k8rhncp4jt1\/2026\/01\/2061125.jpg","keywords":["Autom\u00f3veis","desporto internacional","Desportos Motorizados","Portugal","Rally 2","Toyota"],"articleSection":["Desporto"],"inLanguage":"pt-PT"},{"@type":"WebPage","@id":"https:\/\/portaltela.pt\/noticias\/2026\/01\/22\/ogier-parte-para-o-monte-carlo-em-busca-do-10o-titulo-mundial\/","url":"https:\/\/portaltela.pt\/noticias\/2026\/01\/22\/ogier-parte-para-o-monte-carlo-em-busca-do-10o-titulo-mundial\/","name":"Ogier parte para o Monte Carlo em busca do 10\u00ba t\u00edtulo mundial - Portal Tela Portugal","isPartOf":{"@id":"https:\/\/portaltela.pt\/#website"},"primaryImageOfPage":{"@id":"https:\/\/portaltela.pt\/noticias\/2026\/01\/22\/ogier-parte-para-o-monte-carlo-em-busca-do-10o-titulo-mundial\/#primaryimage"},"image":{"@id":"https:\/\/portaltela.pt\/noticias\/2026\/01\/22\/ogier-parte-para-o-monte-carlo-em-busca-do-10o-titulo-mundial\/#primaryimage"},"thumbnailUrl":"https:\/\/portaltela.pt\/s.01k8rhncp4jt1\/2026\/01\/2061125.jpg","datePublished":"2026-01-22T14:08:00+00:00","author":{"@id":"https:\/\/portaltela.pt\/#\/schema\/person\/c4278d4a6028830caff9ee44b42d32ed"},"breadcrumb":{"@id":"https:\/\/portaltela.pt\/noticias\/2026\/01\/22\/ogier-parte-para-o-monte-carlo-em-busca-do-10o-titulo-mundial\/#breadcrumb"},"inLanguage":"pt-PT","potentialAction":[{"@type":"ReadAction","target":["https:\/\/portaltela.pt\/noticias\/2026\/01\/22\/ogier-parte-para-o-monte-carlo-em-busca-do-10o-titulo-mundial\/"]}]},{"@type":"ImageObject","inLanguage":"pt-PT","@id":"https:\/\/portaltela.pt\/noticias\/2026\/01\/22\/ogier-parte-para-o-monte-carlo-em-busca-do-10o-titulo-mundial\/#primaryimage","url":"https:\/\/portaltela.pt\/s.01k8rhncp4jt1\/2026\/01\/2061125.jpg","contentUrl":"https:\/\/portaltela.pt\/s.01k8rhncp4jt1\/2026\/01\/2061125.jpg","width":796,"height":448,"caption":"Rali de Monte Carlo abre a temporada de 2026"},{"@type":"BreadcrumbList","@id":"https:\/\/portaltela.pt\/noticias\/2026\/01\/22\/ogier-parte-para-o-monte-carlo-em-busca-do-10o-titulo-mundial\/#breadcrumb","itemListElement":[{"@type":"ListItem","position":1,"name":"In\u00edcio","item":"https:\/\/portaltela.pt\/"},{"@type":"ListItem","position":2,"name":"Ogier parte para o Monte Carlo em busca do 10\u00ba t\u00edtulo mundial"}]},{"@type":"WebSite","@id":"https:\/\/portaltela.pt\/#website","url":"https:\/\/portaltela.pt\/","name":"Portal Tela Portugal","description":"","potentialAction":[{"@type":"SearchAction","target":{"@type":"EntryPoint","urlTemplate":"https:\/\/portaltela.pt\/?s={search_term_string}"},"query-input":{"@type":"PropertyValueSpecification","valueRequired":true,"valueName":"search_term_string"}}],"inLanguage":"pt-PT"},{"@type":"Person","@id":"https:\/\/portaltela.pt\/#\/schema\/person\/c4278d4a6028830caff9ee44b42d32ed","name":"Telinha","image":{"@type":"ImageObject","inLanguage":"pt-PT","@id":"https:\/\/portaltela.pt\/s.01k8rhncp4jt1\/2025\/11\/talking-bot-125x125.png","url":"https:\/\/portaltela.pt\/s.01k8rhncp4jt1\/2025\/11\/talking-bot-125x125.png","contentUrl":"https:\/\/portaltela.pt\/s.01k8rhncp4jt1\/2025\/11\/talking-bot-125x125.png","caption":"Telinha"},"sameAs":["https:\/\/portaltela.pt\/"],"url":"https:\/\/portaltela.pt\/por\/367410592786\/"}]}},"_links":{"self":[{"href":"https:\/\/portaltela.pt\/api\/wp\/v2\/posts\/163648","targetHints":{"allow":["GET"]}}],"collection":[{"href":"https:\/\/portaltela.pt\/api\/wp\/v2\/posts"}],"about":[{"href":"https:\/\/portaltela.pt\/api\/wp\/v2\/types\/post"}],"author":[{"embeddable":true,"href":"https:\/\/portaltela.pt\/api\/wp\/v2\/users\/2"}],"replies":[{"embeddable":true,"href":"https:\/\/portaltela.pt\/api\/wp\/v2\/comments?post=163648"}],"version-history":[{"count":0,"href":"https:\/\/portaltela.pt\/api\/wp\/v2\/posts\/163648\/revisions"}],"wp:featuredmedia":[{"embeddable":true,"href":"https:\/\/portaltela.pt\/api\/wp\/v2\/media\/163649"}],"wp:attachment":[{"href":"https:\/\/portaltela.pt\/api\/wp\/v2\/media?parent=163648"}],"wp:term":[{"taxonomy":"category","embeddable":true,"href":"https:\/\/portaltela.pt\/api\/wp\/v2\/categories?post=163648"},{"taxonomy":"post_tag","embeddable":true,"href":"https:\/\/portaltela.pt\/api\/wp\/v2\/tags?post=163648"}],"curies":[{"name":"wp","href":"https:\/\/api.w.org\/{rel}","templated":true}]}}