{"id":163580,"date":"2026-01-22T11:07:10","date_gmt":"2026-01-22T14:07:10","guid":{"rendered":"https:\/\/portaltela.pt\/noticias\/2026\/01\/22\/tondela-projeto-clds-5g-visa-reforcar-inclusao-social-e-apoio-aos-idosos\/"},"modified":"2026-01-22T11:07:10","modified_gmt":"2026-01-22T14:07:10","slug":"tondela-projeto-clds-5g-visa-reforcar-inclusao-social-e-apoio-aos-idosos","status":"publish","type":"post","link":"https:\/\/portaltela.pt\/noticias\/2026\/01\/22\/tondela-projeto-clds-5g-visa-reforcar-inclusao-social-e-apoio-aos-idosos\/","title":{"rendered":"Tondela: Projeto CLDS-5G visa refor\u00e7ar inclus\u00e3o social e apoio aos idosos"},"content":{"rendered":"<p>O projeto CLDS-5G Tondela j\u00e1 est\u00e1 em desenvolvimento no concelho, com o objetivo de promover a inclus\u00e3o social e refor\u00e7ar a coes\u00e3o comunit\u00e1ria. A iniciativa visa melhorar a qualidade de vida, com especial aten\u00e7\u00e3o aos idosos. A interven\u00e7\u00e3o funciona ao longo de 48 meses.<\/p>\n<p>A equipa local \u00e9 composta por uma coordenadora e tr\u00eas t\u00e9cnicas superiores, e o territ\u00f3rio abrangido \u00e9 o concelho de Tondela. A atua\u00e7\u00e3o assenta em dois eixos: autonomia e envelhecimento ativo, e desenvolvimento social, com foco na capacita\u00e7\u00e3o comunit\u00e1ria.<\/p>\n<h3>Estrutura e financiamento<\/h3>\n<p>Entre as a\u00e7\u00f5es previstas est\u00e3o a cria\u00e7\u00e3o de uma Comiss\u00e3o de Prote\u00e7\u00e3o ao Idoso, atividades intergeracionais, uma rede de voluntariado s\u00e9nior e campanhas de sensibiliza\u00e7\u00e3o contra viol\u00eancia sobre pessoas fragilizadas. Tamb\u00e9m est\u00e1 prevista a cria\u00e7\u00e3o de uma Loja Social.<\/p>\n<h3>Local de funcionamento e financiamento<\/h3>\n<p>O CLDS-5G Tondela \u00e9 promovido pela C\u00e2mara Municipal e financiado pelo Fundo Social Europeu Mais, no \u00e2mbito do Programa Pessoas 2030. A iniciativa funciona no edif\u00edcio em frente da C\u00e2mara Municipal.<\/p>\n<p>Estas informa\u00e7\u00f5es podem ser acompanhadas na emiss\u00e3o da Esta\u00e7\u00e3o Di\u00e1ria \u2013 96.8 FM.<\/p>\n","protected":false},"excerpt":{"rendered":"<ul>\n<li>O projeto CLDS-5G Tondela visa promover a inclus\u00e3o social, refor\u00e7ar a coes\u00e3o comunit\u00e1ria e melhorar a qualidade de vida, com foco em idosos e grupos vulner\u00e1veis.<\/li>\n<li>Vai decorrer durante quarenta e oito meses e envolve uma equipa com uma coordenadora e tr\u00eas t\u00e9cnicas superiores, cobrindo todo o territ\u00f3rio do concelho de Tondela.<\/li>\n<li>Os dois eixos s\u00e3o a promo\u00e7\u00e3o da autonomia, do envelhecimento ativo e da longevidade, e o desenvolvimento social com capacita\u00e7\u00e3o comunit\u00e1ria e resposta a situa\u00e7\u00f5es de vulnerabilidade e emerg\u00eancia social.<\/li>\n<li>Entre as a\u00e7\u00f5es previstas est\u00e3o a cria\u00e7\u00e3o de uma Comiss\u00e3o de Prote\u00e7\u00e3o ao Idoso, atividades intergeracionais, uma rede de voluntariado s\u00e9nior, campanhas contra viol\u00eancia sobre pessoas fragilizadas e a cria\u00e7\u00e3o de uma Loja Social.<\/li>\n<li>O CLDS-5G Tondela \u00e9 promovido pela C\u00e2mara Municipal e financiado pelo Fundo Social Europeu Mais, no \u00e2mbito do Programa Pessoas 2030, funcionando no edif\u00edcio em frente \u00e0 C\u00e2mara Municipal.<\/li>\n<\/ul>\n","protected":false},"author":2,"featured_media":163614,"comment_status":"closed","ping_status":"closed","sticky":false,"template":"","format":"standard","meta":{"footnotes":""},"categories":[1],"tags":[1084,3035,3076,2736,3821,3266],"class_list":["post-163580","post","type-post","status-publish","format-standard","has-post-thumbnail","hentry","category-noticias","tag-acao-social","tag-comunidade","tag-fundo-social","tag-idosos","tag-loja-social","tag-voluntariado-apoiado"],"yoast_head":"<!-- This site is optimized with the Yoast SEO plugin v27.2 - https:\/\/yoast.com\/product\/yoast-seo-wordpress\/ -->\n<title>Tondela: Projeto CLDS-5G visa refor\u00e7ar inclus\u00e3o social e apoio aos idosos - Portal Tela Portugal<\/title>\n<meta name=\"robots\" content=\"index, follow, max-snippet:-1, max-image-preview:large, max-video-preview:-1\" \/>\n<meta property=\"og:locale\" content=\"pt_PT\" \/>\n<meta property=\"og:type\" content=\"article\" \/>\n<meta property=\"og:title\" content=\"Tondela: Projeto CLDS-5G visa refor\u00e7ar inclus\u00e3o social e apoio aos idosos - Portal Tela Portugal\" \/>\n<meta property=\"og:description\" content=\"O projeto CLDS-5G Tondela visa promover a inclus\u00e3o social, refor\u00e7ar a coes\u00e3o comunit\u00e1ria e melhorar a qualidade de vida, com foco em idosos e grupos vulner\u00e1veis. Vai decorrer durante quarenta e oito meses e envolve uma equipa com uma coordenadora e tr\u00eas t\u00e9cnicas superiores, cobrindo todo o territ\u00f3rio do concelho de Tondela. Os dois eixos s\u00e3o a promo\u00e7\u00e3o da autonomia, do envelhecimento ativo e da longevidade, e o desenvolvimento social com capacita\u00e7\u00e3o comunit\u00e1ria e resposta a situa\u00e7\u00f5es de vulnerabilidade e emerg\u00eancia social. Entre as a\u00e7\u00f5es previstas est\u00e3o a cria\u00e7\u00e3o de uma Comiss\u00e3o de Prote\u00e7\u00e3o ao Idoso, atividades intergeracionais, uma rede de voluntariado s\u00e9nior, campanhas contra viol\u00eancia sobre pessoas fragilizadas e a cria\u00e7\u00e3o de uma Loja Social. O CLDS-5G Tondela \u00e9 promovido pela C\u00e2mara Municipal e financiado pelo Fundo Social Europeu Mais, no \u00e2mbito do Programa Pessoas 2030, funcionando no edif\u00edcio em frente \u00e0 C\u00e2mara Municipal.\" \/>\n<meta property=\"og:url\" content=\"https:\/\/portaltela.pt\/noticias\/2026\/01\/22\/tondela-projeto-clds-5g-visa-reforcar-inclusao-social-e-apoio-aos-idosos\/\" \/>\n<meta property=\"og:site_name\" content=\"Portal Tela Portugal\" \/>\n<meta property=\"article:published_time\" content=\"2026-01-22T14:07:10+00:00\" \/>\n<meta name=\"author\" content=\"Telinha\" \/>\n<meta name=\"twitter:card\" content=\"summary_large_image\" \/>\n<meta name=\"twitter:label1\" content=\"Escrito por\" \/>\n\t<meta name=\"twitter:data1\" content=\"Telinha\" \/>\n\t<meta name=\"twitter:label2\" content=\"Tempo estimado de leitura\" \/>\n\t<meta name=\"twitter:data2\" content=\"1 minuto\" \/>\n<script type=\"application\/ld+json\" class=\"yoast-schema-graph\">{\"@context\":\"https:\/\/schema.org\",\"@graph\":[{\"@type\":\"Article\",\"@id\":\"https:\/\/portaltela.pt\/noticias\/2026\/01\/22\/tondela-projeto-clds-5g-visa-reforcar-inclusao-social-e-apoio-aos-idosos\/#article\",\"isPartOf\":{\"@id\":\"https:\/\/portaltela.pt\/noticias\/2026\/01\/22\/tondela-projeto-clds-5g-visa-reforcar-inclusao-social-e-apoio-aos-idosos\/\"},\"author\":{\"name\":\"Telinha\",\"@id\":\"https:\/\/portaltela.pt\/#\/schema\/person\/c4278d4a6028830caff9ee44b42d32ed\"},\"headline\":\"Tondela: Projeto CLDS-5G visa refor\u00e7ar inclus\u00e3o social e apoio aos idosos\",\"datePublished\":\"2026-01-22T14:07:10+00:00\",\"mainEntityOfPage\":{\"@id\":\"https:\/\/portaltela.pt\/noticias\/2026\/01\/22\/tondela-projeto-clds-5g-visa-reforcar-inclusao-social-e-apoio-aos-idosos\/\"},\"wordCount\":212,\"image\":{\"@id\":\"https:\/\/portaltela.pt\/noticias\/2026\/01\/22\/tondela-projeto-clds-5g-visa-reforcar-inclusao-social-e-apoio-aos-idosos\/#primaryimage\"},\"thumbnailUrl\":\"https:\/\/portaltela.pt\/s.01k8rhncp4jt1\/2026\/01\/unnamed-file-4643.jpg\",\"keywords\":[\"A\u00e7\u00e3o Social\",\"comunidade\",\"Fundo Social\",\"idosos\",\"Loja Social\",\"Voluntariado Apoiado\"],\"articleSection\":[\"Not\u00edcias\"],\"inLanguage\":\"pt-PT\"},{\"@type\":\"WebPage\",\"@id\":\"https:\/\/portaltela.pt\/noticias\/2026\/01\/22\/tondela-projeto-clds-5g-visa-reforcar-inclusao-social-e-apoio-aos-idosos\/\",\"url\":\"https:\/\/portaltela.pt\/noticias\/2026\/01\/22\/tondela-projeto-clds-5g-visa-reforcar-inclusao-social-e-apoio-aos-idosos\/\",\"name\":\"Tondela: Projeto CLDS-5G visa refor\u00e7ar inclus\u00e3o social e apoio aos idosos - Portal Tela Portugal\",\"isPartOf\":{\"@id\":\"https:\/\/portaltela.pt\/#website\"},\"primaryImageOfPage\":{\"@id\":\"https:\/\/portaltela.pt\/noticias\/2026\/01\/22\/tondela-projeto-clds-5g-visa-reforcar-inclusao-social-e-apoio-aos-idosos\/#primaryimage\"},\"image\":{\"@id\":\"https:\/\/portaltela.pt\/noticias\/2026\/01\/22\/tondela-projeto-clds-5g-visa-reforcar-inclusao-social-e-apoio-aos-idosos\/#primaryimage\"},\"thumbnailUrl\":\"https:\/\/portaltela.pt\/s.01k8rhncp4jt1\/2026\/01\/unnamed-file-4643.jpg\",\"datePublished\":\"2026-01-22T14:07:10+00:00\",\"author\":{\"@id\":\"https:\/\/portaltela.pt\/#\/schema\/person\/c4278d4a6028830caff9ee44b42d32ed\"},\"breadcrumb\":{\"@id\":\"https:\/\/portaltela.pt\/noticias\/2026\/01\/22\/tondela-projeto-clds-5g-visa-reforcar-inclusao-social-e-apoio-aos-idosos\/#breadcrumb\"},\"inLanguage\":\"pt-PT\",\"potentialAction\":[{\"@type\":\"ReadAction\",\"target\":[\"https:\/\/portaltela.pt\/noticias\/2026\/01\/22\/tondela-projeto-clds-5g-visa-reforcar-inclusao-social-e-apoio-aos-idosos\/\"]}]},{\"@type\":\"ImageObject\",\"inLanguage\":\"pt-PT\",\"@id\":\"https:\/\/portaltela.pt\/noticias\/2026\/01\/22\/tondela-projeto-clds-5g-visa-reforcar-inclusao-social-e-apoio-aos-idosos\/#primaryimage\",\"url\":\"https:\/\/portaltela.pt\/s.01k8rhncp4jt1\/2026\/01\/unnamed-file-4643.jpg\",\"contentUrl\":\"https:\/\/portaltela.pt\/s.01k8rhncp4jt1\/2026\/01\/unnamed-file-4643.jpg\",\"width\":796,\"height\":448,\"caption\":\"Nelas: Miseric\u00f3rdia de Santar tem novas resid\u00eancias para pessoas com incapacidades\"},{\"@type\":\"BreadcrumbList\",\"@id\":\"https:\/\/portaltela.pt\/noticias\/2026\/01\/22\/tondela-projeto-clds-5g-visa-reforcar-inclusao-social-e-apoio-aos-idosos\/#breadcrumb\",\"itemListElement\":[{\"@type\":\"ListItem\",\"position\":1,\"name\":\"In\u00edcio\",\"item\":\"https:\/\/portaltela.pt\/\"},{\"@type\":\"ListItem\",\"position\":2,\"name\":\"Tondela: Projeto CLDS-5G visa refor\u00e7ar inclus\u00e3o social e apoio aos idosos\"}]},{\"@type\":\"WebSite\",\"@id\":\"https:\/\/portaltela.pt\/#website\",\"url\":\"https:\/\/portaltela.pt\/\",\"name\":\"Portal Tela Portugal\",\"description\":\"\",\"potentialAction\":[{\"@type\":\"SearchAction\",\"target\":{\"@type\":\"EntryPoint\",\"urlTemplate\":\"https:\/\/portaltela.pt\/?s={search_term_string}\"},\"query-input\":{\"@type\":\"PropertyValueSpecification\",\"valueRequired\":true,\"valueName\":\"search_term_string\"}}],\"inLanguage\":\"pt-PT\"},{\"@type\":\"Person\",\"@id\":\"https:\/\/portaltela.pt\/#\/schema\/person\/c4278d4a6028830caff9ee44b42d32ed\",\"name\":\"Telinha\",\"image\":{\"@type\":\"ImageObject\",\"inLanguage\":\"pt-PT\",\"@id\":\"https:\/\/portaltela.pt\/s.01k8rhncp4jt1\/2025\/11\/talking-bot-125x125.png\",\"url\":\"https:\/\/portaltela.pt\/s.01k8rhncp4jt1\/2025\/11\/talking-bot-125x125.png\",\"contentUrl\":\"https:\/\/portaltela.pt\/s.01k8rhncp4jt1\/2025\/11\/talking-bot-125x125.png\",\"caption\":\"Telinha\"},\"sameAs\":[\"https:\/\/portaltela.pt\/\"],\"url\":\"https:\/\/portaltela.pt\/por\/367410592786\/\"}]}<\/script>\n<!-- \/ Yoast SEO plugin. -->","yoast_head_json":{"title":"Tondela: Projeto CLDS-5G visa refor\u00e7ar inclus\u00e3o social e apoio aos idosos - Portal Tela Portugal","robots":{"index":"index","follow":"follow","max-snippet":"max-snippet:-1","max-image-preview":"max-image-preview:large","max-video-preview":"max-video-preview:-1"},"og_locale":"pt_PT","og_type":"article","og_title":"Tondela: Projeto CLDS-5G visa refor\u00e7ar inclus\u00e3o social e apoio aos idosos - Portal Tela Portugal","og_description":"O projeto CLDS-5G Tondela visa promover a inclus\u00e3o social, refor\u00e7ar a coes\u00e3o comunit\u00e1ria e melhorar a qualidade de vida, com foco em idosos e grupos vulner\u00e1veis. Vai decorrer durante quarenta e oito meses e envolve uma equipa com uma coordenadora e tr\u00eas t\u00e9cnicas superiores, cobrindo todo o territ\u00f3rio do concelho de Tondela. Os dois eixos s\u00e3o a promo\u00e7\u00e3o da autonomia, do envelhecimento ativo e da longevidade, e o desenvolvimento social com capacita\u00e7\u00e3o comunit\u00e1ria e resposta a situa\u00e7\u00f5es de vulnerabilidade e emerg\u00eancia social. Entre as a\u00e7\u00f5es previstas est\u00e3o a cria\u00e7\u00e3o de uma Comiss\u00e3o de Prote\u00e7\u00e3o ao Idoso, atividades intergeracionais, uma rede de voluntariado s\u00e9nior, campanhas contra viol\u00eancia sobre pessoas fragilizadas e a cria\u00e7\u00e3o de uma Loja Social. O CLDS-5G Tondela \u00e9 promovido pela C\u00e2mara Municipal e financiado pelo Fundo Social Europeu Mais, no \u00e2mbito do Programa Pessoas 2030, funcionando no edif\u00edcio em frente \u00e0 C\u00e2mara Municipal.","og_url":"https:\/\/portaltela.pt\/noticias\/2026\/01\/22\/tondela-projeto-clds-5g-visa-reforcar-inclusao-social-e-apoio-aos-idosos\/","og_site_name":"Portal Tela Portugal","article_published_time":"2026-01-22T14:07:10+00:00","author":"Telinha","twitter_card":"summary_large_image","twitter_misc":{"Escrito por":"Telinha","Tempo estimado de leitura":"1 minuto"},"schema":{"@context":"https:\/\/schema.org","@graph":[{"@type":"Article","@id":"https:\/\/portaltela.pt\/noticias\/2026\/01\/22\/tondela-projeto-clds-5g-visa-reforcar-inclusao-social-e-apoio-aos-idosos\/#article","isPartOf":{"@id":"https:\/\/portaltela.pt\/noticias\/2026\/01\/22\/tondela-projeto-clds-5g-visa-reforcar-inclusao-social-e-apoio-aos-idosos\/"},"author":{"name":"Telinha","@id":"https:\/\/portaltela.pt\/#\/schema\/person\/c4278d4a6028830caff9ee44b42d32ed"},"headline":"Tondela: Projeto CLDS-5G visa refor\u00e7ar inclus\u00e3o social e apoio aos idosos","datePublished":"2026-01-22T14:07:10+00:00","mainEntityOfPage":{"@id":"https:\/\/portaltela.pt\/noticias\/2026\/01\/22\/tondela-projeto-clds-5g-visa-reforcar-inclusao-social-e-apoio-aos-idosos\/"},"wordCount":212,"image":{"@id":"https:\/\/portaltela.pt\/noticias\/2026\/01\/22\/tondela-projeto-clds-5g-visa-reforcar-inclusao-social-e-apoio-aos-idosos\/#primaryimage"},"thumbnailUrl":"https:\/\/portaltela.pt\/s.01k8rhncp4jt1\/2026\/01\/unnamed-file-4643.jpg","keywords":["A\u00e7\u00e3o Social","comunidade","Fundo Social","idosos","Loja Social","Voluntariado Apoiado"],"articleSection":["Not\u00edcias"],"inLanguage":"pt-PT"},{"@type":"WebPage","@id":"https:\/\/portaltela.pt\/noticias\/2026\/01\/22\/tondela-projeto-clds-5g-visa-reforcar-inclusao-social-e-apoio-aos-idosos\/","url":"https:\/\/portaltela.pt\/noticias\/2026\/01\/22\/tondela-projeto-clds-5g-visa-reforcar-inclusao-social-e-apoio-aos-idosos\/","name":"Tondela: Projeto CLDS-5G visa refor\u00e7ar inclus\u00e3o social e apoio aos idosos - Portal Tela Portugal","isPartOf":{"@id":"https:\/\/portaltela.pt\/#website"},"primaryImageOfPage":{"@id":"https:\/\/portaltela.pt\/noticias\/2026\/01\/22\/tondela-projeto-clds-5g-visa-reforcar-inclusao-social-e-apoio-aos-idosos\/#primaryimage"},"image":{"@id":"https:\/\/portaltela.pt\/noticias\/2026\/01\/22\/tondela-projeto-clds-5g-visa-reforcar-inclusao-social-e-apoio-aos-idosos\/#primaryimage"},"thumbnailUrl":"https:\/\/portaltela.pt\/s.01k8rhncp4jt1\/2026\/01\/unnamed-file-4643.jpg","datePublished":"2026-01-22T14:07:10+00:00","author":{"@id":"https:\/\/portaltela.pt\/#\/schema\/person\/c4278d4a6028830caff9ee44b42d32ed"},"breadcrumb":{"@id":"https:\/\/portaltela.pt\/noticias\/2026\/01\/22\/tondela-projeto-clds-5g-visa-reforcar-inclusao-social-e-apoio-aos-idosos\/#breadcrumb"},"inLanguage":"pt-PT","potentialAction":[{"@type":"ReadAction","target":["https:\/\/portaltela.pt\/noticias\/2026\/01\/22\/tondela-projeto-clds-5g-visa-reforcar-inclusao-social-e-apoio-aos-idosos\/"]}]},{"@type":"ImageObject","inLanguage":"pt-PT","@id":"https:\/\/portaltela.pt\/noticias\/2026\/01\/22\/tondela-projeto-clds-5g-visa-reforcar-inclusao-social-e-apoio-aos-idosos\/#primaryimage","url":"https:\/\/portaltela.pt\/s.01k8rhncp4jt1\/2026\/01\/unnamed-file-4643.jpg","contentUrl":"https:\/\/portaltela.pt\/s.01k8rhncp4jt1\/2026\/01\/unnamed-file-4643.jpg","width":796,"height":448,"caption":"Nelas: Miseric\u00f3rdia de Santar tem novas resid\u00eancias para pessoas com incapacidades"},{"@type":"BreadcrumbList","@id":"https:\/\/portaltela.pt\/noticias\/2026\/01\/22\/tondela-projeto-clds-5g-visa-reforcar-inclusao-social-e-apoio-aos-idosos\/#breadcrumb","itemListElement":[{"@type":"ListItem","position":1,"name":"In\u00edcio","item":"https:\/\/portaltela.pt\/"},{"@type":"ListItem","position":2,"name":"Tondela: Projeto CLDS-5G visa refor\u00e7ar inclus\u00e3o social e apoio aos idosos"}]},{"@type":"WebSite","@id":"https:\/\/portaltela.pt\/#website","url":"https:\/\/portaltela.pt\/","name":"Portal Tela Portugal","description":"","potentialAction":[{"@type":"SearchAction","target":{"@type":"EntryPoint","urlTemplate":"https:\/\/portaltela.pt\/?s={search_term_string}"},"query-input":{"@type":"PropertyValueSpecification","valueRequired":true,"valueName":"search_term_string"}}],"inLanguage":"pt-PT"},{"@type":"Person","@id":"https:\/\/portaltela.pt\/#\/schema\/person\/c4278d4a6028830caff9ee44b42d32ed","name":"Telinha","image":{"@type":"ImageObject","inLanguage":"pt-PT","@id":"https:\/\/portaltela.pt\/s.01k8rhncp4jt1\/2025\/11\/talking-bot-125x125.png","url":"https:\/\/portaltela.pt\/s.01k8rhncp4jt1\/2025\/11\/talking-bot-125x125.png","contentUrl":"https:\/\/portaltela.pt\/s.01k8rhncp4jt1\/2025\/11\/talking-bot-125x125.png","caption":"Telinha"},"sameAs":["https:\/\/portaltela.pt\/"],"url":"https:\/\/portaltela.pt\/por\/367410592786\/"}]}},"_links":{"self":[{"href":"https:\/\/portaltela.pt\/api\/wp\/v2\/posts\/163580","targetHints":{"allow":["GET"]}}],"collection":[{"href":"https:\/\/portaltela.pt\/api\/wp\/v2\/posts"}],"about":[{"href":"https:\/\/portaltela.pt\/api\/wp\/v2\/types\/post"}],"author":[{"embeddable":true,"href":"https:\/\/portaltela.pt\/api\/wp\/v2\/users\/2"}],"replies":[{"embeddable":true,"href":"https:\/\/portaltela.pt\/api\/wp\/v2\/comments?post=163580"}],"version-history":[{"count":0,"href":"https:\/\/portaltela.pt\/api\/wp\/v2\/posts\/163580\/revisions"}],"wp:featuredmedia":[{"embeddable":true,"href":"https:\/\/portaltela.pt\/api\/wp\/v2\/media\/163614"}],"wp:attachment":[{"href":"https:\/\/portaltela.pt\/api\/wp\/v2\/media?parent=163580"}],"wp:term":[{"taxonomy":"category","embeddable":true,"href":"https:\/\/portaltela.pt\/api\/wp\/v2\/categories?post=163580"},{"taxonomy":"post_tag","embeddable":true,"href":"https:\/\/portaltela.pt\/api\/wp\/v2\/tags?post=163580"}],"curies":[{"name":"wp","href":"https:\/\/api.w.org\/{rel}","templated":true}]}}