{"id":163578,"date":"2026-01-22T11:05:55","date_gmt":"2026-01-22T14:05:55","guid":{"rendered":"https:\/\/portaltela.pt\/noticias\/2026\/01\/22\/ipdj-atualiza-autenticacao-integrada-das-plataformas\/"},"modified":"2026-01-22T11:05:55","modified_gmt":"2026-01-22T14:05:55","slug":"ipdj-atualiza-autenticacao-integrada-das-plataformas","status":"publish","type":"post","link":"https:\/\/portaltela.pt\/noticias\/2026\/01\/22\/ipdj-atualiza-autenticacao-integrada-das-plataformas\/","title":{"rendered":"IPDJ atualiza autentica\u00e7\u00e3o integrada das plataformas"},"content":{"rendered":"<p>No \u00e2mbito da moderniza\u00e7\u00e3o administrativa e da melhoria cont\u00ednua dos servi\u00e7os digitais, o IPDJ anunciou uma mudan\u00e7a estrat\u00e9gica alinhada com o Decreto\u2011Lei n.\u00ba 49\/2024, de 8 de agosto. O diploma estabelece as regras para a disponibiliza\u00e7\u00e3o de servi\u00e7os digitais pela Administra\u00e7\u00e3o P\u00fablica e define o Portal \u00danico de Servi\u00e7os Digitais \u2013 gov.pt como ponto central de acesso aos servi\u00e7os. O objetivo \u00e9 garantir atendimento omnicanal, com acesso integrado, uniforme e seguro, independentemente do canal utilizado.<\/p>\n<p>Entre as medidas previstas est\u00e1 a implementa\u00e7\u00e3o obrigat\u00f3ria dos mecanismos de autentica\u00e7\u00e3o e assinatura disponibilizados pelo Estado, nomeadamente atrav\u00e9s do autenticacao.gov. O IPDJ adotar\u00e1 exclusivamente o m\u00e9todo de autentica\u00e7\u00e3o do Estado: Cart\u00e3o de Cidad\u00e3o (CC), Chave M\u00f3vel Digital (CMD) e id.gov.pt. Esta mudan\u00e7a visa refor\u00e7ar a seguran\u00e7a e simplificar a experi\u00eancia dos utilizadores, assegurando conformidade com os requisitos legais.<\/p>\n<h3>Dita\u00e7\u00e3o da medida e prazos<\/h3>\n<p>A decis\u00e3o, aprovada em reuni\u00e3o do Conselho Diretivo no dia 22 de dezembro de 2025, prev\u00ea que o IPDJ implemente a mudan\u00e7a a partir de 1 de fevereiro.<\/p>\n<h3>Impacto para utilizadores e apoio<\/h3>\n<p>Utilizadores externos passam a aceder aos servi\u00e7os com CMD, CC ou id.gov.pt. O IPDJ reconhece que a transi\u00e7\u00e3o poder\u00e1 provocar constrangimentos e oferece apoio t\u00e9cnico atrav\u00e9s do registounico@ipdj.pt para orientar a adop\u00e7\u00e3o das novas vias de autentica\u00e7\u00e3o.<\/p>\n","protected":false},"excerpt":{"rendered":"<ul>\n<li>O IPDJ vai alterar a autentica\u00e7\u00e3o das suas plataformas, alinhando-se ao Decreto\u2011Lei n.\u00ba 49\/2024 para acesso \u00fanico aos servi\u00e7os digitais.<\/li>\n<li>A mudan\u00e7a utiliza apenas os mecanismos de autentica\u00e7\u00e3o do Estado \u2014 Cart\u00e3o de Cidad\u00e3o, Chave M\u00f3vel Digital e id.gov.pt \u2014 visando maior seguran\u00e7a e simplicidade.<\/li>\n<li>A implementa\u00e7\u00e3o entra em vigor a partir de 1 de fevereiro de 2026, conforme aprova\u00e7\u00e3o do Conselho Diretivo em 22 de dezembro de 2025.<\/li>\n<li>Utilizadores externos passam a aceder aos servi\u00e7os com CMD, CC ou Id.gov, substituindo m\u00e9todos anteriores.<\/li>\n<li>Pode haver constrangimentos durante a transi\u00e7\u00e3o; a equipa t\u00e9cnica est\u00e1 dispon\u00edvel em registounico@ipdj.pt para apoiar solu\u00e7\u00f5es.<\/li>\n<\/ul>\n","protected":false},"author":2,"featured_media":163624,"comment_status":"closed","ping_status":"closed","sticky":false,"template":"","format":"standard","meta":{"footnotes":""},"categories":[1],"tags":[3822,3823,3824,3826,3825,250],"class_list":["post-163578","post","type-post","status-publish","format-standard","has-post-thumbnail","hentry","category-noticias","tag-autenticacao","tag-cartao-de-cidadao","tag-chave-movel-digital","tag-gov-pt","tag-id-gov-pt","tag-seguranca-publica"],"yoast_head":"<!-- This site is optimized with the Yoast SEO plugin v27.2 - https:\/\/yoast.com\/product\/yoast-seo-wordpress\/ -->\n<title>IPDJ atualiza autentica\u00e7\u00e3o integrada das plataformas - Portal Tela Portugal<\/title>\n<meta name=\"robots\" content=\"index, follow, max-snippet:-1, max-image-preview:large, max-video-preview:-1\" \/>\n<meta property=\"og:locale\" content=\"pt_PT\" \/>\n<meta property=\"og:type\" content=\"article\" \/>\n<meta property=\"og:title\" content=\"IPDJ atualiza autentica\u00e7\u00e3o integrada das plataformas - Portal Tela Portugal\" \/>\n<meta property=\"og:description\" content=\"O IPDJ vai alterar a autentica\u00e7\u00e3o das suas plataformas, alinhando-se ao Decreto\u2011Lei n.\u00ba 49\/2024 para acesso \u00fanico aos servi\u00e7os digitais. A mudan\u00e7a utiliza apenas os mecanismos de autentica\u00e7\u00e3o do Estado \u2014 Cart\u00e3o de Cidad\u00e3o, Chave M\u00f3vel Digital e id.gov.pt \u2014 visando maior seguran\u00e7a e simplicidade. A implementa\u00e7\u00e3o entra em vigor a partir de 1 de fevereiro de 2026, conforme aprova\u00e7\u00e3o do Conselho Diretivo em 22 de dezembro de 2025. Utilizadores externos passam a aceder aos servi\u00e7os com CMD, CC ou Id.gov, substituindo m\u00e9todos anteriores. Pode haver constrangimentos durante a transi\u00e7\u00e3o; a equipa t\u00e9cnica est\u00e1 dispon\u00edvel em registounico@ipdj.pt para apoiar solu\u00e7\u00f5es.\" \/>\n<meta property=\"og:url\" content=\"https:\/\/portaltela.pt\/noticias\/2026\/01\/22\/ipdj-atualiza-autenticacao-integrada-das-plataformas\/\" \/>\n<meta property=\"og:site_name\" content=\"Portal Tela Portugal\" \/>\n<meta property=\"article:published_time\" content=\"2026-01-22T14:05:55+00:00\" \/>\n<meta name=\"author\" content=\"Telinha\" \/>\n<meta name=\"twitter:card\" content=\"summary_large_image\" \/>\n<meta name=\"twitter:label1\" content=\"Escrito por\" \/>\n\t<meta name=\"twitter:data1\" content=\"Telinha\" \/>\n\t<meta name=\"twitter:label2\" content=\"Tempo estimado de leitura\" \/>\n\t<meta name=\"twitter:data2\" content=\"1 minuto\" \/>\n<script type=\"application\/ld+json\" class=\"yoast-schema-graph\">{\"@context\":\"https:\/\/schema.org\",\"@graph\":[{\"@type\":\"Article\",\"@id\":\"https:\/\/portaltela.pt\/noticias\/2026\/01\/22\/ipdj-atualiza-autenticacao-integrada-das-plataformas\/#article\",\"isPartOf\":{\"@id\":\"https:\/\/portaltela.pt\/noticias\/2026\/01\/22\/ipdj-atualiza-autenticacao-integrada-das-plataformas\/\"},\"author\":{\"name\":\"Telinha\",\"@id\":\"https:\/\/portaltela.pt\/#\/schema\/person\/c4278d4a6028830caff9ee44b42d32ed\"},\"headline\":\"IPDJ atualiza autentica\u00e7\u00e3o integrada das plataformas\",\"datePublished\":\"2026-01-22T14:05:55+00:00\",\"mainEntityOfPage\":{\"@id\":\"https:\/\/portaltela.pt\/noticias\/2026\/01\/22\/ipdj-atualiza-autenticacao-integrada-das-plataformas\/\"},\"wordCount\":252,\"image\":{\"@id\":\"https:\/\/portaltela.pt\/noticias\/2026\/01\/22\/ipdj-atualiza-autenticacao-integrada-das-plataformas\/#primaryimage\"},\"thumbnailUrl\":\"https:\/\/portaltela.pt\/s.01k8rhncp4jt1\/2026\/01\/unnamed-file-4644.jpg\",\"keywords\":[\"autentica\u00e7\u00e3o\",\"Cart\u00e3o de Cidad\u00e3o\",\"Chave M\u00f3vel Digital\",\"gov.pt\",\"id.gov.pt\",\"seguran\u00e7a p\u00fablica\"],\"articleSection\":[\"Not\u00edcias\"],\"inLanguage\":\"pt-PT\"},{\"@type\":\"WebPage\",\"@id\":\"https:\/\/portaltela.pt\/noticias\/2026\/01\/22\/ipdj-atualiza-autenticacao-integrada-das-plataformas\/\",\"url\":\"https:\/\/portaltela.pt\/noticias\/2026\/01\/22\/ipdj-atualiza-autenticacao-integrada-das-plataformas\/\",\"name\":\"IPDJ atualiza autentica\u00e7\u00e3o integrada das plataformas - Portal Tela Portugal\",\"isPartOf\":{\"@id\":\"https:\/\/portaltela.pt\/#website\"},\"primaryImageOfPage\":{\"@id\":\"https:\/\/portaltela.pt\/noticias\/2026\/01\/22\/ipdj-atualiza-autenticacao-integrada-das-plataformas\/#primaryimage\"},\"image\":{\"@id\":\"https:\/\/portaltela.pt\/noticias\/2026\/01\/22\/ipdj-atualiza-autenticacao-integrada-das-plataformas\/#primaryimage\"},\"thumbnailUrl\":\"https:\/\/portaltela.pt\/s.01k8rhncp4jt1\/2026\/01\/unnamed-file-4644.jpg\",\"datePublished\":\"2026-01-22T14:05:55+00:00\",\"author\":{\"@id\":\"https:\/\/portaltela.pt\/#\/schema\/person\/c4278d4a6028830caff9ee44b42d32ed\"},\"breadcrumb\":{\"@id\":\"https:\/\/portaltela.pt\/noticias\/2026\/01\/22\/ipdj-atualiza-autenticacao-integrada-das-plataformas\/#breadcrumb\"},\"inLanguage\":\"pt-PT\",\"potentialAction\":[{\"@type\":\"ReadAction\",\"target\":[\"https:\/\/portaltela.pt\/noticias\/2026\/01\/22\/ipdj-atualiza-autenticacao-integrada-das-plataformas\/\"]}]},{\"@type\":\"ImageObject\",\"inLanguage\":\"pt-PT\",\"@id\":\"https:\/\/portaltela.pt\/noticias\/2026\/01\/22\/ipdj-atualiza-autenticacao-integrada-das-plataformas\/#primaryimage\",\"url\":\"https:\/\/portaltela.pt\/s.01k8rhncp4jt1\/2026\/01\/unnamed-file-4644.jpg\",\"contentUrl\":\"https:\/\/portaltela.pt\/s.01k8rhncp4jt1\/2026\/01\/unnamed-file-4644.jpg\",\"width\":796,\"height\":448,\"caption\":\"Altera\u00e7\u00e3o da autentica\u00e7\u00e3o integrada das plataformas do IPDJ\"},{\"@type\":\"BreadcrumbList\",\"@id\":\"https:\/\/portaltela.pt\/noticias\/2026\/01\/22\/ipdj-atualiza-autenticacao-integrada-das-plataformas\/#breadcrumb\",\"itemListElement\":[{\"@type\":\"ListItem\",\"position\":1,\"name\":\"In\u00edcio\",\"item\":\"https:\/\/portaltela.pt\/\"},{\"@type\":\"ListItem\",\"position\":2,\"name\":\"IPDJ atualiza autentica\u00e7\u00e3o integrada das plataformas\"}]},{\"@type\":\"WebSite\",\"@id\":\"https:\/\/portaltela.pt\/#website\",\"url\":\"https:\/\/portaltela.pt\/\",\"name\":\"Portal Tela Portugal\",\"description\":\"\",\"potentialAction\":[{\"@type\":\"SearchAction\",\"target\":{\"@type\":\"EntryPoint\",\"urlTemplate\":\"https:\/\/portaltela.pt\/?s={search_term_string}\"},\"query-input\":{\"@type\":\"PropertyValueSpecification\",\"valueRequired\":true,\"valueName\":\"search_term_string\"}}],\"inLanguage\":\"pt-PT\"},{\"@type\":\"Person\",\"@id\":\"https:\/\/portaltela.pt\/#\/schema\/person\/c4278d4a6028830caff9ee44b42d32ed\",\"name\":\"Telinha\",\"image\":{\"@type\":\"ImageObject\",\"inLanguage\":\"pt-PT\",\"@id\":\"https:\/\/portaltela.pt\/s.01k8rhncp4jt1\/2025\/11\/talking-bot-125x125.png\",\"url\":\"https:\/\/portaltela.pt\/s.01k8rhncp4jt1\/2025\/11\/talking-bot-125x125.png\",\"contentUrl\":\"https:\/\/portaltela.pt\/s.01k8rhncp4jt1\/2025\/11\/talking-bot-125x125.png\",\"caption\":\"Telinha\"},\"sameAs\":[\"https:\/\/portaltela.pt\/\"],\"url\":\"https:\/\/portaltela.pt\/por\/367410592786\/\"}]}<\/script>\n<!-- \/ Yoast SEO plugin. -->","yoast_head_json":{"title":"IPDJ atualiza autentica\u00e7\u00e3o integrada das plataformas - Portal Tela Portugal","robots":{"index":"index","follow":"follow","max-snippet":"max-snippet:-1","max-image-preview":"max-image-preview:large","max-video-preview":"max-video-preview:-1"},"og_locale":"pt_PT","og_type":"article","og_title":"IPDJ atualiza autentica\u00e7\u00e3o integrada das plataformas - Portal Tela Portugal","og_description":"O IPDJ vai alterar a autentica\u00e7\u00e3o das suas plataformas, alinhando-se ao Decreto\u2011Lei n.\u00ba 49\/2024 para acesso \u00fanico aos servi\u00e7os digitais. A mudan\u00e7a utiliza apenas os mecanismos de autentica\u00e7\u00e3o do Estado \u2014 Cart\u00e3o de Cidad\u00e3o, Chave M\u00f3vel Digital e id.gov.pt \u2014 visando maior seguran\u00e7a e simplicidade. A implementa\u00e7\u00e3o entra em vigor a partir de 1 de fevereiro de 2026, conforme aprova\u00e7\u00e3o do Conselho Diretivo em 22 de dezembro de 2025. Utilizadores externos passam a aceder aos servi\u00e7os com CMD, CC ou Id.gov, substituindo m\u00e9todos anteriores. Pode haver constrangimentos durante a transi\u00e7\u00e3o; a equipa t\u00e9cnica est\u00e1 dispon\u00edvel em registounico@ipdj.pt para apoiar solu\u00e7\u00f5es.","og_url":"https:\/\/portaltela.pt\/noticias\/2026\/01\/22\/ipdj-atualiza-autenticacao-integrada-das-plataformas\/","og_site_name":"Portal Tela Portugal","article_published_time":"2026-01-22T14:05:55+00:00","author":"Telinha","twitter_card":"summary_large_image","twitter_misc":{"Escrito por":"Telinha","Tempo estimado de leitura":"1 minuto"},"schema":{"@context":"https:\/\/schema.org","@graph":[{"@type":"Article","@id":"https:\/\/portaltela.pt\/noticias\/2026\/01\/22\/ipdj-atualiza-autenticacao-integrada-das-plataformas\/#article","isPartOf":{"@id":"https:\/\/portaltela.pt\/noticias\/2026\/01\/22\/ipdj-atualiza-autenticacao-integrada-das-plataformas\/"},"author":{"name":"Telinha","@id":"https:\/\/portaltela.pt\/#\/schema\/person\/c4278d4a6028830caff9ee44b42d32ed"},"headline":"IPDJ atualiza autentica\u00e7\u00e3o integrada das plataformas","datePublished":"2026-01-22T14:05:55+00:00","mainEntityOfPage":{"@id":"https:\/\/portaltela.pt\/noticias\/2026\/01\/22\/ipdj-atualiza-autenticacao-integrada-das-plataformas\/"},"wordCount":252,"image":{"@id":"https:\/\/portaltela.pt\/noticias\/2026\/01\/22\/ipdj-atualiza-autenticacao-integrada-das-plataformas\/#primaryimage"},"thumbnailUrl":"https:\/\/portaltela.pt\/s.01k8rhncp4jt1\/2026\/01\/unnamed-file-4644.jpg","keywords":["autentica\u00e7\u00e3o","Cart\u00e3o de Cidad\u00e3o","Chave M\u00f3vel Digital","gov.pt","id.gov.pt","seguran\u00e7a p\u00fablica"],"articleSection":["Not\u00edcias"],"inLanguage":"pt-PT"},{"@type":"WebPage","@id":"https:\/\/portaltela.pt\/noticias\/2026\/01\/22\/ipdj-atualiza-autenticacao-integrada-das-plataformas\/","url":"https:\/\/portaltela.pt\/noticias\/2026\/01\/22\/ipdj-atualiza-autenticacao-integrada-das-plataformas\/","name":"IPDJ atualiza autentica\u00e7\u00e3o integrada das plataformas - Portal Tela Portugal","isPartOf":{"@id":"https:\/\/portaltela.pt\/#website"},"primaryImageOfPage":{"@id":"https:\/\/portaltela.pt\/noticias\/2026\/01\/22\/ipdj-atualiza-autenticacao-integrada-das-plataformas\/#primaryimage"},"image":{"@id":"https:\/\/portaltela.pt\/noticias\/2026\/01\/22\/ipdj-atualiza-autenticacao-integrada-das-plataformas\/#primaryimage"},"thumbnailUrl":"https:\/\/portaltela.pt\/s.01k8rhncp4jt1\/2026\/01\/unnamed-file-4644.jpg","datePublished":"2026-01-22T14:05:55+00:00","author":{"@id":"https:\/\/portaltela.pt\/#\/schema\/person\/c4278d4a6028830caff9ee44b42d32ed"},"breadcrumb":{"@id":"https:\/\/portaltela.pt\/noticias\/2026\/01\/22\/ipdj-atualiza-autenticacao-integrada-das-plataformas\/#breadcrumb"},"inLanguage":"pt-PT","potentialAction":[{"@type":"ReadAction","target":["https:\/\/portaltela.pt\/noticias\/2026\/01\/22\/ipdj-atualiza-autenticacao-integrada-das-plataformas\/"]}]},{"@type":"ImageObject","inLanguage":"pt-PT","@id":"https:\/\/portaltela.pt\/noticias\/2026\/01\/22\/ipdj-atualiza-autenticacao-integrada-das-plataformas\/#primaryimage","url":"https:\/\/portaltela.pt\/s.01k8rhncp4jt1\/2026\/01\/unnamed-file-4644.jpg","contentUrl":"https:\/\/portaltela.pt\/s.01k8rhncp4jt1\/2026\/01\/unnamed-file-4644.jpg","width":796,"height":448,"caption":"Altera\u00e7\u00e3o da autentica\u00e7\u00e3o integrada das plataformas do IPDJ"},{"@type":"BreadcrumbList","@id":"https:\/\/portaltela.pt\/noticias\/2026\/01\/22\/ipdj-atualiza-autenticacao-integrada-das-plataformas\/#breadcrumb","itemListElement":[{"@type":"ListItem","position":1,"name":"In\u00edcio","item":"https:\/\/portaltela.pt\/"},{"@type":"ListItem","position":2,"name":"IPDJ atualiza autentica\u00e7\u00e3o integrada das plataformas"}]},{"@type":"WebSite","@id":"https:\/\/portaltela.pt\/#website","url":"https:\/\/portaltela.pt\/","name":"Portal Tela Portugal","description":"","potentialAction":[{"@type":"SearchAction","target":{"@type":"EntryPoint","urlTemplate":"https:\/\/portaltela.pt\/?s={search_term_string}"},"query-input":{"@type":"PropertyValueSpecification","valueRequired":true,"valueName":"search_term_string"}}],"inLanguage":"pt-PT"},{"@type":"Person","@id":"https:\/\/portaltela.pt\/#\/schema\/person\/c4278d4a6028830caff9ee44b42d32ed","name":"Telinha","image":{"@type":"ImageObject","inLanguage":"pt-PT","@id":"https:\/\/portaltela.pt\/s.01k8rhncp4jt1\/2025\/11\/talking-bot-125x125.png","url":"https:\/\/portaltela.pt\/s.01k8rhncp4jt1\/2025\/11\/talking-bot-125x125.png","contentUrl":"https:\/\/portaltela.pt\/s.01k8rhncp4jt1\/2025\/11\/talking-bot-125x125.png","caption":"Telinha"},"sameAs":["https:\/\/portaltela.pt\/"],"url":"https:\/\/portaltela.pt\/por\/367410592786\/"}]}},"_links":{"self":[{"href":"https:\/\/portaltela.pt\/api\/wp\/v2\/posts\/163578","targetHints":{"allow":["GET"]}}],"collection":[{"href":"https:\/\/portaltela.pt\/api\/wp\/v2\/posts"}],"about":[{"href":"https:\/\/portaltela.pt\/api\/wp\/v2\/types\/post"}],"author":[{"embeddable":true,"href":"https:\/\/portaltela.pt\/api\/wp\/v2\/users\/2"}],"replies":[{"embeddable":true,"href":"https:\/\/portaltela.pt\/api\/wp\/v2\/comments?post=163578"}],"version-history":[{"count":0,"href":"https:\/\/portaltela.pt\/api\/wp\/v2\/posts\/163578\/revisions"}],"wp:featuredmedia":[{"embeddable":true,"href":"https:\/\/portaltela.pt\/api\/wp\/v2\/media\/163624"}],"wp:attachment":[{"href":"https:\/\/portaltela.pt\/api\/wp\/v2\/media?parent=163578"}],"wp:term":[{"taxonomy":"category","embeddable":true,"href":"https:\/\/portaltela.pt\/api\/wp\/v2\/categories?post=163578"},{"taxonomy":"post_tag","embeddable":true,"href":"https:\/\/portaltela.pt\/api\/wp\/v2\/tags?post=163578"}],"curies":[{"name":"wp","href":"https:\/\/api.w.org\/{rel}","templated":true}]}}