{"id":163571,"date":"2026-01-22T11:50:18","date_gmt":"2026-01-22T14:50:18","guid":{"rendered":"https:\/\/portaltela.pt\/?p=163571"},"modified":"2026-01-22T12:32:14","modified_gmt":"2026-01-22T15:32:14","slug":"reserve-cup-2026-conheca-um-pouco-sobre-cada-participante-do-torneio","status":"publish","type":"post","link":"https:\/\/portaltela.pt\/noticias\/2026\/01\/22\/reserve-cup-2026-conheca-um-pouco-sobre-cada-participante-do-torneio\/","title":{"rendered":"Reserve Cup 2026: conhe\u00e7a um pouco sobre cada participante do torneio"},"content":{"rendered":"\n<p>Nos dias 23, 24 e 25 de janeiro, a cidade de Miami vai receber a terceira edi\u00e7\u00e3o da Reserve Cup, um torneio de padel que vai reunir alguns dos maiores nomes do desporto no mundo. A seguir, fique a conhecer um pouco sobre cada participante do evento.<\/p>\n\n\n\n<h3 class=\"wp-block-heading\"><em>August\u00edn Tapia, 25<\/em><\/h3>\n\n\n\n<figure class=\"wp-block-image size-large\"><img fetchpriority=\"high\" decoding=\"async\" width=\"1024\" height=\"576\" src=\"https:\/\/portaltela.pt\/s.01k8rhncp4jt1\/2026\/01\/tilapia-1024x576.png\" alt=\"\" class=\"wp-image-163627\" srcset=\"https:\/\/portaltela.pt\/s.01k8rhncp4jt1\/2026\/01\/tilapia-1024x576.png 1024w, https:\/\/portaltela.pt\/s.01k8rhncp4jt1\/2026\/01\/tilapia-300x169.png 300w, https:\/\/portaltela.pt\/s.01k8rhncp4jt1\/2026\/01\/tilapia-768x432.png 768w, https:\/\/portaltela.pt\/s.01k8rhncp4jt1\/2026\/01\/tilapia-1536x864.png 1536w, https:\/\/portaltela.pt\/s.01k8rhncp4jt1\/2026\/01\/tilapia-2048x1152.png 2048w, https:\/\/portaltela.pt\/s.01k8rhncp4jt1\/2026\/01\/tilapia-856x481.png 856w\" sizes=\"(max-width: 1024px) 100vw, 1024px\" \/><figcaption class=\"wp-element-caption\">Imagem: Creative Commons<\/figcaption><\/figure>\n\n\n\n<p>Agust\u00edn Tapia nasceu na Argentina, a 24 de julho de 1999. Apelidado de \u201cMozart de Catamarca\u201d, \u00e9 conhecido pelo talento, criatividade e precis\u00e3o. O argentino atua pelo lado esquerdo do campo, destacou-se no World Padel Tour e \u00e9 uma das principais estrelas da Pro Padel League. Atualmente, ocupa a primeira posi\u00e7\u00e3o no ranking da FIP, com o mesmo n\u00famero de pontos da sua dupla atual, Arturo Coello.<\/p>\n\n\n\n<h3 class=\"wp-block-heading\"><em>Arturo Coello, 23<\/em><\/h3>\n\n\n\n<figure class=\"wp-block-image size-full\"><img decoding=\"async\" width=\"1200\" height=\"800\" src=\"https:\/\/portaltela.pt\/s.01k8rhncp4jt1\/2026\/01\/coellodivulgacaoon.avif\" alt=\"\" class=\"wp-image-163628\" \/><figcaption class=\"wp-element-caption\">Imagem: Divulga\u00e7\u00e3o \/ On<\/figcaption><\/figure>\n\n\n\n<p>Nascido a 8 de mar\u00e7o de 2002, o espanhol come\u00e7ou no padel em 2015, atuando pelo lado direito do campo. Em 2023, tornou-se o n\u00famero um do mundo aos 21 anos, o mais jovem da hist\u00f3ria a alcan\u00e7ar o topo do ranking. Atualmente, ocupa a segunda posi\u00e7\u00e3o do ranking da FIP, atr\u00e1s do parceiro Agust\u00edn Tapia.<\/p>\n\n\n\n<h3 class=\"wp-block-heading\"><em>Alex Gal\u00e1n, 29<\/em><\/h3>\n\n\n\n<figure class=\"wp-block-image size-full\"><img decoding=\"async\" width=\"900\" height=\"516\" src=\"https:\/\/portaltela.pt\/s.01k8rhncp4jt1\/2026\/01\/alegalanimagemadidas.jpg\" alt=\"\" class=\"wp-image-163629\" srcset=\"https:\/\/portaltela.pt\/s.01k8rhncp4jt1\/2026\/01\/alegalanimagemadidas.jpg 900w, https:\/\/portaltela.pt\/s.01k8rhncp4jt1\/2026\/01\/alegalanimagemadidas-300x172.jpg 300w, https:\/\/portaltela.pt\/s.01k8rhncp4jt1\/2026\/01\/alegalanimagemadidas-768x440.jpg 768w\" sizes=\"(max-width: 900px) 100vw, 900px\" \/><figcaption class=\"wp-element-caption\">Imagem: Divulga\u00e7\u00e3o \/ Adidas<\/figcaption><\/figure>\n\n\n\n<p>Alex Gal\u00e1n \u00e9 um dos maiores nomes do padel mundial. Nasceu em Madrid, a 15 de maio de 1996. A atuar pelo lado esquerdo do campo, tornou-se n\u00famero um do ranking ao lado de Juan Lebr\u00f3n aos 24 anos e soma conquistas relevantes tanto no World Padel Tour (WPT) como no Premier Padel. Atualmente, ocupa a terceira posi\u00e7\u00e3o do ranking da FIP, formando dupla com o argentino Fede Chingotto.<\/p>\n\n\n\n<h3 class=\"wp-block-heading\"><em>Federico Chingotto, 28<\/em><\/h3>\n\n\n\n<figure class=\"wp-block-image size-full\"><img loading=\"lazy\" decoding=\"async\" width=\"1024\" height=\"762\" src=\"https:\/\/portaltela.pt\/s.01k8rhncp4jt1\/2026\/01\/ChingottoadireitaImagemFIP.webp\" alt=\"\" class=\"wp-image-163630\" srcset=\"https:\/\/portaltela.pt\/s.01k8rhncp4jt1\/2026\/01\/ChingottoadireitaImagemFIP.webp 1024w, https:\/\/portaltela.pt\/s.01k8rhncp4jt1\/2026\/01\/ChingottoadireitaImagemFIP-300x223.webp 300w, https:\/\/portaltela.pt\/s.01k8rhncp4jt1\/2026\/01\/ChingottoadireitaImagemFIP-768x572.webp 768w\" sizes=\"(max-width: 1024px) 100vw, 1024px\" \/><figcaption class=\"wp-element-caption\">Foto: DIvulga\u00e7\u00e3o \/ FIP &#8211; Chingotto aparece \u00e0 direita na imagem.<\/figcaption><\/figure>\n\n\n\n<p>Fede \u00e9 argentino, nascido a 13 de abril de 1997, e atua pelo lado direito do campo. Conhecido pelo jogo de constru\u00e7\u00e3o e consist\u00eancia, foi campe\u00e3o da FIP World Cup Pairs em 2025 ao lado da sua dupla, \u00c1lex Gal\u00e1n, na final disputada no Kuwait. Atualmente, ocupa a quarta posi\u00e7\u00e3o do ranking da FIP.<br><\/p>\n\n\n\n<h3 class=\"wp-block-heading\"><em>Franco Stupaczuk, 29\u00a0<\/em><\/h3>\n\n\n\n<figure class=\"wp-block-image size-full\"><img loading=\"lazy\" decoding=\"async\" width=\"860\" height=\"467\" src=\"https:\/\/portaltela.pt\/s.01k8rhncp4jt1\/2026\/01\/franco-stupaczuk-a-direita-imagem-divulgacao-wpt.webp\" alt=\"\" class=\"wp-image-163631\" srcset=\"https:\/\/portaltela.pt\/s.01k8rhncp4jt1\/2026\/01\/franco-stupaczuk-a-direita-imagem-divulgacao-wpt.webp 860w, https:\/\/portaltela.pt\/s.01k8rhncp4jt1\/2026\/01\/franco-stupaczuk-a-direita-imagem-divulgacao-wpt-300x163.webp 300w, https:\/\/portaltela.pt\/s.01k8rhncp4jt1\/2026\/01\/franco-stupaczuk-a-direita-imagem-divulgacao-wpt-768x417.webp 768w\" sizes=\"(max-width: 860px) 100vw, 860px\" \/><figcaption class=\"wp-element-caption\">Foto: Divulga\u00e7\u00e3o \/ World Padel Tour (WPT) &#8211; Stupaczuk aparece \u00e0 direita na imagem.<\/figcaption><\/figure>\n\n\n\n<p>Argentino, nascido a 25 de mar\u00e7o de 1996, Stupa atua pelo lado esquerdo do campo e \u00e9 conhecido pela agilidade e carisma em pista. No Premier Padel, venceu o Canc\u00fan P2 em mar\u00e7o de 2025 ao lado de Juan Lebr\u00f3n. Atualmente, ocupa o quinto lugar no ranking da FIP.<\/p>\n\n\n\n<p>Gostaria de acompanhar a <em>Reserve Cup 2026<\/em>? Clique <a href=\"https:\/\/www.portaltela.com\/padel-reserve-cup-2026\/\">aqui <\/a>e assista no Portal Tela.<\/p>\n\n\n\n<h3 class=\"wp-block-heading\"><em>Miguel Yanguas, 23<\/em><\/h3>\n\n\n\n<figure class=\"wp-block-image size-full\"><img loading=\"lazy\" decoding=\"async\" width=\"1024\" height=\"683\" src=\"https:\/\/portaltela.pt\/s.01k8rhncp4jt1\/2026\/01\/miguel-yanguas-adireita-divulgacao-wpt.webp\" alt=\"\" class=\"wp-image-163632\" srcset=\"https:\/\/portaltela.pt\/s.01k8rhncp4jt1\/2026\/01\/miguel-yanguas-adireita-divulgacao-wpt.webp 1024w, https:\/\/portaltela.pt\/s.01k8rhncp4jt1\/2026\/01\/miguel-yanguas-adireita-divulgacao-wpt-300x200.webp 300w, https:\/\/portaltela.pt\/s.01k8rhncp4jt1\/2026\/01\/miguel-yanguas-adireita-divulgacao-wpt-768x512.webp 768w\" sizes=\"(max-width: 1024px) 100vw, 1024px\" \/><figcaption class=\"wp-element-caption\">Foto: Divulga\u00e7\u00e3o \/ World Padel Tour (WPT) &#8211; Yanguas aparece \u00e0 direita na imagem.<\/figcaption><\/figure>\n\n\n\n<p>Natural de M\u00e1laga, Miguel \u201cMike\u201d Yanguas nasceu a 18 de mar\u00e7o de 2002 e atua pelo lado direito do campo. No ranking da FIP, surge no s\u00e9timo lugar e faz dupla com Jorge \u201cCoki\u201d Nieto. Mike destaca-se pela agressividade, pelas transi\u00e7\u00f5es r\u00e1pidas e \u00e9 considerado um dos grandes talentos da nova gera\u00e7\u00e3o.<\/p>\n\n\n\n<h3 class=\"wp-block-heading\"><em>Javier Garrido, 25<\/em><\/h3>\n\n\n\n<figure class=\"wp-block-image size-large\"><img loading=\"lazy\" decoding=\"async\" width=\"1024\" height=\"576\" src=\"https:\/\/portaltela.pt\/s.01k8rhncp4jt1\/2026\/01\/fffffff-1024x576.jpg\" alt=\"\" class=\"wp-image-163633\" srcset=\"https:\/\/portaltela.pt\/s.01k8rhncp4jt1\/2026\/01\/fffffff-1024x576.jpg 1024w, https:\/\/portaltela.pt\/s.01k8rhncp4jt1\/2026\/01\/fffffff-300x169.jpg 300w, https:\/\/portaltela.pt\/s.01k8rhncp4jt1\/2026\/01\/fffffff-768x432.jpg 768w, https:\/\/portaltela.pt\/s.01k8rhncp4jt1\/2026\/01\/fffffff-856x481.jpg 856w, https:\/\/portaltela.pt\/s.01k8rhncp4jt1\/2026\/01\/fffffff.jpg 1170w\" sizes=\"(max-width: 1024px) 100vw, 1024px\" \/><figcaption class=\"wp-element-caption\">Imagem: Divulga\u00e7\u00e3o \/ World Padel Tour (WPT) &#8211; Garrido aparece \u00e0 esquerda na imagem.<\/figcaption><\/figure>\n\n\n\n<p>Espanhol, Garrido nasceu em C\u00f3rdoba, a 26 de outubro de 2000, e atua pelo lado esquerdo do campo. Destacou-se em circuitos como o World Padel Tour e ocupa, atualmente, o 22.\u00ba lugar no ranking da FIP. Recentemente, mudou-se para o Dubai em busca de maior desenvolvimento profissional.<\/p>\n\n\n\n<h3 class=\"wp-block-heading\"><em>Jon Sanz, 25<\/em><\/h3>\n\n\n\n<figure class=\"wp-block-image size-full\"><img loading=\"lazy\" decoding=\"async\" width=\"978\" height=\"550\" src=\"https:\/\/portaltela.pt\/s.01k8rhncp4jt1\/2026\/01\/zzzz.webp\" alt=\"\" class=\"wp-image-163634\" srcset=\"https:\/\/portaltela.pt\/s.01k8rhncp4jt1\/2026\/01\/zzzz.webp 978w, https:\/\/portaltela.pt\/s.01k8rhncp4jt1\/2026\/01\/zzzz-300x169.webp 300w, https:\/\/portaltela.pt\/s.01k8rhncp4jt1\/2026\/01\/zzzz-768x432.webp 768w, https:\/\/portaltela.pt\/s.01k8rhncp4jt1\/2026\/01\/zzzz-856x481.webp 856w\" sizes=\"(max-width: 978px) 100vw, 978px\" \/><figcaption class=\"wp-element-caption\">Imagem: Divulga\u00e7\u00e3o \/ World Padel Tour (WPT)<\/figcaption><\/figure>\n\n\n\n<p>Sanz \u00e9 espanhol, nasceu em Pamplona a 25 de setembro de 2000 e atua pelo lado direito do campo. O seu principal t\u00edtulo foi o Premier Padel Finals de 2024, conquistado ao lado de Coki Nieto, em Barcelona, numa final que terminou com a s\u00e9rie invicta de Tapia e Coello. Atualmente, ocupa o 11.\u00ba lugar do ranking da FIP. Curiosidade: Sanz usa a plataforma de conte\u00fado adulto OnlyFans para se conectar com os f\u00e3s.<\/p>\n\n\n\n<h3 class=\"wp-block-heading\"><em>Javi Leal, 22<\/em><\/h3>\n\n\n\n<figure class=\"wp-block-image size-large\"><img loading=\"lazy\" decoding=\"async\" width=\"1024\" height=\"576\" src=\"https:\/\/portaltela.pt\/s.01k8rhncp4jt1\/2026\/01\/ccccc-1024x576.jpg\" alt=\"\" class=\"wp-image-163635\" srcset=\"https:\/\/portaltela.pt\/s.01k8rhncp4jt1\/2026\/01\/ccccc-1024x576.jpg 1024w, https:\/\/portaltela.pt\/s.01k8rhncp4jt1\/2026\/01\/ccccc-300x169.jpg 300w, https:\/\/portaltela.pt\/s.01k8rhncp4jt1\/2026\/01\/ccccc-768x432.jpg 768w, https:\/\/portaltela.pt\/s.01k8rhncp4jt1\/2026\/01\/ccccc-856x481.jpg 856w, https:\/\/portaltela.pt\/s.01k8rhncp4jt1\/2026\/01\/ccccc.jpg 1170w\" sizes=\"(max-width: 1024px) 100vw, 1024px\" \/><figcaption class=\"wp-element-caption\">Imagem: Divulga\u00e7\u00e3o \/ World Padel Tour (WPT)<\/figcaption><\/figure>\n\n\n\n<p>Natural de Puerto de Santa Mar\u00eda, Javier \u201cJavi\u201d Leal nasceu a 28 de julho de 2003 e atua pelo lado esquerdo do campo. No ranking da FIP, surge no 16.\u00ba lugar, a melhor posi\u00e7\u00e3o da sua carreira, e faz dupla com o brasileiro Lucas Bergamini. Atleta da Wilson, Javi \u00e9 conhecido pela consist\u00eancia e explos\u00e3o em pista.<\/p>\n\n\n\n<h3 class=\"wp-block-heading\"><em>Fran Guerrero, 22<\/em><\/h3>\n\n\n\n<figure class=\"wp-block-image size-full is-resized\"><img decoding=\"async\" src=\"https:\/\/www.portaltela.com\/s.01k8r8f7wx8pm\/2026\/01\/Snapinsta.app_465983409_537311242600485_1423655503192405369_n_1080-RIpq3xubtl8EmrLGL7NKreL-1200x648@Relevo.png\" alt=\"\" class=\"wp-image-335066\" style=\"width:840px;height:auto\" \/><figcaption class=\"wp-element-caption\">Foto: Divulga\u00e7\u00e3o \/ Premier Padel<\/figcaption><\/figure>\n\n\n\n<p>Francisco \u201cFran\u201d Guerrero nasceu a 30 de julho de 2003, \u00e9 natural de M\u00e1laga e atua pelo lado direito do campo. Conhecido pela r\u00e1pida ascens\u00e3o no ranking mundial, Guerrero vem de uma boa temporada em 2025, com presen\u00e7as em meias-finais importantes e participa\u00e7\u00e3o no Premier Padel Finals. Atualmente, ocupa o 14.\u00ba lugar do ranking da FIP.<\/p>\n\n\n\n<h3 class=\"wp-block-heading\"><em>Lucas Bergamini, 28<\/em> <\/h3>\n\n\n\n<figure class=\"wp-block-image size-large\"><img decoding=\"async\" src=\"https:\/\/www.portaltela.com\/s.01k8r8f7wx8pm\/2026\/01\/FOTO-CAPA-1-2-1024x683.png\" alt=\"\" class=\"wp-image-335059\" \/><figcaption class=\"wp-element-caption\">Foto: Reprodu\u00e7\u00e3o \/ Portal Super Padel<\/figcaption><\/figure>\n\n\n\n<p>Nascido a 18 de agosto de 1997, em Bento Gon\u00e7alves, no Rio Grande do Sul, Lucas Bergamini \u00e9 um dos principais nomes brasileiros do padel. Em 2017, mudou-se para Espanha e consolidou a carreira na Europa. Em 2021, venceu o FIP Gold Ja\u00e9n e, em 2025, foi semifinalista do Qatar Major com Navarro. Atualmente, \u00e9 o n\u00famero 13 do ranking da FIP.<\/p>\n\n\n\n<h3 class=\"wp-block-heading\"><em>Gonzalo Alfonso, 29<\/em><\/h3>\n\n\n\n<figure class=\"wp-block-image size-large\"><img decoding=\"async\" src=\"https:\/\/www.portaltela.com\/s.01k8r8f7wx8pm\/2026\/01\/2025_GijonP2_GonzaloAlfonso_EyesOfPadel_25-1701-1024x574.png\" alt=\"\" class=\"wp-image-335058\" \/><figcaption class=\"wp-element-caption\">Foto: Reprodu\u00e7\u00e3o \/ Tecnifibre<\/figcaption><\/figure>\n\n\n\n<p>Gonza \u00e9 espanhol, nascido a 30 de mar\u00e7o de 1996, e atua pelo lado esquerdo do campo. \u00c9 um dos nomes mais experientes do circuito e, atualmente, ocupa o 20.\u00ba lugar do ranking da FIP, formando dupla com Carlos Daniel Guti\u00e9rrez.<\/p>\n\n\n\n<h3 class=\"wp-block-heading\"><br><br><\/h3>\n\n\n\n<p><br><br><\/p>\n","protected":false},"excerpt":{"rendered":"<p>Nos dias 23, 24 e 25 de janeiro, a cidade de Miami vai receber a terceira edi\u00e7\u00e3o da Reserve Cup, um torneio de padel que vai reunir alguns dos maiores nomes do desporto no mundo. A seguir, fique a conhecer um pouco sobre cada participante do evento. August\u00edn Tapia, 25 Agust\u00edn Tapia nasceu na Argentina, [&hellip;]<\/p>\n","protected":false},"author":5,"featured_media":163654,"comment_status":"open","ping_status":"open","sticky":false,"template":"","format":"standard","meta":{"footnotes":""},"categories":[21,1],"tags":[3815],"class_list":["post-163571","post","type-post","status-publish","format-standard","has-post-thumbnail","hentry","category-desporto","category-noticias","tag-reserve-cup-2026"],"yoast_head":"<!-- This site is optimized with the Yoast SEO plugin v27.2 - https:\/\/yoast.com\/product\/yoast-seo-wordpress\/ -->\n<title>Reserve Cup 2026: conhe\u00e7a um pouco sobre cada participante do torneio - Portal Tela Portugal<\/title>\n<meta name=\"robots\" content=\"index, follow, max-snippet:-1, max-image-preview:large, max-video-preview:-1\" \/>\n<meta property=\"og:locale\" content=\"pt_PT\" \/>\n<meta property=\"og:type\" content=\"article\" \/>\n<meta property=\"og:title\" content=\"Reserve Cup 2026: conhe\u00e7a um pouco sobre cada participante do torneio - Portal Tela Portugal\" \/>\n<meta property=\"og:description\" content=\"Nos dias 23, 24 e 25 de janeiro, a cidade de Miami vai receber a terceira edi\u00e7\u00e3o da Reserve Cup, um torneio de padel que vai reunir alguns dos maiores nomes do desporto no mundo. A seguir, fique a conhecer um pouco sobre cada participante do evento. August\u00edn Tapia, 25 Agust\u00edn Tapia nasceu na Argentina, [&hellip;]\" \/>\n<meta property=\"og:url\" content=\"https:\/\/portaltela.pt\/desporto\/padel-desporto\/2026\/01\/22\/reserve-cup-2026-conheca-um-pouco-sobre-cada-participante-do-torneio\/\" \/>\n<meta property=\"og:site_name\" content=\"Portal Tela Portugal\" \/>\n<meta property=\"article:published_time\" content=\"2026-01-22T14:50:18+00:00\" \/>\n<meta property=\"article:modified_time\" content=\"2026-01-22T15:32:14+00:00\" \/>\n<meta property=\"og:image\" content=\"https:\/\/portaltela.pt\/s.01k8rhncp4jt1\/2026\/01\/thumb_565.jpg\" \/>\n\t<meta property=\"og:image:width\" content=\"900\" \/>\n\t<meta property=\"og:image:height\" content=\"516\" \/>\n\t<meta property=\"og:image:type\" content=\"image\/jpeg\" \/>\n<meta name=\"author\" content=\"Lucas Pires\" \/>\n<meta name=\"twitter:card\" content=\"summary_large_image\" \/>\n<meta name=\"twitter:label1\" content=\"Escrito por\" \/>\n\t<meta name=\"twitter:data1\" content=\"Lucas Pires\" \/>\n\t<meta name=\"twitter:label2\" content=\"Tempo estimado de leitura\" \/>\n\t<meta name=\"twitter:data2\" content=\"8 minutos\" \/>\n<script type=\"application\/ld+json\" class=\"yoast-schema-graph\">{\"@context\":\"https:\/\/schema.org\",\"@graph\":[{\"@type\":\"Article\",\"@id\":\"https:\/\/portaltela.pt\/desporto\/padel-desporto\/2026\/01\/22\/reserve-cup-2026-conheca-um-pouco-sobre-cada-participante-do-torneio\/#article\",\"isPartOf\":{\"@id\":\"https:\/\/portaltela.pt\/desporto\/padel-desporto\/2026\/01\/22\/reserve-cup-2026-conheca-um-pouco-sobre-cada-participante-do-torneio\/\"},\"author\":{\"name\":\"Lucas Pires\",\"@id\":\"https:\/\/portaltela.pt\/#\/schema\/person\/5a9320d6761bc38022d37ad0bf58bcc1\"},\"headline\":\"Reserve Cup 2026: conhe\u00e7a um pouco sobre cada participante do torneio\",\"datePublished\":\"2026-01-22T14:50:18+00:00\",\"dateModified\":\"2026-01-22T15:32:14+00:00\",\"mainEntityOfPage\":{\"@id\":\"https:\/\/portaltela.pt\/desporto\/padel-desporto\/2026\/01\/22\/reserve-cup-2026-conheca-um-pouco-sobre-cada-participante-do-torneio\/\"},\"wordCount\":864,\"commentCount\":0,\"image\":{\"@id\":\"https:\/\/portaltela.pt\/desporto\/padel-desporto\/2026\/01\/22\/reserve-cup-2026-conheca-um-pouco-sobre-cada-participante-do-torneio\/#primaryimage\"},\"thumbnailUrl\":\"https:\/\/portaltela.pt\/s.01k8rhncp4jt1\/2026\/01\/thumb_565.jpg\",\"keywords\":[\"reserve cup 2026\"],\"articleSection\":[\"Desporto\",\"Not\u00edcias\"],\"inLanguage\":\"pt-PT\",\"potentialAction\":[{\"@type\":\"CommentAction\",\"name\":\"Comment\",\"target\":[\"https:\/\/portaltela.pt\/desporto\/padel-desporto\/2026\/01\/22\/reserve-cup-2026-conheca-um-pouco-sobre-cada-participante-do-torneio\/#respond\"]}]},{\"@type\":\"WebPage\",\"@id\":\"https:\/\/portaltela.pt\/desporto\/padel-desporto\/2026\/01\/22\/reserve-cup-2026-conheca-um-pouco-sobre-cada-participante-do-torneio\/\",\"url\":\"https:\/\/portaltela.pt\/desporto\/padel-desporto\/2026\/01\/22\/reserve-cup-2026-conheca-um-pouco-sobre-cada-participante-do-torneio\/\",\"name\":\"Reserve Cup 2026: conhe\u00e7a um pouco sobre cada participante do torneio - Portal Tela Portugal\",\"isPartOf\":{\"@id\":\"https:\/\/portaltela.pt\/#website\"},\"primaryImageOfPage\":{\"@id\":\"https:\/\/portaltela.pt\/desporto\/padel-desporto\/2026\/01\/22\/reserve-cup-2026-conheca-um-pouco-sobre-cada-participante-do-torneio\/#primaryimage\"},\"image\":{\"@id\":\"https:\/\/portaltela.pt\/desporto\/padel-desporto\/2026\/01\/22\/reserve-cup-2026-conheca-um-pouco-sobre-cada-participante-do-torneio\/#primaryimage\"},\"thumbnailUrl\":\"https:\/\/portaltela.pt\/s.01k8rhncp4jt1\/2026\/01\/thumb_565.jpg\",\"datePublished\":\"2026-01-22T14:50:18+00:00\",\"dateModified\":\"2026-01-22T15:32:14+00:00\",\"author\":{\"@id\":\"https:\/\/portaltela.pt\/#\/schema\/person\/5a9320d6761bc38022d37ad0bf58bcc1\"},\"breadcrumb\":{\"@id\":\"https:\/\/portaltela.pt\/desporto\/padel-desporto\/2026\/01\/22\/reserve-cup-2026-conheca-um-pouco-sobre-cada-participante-do-torneio\/#breadcrumb\"},\"inLanguage\":\"pt-PT\",\"potentialAction\":[{\"@type\":\"ReadAction\",\"target\":[\"https:\/\/portaltela.pt\/desporto\/padel-desporto\/2026\/01\/22\/reserve-cup-2026-conheca-um-pouco-sobre-cada-participante-do-torneio\/\"]}]},{\"@type\":\"ImageObject\",\"inLanguage\":\"pt-PT\",\"@id\":\"https:\/\/portaltela.pt\/desporto\/padel-desporto\/2026\/01\/22\/reserve-cup-2026-conheca-um-pouco-sobre-cada-participante-do-torneio\/#primaryimage\",\"url\":\"https:\/\/portaltela.pt\/s.01k8rhncp4jt1\/2026\/01\/thumb_565.jpg\",\"contentUrl\":\"https:\/\/portaltela.pt\/s.01k8rhncp4jt1\/2026\/01\/thumb_565.jpg\",\"width\":900,\"height\":516,\"caption\":\"Imagem: Divulga\u00e7\u00e3o \/ Reserve Cup\"},{\"@type\":\"BreadcrumbList\",\"@id\":\"https:\/\/portaltela.pt\/desporto\/padel-desporto\/2026\/01\/22\/reserve-cup-2026-conheca-um-pouco-sobre-cada-participante-do-torneio\/#breadcrumb\",\"itemListElement\":[{\"@type\":\"ListItem\",\"position\":1,\"name\":\"In\u00edcio\",\"item\":\"https:\/\/portaltela.pt\/\"},{\"@type\":\"ListItem\",\"position\":2,\"name\":\"Reserve Cup 2026: conhe\u00e7a um pouco sobre cada participante do torneio\"}]},{\"@type\":\"WebSite\",\"@id\":\"https:\/\/portaltela.pt\/#website\",\"url\":\"https:\/\/portaltela.pt\/\",\"name\":\"Portal Tela Portugal\",\"description\":\"\",\"potentialAction\":[{\"@type\":\"SearchAction\",\"target\":{\"@type\":\"EntryPoint\",\"urlTemplate\":\"https:\/\/portaltela.pt\/?s={search_term_string}\"},\"query-input\":{\"@type\":\"PropertyValueSpecification\",\"valueRequired\":true,\"valueName\":\"search_term_string\"}}],\"inLanguage\":\"pt-PT\"},{\"@type\":\"Person\",\"@id\":\"https:\/\/portaltela.pt\/#\/schema\/person\/5a9320d6761bc38022d37ad0bf58bcc1\",\"name\":\"Lucas Pires\",\"image\":{\"@type\":\"ImageObject\",\"inLanguage\":\"pt-PT\",\"@id\":\"https:\/\/portaltela.pt\/s.01k8rhncp4jt1\/2026\/01\/a6f3c4d4-8e17-433c-a6f9-91e4da22a054-125x125.jpg\",\"url\":\"https:\/\/portaltela.pt\/s.01k8rhncp4jt1\/2026\/01\/a6f3c4d4-8e17-433c-a6f9-91e4da22a054-125x125.jpg\",\"contentUrl\":\"https:\/\/portaltela.pt\/s.01k8rhncp4jt1\/2026\/01\/a6f3c4d4-8e17-433c-a6f9-91e4da22a054-125x125.jpg\",\"caption\":\"Lucas Pires\"},\"url\":\"https:\/\/portaltela.pt\/por\/lucas-pires\/\"}]}<\/script>\n<!-- \/ Yoast SEO plugin. -->","yoast_head_json":{"title":"Reserve Cup 2026: conhe\u00e7a um pouco sobre cada participante do torneio - Portal Tela Portugal","robots":{"index":"index","follow":"follow","max-snippet":"max-snippet:-1","max-image-preview":"max-image-preview:large","max-video-preview":"max-video-preview:-1"},"og_locale":"pt_PT","og_type":"article","og_title":"Reserve Cup 2026: conhe\u00e7a um pouco sobre cada participante do torneio - Portal Tela Portugal","og_description":"Nos dias 23, 24 e 25 de janeiro, a cidade de Miami vai receber a terceira edi\u00e7\u00e3o da Reserve Cup, um torneio de padel que vai reunir alguns dos maiores nomes do desporto no mundo. A seguir, fique a conhecer um pouco sobre cada participante do evento. August\u00edn Tapia, 25 Agust\u00edn Tapia nasceu na Argentina, [&hellip;]","og_url":"https:\/\/portaltela.pt\/desporto\/padel-desporto\/2026\/01\/22\/reserve-cup-2026-conheca-um-pouco-sobre-cada-participante-do-torneio\/","og_site_name":"Portal Tela Portugal","article_published_time":"2026-01-22T14:50:18+00:00","article_modified_time":"2026-01-22T15:32:14+00:00","og_image":[{"width":900,"height":516,"url":"https:\/\/portaltela.pt\/s.01k8rhncp4jt1\/2026\/01\/thumb_565.jpg","type":"image\/jpeg"}],"author":"Lucas Pires","twitter_card":"summary_large_image","twitter_misc":{"Escrito por":"Lucas Pires","Tempo estimado de leitura":"8 minutos"},"schema":{"@context":"https:\/\/schema.org","@graph":[{"@type":"Article","@id":"https:\/\/portaltela.pt\/desporto\/padel-desporto\/2026\/01\/22\/reserve-cup-2026-conheca-um-pouco-sobre-cada-participante-do-torneio\/#article","isPartOf":{"@id":"https:\/\/portaltela.pt\/desporto\/padel-desporto\/2026\/01\/22\/reserve-cup-2026-conheca-um-pouco-sobre-cada-participante-do-torneio\/"},"author":{"name":"Lucas Pires","@id":"https:\/\/portaltela.pt\/#\/schema\/person\/5a9320d6761bc38022d37ad0bf58bcc1"},"headline":"Reserve Cup 2026: conhe\u00e7a um pouco sobre cada participante do torneio","datePublished":"2026-01-22T14:50:18+00:00","dateModified":"2026-01-22T15:32:14+00:00","mainEntityOfPage":{"@id":"https:\/\/portaltela.pt\/desporto\/padel-desporto\/2026\/01\/22\/reserve-cup-2026-conheca-um-pouco-sobre-cada-participante-do-torneio\/"},"wordCount":864,"commentCount":0,"image":{"@id":"https:\/\/portaltela.pt\/desporto\/padel-desporto\/2026\/01\/22\/reserve-cup-2026-conheca-um-pouco-sobre-cada-participante-do-torneio\/#primaryimage"},"thumbnailUrl":"https:\/\/portaltela.pt\/s.01k8rhncp4jt1\/2026\/01\/thumb_565.jpg","keywords":["reserve cup 2026"],"articleSection":["Desporto","Not\u00edcias"],"inLanguage":"pt-PT","potentialAction":[{"@type":"CommentAction","name":"Comment","target":["https:\/\/portaltela.pt\/desporto\/padel-desporto\/2026\/01\/22\/reserve-cup-2026-conheca-um-pouco-sobre-cada-participante-do-torneio\/#respond"]}]},{"@type":"WebPage","@id":"https:\/\/portaltela.pt\/desporto\/padel-desporto\/2026\/01\/22\/reserve-cup-2026-conheca-um-pouco-sobre-cada-participante-do-torneio\/","url":"https:\/\/portaltela.pt\/desporto\/padel-desporto\/2026\/01\/22\/reserve-cup-2026-conheca-um-pouco-sobre-cada-participante-do-torneio\/","name":"Reserve Cup 2026: conhe\u00e7a um pouco sobre cada participante do torneio - Portal Tela Portugal","isPartOf":{"@id":"https:\/\/portaltela.pt\/#website"},"primaryImageOfPage":{"@id":"https:\/\/portaltela.pt\/desporto\/padel-desporto\/2026\/01\/22\/reserve-cup-2026-conheca-um-pouco-sobre-cada-participante-do-torneio\/#primaryimage"},"image":{"@id":"https:\/\/portaltela.pt\/desporto\/padel-desporto\/2026\/01\/22\/reserve-cup-2026-conheca-um-pouco-sobre-cada-participante-do-torneio\/#primaryimage"},"thumbnailUrl":"https:\/\/portaltela.pt\/s.01k8rhncp4jt1\/2026\/01\/thumb_565.jpg","datePublished":"2026-01-22T14:50:18+00:00","dateModified":"2026-01-22T15:32:14+00:00","author":{"@id":"https:\/\/portaltela.pt\/#\/schema\/person\/5a9320d6761bc38022d37ad0bf58bcc1"},"breadcrumb":{"@id":"https:\/\/portaltela.pt\/desporto\/padel-desporto\/2026\/01\/22\/reserve-cup-2026-conheca-um-pouco-sobre-cada-participante-do-torneio\/#breadcrumb"},"inLanguage":"pt-PT","potentialAction":[{"@type":"ReadAction","target":["https:\/\/portaltela.pt\/desporto\/padel-desporto\/2026\/01\/22\/reserve-cup-2026-conheca-um-pouco-sobre-cada-participante-do-torneio\/"]}]},{"@type":"ImageObject","inLanguage":"pt-PT","@id":"https:\/\/portaltela.pt\/desporto\/padel-desporto\/2026\/01\/22\/reserve-cup-2026-conheca-um-pouco-sobre-cada-participante-do-torneio\/#primaryimage","url":"https:\/\/portaltela.pt\/s.01k8rhncp4jt1\/2026\/01\/thumb_565.jpg","contentUrl":"https:\/\/portaltela.pt\/s.01k8rhncp4jt1\/2026\/01\/thumb_565.jpg","width":900,"height":516,"caption":"Imagem: Divulga\u00e7\u00e3o \/ Reserve Cup"},{"@type":"BreadcrumbList","@id":"https:\/\/portaltela.pt\/desporto\/padel-desporto\/2026\/01\/22\/reserve-cup-2026-conheca-um-pouco-sobre-cada-participante-do-torneio\/#breadcrumb","itemListElement":[{"@type":"ListItem","position":1,"name":"In\u00edcio","item":"https:\/\/portaltela.pt\/"},{"@type":"ListItem","position":2,"name":"Reserve Cup 2026: conhe\u00e7a um pouco sobre cada participante do torneio"}]},{"@type":"WebSite","@id":"https:\/\/portaltela.pt\/#website","url":"https:\/\/portaltela.pt\/","name":"Portal Tela Portugal","description":"","potentialAction":[{"@type":"SearchAction","target":{"@type":"EntryPoint","urlTemplate":"https:\/\/portaltela.pt\/?s={search_term_string}"},"query-input":{"@type":"PropertyValueSpecification","valueRequired":true,"valueName":"search_term_string"}}],"inLanguage":"pt-PT"},{"@type":"Person","@id":"https:\/\/portaltela.pt\/#\/schema\/person\/5a9320d6761bc38022d37ad0bf58bcc1","name":"Lucas Pires","image":{"@type":"ImageObject","inLanguage":"pt-PT","@id":"https:\/\/portaltela.pt\/s.01k8rhncp4jt1\/2026\/01\/a6f3c4d4-8e17-433c-a6f9-91e4da22a054-125x125.jpg","url":"https:\/\/portaltela.pt\/s.01k8rhncp4jt1\/2026\/01\/a6f3c4d4-8e17-433c-a6f9-91e4da22a054-125x125.jpg","contentUrl":"https:\/\/portaltela.pt\/s.01k8rhncp4jt1\/2026\/01\/a6f3c4d4-8e17-433c-a6f9-91e4da22a054-125x125.jpg","caption":"Lucas Pires"},"url":"https:\/\/portaltela.pt\/por\/lucas-pires\/"}]}},"_links":{"self":[{"href":"https:\/\/portaltela.pt\/api\/wp\/v2\/posts\/163571","targetHints":{"allow":["GET"]}}],"collection":[{"href":"https:\/\/portaltela.pt\/api\/wp\/v2\/posts"}],"about":[{"href":"https:\/\/portaltela.pt\/api\/wp\/v2\/types\/post"}],"author":[{"embeddable":true,"href":"https:\/\/portaltela.pt\/api\/wp\/v2\/users\/5"}],"replies":[{"embeddable":true,"href":"https:\/\/portaltela.pt\/api\/wp\/v2\/comments?post=163571"}],"version-history":[{"count":0,"href":"https:\/\/portaltela.pt\/api\/wp\/v2\/posts\/163571\/revisions"}],"wp:featuredmedia":[{"embeddable":true,"href":"https:\/\/portaltela.pt\/api\/wp\/v2\/media\/163654"}],"wp:attachment":[{"href":"https:\/\/portaltela.pt\/api\/wp\/v2\/media?parent=163571"}],"wp:term":[{"taxonomy":"category","embeddable":true,"href":"https:\/\/portaltela.pt\/api\/wp\/v2\/categories?post=163571"},{"taxonomy":"post_tag","embeddable":true,"href":"https:\/\/portaltela.pt\/api\/wp\/v2\/tags?post=163571"}],"curies":[{"name":"wp","href":"https:\/\/api.w.org\/{rel}","templated":true}]}}