{"id":163567,"date":"2026-01-22T11:30:08","date_gmt":"2026-01-22T14:30:08","guid":{"rendered":"https:\/\/portaltela.pt\/?p=163567"},"modified":"2026-01-22T12:32:15","modified_gmt":"2026-01-22T15:32:15","slug":"lucas-bergamini-conheca-a-estrela-do-padel-que-vai-representar-o-brasil-na-reserve-cup-2026","status":"publish","type":"post","link":"https:\/\/portaltela.pt\/noticias\/2026\/01\/22\/lucas-bergamini-conheca-a-estrela-do-padel-que-vai-representar-o-brasil-na-reserve-cup-2026\/","title":{"rendered":"Lucas Bergamini: conhe\u00e7a a estrela do padel que vai representar o Brasil na Reserve Cup 2026"},"content":{"rendered":"\n<p>Uma das principais competi\u00e7\u00f5es de padel do mundo est\u00e1 prestes a come\u00e7ar. A Reserve Cup 2026 ter\u00e1 como palco Miami e ser\u00e1 transmitida no Brasil pelo Portal Tela nos dias 22, 23 e 24 de janeiro.<\/p>\n\n\n\n<p>O Brasil ser\u00e1 representado por Lucas Bergamini, que est\u00e1 na lista dos 12 principais jogadores do mundo confirmados para o evento.<\/p>\n\n\n\n<p>Gostaria de acompanhar o\u00a0<em>Reserve Cup 2026<\/em>? Clique<a href=\"https:\/\/www.portaltela.com\/padel-reserve-cup-2026\/\">\u00a0aqui\u00a0<\/a>e assista no Portal Tela.<\/p>\n\n\n\n<p>Para assinalar a presen\u00e7a brasileira no campeonato, o Portal Tela reuniu tudo o que precisa de saber sobre a carreira e o percurso de Bergamini.<\/p>\n\n\n\n<h3 class=\"wp-block-heading\">O in\u00edcio do percurso de Lucas<\/h3>\n\n\n\n<p>Hoje, Lucas Bergamini \u00e9 um dos principais nomes brasileiros do padel no circuito internacional e ocupa o 13.\u00ba lugar do ranking da Federa\u00e7\u00e3o Internacional de Padel (FIP), com 4.550 pontos. No entanto, o caminho at\u00e9 ao topo n\u00e3o foi f\u00e1cil.<\/p>\n\n\n\n<p>Nascido a 18 de agosto de 1997, em Bento Gon\u00e7alves, no Rio Grande do Sul, come\u00e7ou cedo no desporto e construiu uma carreira de destaque na Europa, onde se tornou um dos brasileiros mais reconhecidos no panorama mundial.<\/p>\n\n\n\n<p>Bergamini come\u00e7ou a jogar padel ainda em crian\u00e7a. Aos 8 anos, foi vice-campe\u00e3o brasileiro na categoria sub-12 e, aos 13, passou a competir na segunda categoria nacional. Vem de uma fam\u00edlia ligada ao desporto e conta que cresceu fascinado pelo ambiente das pistas, o que o motivou a procurar espa\u00e7o e reconhecimento no padel profissional.<\/p>\n\n\n\n<p>Em 2012, aos 15 anos, Bergamini integrou a sele\u00e7\u00e3o brasileira vice-campe\u00e3 do mundo por equipas, no Mundial disputado em Canc\u00fan, no M\u00e9xico. Na campanha, o Brasil superou a favorita Espanha e conquistou a prata, atr\u00e1s apenas da Argentina.<\/p>\n\n\n\n<h3 class=\"wp-block-heading\">As dificuldades enfrentadas rumo ao destaque<\/h3>\n\n\n\n<p>Com apenas 19 anos, em 2017, deixou a cidade natal e mudou-se para Espanha para disputar o circuito do pa\u00eds.<\/p>\n\n\n\n<p>No in\u00edcio, enfrentou dificuldades e chegou a dormir num colch\u00e3o no ch\u00e3o nos primeiros meses, enquanto tentava afirmar-se no cen\u00e1rio profissional. Ainda assim, disse que n\u00e3o se importava de sofrer pelo desporto, sobretudo depois de ter tomado a decis\u00e3o de sair do seu pa\u00eds.<\/p>\n\n\n\n<p>O jogador j\u00e1 relatou que chegou a ponderar a reforma devido \u00e0s dificuldades do come\u00e7o. Segundo ele, as d\u00favidas iam desde a preocupa\u00e7\u00e3o de n\u00e3o conseguir ganhar dinheiro at\u00e9 \u00e0 incerteza sobre o pr\u00f3prio prop\u00f3sito naquele momento, mas decidiu continuar e manteve-se firme.<\/p>\n\n\n\n<p>Ele descreve o percurso at\u00e9 \u00e0 elite como um caminho \u201cna surdina\u201d. Numa entrevista ao EnergyPodcast, afirmou que subiu no ranking mundial sem alarde, apenas com base nas vit\u00f3rias e com foco no que faz melhor: jogar padel.<\/p>\n\n\n\n<p>No fim, viver do que ama era um dos seus maiores objetivos. Numa entrevista ao Padle World Press, afirmou que n\u00e3o se importava de abdicar de conforto ou de bens materiais para seguir no desporto, por acreditar na l\u00f3gica do sacrif\u00edcio: suportar as dificuldades primeiro para colher os resultados depois.<\/p>\n\n\n\n<p>Ao lado de Lucas Campagnolo, tamb\u00e9m ga\u00facho, formou a primeira dupla de destaque no circuito mundial. Juntos, chegaram a v\u00e1rias meias-finais de torneios internacionais at\u00e9 2018 e conquistaram o primeiro t\u00edtulo internacional em 2021.<\/p>\n\n\n\n<p>Al\u00e9m do compatriota, Bergamini tamb\u00e9m teve outros parceiros no circuito, como I\u00f1igo Zaratiegui, V\u00edctor Ruiz e, mais recentemente, Paquito Navarro, que o colocou entre as melhores duplas do padel mundial.<\/p>\n\n\n\n<h3 class=\"wp-block-heading\">A humildade que o mant\u00e9m no topo<\/h3>\n\n\n\n<p>Bergamini refor\u00e7a sempre dois pilares como base do seu percurso: trabalho \u00e1rduo e humildade. Segundo ele, foram esses valores que sustentaram a carreira, inclusive nos momentos mais dif\u00edceis desde a entrada no circuito mundial.<\/p>\n\n\n\n<p>\u00c9 tamb\u00e9m uma figura rara no padel: com 1,65 m, conquistou o seu lugar gra\u00e7as \u00e0 t\u00e9cnica e ao treino, e n\u00e3o por um f\u00edsico fora do comum, o que refor\u00e7a ainda mais o quanto se mant\u00e9m fiel aos seus valores.<\/p>\n\n\n\n<p>At\u00e9 fora das pistas, manteve-se coerente com aquilo em que acredita, mostrando-se humilde e dedicado. Isso foi refor\u00e7ado por Paquito Navarro, que o descreve como algu\u00e9m que torna a vida mais f\u00e1cil tanto dentro como fora de campo.<\/p>\n\n\n\n<h3 class=\"wp-block-heading\">Estilo de jogo e caracter\u00edsticas<\/h3>\n\n\n\n<p>Bergamini joga na posi\u00e7\u00e3o de drive, no lado direito do campo. O seu estilo \u00e9 marcado pela consist\u00eancia defensiva, velocidade e intelig\u00eancia t\u00e1tica.<\/p>\n\n\n\n<p>Com 1,65 m, compensa a diferen\u00e7a de altura face aos advers\u00e1rios com t\u00e9cnica e prepara\u00e7\u00e3o atl\u00e9tica. A baixa estatura chega a ser uma vantagem em certas situa\u00e7\u00f5es, por garantir agilidade e um centro de gravidade baixo, \u00fatil nas defesas e nas bolas baixas.<\/p>\n\n\n\n<p>Outra caracter\u00edstica elogiada no seu jogo \u00e9 a capacidade defensiva. No circuito, Bergamini ganhou a reputa\u00e7\u00e3o de \u201cmuralha\u201d no fundo do campo, por cobrir muito terreno, devolver bolas dif\u00edceis e contra-atacar com precis\u00e3o.<\/p>\n\n\n\n<h3 class=\"wp-block-heading\">T\u00edtulos e conquistas<\/h3>\n\n\n\n<p>Apesar de ainda procurar o primeiro grande t\u00edtulo internacional, Bergamini j\u00e1 somou outras conquistas no seu percurso:<\/p>\n\n\n\n<ul class=\"wp-block-list\">\n<li><strong>FIP Gold, Ja\u00e9n 2021:<\/strong> Ao lado de Lucas Campagnolo, conquistou o primeiro t\u00edtulo internacional ao sagrar-se campe\u00e3o do FIP Gold Ciudad de Ja\u00e9n 2021, em Espanha. Bergamini foi eleito MVP do torneio, onde destacou a import\u00e2ncia do trabalho \u00e1rduo e agradeceu ao treinador Juanjo Guti\u00e9rrez pela prepara\u00e7\u00e3o.<\/li>\n\n\n\n<li><strong>FIP Platinum, Sevilha 2025:<\/strong> Bergamini conquistou o FIP Platinum de Sevilha 2025, no CUPRA FIP Tour, em parceria com Paquito Navarro. Embora os torneios Platinum sejam de categoria ligeiramente inferior aos Majors e ao P1 do Premier Padel, a vit\u00f3ria rendeu 300 pontos e mostrou que Bergamini conseguia vencer competi\u00e7\u00f5es internacionais de grande dimens\u00e3o.<\/li>\n\n\n\n<li><strong>Pan-Americano de Clubes 2025:<\/strong> Fora do circuito profissional tradicional, uma das maiores conquistas de 2025 veio pelo Clube Curitibano, do Paran\u00e1, representando o Brasil no I Pan-Americano de Clubes de Padel. O Clube Curitibano foi campe\u00e3o pan-americano de clubes, quebrando a hegemonia hist\u00f3rica dos argentinos. Foi a primeira vez que um clube n\u00e3o argentino venceu a competi\u00e7\u00e3o, um marco para o padel brasileiro e para Bergamini. A final foi contra o clube argentino 5.\u00aa Pro, de C\u00f3rdoba, e o t\u00edtulo foi decidido por 7-4 no agregado da s\u00e9rie.<\/li>\n<\/ul>\n\n\n\n<p>Al\u00e9m dos t\u00edtulos, Bergamini acumula p\u00f3dios que impulsionaram a carreira, como o vice-campeonato no Premier Padel de Buenos Aires em 2025, quando perdeu para Coello e Tapia, resultado que rendeu 600 pontos no ranking.<\/p>\n\n\n\n<p>Tamb\u00e9m chegou \u00e0s meias-finais do Major de Doha em 2025, ao lado de Paquito, terminando entre os quatro melhores do torneio, o que lhe rendeu 720 pontos no ranking.<\/p>\n\n\n\n<p>Apesar de ainda n\u00e3o ter levantado um trof\u00e9u de Major, ou equivalente, Lucas Bergamini j\u00e1 construiu uma carreira de relevo depois de conquistar torneios FIP, incluindo um Gold e um Platinum.<\/p>\n\n\n\n<p>Com esfor\u00e7o e humildade, Lucas Bergamini tornou-se um s\u00edmbolo brasileiro no padel, um desporto que cresce cada vez mais no pa\u00eds.<\/p>\n","protected":false},"excerpt":{"rendered":"<p>Uma das principais competi\u00e7\u00f5es de padel do mundo est\u00e1 prestes a come\u00e7ar. A Reserve Cup 2026 ter\u00e1 como palco Miami e ser\u00e1 transmitida no Brasil pelo Portal Tela nos dias 22, 23 e 24 de janeiro. O Brasil ser\u00e1 representado por Lucas Bergamini, que est\u00e1 na lista dos 12 principais jogadores do mundo confirmados para [&hellip;]<\/p>\n","protected":false},"author":5,"featured_media":163569,"comment_status":"open","ping_status":"open","sticky":false,"template":"","format":"standard","meta":{"footnotes":""},"categories":[21,1],"tags":[3815],"class_list":["post-163567","post","type-post","status-publish","format-standard","has-post-thumbnail","hentry","category-desporto","category-noticias","tag-reserve-cup-2026"],"yoast_head":"<!-- This site is optimized with the Yoast SEO plugin v27.2 - https:\/\/yoast.com\/product\/yoast-seo-wordpress\/ -->\n<title>Lucas Bergamini: conhe\u00e7a a estrela do padel que vai representar o Brasil na Reserve Cup 2026 - Portal Tela Portugal<\/title>\n<meta name=\"robots\" content=\"index, follow, max-snippet:-1, max-image-preview:large, max-video-preview:-1\" \/>\n<meta property=\"og:locale\" content=\"pt_PT\" \/>\n<meta property=\"og:type\" content=\"article\" \/>\n<meta property=\"og:title\" content=\"Lucas Bergamini: conhe\u00e7a a estrela do padel que vai representar o Brasil na Reserve Cup 2026 - Portal Tela Portugal\" \/>\n<meta property=\"og:description\" content=\"Uma das principais competi\u00e7\u00f5es de padel do mundo est\u00e1 prestes a come\u00e7ar. A Reserve Cup 2026 ter\u00e1 como palco Miami e ser\u00e1 transmitida no Brasil pelo Portal Tela nos dias 22, 23 e 24 de janeiro. O Brasil ser\u00e1 representado por Lucas Bergamini, que est\u00e1 na lista dos 12 principais jogadores do mundo confirmados para [&hellip;]\" \/>\n<meta property=\"og:url\" content=\"https:\/\/portaltela.pt\/desporto\/padel-desporto\/2026\/01\/22\/lucas-bergamini-conheca-a-estrela-do-padel-que-vai-representar-o-brasil-na-reserve-cup-2026\/\" \/>\n<meta property=\"og:site_name\" content=\"Portal Tela Portugal\" \/>\n<meta property=\"article:published_time\" content=\"2026-01-22T14:30:08+00:00\" \/>\n<meta property=\"article:modified_time\" content=\"2026-01-22T15:32:15+00:00\" \/>\n<meta property=\"og:image\" content=\"https:\/\/portaltela.pt\/s.01k8rhncp4jt1\/2026\/01\/FOTO-CAPA-1-1-856x481-1.png\" \/>\n\t<meta property=\"og:image:width\" content=\"856\" \/>\n\t<meta property=\"og:image:height\" content=\"481\" \/>\n\t<meta property=\"og:image:type\" content=\"image\/png\" \/>\n<meta name=\"author\" content=\"Lucas Pires\" \/>\n<meta name=\"twitter:card\" content=\"summary_large_image\" \/>\n<meta name=\"twitter:label1\" content=\"Escrito por\" \/>\n\t<meta name=\"twitter:data1\" content=\"Lucas Pires\" \/>\n\t<meta name=\"twitter:label2\" content=\"Tempo estimado de leitura\" \/>\n\t<meta name=\"twitter:data2\" content=\"7 minutos\" \/>\n<script type=\"application\/ld+json\" class=\"yoast-schema-graph\">{\"@context\":\"https:\/\/schema.org\",\"@graph\":[{\"@type\":\"Article\",\"@id\":\"https:\/\/portaltela.pt\/desporto\/padel-desporto\/2026\/01\/22\/lucas-bergamini-conheca-a-estrela-do-padel-que-vai-representar-o-brasil-na-reserve-cup-2026\/#article\",\"isPartOf\":{\"@id\":\"https:\/\/portaltela.pt\/desporto\/padel-desporto\/2026\/01\/22\/lucas-bergamini-conheca-a-estrela-do-padel-que-vai-representar-o-brasil-na-reserve-cup-2026\/\"},\"author\":{\"name\":\"Lucas Pires\",\"@id\":\"https:\/\/portaltela.pt\/#\/schema\/person\/5a9320d6761bc38022d37ad0bf58bcc1\"},\"headline\":\"Lucas Bergamini: conhe\u00e7a a estrela do padel que vai representar o Brasil na Reserve Cup 2026\",\"datePublished\":\"2026-01-22T14:30:08+00:00\",\"dateModified\":\"2026-01-22T15:32:15+00:00\",\"mainEntityOfPage\":{\"@id\":\"https:\/\/portaltela.pt\/desporto\/padel-desporto\/2026\/01\/22\/lucas-bergamini-conheca-a-estrela-do-padel-que-vai-representar-o-brasil-na-reserve-cup-2026\/\"},\"wordCount\":1163,\"commentCount\":0,\"image\":{\"@id\":\"https:\/\/portaltela.pt\/desporto\/padel-desporto\/2026\/01\/22\/lucas-bergamini-conheca-a-estrela-do-padel-que-vai-representar-o-brasil-na-reserve-cup-2026\/#primaryimage\"},\"thumbnailUrl\":\"https:\/\/portaltela.pt\/s.01k8rhncp4jt1\/2026\/01\/FOTO-CAPA-1-1-856x481-1.png\",\"keywords\":[\"reserve cup 2026\"],\"articleSection\":[\"Desporto\",\"Not\u00edcias\"],\"inLanguage\":\"pt-PT\",\"potentialAction\":[{\"@type\":\"CommentAction\",\"name\":\"Comment\",\"target\":[\"https:\/\/portaltela.pt\/desporto\/padel-desporto\/2026\/01\/22\/lucas-bergamini-conheca-a-estrela-do-padel-que-vai-representar-o-brasil-na-reserve-cup-2026\/#respond\"]}]},{\"@type\":\"WebPage\",\"@id\":\"https:\/\/portaltela.pt\/desporto\/padel-desporto\/2026\/01\/22\/lucas-bergamini-conheca-a-estrela-do-padel-que-vai-representar-o-brasil-na-reserve-cup-2026\/\",\"url\":\"https:\/\/portaltela.pt\/desporto\/padel-desporto\/2026\/01\/22\/lucas-bergamini-conheca-a-estrela-do-padel-que-vai-representar-o-brasil-na-reserve-cup-2026\/\",\"name\":\"Lucas Bergamini: conhe\u00e7a a estrela do padel que vai representar o Brasil na Reserve Cup 2026 - Portal Tela Portugal\",\"isPartOf\":{\"@id\":\"https:\/\/portaltela.pt\/#website\"},\"primaryImageOfPage\":{\"@id\":\"https:\/\/portaltela.pt\/desporto\/padel-desporto\/2026\/01\/22\/lucas-bergamini-conheca-a-estrela-do-padel-que-vai-representar-o-brasil-na-reserve-cup-2026\/#primaryimage\"},\"image\":{\"@id\":\"https:\/\/portaltela.pt\/desporto\/padel-desporto\/2026\/01\/22\/lucas-bergamini-conheca-a-estrela-do-padel-que-vai-representar-o-brasil-na-reserve-cup-2026\/#primaryimage\"},\"thumbnailUrl\":\"https:\/\/portaltela.pt\/s.01k8rhncp4jt1\/2026\/01\/FOTO-CAPA-1-1-856x481-1.png\",\"datePublished\":\"2026-01-22T14:30:08+00:00\",\"dateModified\":\"2026-01-22T15:32:15+00:00\",\"author\":{\"@id\":\"https:\/\/portaltela.pt\/#\/schema\/person\/5a9320d6761bc38022d37ad0bf58bcc1\"},\"breadcrumb\":{\"@id\":\"https:\/\/portaltela.pt\/desporto\/padel-desporto\/2026\/01\/22\/lucas-bergamini-conheca-a-estrela-do-padel-que-vai-representar-o-brasil-na-reserve-cup-2026\/#breadcrumb\"},\"inLanguage\":\"pt-PT\",\"potentialAction\":[{\"@type\":\"ReadAction\",\"target\":[\"https:\/\/portaltela.pt\/desporto\/padel-desporto\/2026\/01\/22\/lucas-bergamini-conheca-a-estrela-do-padel-que-vai-representar-o-brasil-na-reserve-cup-2026\/\"]}]},{\"@type\":\"ImageObject\",\"inLanguage\":\"pt-PT\",\"@id\":\"https:\/\/portaltela.pt\/desporto\/padel-desporto\/2026\/01\/22\/lucas-bergamini-conheca-a-estrela-do-padel-que-vai-representar-o-brasil-na-reserve-cup-2026\/#primaryimage\",\"url\":\"https:\/\/portaltela.pt\/s.01k8rhncp4jt1\/2026\/01\/FOTO-CAPA-1-1-856x481-1.png\",\"contentUrl\":\"https:\/\/portaltela.pt\/s.01k8rhncp4jt1\/2026\/01\/FOTO-CAPA-1-1-856x481-1.png\",\"width\":856,\"height\":481,\"caption\":\"Foto: Reprodu\u00e7\u00e3o\/Portal Super Padel\"},{\"@type\":\"BreadcrumbList\",\"@id\":\"https:\/\/portaltela.pt\/desporto\/padel-desporto\/2026\/01\/22\/lucas-bergamini-conheca-a-estrela-do-padel-que-vai-representar-o-brasil-na-reserve-cup-2026\/#breadcrumb\",\"itemListElement\":[{\"@type\":\"ListItem\",\"position\":1,\"name\":\"In\u00edcio\",\"item\":\"https:\/\/portaltela.pt\/\"},{\"@type\":\"ListItem\",\"position\":2,\"name\":\"Lucas Bergamini: conhe\u00e7a a estrela do padel que vai representar o Brasil na Reserve Cup 2026\"}]},{\"@type\":\"WebSite\",\"@id\":\"https:\/\/portaltela.pt\/#website\",\"url\":\"https:\/\/portaltela.pt\/\",\"name\":\"Portal Tela Portugal\",\"description\":\"\",\"potentialAction\":[{\"@type\":\"SearchAction\",\"target\":{\"@type\":\"EntryPoint\",\"urlTemplate\":\"https:\/\/portaltela.pt\/?s={search_term_string}\"},\"query-input\":{\"@type\":\"PropertyValueSpecification\",\"valueRequired\":true,\"valueName\":\"search_term_string\"}}],\"inLanguage\":\"pt-PT\"},{\"@type\":\"Person\",\"@id\":\"https:\/\/portaltela.pt\/#\/schema\/person\/5a9320d6761bc38022d37ad0bf58bcc1\",\"name\":\"Lucas Pires\",\"image\":{\"@type\":\"ImageObject\",\"inLanguage\":\"pt-PT\",\"@id\":\"https:\/\/portaltela.pt\/s.01k8rhncp4jt1\/2026\/01\/a6f3c4d4-8e17-433c-a6f9-91e4da22a054-125x125.jpg\",\"url\":\"https:\/\/portaltela.pt\/s.01k8rhncp4jt1\/2026\/01\/a6f3c4d4-8e17-433c-a6f9-91e4da22a054-125x125.jpg\",\"contentUrl\":\"https:\/\/portaltela.pt\/s.01k8rhncp4jt1\/2026\/01\/a6f3c4d4-8e17-433c-a6f9-91e4da22a054-125x125.jpg\",\"caption\":\"Lucas Pires\"},\"url\":\"https:\/\/portaltela.pt\/por\/lucas-pires\/\"}]}<\/script>\n<!-- \/ Yoast SEO plugin. -->","yoast_head_json":{"title":"Lucas Bergamini: conhe\u00e7a a estrela do padel que vai representar o Brasil na Reserve Cup 2026 - Portal Tela Portugal","robots":{"index":"index","follow":"follow","max-snippet":"max-snippet:-1","max-image-preview":"max-image-preview:large","max-video-preview":"max-video-preview:-1"},"og_locale":"pt_PT","og_type":"article","og_title":"Lucas Bergamini: conhe\u00e7a a estrela do padel que vai representar o Brasil na Reserve Cup 2026 - Portal Tela Portugal","og_description":"Uma das principais competi\u00e7\u00f5es de padel do mundo est\u00e1 prestes a come\u00e7ar. A Reserve Cup 2026 ter\u00e1 como palco Miami e ser\u00e1 transmitida no Brasil pelo Portal Tela nos dias 22, 23 e 24 de janeiro. O Brasil ser\u00e1 representado por Lucas Bergamini, que est\u00e1 na lista dos 12 principais jogadores do mundo confirmados para [&hellip;]","og_url":"https:\/\/portaltela.pt\/desporto\/padel-desporto\/2026\/01\/22\/lucas-bergamini-conheca-a-estrela-do-padel-que-vai-representar-o-brasil-na-reserve-cup-2026\/","og_site_name":"Portal Tela Portugal","article_published_time":"2026-01-22T14:30:08+00:00","article_modified_time":"2026-01-22T15:32:15+00:00","og_image":[{"width":856,"height":481,"url":"https:\/\/portaltela.pt\/s.01k8rhncp4jt1\/2026\/01\/FOTO-CAPA-1-1-856x481-1.png","type":"image\/png"}],"author":"Lucas Pires","twitter_card":"summary_large_image","twitter_misc":{"Escrito por":"Lucas Pires","Tempo estimado de leitura":"7 minutos"},"schema":{"@context":"https:\/\/schema.org","@graph":[{"@type":"Article","@id":"https:\/\/portaltela.pt\/desporto\/padel-desporto\/2026\/01\/22\/lucas-bergamini-conheca-a-estrela-do-padel-que-vai-representar-o-brasil-na-reserve-cup-2026\/#article","isPartOf":{"@id":"https:\/\/portaltela.pt\/desporto\/padel-desporto\/2026\/01\/22\/lucas-bergamini-conheca-a-estrela-do-padel-que-vai-representar-o-brasil-na-reserve-cup-2026\/"},"author":{"name":"Lucas Pires","@id":"https:\/\/portaltela.pt\/#\/schema\/person\/5a9320d6761bc38022d37ad0bf58bcc1"},"headline":"Lucas Bergamini: conhe\u00e7a a estrela do padel que vai representar o Brasil na Reserve Cup 2026","datePublished":"2026-01-22T14:30:08+00:00","dateModified":"2026-01-22T15:32:15+00:00","mainEntityOfPage":{"@id":"https:\/\/portaltela.pt\/desporto\/padel-desporto\/2026\/01\/22\/lucas-bergamini-conheca-a-estrela-do-padel-que-vai-representar-o-brasil-na-reserve-cup-2026\/"},"wordCount":1163,"commentCount":0,"image":{"@id":"https:\/\/portaltela.pt\/desporto\/padel-desporto\/2026\/01\/22\/lucas-bergamini-conheca-a-estrela-do-padel-que-vai-representar-o-brasil-na-reserve-cup-2026\/#primaryimage"},"thumbnailUrl":"https:\/\/portaltela.pt\/s.01k8rhncp4jt1\/2026\/01\/FOTO-CAPA-1-1-856x481-1.png","keywords":["reserve cup 2026"],"articleSection":["Desporto","Not\u00edcias"],"inLanguage":"pt-PT","potentialAction":[{"@type":"CommentAction","name":"Comment","target":["https:\/\/portaltela.pt\/desporto\/padel-desporto\/2026\/01\/22\/lucas-bergamini-conheca-a-estrela-do-padel-que-vai-representar-o-brasil-na-reserve-cup-2026\/#respond"]}]},{"@type":"WebPage","@id":"https:\/\/portaltela.pt\/desporto\/padel-desporto\/2026\/01\/22\/lucas-bergamini-conheca-a-estrela-do-padel-que-vai-representar-o-brasil-na-reserve-cup-2026\/","url":"https:\/\/portaltela.pt\/desporto\/padel-desporto\/2026\/01\/22\/lucas-bergamini-conheca-a-estrela-do-padel-que-vai-representar-o-brasil-na-reserve-cup-2026\/","name":"Lucas Bergamini: conhe\u00e7a a estrela do padel que vai representar o Brasil na Reserve Cup 2026 - Portal Tela Portugal","isPartOf":{"@id":"https:\/\/portaltela.pt\/#website"},"primaryImageOfPage":{"@id":"https:\/\/portaltela.pt\/desporto\/padel-desporto\/2026\/01\/22\/lucas-bergamini-conheca-a-estrela-do-padel-que-vai-representar-o-brasil-na-reserve-cup-2026\/#primaryimage"},"image":{"@id":"https:\/\/portaltela.pt\/desporto\/padel-desporto\/2026\/01\/22\/lucas-bergamini-conheca-a-estrela-do-padel-que-vai-representar-o-brasil-na-reserve-cup-2026\/#primaryimage"},"thumbnailUrl":"https:\/\/portaltela.pt\/s.01k8rhncp4jt1\/2026\/01\/FOTO-CAPA-1-1-856x481-1.png","datePublished":"2026-01-22T14:30:08+00:00","dateModified":"2026-01-22T15:32:15+00:00","author":{"@id":"https:\/\/portaltela.pt\/#\/schema\/person\/5a9320d6761bc38022d37ad0bf58bcc1"},"breadcrumb":{"@id":"https:\/\/portaltela.pt\/desporto\/padel-desporto\/2026\/01\/22\/lucas-bergamini-conheca-a-estrela-do-padel-que-vai-representar-o-brasil-na-reserve-cup-2026\/#breadcrumb"},"inLanguage":"pt-PT","potentialAction":[{"@type":"ReadAction","target":["https:\/\/portaltela.pt\/desporto\/padel-desporto\/2026\/01\/22\/lucas-bergamini-conheca-a-estrela-do-padel-que-vai-representar-o-brasil-na-reserve-cup-2026\/"]}]},{"@type":"ImageObject","inLanguage":"pt-PT","@id":"https:\/\/portaltela.pt\/desporto\/padel-desporto\/2026\/01\/22\/lucas-bergamini-conheca-a-estrela-do-padel-que-vai-representar-o-brasil-na-reserve-cup-2026\/#primaryimage","url":"https:\/\/portaltela.pt\/s.01k8rhncp4jt1\/2026\/01\/FOTO-CAPA-1-1-856x481-1.png","contentUrl":"https:\/\/portaltela.pt\/s.01k8rhncp4jt1\/2026\/01\/FOTO-CAPA-1-1-856x481-1.png","width":856,"height":481,"caption":"Foto: Reprodu\u00e7\u00e3o\/Portal Super Padel"},{"@type":"BreadcrumbList","@id":"https:\/\/portaltela.pt\/desporto\/padel-desporto\/2026\/01\/22\/lucas-bergamini-conheca-a-estrela-do-padel-que-vai-representar-o-brasil-na-reserve-cup-2026\/#breadcrumb","itemListElement":[{"@type":"ListItem","position":1,"name":"In\u00edcio","item":"https:\/\/portaltela.pt\/"},{"@type":"ListItem","position":2,"name":"Lucas Bergamini: conhe\u00e7a a estrela do padel que vai representar o Brasil na Reserve Cup 2026"}]},{"@type":"WebSite","@id":"https:\/\/portaltela.pt\/#website","url":"https:\/\/portaltela.pt\/","name":"Portal Tela Portugal","description":"","potentialAction":[{"@type":"SearchAction","target":{"@type":"EntryPoint","urlTemplate":"https:\/\/portaltela.pt\/?s={search_term_string}"},"query-input":{"@type":"PropertyValueSpecification","valueRequired":true,"valueName":"search_term_string"}}],"inLanguage":"pt-PT"},{"@type":"Person","@id":"https:\/\/portaltela.pt\/#\/schema\/person\/5a9320d6761bc38022d37ad0bf58bcc1","name":"Lucas Pires","image":{"@type":"ImageObject","inLanguage":"pt-PT","@id":"https:\/\/portaltela.pt\/s.01k8rhncp4jt1\/2026\/01\/a6f3c4d4-8e17-433c-a6f9-91e4da22a054-125x125.jpg","url":"https:\/\/portaltela.pt\/s.01k8rhncp4jt1\/2026\/01\/a6f3c4d4-8e17-433c-a6f9-91e4da22a054-125x125.jpg","contentUrl":"https:\/\/portaltela.pt\/s.01k8rhncp4jt1\/2026\/01\/a6f3c4d4-8e17-433c-a6f9-91e4da22a054-125x125.jpg","caption":"Lucas Pires"},"url":"https:\/\/portaltela.pt\/por\/lucas-pires\/"}]}},"_links":{"self":[{"href":"https:\/\/portaltela.pt\/api\/wp\/v2\/posts\/163567","targetHints":{"allow":["GET"]}}],"collection":[{"href":"https:\/\/portaltela.pt\/api\/wp\/v2\/posts"}],"about":[{"href":"https:\/\/portaltela.pt\/api\/wp\/v2\/types\/post"}],"author":[{"embeddable":true,"href":"https:\/\/portaltela.pt\/api\/wp\/v2\/users\/5"}],"replies":[{"embeddable":true,"href":"https:\/\/portaltela.pt\/api\/wp\/v2\/comments?post=163567"}],"version-history":[{"count":0,"href":"https:\/\/portaltela.pt\/api\/wp\/v2\/posts\/163567\/revisions"}],"wp:featuredmedia":[{"embeddable":true,"href":"https:\/\/portaltela.pt\/api\/wp\/v2\/media\/163569"}],"wp:attachment":[{"href":"https:\/\/portaltela.pt\/api\/wp\/v2\/media?parent=163567"}],"wp:term":[{"taxonomy":"category","embeddable":true,"href":"https:\/\/portaltela.pt\/api\/wp\/v2\/categories?post=163567"},{"taxonomy":"post_tag","embeddable":true,"href":"https:\/\/portaltela.pt\/api\/wp\/v2\/tags?post=163567"}],"curies":[{"name":"wp","href":"https:\/\/api.w.org\/{rel}","templated":true}]}}