{"id":163536,"date":"2026-01-22T07:03:42","date_gmt":"2026-01-22T10:03:42","guid":{"rendered":"https:\/\/portaltela.pt\/noticias\/2026\/01\/22\/agentes-do-ice-detem-crianca-de-cinco-anos-a-porta-de-casa-no-minnesota\/"},"modified":"2026-01-22T07:03:42","modified_gmt":"2026-01-22T10:03:42","slug":"agentes-do-ice-detem-crianca-de-cinco-anos-a-porta-de-casa-no-minnesota","status":"publish","type":"post","link":"https:\/\/portaltela.pt\/noticias\/2026\/01\/22\/agentes-do-ice-detem-crianca-de-cinco-anos-a-porta-de-casa-no-minnesota\/","title":{"rendered":"Agentes do ICE det\u00eam crian\u00e7a de cinco anos \u00e0 porta de casa no Minnesota"},"content":{"rendered":"<p>Um menor de cinco anos foi detido pelo ICE ao regressar da escola no Minnesota, enquanto o pai tamb\u00e9m foi alvo da opera\u00e7\u00e3o. A deten\u00e7\u00e3o ocorreu na ter\u00e7a-feira, na entrada de casa, e ambos foram transportados para um centro de deten\u00e7\u00e3o no Texas. O agrupamento escolar confirmou a ocorr\u00eancia.<\/p>\n<p>O incidente foi registado pelo agrupamento de Columbia Heights, a norte de Minneapolis. A diretora Zena Stenvik descreveu o momento como perturbador, referindo que o menor foi retirado do ve\u00edculo e levado at\u00e9 \u00e0 porta de casa para bater \u00e0 porta. O pedido de permanecer com a crian\u00e7a foi recusado.<\/p>\n<p>A diretora questionou a legalidade da deten\u00e7\u00e3o de uma crian\u00e7a de cinco anos, sublinhando que n\u00e3o existem elementos que a justifiquem como criminosa violenta. O advogado da fam\u00edlia afirma que o pai e o filho t\u00eam um processo de asilo ativo e entraram legalmente nos EUA, sem ordem de deporta\u00e7\u00e3o.<\/p>\n<h3>Controv\u00e9rsia e desdobramentos<\/h3>\n<p>As imagens do momento, captadas pela escola, mostram Liam junto ao carro, com um agente segurando a mochila. O ICE classificou o objetivo da opera\u00e7\u00e3o como direcionado ao pai, n\u00e3o \u00e0 crian\u00e7a, e alegou que o pai tentou fugir a p\u00e9, mantendo a deten\u00e7\u00e3o para assegurar a seguran\u00e7a do menor.<\/p>\n<p>Respons\u00e1veis do agrupamento escolar afirmaram que os impactos psicol\u00f3gicos s\u00e3o relevantes e que a comunidade escolar est\u00e1 abalada. Al\u00e9m de Liam, outros tr\u00eas menores teriam sido detidos pelas \u00faltimas duas semanas, segundo o \u00f3rg\u00e3o.<\/p>\n<p>A mesma ter\u00e7a-feira tamb\u00e9m incluiu a deten\u00e7\u00e3o de um estudante de 17 anos, sem a presen\u00e7a dos pais. Em janeiro e fevereiro, outras situa\u00e7\u00f5es semelhantes teriam envolvido uma estudante de 17 anos e uma menina de 10 anos, ambas detidas com m\u00e3es, em diferentes locais, segundo a escola.<\/p>\n","protected":false},"excerpt":{"rendered":"<ul>\n<li>Crian\u00e7a de cinco anos foi detida pelo ICE \u00e0 porta de casa no Minnesota, acompanhada do pai, e ambos foram levados para um centro de deten\u00e7\u00e3o no Texas.<\/li>\n<li>O caso n\u00e3o \u00e9 isolado: nos \u00faltimos catorze dias, outros tr\u00eas menores do mesmo agrupamento escolar Columbia Heights tamb\u00e9m teriam sido detidos pelo ICE.<\/li>\n<li>A diretora do agrupamento, Zena Stenvik, descreveu o momento como perturbador e afirmou que tentou ficar com a crian\u00e7a para evitar a deten\u00e7\u00e3o, pedido que foi recusado.<\/li>\n<li>O advogado da fam\u00edlia sustenta que pai e filho t\u00eam um processo de asilo ativo e entraram legalmente nos EUA; n\u00e3o existe ordem de deporta\u00e7\u00e3o contra eles.<\/li>\n<li>O ICE alegou que a opera\u00e7\u00e3o n\u00e3o tinha como alvo a crian\u00e7a; j\u00e1 o DHS afirmou tratar\u2011se de uma opera\u00e7\u00e3o para deter o pai, enquanto o agrupamento alerta para os impactos psicol\u00f3gicos nas crian\u00e7as e na comunidade.<\/li>\n<\/ul>\n","protected":false},"author":2,"featured_media":163548,"comment_status":"closed","ping_status":"closed","sticky":false,"template":"","format":"standard","meta":{"footnotes":""},"categories":[1],"tags":[64,2691,712,1759,2180,250],"class_list":["post-163536","post","type-post","status-publish","format-standard","has-post-thumbnail","hentry","category-noticias","tag-familia","tag-ice","tag-imigracao","tag-infancia","tag-regime-de-asilo","tag-seguranca-publica"],"yoast_head":"<!-- This site is optimized with the Yoast SEO plugin v27.2 - https:\/\/yoast.com\/product\/yoast-seo-wordpress\/ -->\n<title>Agentes do ICE det\u00eam crian\u00e7a de cinco anos \u00e0 porta de casa no Minnesota - Portal Tela Portugal<\/title>\n<meta name=\"robots\" content=\"index, follow, max-snippet:-1, max-image-preview:large, max-video-preview:-1\" \/>\n<meta property=\"og:locale\" content=\"pt_PT\" \/>\n<meta property=\"og:type\" content=\"article\" \/>\n<meta property=\"og:title\" content=\"Agentes do ICE det\u00eam crian\u00e7a de cinco anos \u00e0 porta de casa no Minnesota - Portal Tela Portugal\" \/>\n<meta property=\"og:description\" content=\"Crian\u00e7a de cinco anos foi detida pelo ICE \u00e0 porta de casa no Minnesota, acompanhada do pai, e ambos foram levados para um centro de deten\u00e7\u00e3o no Texas. O caso n\u00e3o \u00e9 isolado: nos \u00faltimos catorze dias, outros tr\u00eas menores do mesmo agrupamento escolar Columbia Heights tamb\u00e9m teriam sido detidos pelo ICE. A diretora do agrupamento, Zena Stenvik, descreveu o momento como perturbador e afirmou que tentou ficar com a crian\u00e7a para evitar a deten\u00e7\u00e3o, pedido que foi recusado. O advogado da fam\u00edlia sustenta que pai e filho t\u00eam um processo de asilo ativo e entraram legalmente nos EUA; n\u00e3o existe ordem de deporta\u00e7\u00e3o contra eles. O ICE alegou que a opera\u00e7\u00e3o n\u00e3o tinha como alvo a crian\u00e7a; j\u00e1 o DHS afirmou tratar\u2011se de uma opera\u00e7\u00e3o para deter o pai, enquanto o agrupamento alerta para os impactos psicol\u00f3gicos nas crian\u00e7as e na comunidade.\" \/>\n<meta property=\"og:url\" content=\"https:\/\/portaltela.pt\/noticias\/2026\/01\/22\/agentes-do-ice-detem-crianca-de-cinco-anos-a-porta-de-casa-no-minnesota\/\" \/>\n<meta property=\"og:site_name\" content=\"Portal Tela Portugal\" \/>\n<meta property=\"article:published_time\" content=\"2026-01-22T10:03:42+00:00\" \/>\n<meta name=\"author\" content=\"Telinha\" \/>\n<meta name=\"twitter:card\" content=\"summary_large_image\" \/>\n<meta name=\"twitter:label1\" content=\"Escrito por\" \/>\n\t<meta name=\"twitter:data1\" content=\"Telinha\" \/>\n\t<meta name=\"twitter:label2\" content=\"Tempo estimado de leitura\" \/>\n\t<meta name=\"twitter:data2\" content=\"2 minutos\" \/>\n<script type=\"application\/ld+json\" class=\"yoast-schema-graph\">{\"@context\":\"https:\/\/schema.org\",\"@graph\":[{\"@type\":\"Article\",\"@id\":\"https:\/\/portaltela.pt\/noticias\/2026\/01\/22\/agentes-do-ice-detem-crianca-de-cinco-anos-a-porta-de-casa-no-minnesota\/#article\",\"isPartOf\":{\"@id\":\"https:\/\/portaltela.pt\/noticias\/2026\/01\/22\/agentes-do-ice-detem-crianca-de-cinco-anos-a-porta-de-casa-no-minnesota\/\"},\"author\":{\"name\":\"Telinha\",\"@id\":\"https:\/\/portaltela.pt\/#\/schema\/person\/c4278d4a6028830caff9ee44b42d32ed\"},\"headline\":\"Agentes do ICE det\u00eam crian\u00e7a de cinco anos \u00e0 porta de casa no Minnesota\",\"datePublished\":\"2026-01-22T10:03:42+00:00\",\"mainEntityOfPage\":{\"@id\":\"https:\/\/portaltela.pt\/noticias\/2026\/01\/22\/agentes-do-ice-detem-crianca-de-cinco-anos-a-porta-de-casa-no-minnesota\/\"},\"wordCount\":325,\"image\":{\"@id\":\"https:\/\/portaltela.pt\/noticias\/2026\/01\/22\/agentes-do-ice-detem-crianca-de-cinco-anos-a-porta-de-casa-no-minnesota\/#primaryimage\"},\"thumbnailUrl\":\"https:\/\/portaltela.pt\/s.01k8rhncp4jt1\/2026\/01\/unnamed-file-4641.jpg\",\"keywords\":[\"fam\u00edlia\",\"ICE\",\"imigra\u00e7\u00e3o\",\"inf\u00e2ncia\",\"regime de Asilo\",\"seguran\u00e7a p\u00fablica\"],\"articleSection\":[\"Not\u00edcias\"],\"inLanguage\":\"pt-PT\"},{\"@type\":\"WebPage\",\"@id\":\"https:\/\/portaltela.pt\/noticias\/2026\/01\/22\/agentes-do-ice-detem-crianca-de-cinco-anos-a-porta-de-casa-no-minnesota\/\",\"url\":\"https:\/\/portaltela.pt\/noticias\/2026\/01\/22\/agentes-do-ice-detem-crianca-de-cinco-anos-a-porta-de-casa-no-minnesota\/\",\"name\":\"Agentes do ICE det\u00eam crian\u00e7a de cinco anos \u00e0 porta de casa no Minnesota - Portal Tela Portugal\",\"isPartOf\":{\"@id\":\"https:\/\/portaltela.pt\/#website\"},\"primaryImageOfPage\":{\"@id\":\"https:\/\/portaltela.pt\/noticias\/2026\/01\/22\/agentes-do-ice-detem-crianca-de-cinco-anos-a-porta-de-casa-no-minnesota\/#primaryimage\"},\"image\":{\"@id\":\"https:\/\/portaltela.pt\/noticias\/2026\/01\/22\/agentes-do-ice-detem-crianca-de-cinco-anos-a-porta-de-casa-no-minnesota\/#primaryimage\"},\"thumbnailUrl\":\"https:\/\/portaltela.pt\/s.01k8rhncp4jt1\/2026\/01\/unnamed-file-4641.jpg\",\"datePublished\":\"2026-01-22T10:03:42+00:00\",\"author\":{\"@id\":\"https:\/\/portaltela.pt\/#\/schema\/person\/c4278d4a6028830caff9ee44b42d32ed\"},\"breadcrumb\":{\"@id\":\"https:\/\/portaltela.pt\/noticias\/2026\/01\/22\/agentes-do-ice-detem-crianca-de-cinco-anos-a-porta-de-casa-no-minnesota\/#breadcrumb\"},\"inLanguage\":\"pt-PT\",\"potentialAction\":[{\"@type\":\"ReadAction\",\"target\":[\"https:\/\/portaltela.pt\/noticias\/2026\/01\/22\/agentes-do-ice-detem-crianca-de-cinco-anos-a-porta-de-casa-no-minnesota\/\"]}]},{\"@type\":\"ImageObject\",\"inLanguage\":\"pt-PT\",\"@id\":\"https:\/\/portaltela.pt\/noticias\/2026\/01\/22\/agentes-do-ice-detem-crianca-de-cinco-anos-a-porta-de-casa-no-minnesota\/#primaryimage\",\"url\":\"https:\/\/portaltela.pt\/s.01k8rhncp4jt1\/2026\/01\/unnamed-file-4641.jpg\",\"contentUrl\":\"https:\/\/portaltela.pt\/s.01k8rhncp4jt1\/2026\/01\/unnamed-file-4641.jpg\",\"width\":796,\"height\":448,\"caption\":\"Agentes do ICE det\u00eam crian\u00e7a de cinco anos \u00e0 porta de casa no Minnesota\"},{\"@type\":\"BreadcrumbList\",\"@id\":\"https:\/\/portaltela.pt\/noticias\/2026\/01\/22\/agentes-do-ice-detem-crianca-de-cinco-anos-a-porta-de-casa-no-minnesota\/#breadcrumb\",\"itemListElement\":[{\"@type\":\"ListItem\",\"position\":1,\"name\":\"In\u00edcio\",\"item\":\"https:\/\/portaltela.pt\/\"},{\"@type\":\"ListItem\",\"position\":2,\"name\":\"Agentes do ICE det\u00eam crian\u00e7a de cinco anos \u00e0 porta de casa no Minnesota\"}]},{\"@type\":\"WebSite\",\"@id\":\"https:\/\/portaltela.pt\/#website\",\"url\":\"https:\/\/portaltela.pt\/\",\"name\":\"Portal Tela Portugal\",\"description\":\"\",\"potentialAction\":[{\"@type\":\"SearchAction\",\"target\":{\"@type\":\"EntryPoint\",\"urlTemplate\":\"https:\/\/portaltela.pt\/?s={search_term_string}\"},\"query-input\":{\"@type\":\"PropertyValueSpecification\",\"valueRequired\":true,\"valueName\":\"search_term_string\"}}],\"inLanguage\":\"pt-PT\"},{\"@type\":\"Person\",\"@id\":\"https:\/\/portaltela.pt\/#\/schema\/person\/c4278d4a6028830caff9ee44b42d32ed\",\"name\":\"Telinha\",\"image\":{\"@type\":\"ImageObject\",\"inLanguage\":\"pt-PT\",\"@id\":\"https:\/\/portaltela.pt\/s.01k8rhncp4jt1\/2025\/11\/talking-bot-125x125.png\",\"url\":\"https:\/\/portaltela.pt\/s.01k8rhncp4jt1\/2025\/11\/talking-bot-125x125.png\",\"contentUrl\":\"https:\/\/portaltela.pt\/s.01k8rhncp4jt1\/2025\/11\/talking-bot-125x125.png\",\"caption\":\"Telinha\"},\"sameAs\":[\"https:\/\/portaltela.pt\/\"],\"url\":\"https:\/\/portaltela.pt\/por\/367410592786\/\"}]}<\/script>\n<!-- \/ Yoast SEO plugin. -->","yoast_head_json":{"title":"Agentes do ICE det\u00eam crian\u00e7a de cinco anos \u00e0 porta de casa no Minnesota - Portal Tela Portugal","robots":{"index":"index","follow":"follow","max-snippet":"max-snippet:-1","max-image-preview":"max-image-preview:large","max-video-preview":"max-video-preview:-1"},"og_locale":"pt_PT","og_type":"article","og_title":"Agentes do ICE det\u00eam crian\u00e7a de cinco anos \u00e0 porta de casa no Minnesota - Portal Tela Portugal","og_description":"Crian\u00e7a de cinco anos foi detida pelo ICE \u00e0 porta de casa no Minnesota, acompanhada do pai, e ambos foram levados para um centro de deten\u00e7\u00e3o no Texas. O caso n\u00e3o \u00e9 isolado: nos \u00faltimos catorze dias, outros tr\u00eas menores do mesmo agrupamento escolar Columbia Heights tamb\u00e9m teriam sido detidos pelo ICE. A diretora do agrupamento, Zena Stenvik, descreveu o momento como perturbador e afirmou que tentou ficar com a crian\u00e7a para evitar a deten\u00e7\u00e3o, pedido que foi recusado. O advogado da fam\u00edlia sustenta que pai e filho t\u00eam um processo de asilo ativo e entraram legalmente nos EUA; n\u00e3o existe ordem de deporta\u00e7\u00e3o contra eles. O ICE alegou que a opera\u00e7\u00e3o n\u00e3o tinha como alvo a crian\u00e7a; j\u00e1 o DHS afirmou tratar\u2011se de uma opera\u00e7\u00e3o para deter o pai, enquanto o agrupamento alerta para os impactos psicol\u00f3gicos nas crian\u00e7as e na comunidade.","og_url":"https:\/\/portaltela.pt\/noticias\/2026\/01\/22\/agentes-do-ice-detem-crianca-de-cinco-anos-a-porta-de-casa-no-minnesota\/","og_site_name":"Portal Tela Portugal","article_published_time":"2026-01-22T10:03:42+00:00","author":"Telinha","twitter_card":"summary_large_image","twitter_misc":{"Escrito por":"Telinha","Tempo estimado de leitura":"2 minutos"},"schema":{"@context":"https:\/\/schema.org","@graph":[{"@type":"Article","@id":"https:\/\/portaltela.pt\/noticias\/2026\/01\/22\/agentes-do-ice-detem-crianca-de-cinco-anos-a-porta-de-casa-no-minnesota\/#article","isPartOf":{"@id":"https:\/\/portaltela.pt\/noticias\/2026\/01\/22\/agentes-do-ice-detem-crianca-de-cinco-anos-a-porta-de-casa-no-minnesota\/"},"author":{"name":"Telinha","@id":"https:\/\/portaltela.pt\/#\/schema\/person\/c4278d4a6028830caff9ee44b42d32ed"},"headline":"Agentes do ICE det\u00eam crian\u00e7a de cinco anos \u00e0 porta de casa no Minnesota","datePublished":"2026-01-22T10:03:42+00:00","mainEntityOfPage":{"@id":"https:\/\/portaltela.pt\/noticias\/2026\/01\/22\/agentes-do-ice-detem-crianca-de-cinco-anos-a-porta-de-casa-no-minnesota\/"},"wordCount":325,"image":{"@id":"https:\/\/portaltela.pt\/noticias\/2026\/01\/22\/agentes-do-ice-detem-crianca-de-cinco-anos-a-porta-de-casa-no-minnesota\/#primaryimage"},"thumbnailUrl":"https:\/\/portaltela.pt\/s.01k8rhncp4jt1\/2026\/01\/unnamed-file-4641.jpg","keywords":["fam\u00edlia","ICE","imigra\u00e7\u00e3o","inf\u00e2ncia","regime de Asilo","seguran\u00e7a p\u00fablica"],"articleSection":["Not\u00edcias"],"inLanguage":"pt-PT"},{"@type":"WebPage","@id":"https:\/\/portaltela.pt\/noticias\/2026\/01\/22\/agentes-do-ice-detem-crianca-de-cinco-anos-a-porta-de-casa-no-minnesota\/","url":"https:\/\/portaltela.pt\/noticias\/2026\/01\/22\/agentes-do-ice-detem-crianca-de-cinco-anos-a-porta-de-casa-no-minnesota\/","name":"Agentes do ICE det\u00eam crian\u00e7a de cinco anos \u00e0 porta de casa no Minnesota - Portal Tela Portugal","isPartOf":{"@id":"https:\/\/portaltela.pt\/#website"},"primaryImageOfPage":{"@id":"https:\/\/portaltela.pt\/noticias\/2026\/01\/22\/agentes-do-ice-detem-crianca-de-cinco-anos-a-porta-de-casa-no-minnesota\/#primaryimage"},"image":{"@id":"https:\/\/portaltela.pt\/noticias\/2026\/01\/22\/agentes-do-ice-detem-crianca-de-cinco-anos-a-porta-de-casa-no-minnesota\/#primaryimage"},"thumbnailUrl":"https:\/\/portaltela.pt\/s.01k8rhncp4jt1\/2026\/01\/unnamed-file-4641.jpg","datePublished":"2026-01-22T10:03:42+00:00","author":{"@id":"https:\/\/portaltela.pt\/#\/schema\/person\/c4278d4a6028830caff9ee44b42d32ed"},"breadcrumb":{"@id":"https:\/\/portaltela.pt\/noticias\/2026\/01\/22\/agentes-do-ice-detem-crianca-de-cinco-anos-a-porta-de-casa-no-minnesota\/#breadcrumb"},"inLanguage":"pt-PT","potentialAction":[{"@type":"ReadAction","target":["https:\/\/portaltela.pt\/noticias\/2026\/01\/22\/agentes-do-ice-detem-crianca-de-cinco-anos-a-porta-de-casa-no-minnesota\/"]}]},{"@type":"ImageObject","inLanguage":"pt-PT","@id":"https:\/\/portaltela.pt\/noticias\/2026\/01\/22\/agentes-do-ice-detem-crianca-de-cinco-anos-a-porta-de-casa-no-minnesota\/#primaryimage","url":"https:\/\/portaltela.pt\/s.01k8rhncp4jt1\/2026\/01\/unnamed-file-4641.jpg","contentUrl":"https:\/\/portaltela.pt\/s.01k8rhncp4jt1\/2026\/01\/unnamed-file-4641.jpg","width":796,"height":448,"caption":"Agentes do ICE det\u00eam crian\u00e7a de cinco anos \u00e0 porta de casa no Minnesota"},{"@type":"BreadcrumbList","@id":"https:\/\/portaltela.pt\/noticias\/2026\/01\/22\/agentes-do-ice-detem-crianca-de-cinco-anos-a-porta-de-casa-no-minnesota\/#breadcrumb","itemListElement":[{"@type":"ListItem","position":1,"name":"In\u00edcio","item":"https:\/\/portaltela.pt\/"},{"@type":"ListItem","position":2,"name":"Agentes do ICE det\u00eam crian\u00e7a de cinco anos \u00e0 porta de casa no Minnesota"}]},{"@type":"WebSite","@id":"https:\/\/portaltela.pt\/#website","url":"https:\/\/portaltela.pt\/","name":"Portal Tela Portugal","description":"","potentialAction":[{"@type":"SearchAction","target":{"@type":"EntryPoint","urlTemplate":"https:\/\/portaltela.pt\/?s={search_term_string}"},"query-input":{"@type":"PropertyValueSpecification","valueRequired":true,"valueName":"search_term_string"}}],"inLanguage":"pt-PT"},{"@type":"Person","@id":"https:\/\/portaltela.pt\/#\/schema\/person\/c4278d4a6028830caff9ee44b42d32ed","name":"Telinha","image":{"@type":"ImageObject","inLanguage":"pt-PT","@id":"https:\/\/portaltela.pt\/s.01k8rhncp4jt1\/2025\/11\/talking-bot-125x125.png","url":"https:\/\/portaltela.pt\/s.01k8rhncp4jt1\/2025\/11\/talking-bot-125x125.png","contentUrl":"https:\/\/portaltela.pt\/s.01k8rhncp4jt1\/2025\/11\/talking-bot-125x125.png","caption":"Telinha"},"sameAs":["https:\/\/portaltela.pt\/"],"url":"https:\/\/portaltela.pt\/por\/367410592786\/"}]}},"_links":{"self":[{"href":"https:\/\/portaltela.pt\/api\/wp\/v2\/posts\/163536","targetHints":{"allow":["GET"]}}],"collection":[{"href":"https:\/\/portaltela.pt\/api\/wp\/v2\/posts"}],"about":[{"href":"https:\/\/portaltela.pt\/api\/wp\/v2\/types\/post"}],"author":[{"embeddable":true,"href":"https:\/\/portaltela.pt\/api\/wp\/v2\/users\/2"}],"replies":[{"embeddable":true,"href":"https:\/\/portaltela.pt\/api\/wp\/v2\/comments?post=163536"}],"version-history":[{"count":0,"href":"https:\/\/portaltela.pt\/api\/wp\/v2\/posts\/163536\/revisions"}],"wp:featuredmedia":[{"embeddable":true,"href":"https:\/\/portaltela.pt\/api\/wp\/v2\/media\/163548"}],"wp:attachment":[{"href":"https:\/\/portaltela.pt\/api\/wp\/v2\/media?parent=163536"}],"wp:term":[{"taxonomy":"category","embeddable":true,"href":"https:\/\/portaltela.pt\/api\/wp\/v2\/categories?post=163536"},{"taxonomy":"post_tag","embeddable":true,"href":"https:\/\/portaltela.pt\/api\/wp\/v2\/tags?post=163536"}],"curies":[{"name":"wp","href":"https:\/\/api.w.org\/{rel}","templated":true}]}}