{"id":163515,"date":"2026-01-22T10:51:34","date_gmt":"2026-01-22T13:51:34","guid":{"rendered":"https:\/\/portaltela.pt\/noticias\/2026\/01\/22\/trump-critica-a-onu-e-reafirma-ambicao-global-para-o-conselho-de-paz\/"},"modified":"2026-01-22T10:51:34","modified_gmt":"2026-01-22T13:51:34","slug":"trump-critica-a-onu-e-reafirma-ambicao-global-para-o-conselho-de-paz","status":"publish","type":"post","link":"https:\/\/portaltela.pt\/noticias\/2026\/01\/22\/trump-critica-a-onu-e-reafirma-ambicao-global-para-o-conselho-de-paz\/","title":{"rendered":"Trump critica a ONU e reafirma ambi\u00e7\u00e3o global para o Conselho de Paz"},"content":{"rendered":"<p>O presidente dos Estados Unidos, Donald Trump, formalizou, nesta quinta-feira, o Conselho de Paz durante a edi\u00e7\u00e3o 2026 do F\u00f3rum Econ\u00f3mico Mundial, em Davos, Su\u00ed\u00e7a. A iniciativa foi apresentada como parte da estrat\u00e9gia de pol\u00edtica externa do pa\u00eds para ampliar a influ\u00eancia global.<\/p>\n<p>Trump salientou que o Conselho de Paz pretende abrir novas vias de coopera\u00e7\u00e3o entre na\u00e7\u00f5es, sem mencionar compromissos espec\u00edficos de curto prazo. O objetivo declarado \u00e9 fomentar acordos que promovam estabilidade e desenvolvimento em v\u00e1rias regi\u00f5es.<\/p>\n<p>O chefe de Estado norte-americano apontou que o caminho para a paz passa pela coopera\u00e7\u00e3o entre pot\u00eancias e organiza\u00e7\u00f5es internacionais. Apesar de criticar a ONU, afirmou acreditar ser poss\u00edvel trabalhar em conjunto para atingir objetivos comuns.<\/p>\n<p>A cr\u00edtica \u00e0s institui\u00e7\u00f5es multilaterais centrou-se na exig\u00eancia de reformas que, segundo ele, permitam maior efici\u00eancia e alinhamento com os interesses dos EUA. O discurso ocorreu durante um painel dedicado a solu\u00e7\u00f5es globais para conflitos.<\/p>\n<p>A agenda do F\u00f3rum em Davos re\u00fane l\u00edderes empresariais e governamentais para debater temas como paz, com\u00e9rcio e seguran\u00e7a. Al\u00e9m de anunciar o Conselho de Paz, Trump mencionou metas de investimento e parcerias estrat\u00e9gicas para 2026.<\/p>\n","protected":false},"excerpt":{"rendered":"<ul>\n<li>O presidente dos EUA, Donald Trump, formalizou o Conselho de Paz no F\u00f3rum Econ\u00f3mico Mundial, em Davos, Su\u00ed\u00e7a.<\/li>\n<li>Trump destacou os objetivos que pretende alcan\u00e7ar com o novo conselho.<\/li>\n<li>Criticou a Organiza\u00e7\u00e3o das Na\u00e7\u00f5es Unidas (ONU).<\/li>\n<li>Disse acreditar ser poss\u00edvel trabalhar em coopera\u00e7\u00e3o com a ONU para alcan\u00e7ar objetivos comuns.<\/li>\n<\/ul>\n","protected":false},"author":2,"featured_media":163516,"comment_status":"closed","ping_status":"closed","sticky":false,"template":"","format":"standard","meta":{"footnotes":""},"categories":[1],"tags":[2198,3782,256,1600,316,2127],"class_list":["post-163515","post","type-post","status-publish","format-standard","has-post-thumbnail","hentry","category-noticias","tag-conflitos-internacionais","tag-conselho-de-paz","tag-cooperacao-internacional","tag-estados-unidos","tag-investimento","tag-nacoes-unidas"],"yoast_head":"<!-- This site is optimized with the Yoast SEO plugin v27.2 - https:\/\/yoast.com\/product\/yoast-seo-wordpress\/ -->\n<title>Trump critica a ONU e reafirma ambi\u00e7\u00e3o global para o Conselho de Paz - Portal Tela Portugal<\/title>\n<meta name=\"robots\" content=\"index, follow, max-snippet:-1, max-image-preview:large, max-video-preview:-1\" \/>\n<meta property=\"og:locale\" content=\"pt_PT\" \/>\n<meta property=\"og:type\" content=\"article\" \/>\n<meta property=\"og:title\" content=\"Trump critica a ONU e reafirma ambi\u00e7\u00e3o global para o Conselho de Paz - Portal Tela Portugal\" \/>\n<meta property=\"og:description\" content=\"O presidente dos EUA, Donald Trump, formalizou o Conselho de Paz no F\u00f3rum Econ\u00f3mico Mundial, em Davos, Su\u00ed\u00e7a. Trump destacou os objetivos que pretende alcan\u00e7ar com o novo conselho. Criticou a Organiza\u00e7\u00e3o das Na\u00e7\u00f5es Unidas (ONU). Disse acreditar ser poss\u00edvel trabalhar em coopera\u00e7\u00e3o com a ONU para alcan\u00e7ar objetivos comuns.\" \/>\n<meta property=\"og:url\" content=\"https:\/\/portaltela.pt\/noticias\/2026\/01\/22\/trump-critica-a-onu-e-reafirma-ambicao-global-para-o-conselho-de-paz\/\" \/>\n<meta property=\"og:site_name\" content=\"Portal Tela Portugal\" \/>\n<meta property=\"article:published_time\" content=\"2026-01-22T13:51:34+00:00\" \/>\n<meta name=\"author\" content=\"Telinha\" \/>\n<meta name=\"twitter:card\" content=\"summary_large_image\" \/>\n<meta name=\"twitter:label1\" content=\"Escrito por\" \/>\n\t<meta name=\"twitter:data1\" content=\"Telinha\" \/>\n\t<meta name=\"twitter:label2\" content=\"Tempo estimado de leitura\" \/>\n\t<meta name=\"twitter:data2\" content=\"1 minuto\" \/>\n<script type=\"application\/ld+json\" class=\"yoast-schema-graph\">{\"@context\":\"https:\/\/schema.org\",\"@graph\":[{\"@type\":\"Article\",\"@id\":\"https:\/\/portaltela.pt\/noticias\/2026\/01\/22\/trump-critica-a-onu-e-reafirma-ambicao-global-para-o-conselho-de-paz\/#article\",\"isPartOf\":{\"@id\":\"https:\/\/portaltela.pt\/noticias\/2026\/01\/22\/trump-critica-a-onu-e-reafirma-ambicao-global-para-o-conselho-de-paz\/\"},\"author\":{\"name\":\"Telinha\",\"@id\":\"https:\/\/portaltela.pt\/#\/schema\/person\/c4278d4a6028830caff9ee44b42d32ed\"},\"headline\":\"Trump critica a ONU e reafirma ambi\u00e7\u00e3o global para o Conselho de Paz\",\"datePublished\":\"2026-01-22T13:51:34+00:00\",\"mainEntityOfPage\":{\"@id\":\"https:\/\/portaltela.pt\/noticias\/2026\/01\/22\/trump-critica-a-onu-e-reafirma-ambicao-global-para-o-conselho-de-paz\/\"},\"wordCount\":226,\"image\":{\"@id\":\"https:\/\/portaltela.pt\/noticias\/2026\/01\/22\/trump-critica-a-onu-e-reafirma-ambicao-global-para-o-conselho-de-paz\/#primaryimage\"},\"thumbnailUrl\":\"https:\/\/portaltela.pt\/s.01k8rhncp4jt1\/2026\/01\/img_293x165uu2026-01-22-13-25-20-2416548.jpg\",\"keywords\":[\"conflitos internacionais\",\"Conselho de Paz\",\"coopera\u00e7\u00e3o internacional\",\"Estados Unidos\",\"investimento\",\"Na\u00e7\u00f5es Unidas\"],\"articleSection\":[\"Not\u00edcias\"],\"inLanguage\":\"pt-PT\"},{\"@type\":\"WebPage\",\"@id\":\"https:\/\/portaltela.pt\/noticias\/2026\/01\/22\/trump-critica-a-onu-e-reafirma-ambicao-global-para-o-conselho-de-paz\/\",\"url\":\"https:\/\/portaltela.pt\/noticias\/2026\/01\/22\/trump-critica-a-onu-e-reafirma-ambicao-global-para-o-conselho-de-paz\/\",\"name\":\"Trump critica a ONU e reafirma ambi\u00e7\u00e3o global para o Conselho de Paz - Portal Tela Portugal\",\"isPartOf\":{\"@id\":\"https:\/\/portaltela.pt\/#website\"},\"primaryImageOfPage\":{\"@id\":\"https:\/\/portaltela.pt\/noticias\/2026\/01\/22\/trump-critica-a-onu-e-reafirma-ambicao-global-para-o-conselho-de-paz\/#primaryimage\"},\"image\":{\"@id\":\"https:\/\/portaltela.pt\/noticias\/2026\/01\/22\/trump-critica-a-onu-e-reafirma-ambicao-global-para-o-conselho-de-paz\/#primaryimage\"},\"thumbnailUrl\":\"https:\/\/portaltela.pt\/s.01k8rhncp4jt1\/2026\/01\/img_293x165uu2026-01-22-13-25-20-2416548.jpg\",\"datePublished\":\"2026-01-22T13:51:34+00:00\",\"author\":{\"@id\":\"https:\/\/portaltela.pt\/#\/schema\/person\/c4278d4a6028830caff9ee44b42d32ed\"},\"breadcrumb\":{\"@id\":\"https:\/\/portaltela.pt\/noticias\/2026\/01\/22\/trump-critica-a-onu-e-reafirma-ambicao-global-para-o-conselho-de-paz\/#breadcrumb\"},\"inLanguage\":\"pt-PT\",\"potentialAction\":[{\"@type\":\"ReadAction\",\"target\":[\"https:\/\/portaltela.pt\/noticias\/2026\/01\/22\/trump-critica-a-onu-e-reafirma-ambicao-global-para-o-conselho-de-paz\/\"]}]},{\"@type\":\"ImageObject\",\"inLanguage\":\"pt-PT\",\"@id\":\"https:\/\/portaltela.pt\/noticias\/2026\/01\/22\/trump-critica-a-onu-e-reafirma-ambicao-global-para-o-conselho-de-paz\/#primaryimage\",\"url\":\"https:\/\/portaltela.pt\/s.01k8rhncp4jt1\/2026\/01\/img_293x165uu2026-01-22-13-25-20-2416548.jpg\",\"contentUrl\":\"https:\/\/portaltela.pt\/s.01k8rhncp4jt1\/2026\/01\/img_293x165uu2026-01-22-13-25-20-2416548.jpg\",\"width\":796,\"height\":448,\"caption\":\"\u00abVamos ter paz no mundo\u00bb: Trump critica ONU e reafirma ambi\u00e7\u00e3o global para o Conselho de Paz\"},{\"@type\":\"BreadcrumbList\",\"@id\":\"https:\/\/portaltela.pt\/noticias\/2026\/01\/22\/trump-critica-a-onu-e-reafirma-ambicao-global-para-o-conselho-de-paz\/#breadcrumb\",\"itemListElement\":[{\"@type\":\"ListItem\",\"position\":1,\"name\":\"In\u00edcio\",\"item\":\"https:\/\/portaltela.pt\/\"},{\"@type\":\"ListItem\",\"position\":2,\"name\":\"Trump critica a ONU e reafirma ambi\u00e7\u00e3o global para o Conselho de Paz\"}]},{\"@type\":\"WebSite\",\"@id\":\"https:\/\/portaltela.pt\/#website\",\"url\":\"https:\/\/portaltela.pt\/\",\"name\":\"Portal Tela Portugal\",\"description\":\"\",\"potentialAction\":[{\"@type\":\"SearchAction\",\"target\":{\"@type\":\"EntryPoint\",\"urlTemplate\":\"https:\/\/portaltela.pt\/?s={search_term_string}\"},\"query-input\":{\"@type\":\"PropertyValueSpecification\",\"valueRequired\":true,\"valueName\":\"search_term_string\"}}],\"inLanguage\":\"pt-PT\"},{\"@type\":\"Person\",\"@id\":\"https:\/\/portaltela.pt\/#\/schema\/person\/c4278d4a6028830caff9ee44b42d32ed\",\"name\":\"Telinha\",\"image\":{\"@type\":\"ImageObject\",\"inLanguage\":\"pt-PT\",\"@id\":\"https:\/\/portaltela.pt\/s.01k8rhncp4jt1\/2025\/11\/talking-bot-125x125.png\",\"url\":\"https:\/\/portaltela.pt\/s.01k8rhncp4jt1\/2025\/11\/talking-bot-125x125.png\",\"contentUrl\":\"https:\/\/portaltela.pt\/s.01k8rhncp4jt1\/2025\/11\/talking-bot-125x125.png\",\"caption\":\"Telinha\"},\"sameAs\":[\"https:\/\/portaltela.pt\/\"],\"url\":\"https:\/\/portaltela.pt\/por\/367410592786\/\"}]}<\/script>\n<!-- \/ Yoast SEO plugin. -->","yoast_head_json":{"title":"Trump critica a ONU e reafirma ambi\u00e7\u00e3o global para o Conselho de Paz - Portal Tela Portugal","robots":{"index":"index","follow":"follow","max-snippet":"max-snippet:-1","max-image-preview":"max-image-preview:large","max-video-preview":"max-video-preview:-1"},"og_locale":"pt_PT","og_type":"article","og_title":"Trump critica a ONU e reafirma ambi\u00e7\u00e3o global para o Conselho de Paz - Portal Tela Portugal","og_description":"O presidente dos EUA, Donald Trump, formalizou o Conselho de Paz no F\u00f3rum Econ\u00f3mico Mundial, em Davos, Su\u00ed\u00e7a. Trump destacou os objetivos que pretende alcan\u00e7ar com o novo conselho. Criticou a Organiza\u00e7\u00e3o das Na\u00e7\u00f5es Unidas (ONU). Disse acreditar ser poss\u00edvel trabalhar em coopera\u00e7\u00e3o com a ONU para alcan\u00e7ar objetivos comuns.","og_url":"https:\/\/portaltela.pt\/noticias\/2026\/01\/22\/trump-critica-a-onu-e-reafirma-ambicao-global-para-o-conselho-de-paz\/","og_site_name":"Portal Tela Portugal","article_published_time":"2026-01-22T13:51:34+00:00","author":"Telinha","twitter_card":"summary_large_image","twitter_misc":{"Escrito por":"Telinha","Tempo estimado de leitura":"1 minuto"},"schema":{"@context":"https:\/\/schema.org","@graph":[{"@type":"Article","@id":"https:\/\/portaltela.pt\/noticias\/2026\/01\/22\/trump-critica-a-onu-e-reafirma-ambicao-global-para-o-conselho-de-paz\/#article","isPartOf":{"@id":"https:\/\/portaltela.pt\/noticias\/2026\/01\/22\/trump-critica-a-onu-e-reafirma-ambicao-global-para-o-conselho-de-paz\/"},"author":{"name":"Telinha","@id":"https:\/\/portaltela.pt\/#\/schema\/person\/c4278d4a6028830caff9ee44b42d32ed"},"headline":"Trump critica a ONU e reafirma ambi\u00e7\u00e3o global para o Conselho de Paz","datePublished":"2026-01-22T13:51:34+00:00","mainEntityOfPage":{"@id":"https:\/\/portaltela.pt\/noticias\/2026\/01\/22\/trump-critica-a-onu-e-reafirma-ambicao-global-para-o-conselho-de-paz\/"},"wordCount":226,"image":{"@id":"https:\/\/portaltela.pt\/noticias\/2026\/01\/22\/trump-critica-a-onu-e-reafirma-ambicao-global-para-o-conselho-de-paz\/#primaryimage"},"thumbnailUrl":"https:\/\/portaltela.pt\/s.01k8rhncp4jt1\/2026\/01\/img_293x165uu2026-01-22-13-25-20-2416548.jpg","keywords":["conflitos internacionais","Conselho de Paz","coopera\u00e7\u00e3o internacional","Estados Unidos","investimento","Na\u00e7\u00f5es Unidas"],"articleSection":["Not\u00edcias"],"inLanguage":"pt-PT"},{"@type":"WebPage","@id":"https:\/\/portaltela.pt\/noticias\/2026\/01\/22\/trump-critica-a-onu-e-reafirma-ambicao-global-para-o-conselho-de-paz\/","url":"https:\/\/portaltela.pt\/noticias\/2026\/01\/22\/trump-critica-a-onu-e-reafirma-ambicao-global-para-o-conselho-de-paz\/","name":"Trump critica a ONU e reafirma ambi\u00e7\u00e3o global para o Conselho de Paz - Portal Tela Portugal","isPartOf":{"@id":"https:\/\/portaltela.pt\/#website"},"primaryImageOfPage":{"@id":"https:\/\/portaltela.pt\/noticias\/2026\/01\/22\/trump-critica-a-onu-e-reafirma-ambicao-global-para-o-conselho-de-paz\/#primaryimage"},"image":{"@id":"https:\/\/portaltela.pt\/noticias\/2026\/01\/22\/trump-critica-a-onu-e-reafirma-ambicao-global-para-o-conselho-de-paz\/#primaryimage"},"thumbnailUrl":"https:\/\/portaltela.pt\/s.01k8rhncp4jt1\/2026\/01\/img_293x165uu2026-01-22-13-25-20-2416548.jpg","datePublished":"2026-01-22T13:51:34+00:00","author":{"@id":"https:\/\/portaltela.pt\/#\/schema\/person\/c4278d4a6028830caff9ee44b42d32ed"},"breadcrumb":{"@id":"https:\/\/portaltela.pt\/noticias\/2026\/01\/22\/trump-critica-a-onu-e-reafirma-ambicao-global-para-o-conselho-de-paz\/#breadcrumb"},"inLanguage":"pt-PT","potentialAction":[{"@type":"ReadAction","target":["https:\/\/portaltela.pt\/noticias\/2026\/01\/22\/trump-critica-a-onu-e-reafirma-ambicao-global-para-o-conselho-de-paz\/"]}]},{"@type":"ImageObject","inLanguage":"pt-PT","@id":"https:\/\/portaltela.pt\/noticias\/2026\/01\/22\/trump-critica-a-onu-e-reafirma-ambicao-global-para-o-conselho-de-paz\/#primaryimage","url":"https:\/\/portaltela.pt\/s.01k8rhncp4jt1\/2026\/01\/img_293x165uu2026-01-22-13-25-20-2416548.jpg","contentUrl":"https:\/\/portaltela.pt\/s.01k8rhncp4jt1\/2026\/01\/img_293x165uu2026-01-22-13-25-20-2416548.jpg","width":796,"height":448,"caption":"\u00abVamos ter paz no mundo\u00bb: Trump critica ONU e reafirma ambi\u00e7\u00e3o global para o Conselho de Paz"},{"@type":"BreadcrumbList","@id":"https:\/\/portaltela.pt\/noticias\/2026\/01\/22\/trump-critica-a-onu-e-reafirma-ambicao-global-para-o-conselho-de-paz\/#breadcrumb","itemListElement":[{"@type":"ListItem","position":1,"name":"In\u00edcio","item":"https:\/\/portaltela.pt\/"},{"@type":"ListItem","position":2,"name":"Trump critica a ONU e reafirma ambi\u00e7\u00e3o global para o Conselho de Paz"}]},{"@type":"WebSite","@id":"https:\/\/portaltela.pt\/#website","url":"https:\/\/portaltela.pt\/","name":"Portal Tela Portugal","description":"","potentialAction":[{"@type":"SearchAction","target":{"@type":"EntryPoint","urlTemplate":"https:\/\/portaltela.pt\/?s={search_term_string}"},"query-input":{"@type":"PropertyValueSpecification","valueRequired":true,"valueName":"search_term_string"}}],"inLanguage":"pt-PT"},{"@type":"Person","@id":"https:\/\/portaltela.pt\/#\/schema\/person\/c4278d4a6028830caff9ee44b42d32ed","name":"Telinha","image":{"@type":"ImageObject","inLanguage":"pt-PT","@id":"https:\/\/portaltela.pt\/s.01k8rhncp4jt1\/2025\/11\/talking-bot-125x125.png","url":"https:\/\/portaltela.pt\/s.01k8rhncp4jt1\/2025\/11\/talking-bot-125x125.png","contentUrl":"https:\/\/portaltela.pt\/s.01k8rhncp4jt1\/2025\/11\/talking-bot-125x125.png","caption":"Telinha"},"sameAs":["https:\/\/portaltela.pt\/"],"url":"https:\/\/portaltela.pt\/por\/367410592786\/"}]}},"_links":{"self":[{"href":"https:\/\/portaltela.pt\/api\/wp\/v2\/posts\/163515","targetHints":{"allow":["GET"]}}],"collection":[{"href":"https:\/\/portaltela.pt\/api\/wp\/v2\/posts"}],"about":[{"href":"https:\/\/portaltela.pt\/api\/wp\/v2\/types\/post"}],"author":[{"embeddable":true,"href":"https:\/\/portaltela.pt\/api\/wp\/v2\/users\/2"}],"replies":[{"embeddable":true,"href":"https:\/\/portaltela.pt\/api\/wp\/v2\/comments?post=163515"}],"version-history":[{"count":0,"href":"https:\/\/portaltela.pt\/api\/wp\/v2\/posts\/163515\/revisions"}],"wp:featuredmedia":[{"embeddable":true,"href":"https:\/\/portaltela.pt\/api\/wp\/v2\/media\/163516"}],"wp:attachment":[{"href":"https:\/\/portaltela.pt\/api\/wp\/v2\/media?parent=163515"}],"wp:term":[{"taxonomy":"category","embeddable":true,"href":"https:\/\/portaltela.pt\/api\/wp\/v2\/categories?post=163515"},{"taxonomy":"post_tag","embeddable":true,"href":"https:\/\/portaltela.pt\/api\/wp\/v2\/tags?post=163515"}],"curies":[{"name":"wp","href":"https:\/\/api.w.org\/{rel}","templated":true}]}}