{"id":163450,"date":"2026-01-22T10:17:48","date_gmt":"2026-01-22T13:17:48","guid":{"rendered":"https:\/\/portaltela.pt\/noticias\/2026\/01\/22\/porto-do-lobito-inaugura-rota-maritima-direta-africa-asia\/"},"modified":"2026-01-22T10:17:48","modified_gmt":"2026-01-22T13:17:48","slug":"porto-do-lobito-inaugura-rota-maritima-direta-africa-asia","status":"publish","type":"post","link":"https:\/\/portaltela.pt\/noticias\/2026\/01\/22\/porto-do-lobito-inaugura-rota-maritima-direta-africa-asia\/","title":{"rendered":"Porto do Lobito inaugura rota mar\u00edtima direta \u00c1frica-\u00c1sia"},"content":{"rendered":"<p>O Porto do Lobito inaugurou uma rota mar\u00edtima directa \u00c1frica \u2013 \u00c1sia com a atracagem do navio MSC Caterina, da MSC, no Terminal Polivalente gerido pela AGL \u2013 Lobito Terminal. A escala marca a entrada oficial no servi\u00e7o Iroko, sem paragens interm\u00e9dias.<\/p>\n<p>O MSC Caterina, com capacidade para 8.800 contentores, chegou ao Lobito \u00e0s 07h00 desta ter\u00e7a-feira. O navio prossegue para Singapura e China, fortalecendo o Lobito como eixo de liga\u00e7\u00e3o directa aos principais mercados asi\u00e1ticos.<\/p>\n<p>K\u00e1tila Vanessa Neto, administradora comercial da Portu\u00e1ria do Lobito, descreveu a opera\u00e7\u00e3o como prova da consolida\u00e7\u00e3o do Porto como hub log\u00edstico regional. A liga\u00e7\u00e3o directa reduz o tempo de tr\u00e1fego e os custos para exportadores, passando de cerca de 60 para 32\u201337 dias.<\/p>\n<p>Jos\u00e9 Jacinto, director administrativo e financeiro da AGL \u2013 Lobito Terminal, destacou a satisfa\u00e7\u00e3o pelo acolhimento de um navio MSC no porto. A escalada refor\u00e7a a confian\u00e7a da MSC no potencial log\u00edstico do Lobito e no Corredor do Lobito como plataforma internacional de alcance.<\/p>\n<h3>Impacto estrat\u00e9gico<\/h3>\n<p>A inaugura\u00e7\u00e3o refor\u00e7a o papel do Lobito no com\u00e9rcio mar\u00edtimo global, ampliando oportunidades de exporta\u00e7\u00e3o e atraindo novas linhas de navega\u00e7\u00e3o. Angola passa a beneficiar de uma rota directa para os grandes mercados asi\u00e1ticos, com maior previsibilidade log\u00edstica.<\/p>\n","protected":false},"excerpt":{"rendered":"<ul>\n<li>O Porto do Lobito inaugurou uma rota mar\u00edtima directa \u00c1frica \u2013 \u00c1sia com a atraca\u00e7\u00e3o do navio MSC Caterina, no Terminal Polivalente gerido pela AGL \u2013 Lobito Terminal.<\/li>\n<li>A escala marca a primeira liga\u00e7\u00e3o directa e exclusiva \u00c1frica \u2013 \u00c1sia do servi\u00e7o Iroko, sem paragens interm\u00e9dias, com capacidade para 8.800 contentores; o navio chegou \u00e0s 07h00 de ter\u00e7a-feira e tem Singapura e China como pr\u00f3ximos destinos.<\/li>\n<li>A administradora comercial da Portu\u00e1ria do Lobito, K\u00e1tila Vanessa Neto, afirmou que a opera\u00e7\u00e3o prova a consolida\u00e7\u00e3o do porto como hub log\u00edstico regional, ligando Angola e vizinhos aos principais mercados da \u00c1sia.<\/li>\n<li>A rota directa reduz o tempo de viagem de cerca de sessenta dias para entre 32 e 37 dias, oferecendo maior previsibilidade log\u00edstica e menores custos para os exportadores.<\/li>\n<li>O director administrativo e financeiro da AGL \u2013 Lobito Terminal, Jos\u00e9 Jacinto, destacou a satisfa\u00e7\u00e3o com a MSC escolher o Lobito, refor\u00e7ando o Corredor do Lobito como plataforma de alcance internacional.<\/li>\n<\/ul>\n","protected":false},"author":2,"featured_media":163479,"comment_status":"closed","ping_status":"closed","sticky":false,"template":"","format":"standard","meta":{"footnotes":""},"categories":[1],"tags":[244,3368,28,1934,961,192],"class_list":["post-163450","post","type-post","status-publish","format-standard","has-post-thumbnail","hentry","category-noticias","tag-comercio","tag-comercio-internacional","tag-economia","tag-lobito","tag-logistica","tag-transporte"],"yoast_head":"<!-- This site is optimized with the Yoast SEO plugin v27.2 - https:\/\/yoast.com\/product\/yoast-seo-wordpress\/ -->\n<title>Porto do Lobito inaugura rota mar\u00edtima direta \u00c1frica-\u00c1sia - Portal Tela Portugal<\/title>\n<meta name=\"robots\" content=\"index, follow, max-snippet:-1, max-image-preview:large, max-video-preview:-1\" \/>\n<meta property=\"og:locale\" content=\"pt_PT\" \/>\n<meta property=\"og:type\" content=\"article\" \/>\n<meta property=\"og:title\" content=\"Porto do Lobito inaugura rota mar\u00edtima direta \u00c1frica-\u00c1sia - Portal Tela Portugal\" \/>\n<meta property=\"og:description\" content=\"O Porto do Lobito inaugurou uma rota mar\u00edtima directa \u00c1frica \u2013 \u00c1sia com a atraca\u00e7\u00e3o do navio MSC Caterina, no Terminal Polivalente gerido pela AGL \u2013 Lobito Terminal. A escala marca a primeira liga\u00e7\u00e3o directa e exclusiva \u00c1frica \u2013 \u00c1sia do servi\u00e7o Iroko, sem paragens interm\u00e9dias, com capacidade para 8.800 contentores; o navio chegou \u00e0s 07h00 de ter\u00e7a-feira e tem Singapura e China como pr\u00f3ximos destinos. A administradora comercial da Portu\u00e1ria do Lobito, K\u00e1tila Vanessa Neto, afirmou que a opera\u00e7\u00e3o prova a consolida\u00e7\u00e3o do porto como hub log\u00edstico regional, ligando Angola e vizinhos aos principais mercados da \u00c1sia. A rota directa reduz o tempo de viagem de cerca de sessenta dias para entre 32 e 37 dias, oferecendo maior previsibilidade log\u00edstica e menores custos para os exportadores. O director administrativo e financeiro da AGL \u2013 Lobito Terminal, Jos\u00e9 Jacinto, destacou a satisfa\u00e7\u00e3o com a MSC escolher o Lobito, refor\u00e7ando o Corredor do Lobito como plataforma de alcance internacional.\" \/>\n<meta property=\"og:url\" content=\"https:\/\/portaltela.pt\/noticias\/2026\/01\/22\/porto-do-lobito-inaugura-rota-maritima-direta-africa-asia\/\" \/>\n<meta property=\"og:site_name\" content=\"Portal Tela Portugal\" \/>\n<meta property=\"article:published_time\" content=\"2026-01-22T13:17:48+00:00\" \/>\n<meta name=\"author\" content=\"Telinha\" \/>\n<meta name=\"twitter:card\" content=\"summary_large_image\" \/>\n<meta name=\"twitter:label1\" content=\"Escrito por\" \/>\n\t<meta name=\"twitter:data1\" content=\"Telinha\" \/>\n\t<meta name=\"twitter:label2\" content=\"Tempo estimado de leitura\" \/>\n\t<meta name=\"twitter:data2\" content=\"1 minuto\" \/>\n<script type=\"application\/ld+json\" class=\"yoast-schema-graph\">{\"@context\":\"https:\/\/schema.org\",\"@graph\":[{\"@type\":\"Article\",\"@id\":\"https:\/\/portaltela.pt\/noticias\/2026\/01\/22\/porto-do-lobito-inaugura-rota-maritima-direta-africa-asia\/#article\",\"isPartOf\":{\"@id\":\"https:\/\/portaltela.pt\/noticias\/2026\/01\/22\/porto-do-lobito-inaugura-rota-maritima-direta-africa-asia\/\"},\"author\":{\"name\":\"Telinha\",\"@id\":\"https:\/\/portaltela.pt\/#\/schema\/person\/c4278d4a6028830caff9ee44b42d32ed\"},\"headline\":\"Porto do Lobito inaugura rota mar\u00edtima direta \u00c1frica-\u00c1sia\",\"datePublished\":\"2026-01-22T13:17:48+00:00\",\"mainEntityOfPage\":{\"@id\":\"https:\/\/portaltela.pt\/noticias\/2026\/01\/22\/porto-do-lobito-inaugura-rota-maritima-direta-africa-asia\/\"},\"wordCount\":233,\"image\":{\"@id\":\"https:\/\/portaltela.pt\/noticias\/2026\/01\/22\/porto-do-lobito-inaugura-rota-maritima-direta-africa-asia\/#primaryimage\"},\"thumbnailUrl\":\"https:\/\/portaltela.pt\/s.01k8rhncp4jt1\/2026\/01\/unnamed-file-4637.jpg\",\"keywords\":[\"com\u00e9rcio\",\"com\u00e9rcio internacional\",\"economia\",\"Lobito\",\"Log\u00edstica\",\"transporte\"],\"articleSection\":[\"Not\u00edcias\"],\"inLanguage\":\"pt-PT\"},{\"@type\":\"WebPage\",\"@id\":\"https:\/\/portaltela.pt\/noticias\/2026\/01\/22\/porto-do-lobito-inaugura-rota-maritima-direta-africa-asia\/\",\"url\":\"https:\/\/portaltela.pt\/noticias\/2026\/01\/22\/porto-do-lobito-inaugura-rota-maritima-direta-africa-asia\/\",\"name\":\"Porto do Lobito inaugura rota mar\u00edtima direta \u00c1frica-\u00c1sia - Portal Tela Portugal\",\"isPartOf\":{\"@id\":\"https:\/\/portaltela.pt\/#website\"},\"primaryImageOfPage\":{\"@id\":\"https:\/\/portaltela.pt\/noticias\/2026\/01\/22\/porto-do-lobito-inaugura-rota-maritima-direta-africa-asia\/#primaryimage\"},\"image\":{\"@id\":\"https:\/\/portaltela.pt\/noticias\/2026\/01\/22\/porto-do-lobito-inaugura-rota-maritima-direta-africa-asia\/#primaryimage\"},\"thumbnailUrl\":\"https:\/\/portaltela.pt\/s.01k8rhncp4jt1\/2026\/01\/unnamed-file-4637.jpg\",\"datePublished\":\"2026-01-22T13:17:48+00:00\",\"author\":{\"@id\":\"https:\/\/portaltela.pt\/#\/schema\/person\/c4278d4a6028830caff9ee44b42d32ed\"},\"breadcrumb\":{\"@id\":\"https:\/\/portaltela.pt\/noticias\/2026\/01\/22\/porto-do-lobito-inaugura-rota-maritima-direta-africa-asia\/#breadcrumb\"},\"inLanguage\":\"pt-PT\",\"potentialAction\":[{\"@type\":\"ReadAction\",\"target\":[\"https:\/\/portaltela.pt\/noticias\/2026\/01\/22\/porto-do-lobito-inaugura-rota-maritima-direta-africa-asia\/\"]}]},{\"@type\":\"ImageObject\",\"inLanguage\":\"pt-PT\",\"@id\":\"https:\/\/portaltela.pt\/noticias\/2026\/01\/22\/porto-do-lobito-inaugura-rota-maritima-direta-africa-asia\/#primaryimage\",\"url\":\"https:\/\/portaltela.pt\/s.01k8rhncp4jt1\/2026\/01\/unnamed-file-4637.jpg\",\"contentUrl\":\"https:\/\/portaltela.pt\/s.01k8rhncp4jt1\/2026\/01\/unnamed-file-4637.jpg\",\"width\":796,\"height\":448,\"caption\":\"Porto angolano do Lobito inaugura rota mar\u00edtima directa \u00c1frica \u2013 \u00c1sia\"},{\"@type\":\"BreadcrumbList\",\"@id\":\"https:\/\/portaltela.pt\/noticias\/2026\/01\/22\/porto-do-lobito-inaugura-rota-maritima-direta-africa-asia\/#breadcrumb\",\"itemListElement\":[{\"@type\":\"ListItem\",\"position\":1,\"name\":\"In\u00edcio\",\"item\":\"https:\/\/portaltela.pt\/\"},{\"@type\":\"ListItem\",\"position\":2,\"name\":\"Porto do Lobito inaugura rota mar\u00edtima direta \u00c1frica-\u00c1sia\"}]},{\"@type\":\"WebSite\",\"@id\":\"https:\/\/portaltela.pt\/#website\",\"url\":\"https:\/\/portaltela.pt\/\",\"name\":\"Portal Tela Portugal\",\"description\":\"\",\"potentialAction\":[{\"@type\":\"SearchAction\",\"target\":{\"@type\":\"EntryPoint\",\"urlTemplate\":\"https:\/\/portaltela.pt\/?s={search_term_string}\"},\"query-input\":{\"@type\":\"PropertyValueSpecification\",\"valueRequired\":true,\"valueName\":\"search_term_string\"}}],\"inLanguage\":\"pt-PT\"},{\"@type\":\"Person\",\"@id\":\"https:\/\/portaltela.pt\/#\/schema\/person\/c4278d4a6028830caff9ee44b42d32ed\",\"name\":\"Telinha\",\"image\":{\"@type\":\"ImageObject\",\"inLanguage\":\"pt-PT\",\"@id\":\"https:\/\/portaltela.pt\/s.01k8rhncp4jt1\/2025\/11\/talking-bot-125x125.png\",\"url\":\"https:\/\/portaltela.pt\/s.01k8rhncp4jt1\/2025\/11\/talking-bot-125x125.png\",\"contentUrl\":\"https:\/\/portaltela.pt\/s.01k8rhncp4jt1\/2025\/11\/talking-bot-125x125.png\",\"caption\":\"Telinha\"},\"sameAs\":[\"https:\/\/portaltela.pt\/\"],\"url\":\"https:\/\/portaltela.pt\/por\/367410592786\/\"}]}<\/script>\n<!-- \/ Yoast SEO plugin. -->","yoast_head_json":{"title":"Porto do Lobito inaugura rota mar\u00edtima direta \u00c1frica-\u00c1sia - Portal Tela Portugal","robots":{"index":"index","follow":"follow","max-snippet":"max-snippet:-1","max-image-preview":"max-image-preview:large","max-video-preview":"max-video-preview:-1"},"og_locale":"pt_PT","og_type":"article","og_title":"Porto do Lobito inaugura rota mar\u00edtima direta \u00c1frica-\u00c1sia - Portal Tela Portugal","og_description":"O Porto do Lobito inaugurou uma rota mar\u00edtima directa \u00c1frica \u2013 \u00c1sia com a atraca\u00e7\u00e3o do navio MSC Caterina, no Terminal Polivalente gerido pela AGL \u2013 Lobito Terminal. A escala marca a primeira liga\u00e7\u00e3o directa e exclusiva \u00c1frica \u2013 \u00c1sia do servi\u00e7o Iroko, sem paragens interm\u00e9dias, com capacidade para 8.800 contentores; o navio chegou \u00e0s 07h00 de ter\u00e7a-feira e tem Singapura e China como pr\u00f3ximos destinos. A administradora comercial da Portu\u00e1ria do Lobito, K\u00e1tila Vanessa Neto, afirmou que a opera\u00e7\u00e3o prova a consolida\u00e7\u00e3o do porto como hub log\u00edstico regional, ligando Angola e vizinhos aos principais mercados da \u00c1sia. A rota directa reduz o tempo de viagem de cerca de sessenta dias para entre 32 e 37 dias, oferecendo maior previsibilidade log\u00edstica e menores custos para os exportadores. O director administrativo e financeiro da AGL \u2013 Lobito Terminal, Jos\u00e9 Jacinto, destacou a satisfa\u00e7\u00e3o com a MSC escolher o Lobito, refor\u00e7ando o Corredor do Lobito como plataforma de alcance internacional.","og_url":"https:\/\/portaltela.pt\/noticias\/2026\/01\/22\/porto-do-lobito-inaugura-rota-maritima-direta-africa-asia\/","og_site_name":"Portal Tela Portugal","article_published_time":"2026-01-22T13:17:48+00:00","author":"Telinha","twitter_card":"summary_large_image","twitter_misc":{"Escrito por":"Telinha","Tempo estimado de leitura":"1 minuto"},"schema":{"@context":"https:\/\/schema.org","@graph":[{"@type":"Article","@id":"https:\/\/portaltela.pt\/noticias\/2026\/01\/22\/porto-do-lobito-inaugura-rota-maritima-direta-africa-asia\/#article","isPartOf":{"@id":"https:\/\/portaltela.pt\/noticias\/2026\/01\/22\/porto-do-lobito-inaugura-rota-maritima-direta-africa-asia\/"},"author":{"name":"Telinha","@id":"https:\/\/portaltela.pt\/#\/schema\/person\/c4278d4a6028830caff9ee44b42d32ed"},"headline":"Porto do Lobito inaugura rota mar\u00edtima direta \u00c1frica-\u00c1sia","datePublished":"2026-01-22T13:17:48+00:00","mainEntityOfPage":{"@id":"https:\/\/portaltela.pt\/noticias\/2026\/01\/22\/porto-do-lobito-inaugura-rota-maritima-direta-africa-asia\/"},"wordCount":233,"image":{"@id":"https:\/\/portaltela.pt\/noticias\/2026\/01\/22\/porto-do-lobito-inaugura-rota-maritima-direta-africa-asia\/#primaryimage"},"thumbnailUrl":"https:\/\/portaltela.pt\/s.01k8rhncp4jt1\/2026\/01\/unnamed-file-4637.jpg","keywords":["com\u00e9rcio","com\u00e9rcio internacional","economia","Lobito","Log\u00edstica","transporte"],"articleSection":["Not\u00edcias"],"inLanguage":"pt-PT"},{"@type":"WebPage","@id":"https:\/\/portaltela.pt\/noticias\/2026\/01\/22\/porto-do-lobito-inaugura-rota-maritima-direta-africa-asia\/","url":"https:\/\/portaltela.pt\/noticias\/2026\/01\/22\/porto-do-lobito-inaugura-rota-maritima-direta-africa-asia\/","name":"Porto do Lobito inaugura rota mar\u00edtima direta \u00c1frica-\u00c1sia - Portal Tela Portugal","isPartOf":{"@id":"https:\/\/portaltela.pt\/#website"},"primaryImageOfPage":{"@id":"https:\/\/portaltela.pt\/noticias\/2026\/01\/22\/porto-do-lobito-inaugura-rota-maritima-direta-africa-asia\/#primaryimage"},"image":{"@id":"https:\/\/portaltela.pt\/noticias\/2026\/01\/22\/porto-do-lobito-inaugura-rota-maritima-direta-africa-asia\/#primaryimage"},"thumbnailUrl":"https:\/\/portaltela.pt\/s.01k8rhncp4jt1\/2026\/01\/unnamed-file-4637.jpg","datePublished":"2026-01-22T13:17:48+00:00","author":{"@id":"https:\/\/portaltela.pt\/#\/schema\/person\/c4278d4a6028830caff9ee44b42d32ed"},"breadcrumb":{"@id":"https:\/\/portaltela.pt\/noticias\/2026\/01\/22\/porto-do-lobito-inaugura-rota-maritima-direta-africa-asia\/#breadcrumb"},"inLanguage":"pt-PT","potentialAction":[{"@type":"ReadAction","target":["https:\/\/portaltela.pt\/noticias\/2026\/01\/22\/porto-do-lobito-inaugura-rota-maritima-direta-africa-asia\/"]}]},{"@type":"ImageObject","inLanguage":"pt-PT","@id":"https:\/\/portaltela.pt\/noticias\/2026\/01\/22\/porto-do-lobito-inaugura-rota-maritima-direta-africa-asia\/#primaryimage","url":"https:\/\/portaltela.pt\/s.01k8rhncp4jt1\/2026\/01\/unnamed-file-4637.jpg","contentUrl":"https:\/\/portaltela.pt\/s.01k8rhncp4jt1\/2026\/01\/unnamed-file-4637.jpg","width":796,"height":448,"caption":"Porto angolano do Lobito inaugura rota mar\u00edtima directa \u00c1frica \u2013 \u00c1sia"},{"@type":"BreadcrumbList","@id":"https:\/\/portaltela.pt\/noticias\/2026\/01\/22\/porto-do-lobito-inaugura-rota-maritima-direta-africa-asia\/#breadcrumb","itemListElement":[{"@type":"ListItem","position":1,"name":"In\u00edcio","item":"https:\/\/portaltela.pt\/"},{"@type":"ListItem","position":2,"name":"Porto do Lobito inaugura rota mar\u00edtima direta \u00c1frica-\u00c1sia"}]},{"@type":"WebSite","@id":"https:\/\/portaltela.pt\/#website","url":"https:\/\/portaltela.pt\/","name":"Portal Tela Portugal","description":"","potentialAction":[{"@type":"SearchAction","target":{"@type":"EntryPoint","urlTemplate":"https:\/\/portaltela.pt\/?s={search_term_string}"},"query-input":{"@type":"PropertyValueSpecification","valueRequired":true,"valueName":"search_term_string"}}],"inLanguage":"pt-PT"},{"@type":"Person","@id":"https:\/\/portaltela.pt\/#\/schema\/person\/c4278d4a6028830caff9ee44b42d32ed","name":"Telinha","image":{"@type":"ImageObject","inLanguage":"pt-PT","@id":"https:\/\/portaltela.pt\/s.01k8rhncp4jt1\/2025\/11\/talking-bot-125x125.png","url":"https:\/\/portaltela.pt\/s.01k8rhncp4jt1\/2025\/11\/talking-bot-125x125.png","contentUrl":"https:\/\/portaltela.pt\/s.01k8rhncp4jt1\/2025\/11\/talking-bot-125x125.png","caption":"Telinha"},"sameAs":["https:\/\/portaltela.pt\/"],"url":"https:\/\/portaltela.pt\/por\/367410592786\/"}]}},"_links":{"self":[{"href":"https:\/\/portaltela.pt\/api\/wp\/v2\/posts\/163450","targetHints":{"allow":["GET"]}}],"collection":[{"href":"https:\/\/portaltela.pt\/api\/wp\/v2\/posts"}],"about":[{"href":"https:\/\/portaltela.pt\/api\/wp\/v2\/types\/post"}],"author":[{"embeddable":true,"href":"https:\/\/portaltela.pt\/api\/wp\/v2\/users\/2"}],"replies":[{"embeddable":true,"href":"https:\/\/portaltela.pt\/api\/wp\/v2\/comments?post=163450"}],"version-history":[{"count":0,"href":"https:\/\/portaltela.pt\/api\/wp\/v2\/posts\/163450\/revisions"}],"wp:featuredmedia":[{"embeddable":true,"href":"https:\/\/portaltela.pt\/api\/wp\/v2\/media\/163479"}],"wp:attachment":[{"href":"https:\/\/portaltela.pt\/api\/wp\/v2\/media?parent=163450"}],"wp:term":[{"taxonomy":"category","embeddable":true,"href":"https:\/\/portaltela.pt\/api\/wp\/v2\/categories?post=163450"},{"taxonomy":"post_tag","embeddable":true,"href":"https:\/\/portaltela.pt\/api\/wp\/v2\/tags?post=163450"}],"curies":[{"name":"wp","href":"https:\/\/api.w.org\/{rel}","templated":true}]}}