{"id":163424,"date":"2026-01-21T20:43:00","date_gmt":"2026-01-21T23:43:00","guid":{"rendered":"https:\/\/portaltela.pt\/noticias\/2026\/01\/21\/jogador-do-moncarapachense-morre-em-campo-durante-taca-do-algarve\/"},"modified":"2026-01-21T20:43:00","modified_gmt":"2026-01-21T23:43:00","slug":"jogador-do-moncarapachense-morre-em-campo-durante-taca-do-algarve","status":"publish","type":"post","link":"https:\/\/portaltela.pt\/desporto\/2026\/01\/21\/jogador-do-moncarapachense-morre-em-campo-durante-taca-do-algarve\/","title":{"rendered":"Jogador do Moncarapachense morre em campo durante Ta\u00e7a do Algarve"},"content":{"rendered":"<p>Nassur Bacem, defesa de 27 anos do Moncarapachense, morreu na noite de ontem no Est\u00e1dio Municipal de Olh\u00e3o, durante a Ta\u00e7a do Algarve contra o Imortal. A paragem cardiorrespirat\u00f3ria foi o desencadeante do \u00f3bito, apesar da interven\u00e7\u00e3o r\u00e1pida.<\/p>\n<p>O jogador sentiu-se mal junto ao banco do Imortal e caiu. Equipa m\u00e9dica do Moncarapachense realizou manobras de reanima\u00e7\u00e3o e utilizou o desfibrilhador do recinto, com apoio do staff m\u00e9dico do Imortal e do suporte b\u00e1sico de vida do est\u00e1dio.<\/p>\n<p>A ocorr\u00eancia ocorreu por volta dos 20 minutos, num jogo em que o Imortal vencia por 1-0, golo de Marocas. O jogo n\u00e3o foi retomado ap\u00f3s o incidente. Bacem foi transportado para o hospital de Faro, j\u00e1 sem vida.<\/p>\n<p>A aut\u00f3psia dever\u00e1 esclarecer as causas do falecimento, com indica\u00e7\u00e3o de data para as cerim\u00f3nias f\u00fanebres ainda por confirmar. Nassur Bacem nasceu em Aveiro, \u00e1rea onde dever\u00e3o decorrer as cerim\u00f3nias.<\/p>\n<p>Nassur Bacem passou pelos escal\u00f5es de forma\u00e7\u00e3o do Recreio de \u00c1gueda, Sporting, Gafanha, Acad\u00e9mica, Sporting de Braga e Leix\u00f5es. Como s\u00e9nior, representou diversos clubes, incluindo Moncarapachense, Vista Alegre, Mar\u00edtimo, Camacha e Oliveira do Hospital.<\/p>\n","protected":false},"excerpt":{"rendered":"<ul>\n<li>Nassur Bacem, defesa do Moncarapachense de 27 anos, morreu na noite de ontem v\u00edtima de paragem cardiorrespirat\u00f3ria, durante a Ta\u00e7a do Algarve.<\/li>\n<li>O epis\u00f3dio ocorreu no Est\u00e1dio Municipal de Olh\u00e3o, no jogo contra o Imortal, aos vinte minutos, com o golo de Marocas.<\/li>\n<li>O jogador foi assistido pela equipa m\u00e9dica, utilizou-se o desfibrilhador e chegou uma equipa do INEM, chegando ao hospital de Faro j\u00e1 sem vida.<\/li>\n<li>O encontro n\u00e3o foi retomado e a Moncarapachense afirmou que n\u00e3o tem condi\u00e7\u00f5es para jogar no pr\u00f3ximo domingo, diante do Alcochetense.<\/li>\n<li>O corpo ser\u00e1 autopsiado; as cerim\u00f3nias f\u00fanebres devem realizar-se na zona de Aveiro, onde residia a fam\u00edlia, e Bacem j\u00e1 passou por v\u00e1rios clubes antes de chegar ao Moncarapachense.<\/li>\n<\/ul>\n","protected":false},"author":2,"featured_media":163481,"comment_status":"closed","ping_status":"closed","sticky":false,"template":"","format":"standard","meta":{"footnotes":""},"categories":[21],"tags":[928,1059,152,32,184,3808],"class_list":["post-163424","post","type-post","status-publish","format-standard","has-post-thumbnail","hentry","category-desporto","tag-algarve","tag-aveiro","tag-desporto","tag-futebol","tag-futebolista","tag-moncarapachense"],"yoast_head":"<!-- This site is optimized with the Yoast SEO plugin v27.2 - https:\/\/yoast.com\/product\/yoast-seo-wordpress\/ -->\n<title>Jogador do Moncarapachense morre em campo durante Ta\u00e7a do Algarve - Portal Tela Portugal<\/title>\n<meta name=\"robots\" content=\"index, follow, max-snippet:-1, max-image-preview:large, max-video-preview:-1\" \/>\n<meta property=\"og:locale\" content=\"pt_PT\" \/>\n<meta property=\"og:type\" content=\"article\" \/>\n<meta property=\"og:title\" content=\"Jogador do Moncarapachense morre em campo durante Ta\u00e7a do Algarve - Portal Tela Portugal\" \/>\n<meta property=\"og:description\" content=\"Nassur Bacem, defesa do Moncarapachense de 27 anos, morreu na noite de ontem v\u00edtima de paragem cardiorrespirat\u00f3ria, durante a Ta\u00e7a do Algarve. O epis\u00f3dio ocorreu no Est\u00e1dio Municipal de Olh\u00e3o, no jogo contra o Imortal, aos vinte minutos, com o golo de Marocas. O jogador foi assistido pela equipa m\u00e9dica, utilizou-se o desfibrilhador e chegou uma equipa do INEM, chegando ao hospital de Faro j\u00e1 sem vida. O encontro n\u00e3o foi retomado e a Moncarapachense afirmou que n\u00e3o tem condi\u00e7\u00f5es para jogar no pr\u00f3ximo domingo, diante do Alcochetense. O corpo ser\u00e1 autopsiado; as cerim\u00f3nias f\u00fanebres devem realizar-se na zona de Aveiro, onde residia a fam\u00edlia, e Bacem j\u00e1 passou por v\u00e1rios clubes antes de chegar ao Moncarapachense.\" \/>\n<meta property=\"og:url\" content=\"https:\/\/portaltela.pt\/noticias\/2026\/01\/21\/jogador-do-moncarapachense-morre-em-campo-durante-taca-do-algarve\/\" \/>\n<meta property=\"og:site_name\" content=\"Portal Tela Portugal\" \/>\n<meta property=\"article:published_time\" content=\"2026-01-21T23:43:00+00:00\" \/>\n<meta name=\"author\" content=\"Telinha\" \/>\n<meta name=\"twitter:card\" content=\"summary_large_image\" \/>\n<meta name=\"twitter:label1\" content=\"Escrito por\" \/>\n\t<meta name=\"twitter:data1\" content=\"Telinha\" \/>\n\t<meta name=\"twitter:label2\" content=\"Tempo estimado de leitura\" \/>\n\t<meta name=\"twitter:data2\" content=\"1 minuto\" \/>\n<script type=\"application\/ld+json\" class=\"yoast-schema-graph\">{\"@context\":\"https:\/\/schema.org\",\"@graph\":[{\"@type\":\"Article\",\"@id\":\"https:\/\/portaltela.pt\/noticias\/2026\/01\/21\/jogador-do-moncarapachense-morre-em-campo-durante-taca-do-algarve\/#article\",\"isPartOf\":{\"@id\":\"https:\/\/portaltela.pt\/noticias\/2026\/01\/21\/jogador-do-moncarapachense-morre-em-campo-durante-taca-do-algarve\/\"},\"author\":{\"name\":\"Telinha\",\"@id\":\"https:\/\/portaltela.pt\/#\/schema\/person\/c4278d4a6028830caff9ee44b42d32ed\"},\"headline\":\"Jogador do Moncarapachense morre em campo durante Ta\u00e7a do Algarve\",\"datePublished\":\"2026-01-21T23:43:00+00:00\",\"mainEntityOfPage\":{\"@id\":\"https:\/\/portaltela.pt\/noticias\/2026\/01\/21\/jogador-do-moncarapachense-morre-em-campo-durante-taca-do-algarve\/\"},\"wordCount\":216,\"image\":{\"@id\":\"https:\/\/portaltela.pt\/noticias\/2026\/01\/21\/jogador-do-moncarapachense-morre-em-campo-durante-taca-do-algarve\/#primaryimage\"},\"thumbnailUrl\":\"https:\/\/portaltela.pt\/s.01k8rhncp4jt1\/2026\/01\/img_920x518uu2026-01-21-23-41-02-2416460-4.jpg\",\"keywords\":[\"Algarve\",\"Aveiro\",\"desporto\",\"futebol\",\"futebolista\",\"Moncarapachense\"],\"articleSection\":[\"Desporto\"],\"inLanguage\":\"pt-PT\"},{\"@type\":\"WebPage\",\"@id\":\"https:\/\/portaltela.pt\/noticias\/2026\/01\/21\/jogador-do-moncarapachense-morre-em-campo-durante-taca-do-algarve\/\",\"url\":\"https:\/\/portaltela.pt\/noticias\/2026\/01\/21\/jogador-do-moncarapachense-morre-em-campo-durante-taca-do-algarve\/\",\"name\":\"Jogador do Moncarapachense morre em campo durante Ta\u00e7a do Algarve - Portal Tela Portugal\",\"isPartOf\":{\"@id\":\"https:\/\/portaltela.pt\/#website\"},\"primaryImageOfPage\":{\"@id\":\"https:\/\/portaltela.pt\/noticias\/2026\/01\/21\/jogador-do-moncarapachense-morre-em-campo-durante-taca-do-algarve\/#primaryimage\"},\"image\":{\"@id\":\"https:\/\/portaltela.pt\/noticias\/2026\/01\/21\/jogador-do-moncarapachense-morre-em-campo-durante-taca-do-algarve\/#primaryimage\"},\"thumbnailUrl\":\"https:\/\/portaltela.pt\/s.01k8rhncp4jt1\/2026\/01\/img_920x518uu2026-01-21-23-41-02-2416460-4.jpg\",\"datePublished\":\"2026-01-21T23:43:00+00:00\",\"author\":{\"@id\":\"https:\/\/portaltela.pt\/#\/schema\/person\/c4278d4a6028830caff9ee44b42d32ed\"},\"breadcrumb\":{\"@id\":\"https:\/\/portaltela.pt\/noticias\/2026\/01\/21\/jogador-do-moncarapachense-morre-em-campo-durante-taca-do-algarve\/#breadcrumb\"},\"inLanguage\":\"pt-PT\",\"potentialAction\":[{\"@type\":\"ReadAction\",\"target\":[\"https:\/\/portaltela.pt\/noticias\/2026\/01\/21\/jogador-do-moncarapachense-morre-em-campo-durante-taca-do-algarve\/\"]}]},{\"@type\":\"ImageObject\",\"inLanguage\":\"pt-PT\",\"@id\":\"https:\/\/portaltela.pt\/noticias\/2026\/01\/21\/jogador-do-moncarapachense-morre-em-campo-durante-taca-do-algarve\/#primaryimage\",\"url\":\"https:\/\/portaltela.pt\/s.01k8rhncp4jt1\/2026\/01\/img_920x518uu2026-01-21-23-41-02-2416460-4.jpg\",\"contentUrl\":\"https:\/\/portaltela.pt\/s.01k8rhncp4jt1\/2026\/01\/img_920x518uu2026-01-21-23-41-02-2416460-4.jpg\",\"width\":796,\"height\":448,\"caption\":\"Nassur Bacem\"},{\"@type\":\"BreadcrumbList\",\"@id\":\"https:\/\/portaltela.pt\/noticias\/2026\/01\/21\/jogador-do-moncarapachense-morre-em-campo-durante-taca-do-algarve\/#breadcrumb\",\"itemListElement\":[{\"@type\":\"ListItem\",\"position\":1,\"name\":\"In\u00edcio\",\"item\":\"https:\/\/portaltela.pt\/\"},{\"@type\":\"ListItem\",\"position\":2,\"name\":\"Jogador do Moncarapachense morre em campo durante Ta\u00e7a do Algarve\"}]},{\"@type\":\"WebSite\",\"@id\":\"https:\/\/portaltela.pt\/#website\",\"url\":\"https:\/\/portaltela.pt\/\",\"name\":\"Portal Tela Portugal\",\"description\":\"\",\"potentialAction\":[{\"@type\":\"SearchAction\",\"target\":{\"@type\":\"EntryPoint\",\"urlTemplate\":\"https:\/\/portaltela.pt\/?s={search_term_string}\"},\"query-input\":{\"@type\":\"PropertyValueSpecification\",\"valueRequired\":true,\"valueName\":\"search_term_string\"}}],\"inLanguage\":\"pt-PT\"},{\"@type\":\"Person\",\"@id\":\"https:\/\/portaltela.pt\/#\/schema\/person\/c4278d4a6028830caff9ee44b42d32ed\",\"name\":\"Telinha\",\"image\":{\"@type\":\"ImageObject\",\"inLanguage\":\"pt-PT\",\"@id\":\"https:\/\/portaltela.pt\/s.01k8rhncp4jt1\/2025\/11\/talking-bot-125x125.png\",\"url\":\"https:\/\/portaltela.pt\/s.01k8rhncp4jt1\/2025\/11\/talking-bot-125x125.png\",\"contentUrl\":\"https:\/\/portaltela.pt\/s.01k8rhncp4jt1\/2025\/11\/talking-bot-125x125.png\",\"caption\":\"Telinha\"},\"sameAs\":[\"https:\/\/portaltela.pt\/\"],\"url\":\"https:\/\/portaltela.pt\/por\/367410592786\/\"}]}<\/script>\n<!-- \/ Yoast SEO plugin. -->","yoast_head_json":{"title":"Jogador do Moncarapachense morre em campo durante Ta\u00e7a do Algarve - Portal Tela Portugal","robots":{"index":"index","follow":"follow","max-snippet":"max-snippet:-1","max-image-preview":"max-image-preview:large","max-video-preview":"max-video-preview:-1"},"og_locale":"pt_PT","og_type":"article","og_title":"Jogador do Moncarapachense morre em campo durante Ta\u00e7a do Algarve - Portal Tela Portugal","og_description":"Nassur Bacem, defesa do Moncarapachense de 27 anos, morreu na noite de ontem v\u00edtima de paragem cardiorrespirat\u00f3ria, durante a Ta\u00e7a do Algarve. O epis\u00f3dio ocorreu no Est\u00e1dio Municipal de Olh\u00e3o, no jogo contra o Imortal, aos vinte minutos, com o golo de Marocas. O jogador foi assistido pela equipa m\u00e9dica, utilizou-se o desfibrilhador e chegou uma equipa do INEM, chegando ao hospital de Faro j\u00e1 sem vida. O encontro n\u00e3o foi retomado e a Moncarapachense afirmou que n\u00e3o tem condi\u00e7\u00f5es para jogar no pr\u00f3ximo domingo, diante do Alcochetense. O corpo ser\u00e1 autopsiado; as cerim\u00f3nias f\u00fanebres devem realizar-se na zona de Aveiro, onde residia a fam\u00edlia, e Bacem j\u00e1 passou por v\u00e1rios clubes antes de chegar ao Moncarapachense.","og_url":"https:\/\/portaltela.pt\/noticias\/2026\/01\/21\/jogador-do-moncarapachense-morre-em-campo-durante-taca-do-algarve\/","og_site_name":"Portal Tela Portugal","article_published_time":"2026-01-21T23:43:00+00:00","author":"Telinha","twitter_card":"summary_large_image","twitter_misc":{"Escrito por":"Telinha","Tempo estimado de leitura":"1 minuto"},"schema":{"@context":"https:\/\/schema.org","@graph":[{"@type":"Article","@id":"https:\/\/portaltela.pt\/noticias\/2026\/01\/21\/jogador-do-moncarapachense-morre-em-campo-durante-taca-do-algarve\/#article","isPartOf":{"@id":"https:\/\/portaltela.pt\/noticias\/2026\/01\/21\/jogador-do-moncarapachense-morre-em-campo-durante-taca-do-algarve\/"},"author":{"name":"Telinha","@id":"https:\/\/portaltela.pt\/#\/schema\/person\/c4278d4a6028830caff9ee44b42d32ed"},"headline":"Jogador do Moncarapachense morre em campo durante Ta\u00e7a do Algarve","datePublished":"2026-01-21T23:43:00+00:00","mainEntityOfPage":{"@id":"https:\/\/portaltela.pt\/noticias\/2026\/01\/21\/jogador-do-moncarapachense-morre-em-campo-durante-taca-do-algarve\/"},"wordCount":216,"image":{"@id":"https:\/\/portaltela.pt\/noticias\/2026\/01\/21\/jogador-do-moncarapachense-morre-em-campo-durante-taca-do-algarve\/#primaryimage"},"thumbnailUrl":"https:\/\/portaltela.pt\/s.01k8rhncp4jt1\/2026\/01\/img_920x518uu2026-01-21-23-41-02-2416460-4.jpg","keywords":["Algarve","Aveiro","desporto","futebol","futebolista","Moncarapachense"],"articleSection":["Desporto"],"inLanguage":"pt-PT"},{"@type":"WebPage","@id":"https:\/\/portaltela.pt\/noticias\/2026\/01\/21\/jogador-do-moncarapachense-morre-em-campo-durante-taca-do-algarve\/","url":"https:\/\/portaltela.pt\/noticias\/2026\/01\/21\/jogador-do-moncarapachense-morre-em-campo-durante-taca-do-algarve\/","name":"Jogador do Moncarapachense morre em campo durante Ta\u00e7a do Algarve - Portal Tela Portugal","isPartOf":{"@id":"https:\/\/portaltela.pt\/#website"},"primaryImageOfPage":{"@id":"https:\/\/portaltela.pt\/noticias\/2026\/01\/21\/jogador-do-moncarapachense-morre-em-campo-durante-taca-do-algarve\/#primaryimage"},"image":{"@id":"https:\/\/portaltela.pt\/noticias\/2026\/01\/21\/jogador-do-moncarapachense-morre-em-campo-durante-taca-do-algarve\/#primaryimage"},"thumbnailUrl":"https:\/\/portaltela.pt\/s.01k8rhncp4jt1\/2026\/01\/img_920x518uu2026-01-21-23-41-02-2416460-4.jpg","datePublished":"2026-01-21T23:43:00+00:00","author":{"@id":"https:\/\/portaltela.pt\/#\/schema\/person\/c4278d4a6028830caff9ee44b42d32ed"},"breadcrumb":{"@id":"https:\/\/portaltela.pt\/noticias\/2026\/01\/21\/jogador-do-moncarapachense-morre-em-campo-durante-taca-do-algarve\/#breadcrumb"},"inLanguage":"pt-PT","potentialAction":[{"@type":"ReadAction","target":["https:\/\/portaltela.pt\/noticias\/2026\/01\/21\/jogador-do-moncarapachense-morre-em-campo-durante-taca-do-algarve\/"]}]},{"@type":"ImageObject","inLanguage":"pt-PT","@id":"https:\/\/portaltela.pt\/noticias\/2026\/01\/21\/jogador-do-moncarapachense-morre-em-campo-durante-taca-do-algarve\/#primaryimage","url":"https:\/\/portaltela.pt\/s.01k8rhncp4jt1\/2026\/01\/img_920x518uu2026-01-21-23-41-02-2416460-4.jpg","contentUrl":"https:\/\/portaltela.pt\/s.01k8rhncp4jt1\/2026\/01\/img_920x518uu2026-01-21-23-41-02-2416460-4.jpg","width":796,"height":448,"caption":"Nassur Bacem"},{"@type":"BreadcrumbList","@id":"https:\/\/portaltela.pt\/noticias\/2026\/01\/21\/jogador-do-moncarapachense-morre-em-campo-durante-taca-do-algarve\/#breadcrumb","itemListElement":[{"@type":"ListItem","position":1,"name":"In\u00edcio","item":"https:\/\/portaltela.pt\/"},{"@type":"ListItem","position":2,"name":"Jogador do Moncarapachense morre em campo durante Ta\u00e7a do Algarve"}]},{"@type":"WebSite","@id":"https:\/\/portaltela.pt\/#website","url":"https:\/\/portaltela.pt\/","name":"Portal Tela Portugal","description":"","potentialAction":[{"@type":"SearchAction","target":{"@type":"EntryPoint","urlTemplate":"https:\/\/portaltela.pt\/?s={search_term_string}"},"query-input":{"@type":"PropertyValueSpecification","valueRequired":true,"valueName":"search_term_string"}}],"inLanguage":"pt-PT"},{"@type":"Person","@id":"https:\/\/portaltela.pt\/#\/schema\/person\/c4278d4a6028830caff9ee44b42d32ed","name":"Telinha","image":{"@type":"ImageObject","inLanguage":"pt-PT","@id":"https:\/\/portaltela.pt\/s.01k8rhncp4jt1\/2025\/11\/talking-bot-125x125.png","url":"https:\/\/portaltela.pt\/s.01k8rhncp4jt1\/2025\/11\/talking-bot-125x125.png","contentUrl":"https:\/\/portaltela.pt\/s.01k8rhncp4jt1\/2025\/11\/talking-bot-125x125.png","caption":"Telinha"},"sameAs":["https:\/\/portaltela.pt\/"],"url":"https:\/\/portaltela.pt\/por\/367410592786\/"}]}},"_links":{"self":[{"href":"https:\/\/portaltela.pt\/api\/wp\/v2\/posts\/163424","targetHints":{"allow":["GET"]}}],"collection":[{"href":"https:\/\/portaltela.pt\/api\/wp\/v2\/posts"}],"about":[{"href":"https:\/\/portaltela.pt\/api\/wp\/v2\/types\/post"}],"author":[{"embeddable":true,"href":"https:\/\/portaltela.pt\/api\/wp\/v2\/users\/2"}],"replies":[{"embeddable":true,"href":"https:\/\/portaltela.pt\/api\/wp\/v2\/comments?post=163424"}],"version-history":[{"count":0,"href":"https:\/\/portaltela.pt\/api\/wp\/v2\/posts\/163424\/revisions"}],"wp:featuredmedia":[{"embeddable":true,"href":"https:\/\/portaltela.pt\/api\/wp\/v2\/media\/163481"}],"wp:attachment":[{"href":"https:\/\/portaltela.pt\/api\/wp\/v2\/media?parent=163424"}],"wp:term":[{"taxonomy":"category","embeddable":true,"href":"https:\/\/portaltela.pt\/api\/wp\/v2\/categories?post=163424"},{"taxonomy":"post_tag","embeddable":true,"href":"https:\/\/portaltela.pt\/api\/wp\/v2\/tags?post=163424"}],"curies":[{"name":"wp","href":"https:\/\/api.w.org\/{rel}","templated":true}]}}