{"id":163418,"date":"2026-01-22T10:37:14","date_gmt":"2026-01-22T13:37:14","guid":{"rendered":"https:\/\/portaltela.pt\/noticias\/2026\/01\/22\/moncao-quer-apoiar-bombeiros-no-pagamento-do-imi-da-habitacao-propria\/"},"modified":"2026-01-22T10:37:14","modified_gmt":"2026-01-22T13:37:14","slug":"moncao-quer-apoiar-bombeiros-no-pagamento-do-imi-da-habitacao-propria","status":"publish","type":"post","link":"https:\/\/portaltela.pt\/noticias\/2026\/01\/22\/moncao-quer-apoiar-bombeiros-no-pagamento-do-imi-da-habitacao-propria\/","title":{"rendered":"Mon\u00e7\u00e3o quer apoiar bombeiros no pagamento do IMI da habita\u00e7\u00e3o pr\u00f3pria"},"content":{"rendered":"<p>A C\u00e2mara de Mon\u00e7\u00e3o vai colocar em discuss\u00e3o p\u00fablica um regulamento que prev\u00ea apoiar os bombeiros volunt\u00e1rios no pagamento do IMI da habita\u00e7\u00e3o pr\u00f3pria e permanente. A iniciativa foi aprovada pelo executivo e abre um per\u00edodo de consulta de 30 dias.<\/p>\n<p>O apoio pode chegar a um m\u00e1ximo de 750 euros anuais e aplica-se aos im\u00f3veis destinados \u00e0 habita\u00e7\u00e3o pr\u00f3pria e permanente do bombeiro e do agregado familiar. A concess\u00e3o est\u00e1 condicionada \u00e0 apresenta\u00e7\u00e3o da nota de cobran\u00e7a e ao comprovativo de pagamento do IMI.<\/p>\n<p>Para bombeiros com menos tempo de servi\u00e7o, o apoio varia conforme o tempo de servi\u00e7o efetivo. Enquanto h\u00e1 30% do valor at\u00e9 200 euros para quem tem pelo menos 3 anos, 50% at\u00e9 250 euros a partir de 10 anos, e 75% at\u00e9 500 euros com 15 anos ou mais. O limite global permanece nos 750 euros.<\/p>\n<p>O regulamento prev\u00ea ainda isen\u00e7\u00f5es de taxas municipais em licenciamento ou comunica\u00e7\u00e3o pr\u00e9via de opera\u00e7\u00f5es urban\u00edsticas para im\u00f3veis usados como habita\u00e7\u00e3o pr\u00f3pria e permanente, desde que haja compromisso de perman\u00eancia de pelo menos tr\u00eas anos. Em caso de incumprimento, poder\u00e1 haver devolu\u00e7\u00e3o.<\/p>\n<p>A isto somam-se isen\u00e7\u00f5es de taxas de liga\u00e7\u00e3o aos sistemas de \u00e1gua e saneamento, sempre que dispon\u00edveis, e uma tarifa especial de \u00e1gua id\u00eantica \u00e0 tarifa social para bombeiros residentes, desde que o contrato esteja no nome do bombeiro ou do seu agregado.<\/p>\n<p>A medida inclui ainda bolsas de estudo de 250 euros mensais para filhos menores de bombeiros falecidos ou incapacitados em servi\u00e7o, at\u00e9 atingirem a maioridade, desde que tenham aproveitamento escolar. Tamb\u00e9m est\u00e1 prevista a isen\u00e7\u00e3o da taxa de refei\u00e7\u00f5es escolares para descendentes diretos.<\/p>\n<p>Existem ainda benef\u00edcios adicionais, como apoio psicol\u00f3gico, descontos na piscina municipal e isen\u00e7\u00f5es em eventos desportivos, recreativos e culturais promovidos pelo munic\u00edpio.<\/p>\n<p>A C\u00e2mara pretende assim reconhecer o trabalho dos bombeiros volunt\u00e1rios, valorizar a sua perman\u00eancia na corpora\u00e7\u00e3o e incentivar a ades\u00e3o de novos elementos \u00e0 causa humanit\u00e1ria.<\/p>\n<p>A consulta p\u00fablica decorre at\u00e9 \u00e0 aprova\u00e7\u00e3o da vers\u00e3o final do regulamento. As informa\u00e7\u00f5es oficiais indicam que o objetivo \u00e9 assegurar apoio financeiro est\u00e1vel sem comprometer as finan\u00e7as municipais.<\/p>\n","protected":false},"excerpt":{"rendered":"<ul>\n<li>Mon\u00e7\u00e3o vai abrir consulta p\u00fablica de 30 dias sobre o regulamento de apoio ao IMI da habita\u00e7\u00e3o pr\u00f3pria de bombeiros volunt\u00e1rios, aprovado em reuni\u00e3o do executivo.<\/li>\n<li>O apoio pode chegar a 750 euros anuais e pode abranger a totalidade do IMI para bombeiros com pelo menos 25 anos de servi\u00e7o efetivo.<\/li>\n<li>O apoio \u00e9 escalonado: 30% do valor pago at\u00e9 200 euros\/ano (m\u00ednimo de 3 anos de servi\u00e7o), 50% at\u00e9 250 euros (m\u00ednimo de 10 anos) e 75% at\u00e9 500 euros (m\u00ednimo de 15 anos).<\/li>\n<li>O regulamento prev\u00ea ainda isen\u00e7\u00f5es e benef\u00edcios, como taxas de licenciamento para habita\u00e7\u00e3o pr\u00f3pria, isen\u00e7\u00e3o de taxas de liga\u00e7\u00e3o a \u00e1gua e saneamento, tarifa de \u00e1gua social para bombeiros residentes, bolsas de estudo para filhos de bombeiros falecidos\/acidentados, e isen\u00e7\u00e3o de refei\u00e7\u00f5es escolares para descendentes diretos.<\/li>\n<li>H\u00e1 obrigatoriedade de apresenta\u00e7\u00e3o de comprovativos e compromisso de perman\u00eancia de tr\u00eas anos, com possibilidade de devolu\u00e7\u00e3o caso n\u00e3o seja cumprido, al\u00e9m de apoio psicol\u00f3gico, descontos na piscina e isen\u00e7\u00f5es em eventos municipais.<\/li>\n<\/ul>\n","protected":false},"author":2,"featured_media":163442,"comment_status":"closed","ping_status":"closed","sticky":false,"template":"","format":"standard","meta":{"footnotes":""},"categories":[1],"tags":[2035,971,163,150,1208,2000],"class_list":["post-163418","post","type-post","status-publish","format-standard","has-post-thumbnail","hentry","category-noticias","tag-bolsas","tag-bombeiros","tag-educacao","tag-habitacao","tag-imi","tag-moncao"],"yoast_head":"<!-- This site is optimized with the Yoast SEO plugin v27.2 - https:\/\/yoast.com\/product\/yoast-seo-wordpress\/ -->\n<title>Mon\u00e7\u00e3o quer apoiar bombeiros no pagamento do IMI da habita\u00e7\u00e3o pr\u00f3pria - Portal Tela Portugal<\/title>\n<meta name=\"robots\" content=\"index, follow, max-snippet:-1, max-image-preview:large, max-video-preview:-1\" \/>\n<meta property=\"og:locale\" content=\"pt_PT\" \/>\n<meta property=\"og:type\" content=\"article\" \/>\n<meta property=\"og:title\" content=\"Mon\u00e7\u00e3o quer apoiar bombeiros no pagamento do IMI da habita\u00e7\u00e3o pr\u00f3pria - Portal Tela Portugal\" \/>\n<meta property=\"og:description\" content=\"Mon\u00e7\u00e3o vai abrir consulta p\u00fablica de 30 dias sobre o regulamento de apoio ao IMI da habita\u00e7\u00e3o pr\u00f3pria de bombeiros volunt\u00e1rios, aprovado em reuni\u00e3o do executivo. O apoio pode chegar a 750 euros anuais e pode abranger a totalidade do IMI para bombeiros com pelo menos 25 anos de servi\u00e7o efetivo. O apoio \u00e9 escalonado: 30% do valor pago at\u00e9 200 euros\/ano (m\u00ednimo de 3 anos de servi\u00e7o), 50% at\u00e9 250 euros (m\u00ednimo de 10 anos) e 75% at\u00e9 500 euros (m\u00ednimo de 15 anos). O regulamento prev\u00ea ainda isen\u00e7\u00f5es e benef\u00edcios, como taxas de licenciamento para habita\u00e7\u00e3o pr\u00f3pria, isen\u00e7\u00e3o de taxas de liga\u00e7\u00e3o a \u00e1gua e saneamento, tarifa de \u00e1gua social para bombeiros residentes, bolsas de estudo para filhos de bombeiros falecidos\/acidentados, e isen\u00e7\u00e3o de refei\u00e7\u00f5es escolares para descendentes diretos. H\u00e1 obrigatoriedade de apresenta\u00e7\u00e3o de comprovativos e compromisso de perman\u00eancia de tr\u00eas anos, com possibilidade de devolu\u00e7\u00e3o caso n\u00e3o seja cumprido, al\u00e9m de apoio psicol\u00f3gico, descontos na piscina e isen\u00e7\u00f5es em eventos municipais.\" \/>\n<meta property=\"og:url\" content=\"https:\/\/portaltela.pt\/noticias\/2026\/01\/22\/moncao-quer-apoiar-bombeiros-no-pagamento-do-imi-da-habitacao-propria\/\" \/>\n<meta property=\"og:site_name\" content=\"Portal Tela Portugal\" \/>\n<meta property=\"article:published_time\" content=\"2026-01-22T13:37:14+00:00\" \/>\n<meta name=\"author\" content=\"Telinha\" \/>\n<meta name=\"twitter:card\" content=\"summary_large_image\" \/>\n<meta name=\"twitter:label1\" content=\"Escrito por\" \/>\n\t<meta name=\"twitter:data1\" content=\"Telinha\" \/>\n\t<meta name=\"twitter:label2\" content=\"Tempo estimado de leitura\" \/>\n\t<meta name=\"twitter:data2\" content=\"2 minutos\" \/>\n<script type=\"application\/ld+json\" class=\"yoast-schema-graph\">{\"@context\":\"https:\/\/schema.org\",\"@graph\":[{\"@type\":\"Article\",\"@id\":\"https:\/\/portaltela.pt\/noticias\/2026\/01\/22\/moncao-quer-apoiar-bombeiros-no-pagamento-do-imi-da-habitacao-propria\/#article\",\"isPartOf\":{\"@id\":\"https:\/\/portaltela.pt\/noticias\/2026\/01\/22\/moncao-quer-apoiar-bombeiros-no-pagamento-do-imi-da-habitacao-propria\/\"},\"author\":{\"name\":\"Telinha\",\"@id\":\"https:\/\/portaltela.pt\/#\/schema\/person\/c4278d4a6028830caff9ee44b42d32ed\"},\"headline\":\"Mon\u00e7\u00e3o quer apoiar bombeiros no pagamento do IMI da habita\u00e7\u00e3o pr\u00f3pria\",\"datePublished\":\"2026-01-22T13:37:14+00:00\",\"mainEntityOfPage\":{\"@id\":\"https:\/\/portaltela.pt\/noticias\/2026\/01\/22\/moncao-quer-apoiar-bombeiros-no-pagamento-do-imi-da-habitacao-propria\/\"},\"wordCount\":394,\"image\":{\"@id\":\"https:\/\/portaltela.pt\/noticias\/2026\/01\/22\/moncao-quer-apoiar-bombeiros-no-pagamento-do-imi-da-habitacao-propria\/#primaryimage\"},\"thumbnailUrl\":\"https:\/\/portaltela.pt\/s.01k8rhncp4jt1\/2026\/01\/img_1500x1000uu2025-12-26-00-06-09-2256386-5.jpg\",\"keywords\":[\"bolsas\",\"bombeiros\",\"educa\u00e7\u00e3o\",\"habita\u00e7\u00e3o\",\"IMI\",\"Mon\u00e7\u00e3o\"],\"articleSection\":[\"Not\u00edcias\"],\"inLanguage\":\"pt-PT\"},{\"@type\":\"WebPage\",\"@id\":\"https:\/\/portaltela.pt\/noticias\/2026\/01\/22\/moncao-quer-apoiar-bombeiros-no-pagamento-do-imi-da-habitacao-propria\/\",\"url\":\"https:\/\/portaltela.pt\/noticias\/2026\/01\/22\/moncao-quer-apoiar-bombeiros-no-pagamento-do-imi-da-habitacao-propria\/\",\"name\":\"Mon\u00e7\u00e3o quer apoiar bombeiros no pagamento do IMI da habita\u00e7\u00e3o pr\u00f3pria - Portal Tela Portugal\",\"isPartOf\":{\"@id\":\"https:\/\/portaltela.pt\/#website\"},\"primaryImageOfPage\":{\"@id\":\"https:\/\/portaltela.pt\/noticias\/2026\/01\/22\/moncao-quer-apoiar-bombeiros-no-pagamento-do-imi-da-habitacao-propria\/#primaryimage\"},\"image\":{\"@id\":\"https:\/\/portaltela.pt\/noticias\/2026\/01\/22\/moncao-quer-apoiar-bombeiros-no-pagamento-do-imi-da-habitacao-propria\/#primaryimage\"},\"thumbnailUrl\":\"https:\/\/portaltela.pt\/s.01k8rhncp4jt1\/2026\/01\/img_1500x1000uu2025-12-26-00-06-09-2256386-5.jpg\",\"datePublished\":\"2026-01-22T13:37:14+00:00\",\"author\":{\"@id\":\"https:\/\/portaltela.pt\/#\/schema\/person\/c4278d4a6028830caff9ee44b42d32ed\"},\"breadcrumb\":{\"@id\":\"https:\/\/portaltela.pt\/noticias\/2026\/01\/22\/moncao-quer-apoiar-bombeiros-no-pagamento-do-imi-da-habitacao-propria\/#breadcrumb\"},\"inLanguage\":\"pt-PT\",\"potentialAction\":[{\"@type\":\"ReadAction\",\"target\":[\"https:\/\/portaltela.pt\/noticias\/2026\/01\/22\/moncao-quer-apoiar-bombeiros-no-pagamento-do-imi-da-habitacao-propria\/\"]}]},{\"@type\":\"ImageObject\",\"inLanguage\":\"pt-PT\",\"@id\":\"https:\/\/portaltela.pt\/noticias\/2026\/01\/22\/moncao-quer-apoiar-bombeiros-no-pagamento-do-imi-da-habitacao-propria\/#primaryimage\",\"url\":\"https:\/\/portaltela.pt\/s.01k8rhncp4jt1\/2026\/01\/img_1500x1000uu2025-12-26-00-06-09-2256386-5.jpg\",\"contentUrl\":\"https:\/\/portaltela.pt\/s.01k8rhncp4jt1\/2026\/01\/img_1500x1000uu2025-12-26-00-06-09-2256386-5.jpg\",\"width\":796,\"height\":448,\"caption\":\"Bombeiros\"},{\"@type\":\"BreadcrumbList\",\"@id\":\"https:\/\/portaltela.pt\/noticias\/2026\/01\/22\/moncao-quer-apoiar-bombeiros-no-pagamento-do-imi-da-habitacao-propria\/#breadcrumb\",\"itemListElement\":[{\"@type\":\"ListItem\",\"position\":1,\"name\":\"In\u00edcio\",\"item\":\"https:\/\/portaltela.pt\/\"},{\"@type\":\"ListItem\",\"position\":2,\"name\":\"Mon\u00e7\u00e3o quer apoiar bombeiros no pagamento do IMI da habita\u00e7\u00e3o pr\u00f3pria\"}]},{\"@type\":\"WebSite\",\"@id\":\"https:\/\/portaltela.pt\/#website\",\"url\":\"https:\/\/portaltela.pt\/\",\"name\":\"Portal Tela Portugal\",\"description\":\"\",\"potentialAction\":[{\"@type\":\"SearchAction\",\"target\":{\"@type\":\"EntryPoint\",\"urlTemplate\":\"https:\/\/portaltela.pt\/?s={search_term_string}\"},\"query-input\":{\"@type\":\"PropertyValueSpecification\",\"valueRequired\":true,\"valueName\":\"search_term_string\"}}],\"inLanguage\":\"pt-PT\"},{\"@type\":\"Person\",\"@id\":\"https:\/\/portaltela.pt\/#\/schema\/person\/c4278d4a6028830caff9ee44b42d32ed\",\"name\":\"Telinha\",\"image\":{\"@type\":\"ImageObject\",\"inLanguage\":\"pt-PT\",\"@id\":\"https:\/\/portaltela.pt\/s.01k8rhncp4jt1\/2025\/11\/talking-bot-125x125.png\",\"url\":\"https:\/\/portaltela.pt\/s.01k8rhncp4jt1\/2025\/11\/talking-bot-125x125.png\",\"contentUrl\":\"https:\/\/portaltela.pt\/s.01k8rhncp4jt1\/2025\/11\/talking-bot-125x125.png\",\"caption\":\"Telinha\"},\"sameAs\":[\"https:\/\/portaltela.pt\/\"],\"url\":\"https:\/\/portaltela.pt\/por\/367410592786\/\"}]}<\/script>\n<!-- \/ Yoast SEO plugin. -->","yoast_head_json":{"title":"Mon\u00e7\u00e3o quer apoiar bombeiros no pagamento do IMI da habita\u00e7\u00e3o pr\u00f3pria - Portal Tela Portugal","robots":{"index":"index","follow":"follow","max-snippet":"max-snippet:-1","max-image-preview":"max-image-preview:large","max-video-preview":"max-video-preview:-1"},"og_locale":"pt_PT","og_type":"article","og_title":"Mon\u00e7\u00e3o quer apoiar bombeiros no pagamento do IMI da habita\u00e7\u00e3o pr\u00f3pria - Portal Tela Portugal","og_description":"Mon\u00e7\u00e3o vai abrir consulta p\u00fablica de 30 dias sobre o regulamento de apoio ao IMI da habita\u00e7\u00e3o pr\u00f3pria de bombeiros volunt\u00e1rios, aprovado em reuni\u00e3o do executivo. O apoio pode chegar a 750 euros anuais e pode abranger a totalidade do IMI para bombeiros com pelo menos 25 anos de servi\u00e7o efetivo. O apoio \u00e9 escalonado: 30% do valor pago at\u00e9 200 euros\/ano (m\u00ednimo de 3 anos de servi\u00e7o), 50% at\u00e9 250 euros (m\u00ednimo de 10 anos) e 75% at\u00e9 500 euros (m\u00ednimo de 15 anos). O regulamento prev\u00ea ainda isen\u00e7\u00f5es e benef\u00edcios, como taxas de licenciamento para habita\u00e7\u00e3o pr\u00f3pria, isen\u00e7\u00e3o de taxas de liga\u00e7\u00e3o a \u00e1gua e saneamento, tarifa de \u00e1gua social para bombeiros residentes, bolsas de estudo para filhos de bombeiros falecidos\/acidentados, e isen\u00e7\u00e3o de refei\u00e7\u00f5es escolares para descendentes diretos. H\u00e1 obrigatoriedade de apresenta\u00e7\u00e3o de comprovativos e compromisso de perman\u00eancia de tr\u00eas anos, com possibilidade de devolu\u00e7\u00e3o caso n\u00e3o seja cumprido, al\u00e9m de apoio psicol\u00f3gico, descontos na piscina e isen\u00e7\u00f5es em eventos municipais.","og_url":"https:\/\/portaltela.pt\/noticias\/2026\/01\/22\/moncao-quer-apoiar-bombeiros-no-pagamento-do-imi-da-habitacao-propria\/","og_site_name":"Portal Tela Portugal","article_published_time":"2026-01-22T13:37:14+00:00","author":"Telinha","twitter_card":"summary_large_image","twitter_misc":{"Escrito por":"Telinha","Tempo estimado de leitura":"2 minutos"},"schema":{"@context":"https:\/\/schema.org","@graph":[{"@type":"Article","@id":"https:\/\/portaltela.pt\/noticias\/2026\/01\/22\/moncao-quer-apoiar-bombeiros-no-pagamento-do-imi-da-habitacao-propria\/#article","isPartOf":{"@id":"https:\/\/portaltela.pt\/noticias\/2026\/01\/22\/moncao-quer-apoiar-bombeiros-no-pagamento-do-imi-da-habitacao-propria\/"},"author":{"name":"Telinha","@id":"https:\/\/portaltela.pt\/#\/schema\/person\/c4278d4a6028830caff9ee44b42d32ed"},"headline":"Mon\u00e7\u00e3o quer apoiar bombeiros no pagamento do IMI da habita\u00e7\u00e3o pr\u00f3pria","datePublished":"2026-01-22T13:37:14+00:00","mainEntityOfPage":{"@id":"https:\/\/portaltela.pt\/noticias\/2026\/01\/22\/moncao-quer-apoiar-bombeiros-no-pagamento-do-imi-da-habitacao-propria\/"},"wordCount":394,"image":{"@id":"https:\/\/portaltela.pt\/noticias\/2026\/01\/22\/moncao-quer-apoiar-bombeiros-no-pagamento-do-imi-da-habitacao-propria\/#primaryimage"},"thumbnailUrl":"https:\/\/portaltela.pt\/s.01k8rhncp4jt1\/2026\/01\/img_1500x1000uu2025-12-26-00-06-09-2256386-5.jpg","keywords":["bolsas","bombeiros","educa\u00e7\u00e3o","habita\u00e7\u00e3o","IMI","Mon\u00e7\u00e3o"],"articleSection":["Not\u00edcias"],"inLanguage":"pt-PT"},{"@type":"WebPage","@id":"https:\/\/portaltela.pt\/noticias\/2026\/01\/22\/moncao-quer-apoiar-bombeiros-no-pagamento-do-imi-da-habitacao-propria\/","url":"https:\/\/portaltela.pt\/noticias\/2026\/01\/22\/moncao-quer-apoiar-bombeiros-no-pagamento-do-imi-da-habitacao-propria\/","name":"Mon\u00e7\u00e3o quer apoiar bombeiros no pagamento do IMI da habita\u00e7\u00e3o pr\u00f3pria - Portal Tela Portugal","isPartOf":{"@id":"https:\/\/portaltela.pt\/#website"},"primaryImageOfPage":{"@id":"https:\/\/portaltela.pt\/noticias\/2026\/01\/22\/moncao-quer-apoiar-bombeiros-no-pagamento-do-imi-da-habitacao-propria\/#primaryimage"},"image":{"@id":"https:\/\/portaltela.pt\/noticias\/2026\/01\/22\/moncao-quer-apoiar-bombeiros-no-pagamento-do-imi-da-habitacao-propria\/#primaryimage"},"thumbnailUrl":"https:\/\/portaltela.pt\/s.01k8rhncp4jt1\/2026\/01\/img_1500x1000uu2025-12-26-00-06-09-2256386-5.jpg","datePublished":"2026-01-22T13:37:14+00:00","author":{"@id":"https:\/\/portaltela.pt\/#\/schema\/person\/c4278d4a6028830caff9ee44b42d32ed"},"breadcrumb":{"@id":"https:\/\/portaltela.pt\/noticias\/2026\/01\/22\/moncao-quer-apoiar-bombeiros-no-pagamento-do-imi-da-habitacao-propria\/#breadcrumb"},"inLanguage":"pt-PT","potentialAction":[{"@type":"ReadAction","target":["https:\/\/portaltela.pt\/noticias\/2026\/01\/22\/moncao-quer-apoiar-bombeiros-no-pagamento-do-imi-da-habitacao-propria\/"]}]},{"@type":"ImageObject","inLanguage":"pt-PT","@id":"https:\/\/portaltela.pt\/noticias\/2026\/01\/22\/moncao-quer-apoiar-bombeiros-no-pagamento-do-imi-da-habitacao-propria\/#primaryimage","url":"https:\/\/portaltela.pt\/s.01k8rhncp4jt1\/2026\/01\/img_1500x1000uu2025-12-26-00-06-09-2256386-5.jpg","contentUrl":"https:\/\/portaltela.pt\/s.01k8rhncp4jt1\/2026\/01\/img_1500x1000uu2025-12-26-00-06-09-2256386-5.jpg","width":796,"height":448,"caption":"Bombeiros"},{"@type":"BreadcrumbList","@id":"https:\/\/portaltela.pt\/noticias\/2026\/01\/22\/moncao-quer-apoiar-bombeiros-no-pagamento-do-imi-da-habitacao-propria\/#breadcrumb","itemListElement":[{"@type":"ListItem","position":1,"name":"In\u00edcio","item":"https:\/\/portaltela.pt\/"},{"@type":"ListItem","position":2,"name":"Mon\u00e7\u00e3o quer apoiar bombeiros no pagamento do IMI da habita\u00e7\u00e3o pr\u00f3pria"}]},{"@type":"WebSite","@id":"https:\/\/portaltela.pt\/#website","url":"https:\/\/portaltela.pt\/","name":"Portal Tela Portugal","description":"","potentialAction":[{"@type":"SearchAction","target":{"@type":"EntryPoint","urlTemplate":"https:\/\/portaltela.pt\/?s={search_term_string}"},"query-input":{"@type":"PropertyValueSpecification","valueRequired":true,"valueName":"search_term_string"}}],"inLanguage":"pt-PT"},{"@type":"Person","@id":"https:\/\/portaltela.pt\/#\/schema\/person\/c4278d4a6028830caff9ee44b42d32ed","name":"Telinha","image":{"@type":"ImageObject","inLanguage":"pt-PT","@id":"https:\/\/portaltela.pt\/s.01k8rhncp4jt1\/2025\/11\/talking-bot-125x125.png","url":"https:\/\/portaltela.pt\/s.01k8rhncp4jt1\/2025\/11\/talking-bot-125x125.png","contentUrl":"https:\/\/portaltela.pt\/s.01k8rhncp4jt1\/2025\/11\/talking-bot-125x125.png","caption":"Telinha"},"sameAs":["https:\/\/portaltela.pt\/"],"url":"https:\/\/portaltela.pt\/por\/367410592786\/"}]}},"_links":{"self":[{"href":"https:\/\/portaltela.pt\/api\/wp\/v2\/posts\/163418","targetHints":{"allow":["GET"]}}],"collection":[{"href":"https:\/\/portaltela.pt\/api\/wp\/v2\/posts"}],"about":[{"href":"https:\/\/portaltela.pt\/api\/wp\/v2\/types\/post"}],"author":[{"embeddable":true,"href":"https:\/\/portaltela.pt\/api\/wp\/v2\/users\/2"}],"replies":[{"embeddable":true,"href":"https:\/\/portaltela.pt\/api\/wp\/v2\/comments?post=163418"}],"version-history":[{"count":0,"href":"https:\/\/portaltela.pt\/api\/wp\/v2\/posts\/163418\/revisions"}],"wp:featuredmedia":[{"embeddable":true,"href":"https:\/\/portaltela.pt\/api\/wp\/v2\/media\/163442"}],"wp:attachment":[{"href":"https:\/\/portaltela.pt\/api\/wp\/v2\/media?parent=163418"}],"wp:term":[{"taxonomy":"category","embeddable":true,"href":"https:\/\/portaltela.pt\/api\/wp\/v2\/categories?post=163418"},{"taxonomy":"post_tag","embeddable":true,"href":"https:\/\/portaltela.pt\/api\/wp\/v2\/tags?post=163418"}],"curies":[{"name":"wp","href":"https:\/\/api.w.org\/{rel}","templated":true}]}}