{"id":163414,"date":"2026-01-22T10:36:00","date_gmt":"2026-01-22T13:36:00","guid":{"rendered":"https:\/\/portaltela.pt\/noticias\/2026\/01\/22\/ex-militante-do-ps-detida-por-integrar-grupo-1143\/"},"modified":"2026-01-22T10:36:00","modified_gmt":"2026-01-22T13:36:00","slug":"ex-militante-do-ps-detida-por-integrar-grupo-1143","status":"publish","type":"post","link":"https:\/\/portaltela.pt\/noticias\/2026\/01\/22\/ex-militante-do-ps-detida-por-integrar-grupo-1143\/","title":{"rendered":"Ex-militante do PS detida por integrar grupo 1143"},"content":{"rendered":"<p>A ex-militante do PS Vanda Loureiro integra o ducto de deten\u00e7\u00f5es da chamada Opera\u00e7\u00e3o Irmandade da Pol\u00edcia Judici\u00e1ria, que j\u00e1 deteve 37 membros do Grupo 1143, liderado pelo neonazi M\u00e1rio Machado. A a\u00e7\u00e3o visa crimes de \u00f3dio e extremismo, com mais 15 arguidos al\u00e9m dos detidos. O que aconteceu aconteceu hoje, em territ\u00f3rio nacional, com buscas e deten\u00e7\u00e3o de suspeitos.<\/p>\n<p>Vanda Rute Silva Loureiro j\u00e1 ocupou lugar na comiss\u00e3o pol\u00edtica do PS no Barreiro. O partido confirmou que deixou de ser militante em 16 de outubro de 2024 e que nunca exerceu cargo aut\u00e1rquico ou executivo em nome do PS. A estrutura concelhia do Barreiro foi informada de que n\u00e3o tinham sido conhecidos ind\u00edcios de extremismo at\u00e9 \u00e0 desvincula\u00e7\u00e3o.<\/p>\n<h3>Liga\u00e7\u00e3o ao PS e percurso pol\u00edtico<\/h3>\n<p>Loureiro teria sido convidada a integrar as listas da comiss\u00e3o pol\u00edtica do PS Barreiro por Andr\u00e9 Pinotes Batista, segundo informa\u00e7\u00f5es divulgadas. A ex-militante ter\u00e1 Radicalizado nos \u00faltimos anos, ingressando no partido Ergue-te, onde figurava como n\u00famero 12 numa lista \u00e0 C\u00e2mara do Barreiro nas legislativas de 2025. A presen\u00e7a em eventos do Grupo 1143 era habitual.<\/p>\n<h3>Opera\u00e7\u00e3o PJ e contexto<\/h3>\n<p>Recorda-se que a PJ lan\u00e7ou, nesta ter\u00e7a-feira, uma megaopera\u00e7\u00e3o para crimes de \u00f3dio contra imigrantes. Al\u00e9m dos 37 detidos, o processo envolve ainda 15 arguidos, cuja situa\u00e7\u00e3o est\u00e1 a ser acompanhada pelas autoridades. O objetivo \u00e9 desmantelar redes envolvidas em viol\u00eancia e propaganda extremista.<\/p>\n","protected":false},"excerpt":{"rendered":"<ul>\n<li>A ex-militante do PS Vanda Loureiro est\u00e1 entre os detidos na Opera\u00e7\u00e3o Irmandade da PJ, que prendeu 37 membros do Grupo 1143, liderado pelo neonazi M\u00e1rio Machado.<\/li>\n<li>O PS Barreiro informou que Loureiro saiu do partido em 16 de outubro de 2024 e que, at\u00e9 \u00e0 altura, n\u00e3o exercia cargo aut\u00e1rquico ou executivo em nome do PS.<\/li>\n<li>A liga\u00e7\u00e3o \u00e0 extrema-direita j\u00e1 era conhecida desde junho do ano passado; Loureiro ter\u00e1 sido convidada a integrar as listas da comiss\u00e3o pol\u00edtica do PS Barreiro por Andr\u00e9 Pinotes Batista.<\/li>\n<li>A militante ter\u00e1 radicalizado, passando pelo partido Ergue-te, figurando como n\u00famero 12 da lista \u00e0 C\u00e2mara do Barreiro nas legislativas de 2025, e participava regularmente em eventos do Grupo 1143.<\/li>\n<li>No total, a opera\u00e7\u00e3o envolve 37 detidos e 15 arguidos adicionais, no \u00e2mbito de uma a\u00e7\u00e3o da PJ contra crimes de \u00f3dio a imigrantes.<\/li>\n<\/ul>\n","protected":false},"author":2,"featured_media":163419,"comment_status":"closed","ping_status":"closed","sticky":false,"template":"","format":"standard","meta":{"footnotes":""},"categories":[1],"tags":[1056,3598,3446,712,1802,2144],"class_list":["post-163414","post","type-post","status-publish","format-standard","has-post-thumbnail","hentry","category-noticias","tag-barreiro","tag-crimes-de-odio","tag-extremismo","tag-imigracao","tag-policia-judiciaria","tag-ps"],"yoast_head":"<!-- This site is optimized with the Yoast SEO plugin v27.2 - https:\/\/yoast.com\/product\/yoast-seo-wordpress\/ -->\n<title>Ex-militante do PS detida por integrar grupo 1143 - Portal Tela Portugal<\/title>\n<meta name=\"robots\" content=\"index, follow, max-snippet:-1, max-image-preview:large, max-video-preview:-1\" \/>\n<meta property=\"og:locale\" content=\"pt_PT\" \/>\n<meta property=\"og:type\" content=\"article\" \/>\n<meta property=\"og:title\" content=\"Ex-militante do PS detida por integrar grupo 1143 - Portal Tela Portugal\" \/>\n<meta property=\"og:description\" content=\"A ex-militante do PS Vanda Loureiro est\u00e1 entre os detidos na Opera\u00e7\u00e3o Irmandade da PJ, que prendeu 37 membros do Grupo 1143, liderado pelo neonazi M\u00e1rio Machado. O PS Barreiro informou que Loureiro saiu do partido em 16 de outubro de 2024 e que, at\u00e9 \u00e0 altura, n\u00e3o exercia cargo aut\u00e1rquico ou executivo em nome do PS. A liga\u00e7\u00e3o \u00e0 extrema-direita j\u00e1 era conhecida desde junho do ano passado; Loureiro ter\u00e1 sido convidada a integrar as listas da comiss\u00e3o pol\u00edtica do PS Barreiro por Andr\u00e9 Pinotes Batista. A militante ter\u00e1 radicalizado, passando pelo partido Ergue-te, figurando como n\u00famero 12 da lista \u00e0 C\u00e2mara do Barreiro nas legislativas de 2025, e participava regularmente em eventos do Grupo 1143. No total, a opera\u00e7\u00e3o envolve 37 detidos e 15 arguidos adicionais, no \u00e2mbito de uma a\u00e7\u00e3o da PJ contra crimes de \u00f3dio a imigrantes.\" \/>\n<meta property=\"og:url\" content=\"https:\/\/portaltela.pt\/noticias\/2026\/01\/22\/ex-militante-do-ps-detida-por-integrar-grupo-1143\/\" \/>\n<meta property=\"og:site_name\" content=\"Portal Tela Portugal\" \/>\n<meta property=\"article:published_time\" content=\"2026-01-22T13:36:00+00:00\" \/>\n<meta name=\"author\" content=\"Telinha\" \/>\n<meta name=\"twitter:card\" content=\"summary_large_image\" \/>\n<meta name=\"twitter:label1\" content=\"Escrito por\" \/>\n\t<meta name=\"twitter:data1\" content=\"Telinha\" \/>\n\t<meta name=\"twitter:label2\" content=\"Tempo estimado de leitura\" \/>\n\t<meta name=\"twitter:data2\" content=\"1 minuto\" \/>\n<script type=\"application\/ld+json\" class=\"yoast-schema-graph\">{\"@context\":\"https:\/\/schema.org\",\"@graph\":[{\"@type\":\"Article\",\"@id\":\"https:\/\/portaltela.pt\/noticias\/2026\/01\/22\/ex-militante-do-ps-detida-por-integrar-grupo-1143\/#article\",\"isPartOf\":{\"@id\":\"https:\/\/portaltela.pt\/noticias\/2026\/01\/22\/ex-militante-do-ps-detida-por-integrar-grupo-1143\/\"},\"author\":{\"name\":\"Telinha\",\"@id\":\"https:\/\/portaltela.pt\/#\/schema\/person\/c4278d4a6028830caff9ee44b42d32ed\"},\"headline\":\"Ex-militante do PS detida por integrar grupo 1143\",\"datePublished\":\"2026-01-22T13:36:00+00:00\",\"mainEntityOfPage\":{\"@id\":\"https:\/\/portaltela.pt\/noticias\/2026\/01\/22\/ex-militante-do-ps-detida-por-integrar-grupo-1143\/\"},\"wordCount\":253,\"image\":{\"@id\":\"https:\/\/portaltela.pt\/noticias\/2026\/01\/22\/ex-militante-do-ps-detida-por-integrar-grupo-1143\/#primaryimage\"},\"thumbnailUrl\":\"https:\/\/portaltela.pt\/s.01k8rhncp4jt1\/2026\/01\/img_1500x1000uu2026-01-22-13-32-45-2261899.jpg\",\"keywords\":[\"Barreiro\",\"crimes de \u00f3dio\",\"extremismo\",\"imigra\u00e7\u00e3o\",\"Pol\u00edcia Judici\u00e1ria\",\"PS\"],\"articleSection\":[\"Not\u00edcias\"],\"inLanguage\":\"pt-PT\"},{\"@type\":\"WebPage\",\"@id\":\"https:\/\/portaltela.pt\/noticias\/2026\/01\/22\/ex-militante-do-ps-detida-por-integrar-grupo-1143\/\",\"url\":\"https:\/\/portaltela.pt\/noticias\/2026\/01\/22\/ex-militante-do-ps-detida-por-integrar-grupo-1143\/\",\"name\":\"Ex-militante do PS detida por integrar grupo 1143 - Portal Tela Portugal\",\"isPartOf\":{\"@id\":\"https:\/\/portaltela.pt\/#website\"},\"primaryImageOfPage\":{\"@id\":\"https:\/\/portaltela.pt\/noticias\/2026\/01\/22\/ex-militante-do-ps-detida-por-integrar-grupo-1143\/#primaryimage\"},\"image\":{\"@id\":\"https:\/\/portaltela.pt\/noticias\/2026\/01\/22\/ex-militante-do-ps-detida-por-integrar-grupo-1143\/#primaryimage\"},\"thumbnailUrl\":\"https:\/\/portaltela.pt\/s.01k8rhncp4jt1\/2026\/01\/img_1500x1000uu2026-01-22-13-32-45-2261899.jpg\",\"datePublished\":\"2026-01-22T13:36:00+00:00\",\"author\":{\"@id\":\"https:\/\/portaltela.pt\/#\/schema\/person\/c4278d4a6028830caff9ee44b42d32ed\"},\"breadcrumb\":{\"@id\":\"https:\/\/portaltela.pt\/noticias\/2026\/01\/22\/ex-militante-do-ps-detida-por-integrar-grupo-1143\/#breadcrumb\"},\"inLanguage\":\"pt-PT\",\"potentialAction\":[{\"@type\":\"ReadAction\",\"target\":[\"https:\/\/portaltela.pt\/noticias\/2026\/01\/22\/ex-militante-do-ps-detida-por-integrar-grupo-1143\/\"]}]},{\"@type\":\"ImageObject\",\"inLanguage\":\"pt-PT\",\"@id\":\"https:\/\/portaltela.pt\/noticias\/2026\/01\/22\/ex-militante-do-ps-detida-por-integrar-grupo-1143\/#primaryimage\",\"url\":\"https:\/\/portaltela.pt\/s.01k8rhncp4jt1\/2026\/01\/img_1500x1000uu2026-01-22-13-32-45-2261899.jpg\",\"contentUrl\":\"https:\/\/portaltela.pt\/s.01k8rhncp4jt1\/2026\/01\/img_1500x1000uu2026-01-22-13-32-45-2261899.jpg\",\"width\":796,\"height\":448,\"caption\":\"Vanda Loureiro e Gil 'Pantera', apontado como l\u00edder do n\u00facleo do norte do Grupo 1143\"},{\"@type\":\"BreadcrumbList\",\"@id\":\"https:\/\/portaltela.pt\/noticias\/2026\/01\/22\/ex-militante-do-ps-detida-por-integrar-grupo-1143\/#breadcrumb\",\"itemListElement\":[{\"@type\":\"ListItem\",\"position\":1,\"name\":\"In\u00edcio\",\"item\":\"https:\/\/portaltela.pt\/\"},{\"@type\":\"ListItem\",\"position\":2,\"name\":\"Ex-militante do PS detida por integrar grupo 1143\"}]},{\"@type\":\"WebSite\",\"@id\":\"https:\/\/portaltela.pt\/#website\",\"url\":\"https:\/\/portaltela.pt\/\",\"name\":\"Portal Tela Portugal\",\"description\":\"\",\"potentialAction\":[{\"@type\":\"SearchAction\",\"target\":{\"@type\":\"EntryPoint\",\"urlTemplate\":\"https:\/\/portaltela.pt\/?s={search_term_string}\"},\"query-input\":{\"@type\":\"PropertyValueSpecification\",\"valueRequired\":true,\"valueName\":\"search_term_string\"}}],\"inLanguage\":\"pt-PT\"},{\"@type\":\"Person\",\"@id\":\"https:\/\/portaltela.pt\/#\/schema\/person\/c4278d4a6028830caff9ee44b42d32ed\",\"name\":\"Telinha\",\"image\":{\"@type\":\"ImageObject\",\"inLanguage\":\"pt-PT\",\"@id\":\"https:\/\/portaltela.pt\/s.01k8rhncp4jt1\/2025\/11\/talking-bot-125x125.png\",\"url\":\"https:\/\/portaltela.pt\/s.01k8rhncp4jt1\/2025\/11\/talking-bot-125x125.png\",\"contentUrl\":\"https:\/\/portaltela.pt\/s.01k8rhncp4jt1\/2025\/11\/talking-bot-125x125.png\",\"caption\":\"Telinha\"},\"sameAs\":[\"https:\/\/portaltela.pt\/\"],\"url\":\"https:\/\/portaltela.pt\/por\/367410592786\/\"}]}<\/script>\n<!-- \/ Yoast SEO plugin. -->","yoast_head_json":{"title":"Ex-militante do PS detida por integrar grupo 1143 - Portal Tela Portugal","robots":{"index":"index","follow":"follow","max-snippet":"max-snippet:-1","max-image-preview":"max-image-preview:large","max-video-preview":"max-video-preview:-1"},"og_locale":"pt_PT","og_type":"article","og_title":"Ex-militante do PS detida por integrar grupo 1143 - Portal Tela Portugal","og_description":"A ex-militante do PS Vanda Loureiro est\u00e1 entre os detidos na Opera\u00e7\u00e3o Irmandade da PJ, que prendeu 37 membros do Grupo 1143, liderado pelo neonazi M\u00e1rio Machado. O PS Barreiro informou que Loureiro saiu do partido em 16 de outubro de 2024 e que, at\u00e9 \u00e0 altura, n\u00e3o exercia cargo aut\u00e1rquico ou executivo em nome do PS. A liga\u00e7\u00e3o \u00e0 extrema-direita j\u00e1 era conhecida desde junho do ano passado; Loureiro ter\u00e1 sido convidada a integrar as listas da comiss\u00e3o pol\u00edtica do PS Barreiro por Andr\u00e9 Pinotes Batista. A militante ter\u00e1 radicalizado, passando pelo partido Ergue-te, figurando como n\u00famero 12 da lista \u00e0 C\u00e2mara do Barreiro nas legislativas de 2025, e participava regularmente em eventos do Grupo 1143. No total, a opera\u00e7\u00e3o envolve 37 detidos e 15 arguidos adicionais, no \u00e2mbito de uma a\u00e7\u00e3o da PJ contra crimes de \u00f3dio a imigrantes.","og_url":"https:\/\/portaltela.pt\/noticias\/2026\/01\/22\/ex-militante-do-ps-detida-por-integrar-grupo-1143\/","og_site_name":"Portal Tela Portugal","article_published_time":"2026-01-22T13:36:00+00:00","author":"Telinha","twitter_card":"summary_large_image","twitter_misc":{"Escrito por":"Telinha","Tempo estimado de leitura":"1 minuto"},"schema":{"@context":"https:\/\/schema.org","@graph":[{"@type":"Article","@id":"https:\/\/portaltela.pt\/noticias\/2026\/01\/22\/ex-militante-do-ps-detida-por-integrar-grupo-1143\/#article","isPartOf":{"@id":"https:\/\/portaltela.pt\/noticias\/2026\/01\/22\/ex-militante-do-ps-detida-por-integrar-grupo-1143\/"},"author":{"name":"Telinha","@id":"https:\/\/portaltela.pt\/#\/schema\/person\/c4278d4a6028830caff9ee44b42d32ed"},"headline":"Ex-militante do PS detida por integrar grupo 1143","datePublished":"2026-01-22T13:36:00+00:00","mainEntityOfPage":{"@id":"https:\/\/portaltela.pt\/noticias\/2026\/01\/22\/ex-militante-do-ps-detida-por-integrar-grupo-1143\/"},"wordCount":253,"image":{"@id":"https:\/\/portaltela.pt\/noticias\/2026\/01\/22\/ex-militante-do-ps-detida-por-integrar-grupo-1143\/#primaryimage"},"thumbnailUrl":"https:\/\/portaltela.pt\/s.01k8rhncp4jt1\/2026\/01\/img_1500x1000uu2026-01-22-13-32-45-2261899.jpg","keywords":["Barreiro","crimes de \u00f3dio","extremismo","imigra\u00e7\u00e3o","Pol\u00edcia Judici\u00e1ria","PS"],"articleSection":["Not\u00edcias"],"inLanguage":"pt-PT"},{"@type":"WebPage","@id":"https:\/\/portaltela.pt\/noticias\/2026\/01\/22\/ex-militante-do-ps-detida-por-integrar-grupo-1143\/","url":"https:\/\/portaltela.pt\/noticias\/2026\/01\/22\/ex-militante-do-ps-detida-por-integrar-grupo-1143\/","name":"Ex-militante do PS detida por integrar grupo 1143 - Portal Tela Portugal","isPartOf":{"@id":"https:\/\/portaltela.pt\/#website"},"primaryImageOfPage":{"@id":"https:\/\/portaltela.pt\/noticias\/2026\/01\/22\/ex-militante-do-ps-detida-por-integrar-grupo-1143\/#primaryimage"},"image":{"@id":"https:\/\/portaltela.pt\/noticias\/2026\/01\/22\/ex-militante-do-ps-detida-por-integrar-grupo-1143\/#primaryimage"},"thumbnailUrl":"https:\/\/portaltela.pt\/s.01k8rhncp4jt1\/2026\/01\/img_1500x1000uu2026-01-22-13-32-45-2261899.jpg","datePublished":"2026-01-22T13:36:00+00:00","author":{"@id":"https:\/\/portaltela.pt\/#\/schema\/person\/c4278d4a6028830caff9ee44b42d32ed"},"breadcrumb":{"@id":"https:\/\/portaltela.pt\/noticias\/2026\/01\/22\/ex-militante-do-ps-detida-por-integrar-grupo-1143\/#breadcrumb"},"inLanguage":"pt-PT","potentialAction":[{"@type":"ReadAction","target":["https:\/\/portaltela.pt\/noticias\/2026\/01\/22\/ex-militante-do-ps-detida-por-integrar-grupo-1143\/"]}]},{"@type":"ImageObject","inLanguage":"pt-PT","@id":"https:\/\/portaltela.pt\/noticias\/2026\/01\/22\/ex-militante-do-ps-detida-por-integrar-grupo-1143\/#primaryimage","url":"https:\/\/portaltela.pt\/s.01k8rhncp4jt1\/2026\/01\/img_1500x1000uu2026-01-22-13-32-45-2261899.jpg","contentUrl":"https:\/\/portaltela.pt\/s.01k8rhncp4jt1\/2026\/01\/img_1500x1000uu2026-01-22-13-32-45-2261899.jpg","width":796,"height":448,"caption":"Vanda Loureiro e Gil 'Pantera', apontado como l\u00edder do n\u00facleo do norte do Grupo 1143"},{"@type":"BreadcrumbList","@id":"https:\/\/portaltela.pt\/noticias\/2026\/01\/22\/ex-militante-do-ps-detida-por-integrar-grupo-1143\/#breadcrumb","itemListElement":[{"@type":"ListItem","position":1,"name":"In\u00edcio","item":"https:\/\/portaltela.pt\/"},{"@type":"ListItem","position":2,"name":"Ex-militante do PS detida por integrar grupo 1143"}]},{"@type":"WebSite","@id":"https:\/\/portaltela.pt\/#website","url":"https:\/\/portaltela.pt\/","name":"Portal Tela Portugal","description":"","potentialAction":[{"@type":"SearchAction","target":{"@type":"EntryPoint","urlTemplate":"https:\/\/portaltela.pt\/?s={search_term_string}"},"query-input":{"@type":"PropertyValueSpecification","valueRequired":true,"valueName":"search_term_string"}}],"inLanguage":"pt-PT"},{"@type":"Person","@id":"https:\/\/portaltela.pt\/#\/schema\/person\/c4278d4a6028830caff9ee44b42d32ed","name":"Telinha","image":{"@type":"ImageObject","inLanguage":"pt-PT","@id":"https:\/\/portaltela.pt\/s.01k8rhncp4jt1\/2025\/11\/talking-bot-125x125.png","url":"https:\/\/portaltela.pt\/s.01k8rhncp4jt1\/2025\/11\/talking-bot-125x125.png","contentUrl":"https:\/\/portaltela.pt\/s.01k8rhncp4jt1\/2025\/11\/talking-bot-125x125.png","caption":"Telinha"},"sameAs":["https:\/\/portaltela.pt\/"],"url":"https:\/\/portaltela.pt\/por\/367410592786\/"}]}},"_links":{"self":[{"href":"https:\/\/portaltela.pt\/api\/wp\/v2\/posts\/163414","targetHints":{"allow":["GET"]}}],"collection":[{"href":"https:\/\/portaltela.pt\/api\/wp\/v2\/posts"}],"about":[{"href":"https:\/\/portaltela.pt\/api\/wp\/v2\/types\/post"}],"author":[{"embeddable":true,"href":"https:\/\/portaltela.pt\/api\/wp\/v2\/users\/2"}],"replies":[{"embeddable":true,"href":"https:\/\/portaltela.pt\/api\/wp\/v2\/comments?post=163414"}],"version-history":[{"count":0,"href":"https:\/\/portaltela.pt\/api\/wp\/v2\/posts\/163414\/revisions"}],"wp:featuredmedia":[{"embeddable":true,"href":"https:\/\/portaltela.pt\/api\/wp\/v2\/media\/163419"}],"wp:attachment":[{"href":"https:\/\/portaltela.pt\/api\/wp\/v2\/media?parent=163414"}],"wp:term":[{"taxonomy":"category","embeddable":true,"href":"https:\/\/portaltela.pt\/api\/wp\/v2\/categories?post=163414"},{"taxonomy":"post_tag","embeddable":true,"href":"https:\/\/portaltela.pt\/api\/wp\/v2\/tags?post=163414"}],"curies":[{"name":"wp","href":"https:\/\/api.w.org\/{rel}","templated":true}]}}