{"id":163362,"date":"2026-01-22T06:56:05","date_gmt":"2026-01-22T09:56:05","guid":{"rendered":"https:\/\/portaltela.pt\/noticias\/2026\/01\/22\/mercado-livreiro-portugues-cresce-mas-livros-de-colorir-dominam-vendas\/"},"modified":"2026-01-22T06:56:05","modified_gmt":"2026-01-22T09:56:05","slug":"mercado-livreiro-portugues-cresce-mas-livros-de-colorir-dominam-vendas","status":"publish","type":"post","link":"https:\/\/portaltela.pt\/noticias\/2026\/01\/22\/mercado-livreiro-portugues-cresce-mas-livros-de-colorir-dominam-vendas\/","title":{"rendered":"Mercado livreiro portugu\u00eas cresce, mas livros de colorir dominam vendas."},"content":{"rendered":"<p>O mercado livreiro portugu\u00eas fechou 2025 com crescimento moderado, registando um aumento de 7,6% em valor e 6,9% em unidades vendidas. No total, foram cerca de 217,5 milh\u00f5es de euros e 14,8 milh\u00f5es de livros comercializados ao longo do ano.<\/p>\n<p>Apesar dos resultados positivos face a 2024, a Associa\u00e7\u00e3o Portuguesa de Editores e Livreiros (APEL) aponta que o crescimento se deve principalmente a segmentos espec\u00edficos, como livros de colorir mandala e t\u00edtulos infantis, que dominaram as vendas.<\/p>\n<p>Para Miguel Pauseiro, presidente da APEL, o fen\u00f4meno n\u00e3o deve ser confundido com expans\u00e3o estrutural: uma fra\u00e7\u00e3o significativa resulta de consumo pontual, que n\u00e3o equivale a um aumento da leitura ou da literacia.<\/p>\n<p>O pre\u00e7o m\u00e9dio do livro subiu 0,6%, fixando-se nos 14,66 euros, valor abaixo da infla\u00e7\u00e3o estimada para o per\u00edodo (2,3%). Pauseiro destaca que editoras t\u00eam absorvido parte dos custos para manter acess\u00edveis os t\u00edtulos.<\/p>\n<p>Segundo a GfK, livrarias e pontos especializados respondem por cerca de 78,5% do valor total das vendas, consolidando o papel destes canais. Em 2025 foram lan\u00e7ados quase 15 mil novos t\u00edtulos, evidenciando uma cont\u00ednua vitalidade editorial.<\/p>\n<p>A evolu\u00e7\u00e3o dos indicadores deve ser encarada com responsabilidade, aponta Pauseiro, defendendo um refor\u00e7o sustent\u00e1vel dos h\u00e1bitos de leitura, sobretudo entre crian\u00e7as e jovens. O papel da fam\u00edlia e da escola \u00e9 decisivo para manter o livro na vida cultural do pa\u00eds.<\/p>\n<p>A APEL defende pol\u00edticas p\u00fablicas que promovam o acesso ao livro, apoiem a rede de livrarias, fortale\u00e7am bibliotecas e valorizem a cria\u00e7\u00e3o editorial em l\u00edngua portuguesa.<\/p>\n","protected":false},"excerpt":{"rendered":"<ul>\n<li>O mercado livreiro portugu\u00eas cresceu em 2025, com +7,6% em valor e +6,9% em unidades, totalizando 217,5 milh\u00f5es de euros e 14,8 milh\u00f5es de livros vendidos.<\/li>\n<li>O crescimento deveu-se, em parte, a categorias espec\u00edficas, nomeadamente livros de colorir mandala e infantis, que dominaram as vendas.<\/li>\n<li>O pre\u00e7o m\u00e9dio do livro subiu 0,6%, fixando-se em 14,66 euros, menos do que a infla\u00e7\u00e3o estimada de 2,3%.<\/li>\n<li>As livrarias e pontos especializados responderam por cerca de 78,5% do valor total das vendas; quase 15 mil novos t\u00edtulos foram lan\u00e7ados em 2025.<\/li>\n<li>A Associa\u00e7\u00e3o Portuguesa de Editores e Livreiros (APEL) defende pol\u00edticas p\u00fablicas que mantenham o acesso ao livro, apoiem a rede de livrarias e valorizem a leitura entre crian\u00e7as e jovens.<\/li>\n<\/ul>\n","protected":false},"author":2,"featured_media":163404,"comment_status":"closed","ping_status":"closed","sticky":false,"template":"","format":"standard","meta":{"footnotes":""},"categories":[1],"tags":[145,163,64,106,3816,130],"class_list":["post-163362","post","type-post","status-publish","format-standard","has-post-thumbnail","hentry","category-noticias","tag-cultura","tag-educacao","tag-familia","tag-literatura","tag-livrarias-arquivos","tag-livros"],"yoast_head":"<!-- This site is optimized with the Yoast SEO plugin v27.2 - https:\/\/yoast.com\/product\/yoast-seo-wordpress\/ -->\n<title>Mercado livreiro portugu\u00eas cresce, mas livros de colorir dominam vendas. - Portal Tela Portugal<\/title>\n<meta name=\"robots\" content=\"index, follow, max-snippet:-1, max-image-preview:large, max-video-preview:-1\" \/>\n<meta property=\"og:locale\" content=\"pt_PT\" \/>\n<meta property=\"og:type\" content=\"article\" \/>\n<meta property=\"og:title\" content=\"Mercado livreiro portugu\u00eas cresce, mas livros de colorir dominam vendas. - Portal Tela Portugal\" \/>\n<meta property=\"og:description\" content=\"O mercado livreiro portugu\u00eas cresceu em 2025, com +7,6% em valor e +6,9% em unidades, totalizando 217,5 milh\u00f5es de euros e 14,8 milh\u00f5es de livros vendidos. O crescimento deveu-se, em parte, a categorias espec\u00edficas, nomeadamente livros de colorir mandala e infantis, que dominaram as vendas. O pre\u00e7o m\u00e9dio do livro subiu 0,6%, fixando-se em 14,66 euros, menos do que a infla\u00e7\u00e3o estimada de 2,3%. As livrarias e pontos especializados responderam por cerca de 78,5% do valor total das vendas; quase 15 mil novos t\u00edtulos foram lan\u00e7ados em 2025. A Associa\u00e7\u00e3o Portuguesa de Editores e Livreiros (APEL) defende pol\u00edticas p\u00fablicas que mantenham o acesso ao livro, apoiem a rede de livrarias e valorizem a leitura entre crian\u00e7as e jovens.\" \/>\n<meta property=\"og:url\" content=\"https:\/\/portaltela.pt\/noticias\/2026\/01\/22\/mercado-livreiro-portugues-cresce-mas-livros-de-colorir-dominam-vendas\/\" \/>\n<meta property=\"og:site_name\" content=\"Portal Tela Portugal\" \/>\n<meta property=\"article:published_time\" content=\"2026-01-22T09:56:05+00:00\" \/>\n<meta name=\"author\" content=\"Telinha\" \/>\n<meta name=\"twitter:card\" content=\"summary_large_image\" \/>\n<meta name=\"twitter:label1\" content=\"Escrito por\" \/>\n\t<meta name=\"twitter:data1\" content=\"Telinha\" \/>\n\t<meta name=\"twitter:label2\" content=\"Tempo estimado de leitura\" \/>\n\t<meta name=\"twitter:data2\" content=\"1 minuto\" \/>\n<script type=\"application\/ld+json\" class=\"yoast-schema-graph\">{\"@context\":\"https:\/\/schema.org\",\"@graph\":[{\"@type\":\"Article\",\"@id\":\"https:\/\/portaltela.pt\/noticias\/2026\/01\/22\/mercado-livreiro-portugues-cresce-mas-livros-de-colorir-dominam-vendas\/#article\",\"isPartOf\":{\"@id\":\"https:\/\/portaltela.pt\/noticias\/2026\/01\/22\/mercado-livreiro-portugues-cresce-mas-livros-de-colorir-dominam-vendas\/\"},\"author\":{\"name\":\"Telinha\",\"@id\":\"https:\/\/portaltela.pt\/#\/schema\/person\/c4278d4a6028830caff9ee44b42d32ed\"},\"headline\":\"Mercado livreiro portugu\u00eas cresce, mas livros de colorir dominam vendas.\",\"datePublished\":\"2026-01-22T09:56:05+00:00\",\"mainEntityOfPage\":{\"@id\":\"https:\/\/portaltela.pt\/noticias\/2026\/01\/22\/mercado-livreiro-portugues-cresce-mas-livros-de-colorir-dominam-vendas\/\"},\"wordCount\":279,\"image\":{\"@id\":\"https:\/\/portaltela.pt\/noticias\/2026\/01\/22\/mercado-livreiro-portugues-cresce-mas-livros-de-colorir-dominam-vendas\/#primaryimage\"},\"thumbnailUrl\":\"https:\/\/portaltela.pt\/s.01k8rhncp4jt1\/2026\/01\/unnamed-file-4636.jpg\",\"keywords\":[\"cultura\",\"educa\u00e7\u00e3o\",\"fam\u00edlia\",\"literatura\",\"livrarias\/arquivos\",\"livros\"],\"articleSection\":[\"Not\u00edcias\"],\"inLanguage\":\"pt-PT\"},{\"@type\":\"WebPage\",\"@id\":\"https:\/\/portaltela.pt\/noticias\/2026\/01\/22\/mercado-livreiro-portugues-cresce-mas-livros-de-colorir-dominam-vendas\/\",\"url\":\"https:\/\/portaltela.pt\/noticias\/2026\/01\/22\/mercado-livreiro-portugues-cresce-mas-livros-de-colorir-dominam-vendas\/\",\"name\":\"Mercado livreiro portugu\u00eas cresce, mas livros de colorir dominam vendas. - Portal Tela Portugal\",\"isPartOf\":{\"@id\":\"https:\/\/portaltela.pt\/#website\"},\"primaryImageOfPage\":{\"@id\":\"https:\/\/portaltela.pt\/noticias\/2026\/01\/22\/mercado-livreiro-portugues-cresce-mas-livros-de-colorir-dominam-vendas\/#primaryimage\"},\"image\":{\"@id\":\"https:\/\/portaltela.pt\/noticias\/2026\/01\/22\/mercado-livreiro-portugues-cresce-mas-livros-de-colorir-dominam-vendas\/#primaryimage\"},\"thumbnailUrl\":\"https:\/\/portaltela.pt\/s.01k8rhncp4jt1\/2026\/01\/unnamed-file-4636.jpg\",\"datePublished\":\"2026-01-22T09:56:05+00:00\",\"author\":{\"@id\":\"https:\/\/portaltela.pt\/#\/schema\/person\/c4278d4a6028830caff9ee44b42d32ed\"},\"breadcrumb\":{\"@id\":\"https:\/\/portaltela.pt\/noticias\/2026\/01\/22\/mercado-livreiro-portugues-cresce-mas-livros-de-colorir-dominam-vendas\/#breadcrumb\"},\"inLanguage\":\"pt-PT\",\"potentialAction\":[{\"@type\":\"ReadAction\",\"target\":[\"https:\/\/portaltela.pt\/noticias\/2026\/01\/22\/mercado-livreiro-portugues-cresce-mas-livros-de-colorir-dominam-vendas\/\"]}]},{\"@type\":\"ImageObject\",\"inLanguage\":\"pt-PT\",\"@id\":\"https:\/\/portaltela.pt\/noticias\/2026\/01\/22\/mercado-livreiro-portugues-cresce-mas-livros-de-colorir-dominam-vendas\/#primaryimage\",\"url\":\"https:\/\/portaltela.pt\/s.01k8rhncp4jt1\/2026\/01\/unnamed-file-4636.jpg\",\"contentUrl\":\"https:\/\/portaltela.pt\/s.01k8rhncp4jt1\/2026\/01\/unnamed-file-4636.jpg\",\"width\":796,\"height\":448,\"caption\":\"Mercado livreiro portugu\u00eas cresce, mas fen\u00f3meno de livros de colorir concentra vendas\"},{\"@type\":\"BreadcrumbList\",\"@id\":\"https:\/\/portaltela.pt\/noticias\/2026\/01\/22\/mercado-livreiro-portugues-cresce-mas-livros-de-colorir-dominam-vendas\/#breadcrumb\",\"itemListElement\":[{\"@type\":\"ListItem\",\"position\":1,\"name\":\"In\u00edcio\",\"item\":\"https:\/\/portaltela.pt\/\"},{\"@type\":\"ListItem\",\"position\":2,\"name\":\"Mercado livreiro portugu\u00eas cresce, mas livros de colorir dominam vendas.\"}]},{\"@type\":\"WebSite\",\"@id\":\"https:\/\/portaltela.pt\/#website\",\"url\":\"https:\/\/portaltela.pt\/\",\"name\":\"Portal Tela Portugal\",\"description\":\"\",\"potentialAction\":[{\"@type\":\"SearchAction\",\"target\":{\"@type\":\"EntryPoint\",\"urlTemplate\":\"https:\/\/portaltela.pt\/?s={search_term_string}\"},\"query-input\":{\"@type\":\"PropertyValueSpecification\",\"valueRequired\":true,\"valueName\":\"search_term_string\"}}],\"inLanguage\":\"pt-PT\"},{\"@type\":\"Person\",\"@id\":\"https:\/\/portaltela.pt\/#\/schema\/person\/c4278d4a6028830caff9ee44b42d32ed\",\"name\":\"Telinha\",\"image\":{\"@type\":\"ImageObject\",\"inLanguage\":\"pt-PT\",\"@id\":\"https:\/\/portaltela.pt\/s.01k8rhncp4jt1\/2025\/11\/talking-bot-125x125.png\",\"url\":\"https:\/\/portaltela.pt\/s.01k8rhncp4jt1\/2025\/11\/talking-bot-125x125.png\",\"contentUrl\":\"https:\/\/portaltela.pt\/s.01k8rhncp4jt1\/2025\/11\/talking-bot-125x125.png\",\"caption\":\"Telinha\"},\"sameAs\":[\"https:\/\/portaltela.pt\/\"],\"url\":\"https:\/\/portaltela.pt\/por\/367410592786\/\"}]}<\/script>\n<!-- \/ Yoast SEO plugin. -->","yoast_head_json":{"title":"Mercado livreiro portugu\u00eas cresce, mas livros de colorir dominam vendas. - Portal Tela Portugal","robots":{"index":"index","follow":"follow","max-snippet":"max-snippet:-1","max-image-preview":"max-image-preview:large","max-video-preview":"max-video-preview:-1"},"og_locale":"pt_PT","og_type":"article","og_title":"Mercado livreiro portugu\u00eas cresce, mas livros de colorir dominam vendas. - Portal Tela Portugal","og_description":"O mercado livreiro portugu\u00eas cresceu em 2025, com +7,6% em valor e +6,9% em unidades, totalizando 217,5 milh\u00f5es de euros e 14,8 milh\u00f5es de livros vendidos. O crescimento deveu-se, em parte, a categorias espec\u00edficas, nomeadamente livros de colorir mandala e infantis, que dominaram as vendas. O pre\u00e7o m\u00e9dio do livro subiu 0,6%, fixando-se em 14,66 euros, menos do que a infla\u00e7\u00e3o estimada de 2,3%. As livrarias e pontos especializados responderam por cerca de 78,5% do valor total das vendas; quase 15 mil novos t\u00edtulos foram lan\u00e7ados em 2025. A Associa\u00e7\u00e3o Portuguesa de Editores e Livreiros (APEL) defende pol\u00edticas p\u00fablicas que mantenham o acesso ao livro, apoiem a rede de livrarias e valorizem a leitura entre crian\u00e7as e jovens.","og_url":"https:\/\/portaltela.pt\/noticias\/2026\/01\/22\/mercado-livreiro-portugues-cresce-mas-livros-de-colorir-dominam-vendas\/","og_site_name":"Portal Tela Portugal","article_published_time":"2026-01-22T09:56:05+00:00","author":"Telinha","twitter_card":"summary_large_image","twitter_misc":{"Escrito por":"Telinha","Tempo estimado de leitura":"1 minuto"},"schema":{"@context":"https:\/\/schema.org","@graph":[{"@type":"Article","@id":"https:\/\/portaltela.pt\/noticias\/2026\/01\/22\/mercado-livreiro-portugues-cresce-mas-livros-de-colorir-dominam-vendas\/#article","isPartOf":{"@id":"https:\/\/portaltela.pt\/noticias\/2026\/01\/22\/mercado-livreiro-portugues-cresce-mas-livros-de-colorir-dominam-vendas\/"},"author":{"name":"Telinha","@id":"https:\/\/portaltela.pt\/#\/schema\/person\/c4278d4a6028830caff9ee44b42d32ed"},"headline":"Mercado livreiro portugu\u00eas cresce, mas livros de colorir dominam vendas.","datePublished":"2026-01-22T09:56:05+00:00","mainEntityOfPage":{"@id":"https:\/\/portaltela.pt\/noticias\/2026\/01\/22\/mercado-livreiro-portugues-cresce-mas-livros-de-colorir-dominam-vendas\/"},"wordCount":279,"image":{"@id":"https:\/\/portaltela.pt\/noticias\/2026\/01\/22\/mercado-livreiro-portugues-cresce-mas-livros-de-colorir-dominam-vendas\/#primaryimage"},"thumbnailUrl":"https:\/\/portaltela.pt\/s.01k8rhncp4jt1\/2026\/01\/unnamed-file-4636.jpg","keywords":["cultura","educa\u00e7\u00e3o","fam\u00edlia","literatura","livrarias\/arquivos","livros"],"articleSection":["Not\u00edcias"],"inLanguage":"pt-PT"},{"@type":"WebPage","@id":"https:\/\/portaltela.pt\/noticias\/2026\/01\/22\/mercado-livreiro-portugues-cresce-mas-livros-de-colorir-dominam-vendas\/","url":"https:\/\/portaltela.pt\/noticias\/2026\/01\/22\/mercado-livreiro-portugues-cresce-mas-livros-de-colorir-dominam-vendas\/","name":"Mercado livreiro portugu\u00eas cresce, mas livros de colorir dominam vendas. - Portal Tela Portugal","isPartOf":{"@id":"https:\/\/portaltela.pt\/#website"},"primaryImageOfPage":{"@id":"https:\/\/portaltela.pt\/noticias\/2026\/01\/22\/mercado-livreiro-portugues-cresce-mas-livros-de-colorir-dominam-vendas\/#primaryimage"},"image":{"@id":"https:\/\/portaltela.pt\/noticias\/2026\/01\/22\/mercado-livreiro-portugues-cresce-mas-livros-de-colorir-dominam-vendas\/#primaryimage"},"thumbnailUrl":"https:\/\/portaltela.pt\/s.01k8rhncp4jt1\/2026\/01\/unnamed-file-4636.jpg","datePublished":"2026-01-22T09:56:05+00:00","author":{"@id":"https:\/\/portaltela.pt\/#\/schema\/person\/c4278d4a6028830caff9ee44b42d32ed"},"breadcrumb":{"@id":"https:\/\/portaltela.pt\/noticias\/2026\/01\/22\/mercado-livreiro-portugues-cresce-mas-livros-de-colorir-dominam-vendas\/#breadcrumb"},"inLanguage":"pt-PT","potentialAction":[{"@type":"ReadAction","target":["https:\/\/portaltela.pt\/noticias\/2026\/01\/22\/mercado-livreiro-portugues-cresce-mas-livros-de-colorir-dominam-vendas\/"]}]},{"@type":"ImageObject","inLanguage":"pt-PT","@id":"https:\/\/portaltela.pt\/noticias\/2026\/01\/22\/mercado-livreiro-portugues-cresce-mas-livros-de-colorir-dominam-vendas\/#primaryimage","url":"https:\/\/portaltela.pt\/s.01k8rhncp4jt1\/2026\/01\/unnamed-file-4636.jpg","contentUrl":"https:\/\/portaltela.pt\/s.01k8rhncp4jt1\/2026\/01\/unnamed-file-4636.jpg","width":796,"height":448,"caption":"Mercado livreiro portugu\u00eas cresce, mas fen\u00f3meno de livros de colorir concentra vendas"},{"@type":"BreadcrumbList","@id":"https:\/\/portaltela.pt\/noticias\/2026\/01\/22\/mercado-livreiro-portugues-cresce-mas-livros-de-colorir-dominam-vendas\/#breadcrumb","itemListElement":[{"@type":"ListItem","position":1,"name":"In\u00edcio","item":"https:\/\/portaltela.pt\/"},{"@type":"ListItem","position":2,"name":"Mercado livreiro portugu\u00eas cresce, mas livros de colorir dominam vendas."}]},{"@type":"WebSite","@id":"https:\/\/portaltela.pt\/#website","url":"https:\/\/portaltela.pt\/","name":"Portal Tela Portugal","description":"","potentialAction":[{"@type":"SearchAction","target":{"@type":"EntryPoint","urlTemplate":"https:\/\/portaltela.pt\/?s={search_term_string}"},"query-input":{"@type":"PropertyValueSpecification","valueRequired":true,"valueName":"search_term_string"}}],"inLanguage":"pt-PT"},{"@type":"Person","@id":"https:\/\/portaltela.pt\/#\/schema\/person\/c4278d4a6028830caff9ee44b42d32ed","name":"Telinha","image":{"@type":"ImageObject","inLanguage":"pt-PT","@id":"https:\/\/portaltela.pt\/s.01k8rhncp4jt1\/2025\/11\/talking-bot-125x125.png","url":"https:\/\/portaltela.pt\/s.01k8rhncp4jt1\/2025\/11\/talking-bot-125x125.png","contentUrl":"https:\/\/portaltela.pt\/s.01k8rhncp4jt1\/2025\/11\/talking-bot-125x125.png","caption":"Telinha"},"sameAs":["https:\/\/portaltela.pt\/"],"url":"https:\/\/portaltela.pt\/por\/367410592786\/"}]}},"_links":{"self":[{"href":"https:\/\/portaltela.pt\/api\/wp\/v2\/posts\/163362","targetHints":{"allow":["GET"]}}],"collection":[{"href":"https:\/\/portaltela.pt\/api\/wp\/v2\/posts"}],"about":[{"href":"https:\/\/portaltela.pt\/api\/wp\/v2\/types\/post"}],"author":[{"embeddable":true,"href":"https:\/\/portaltela.pt\/api\/wp\/v2\/users\/2"}],"replies":[{"embeddable":true,"href":"https:\/\/portaltela.pt\/api\/wp\/v2\/comments?post=163362"}],"version-history":[{"count":0,"href":"https:\/\/portaltela.pt\/api\/wp\/v2\/posts\/163362\/revisions"}],"wp:featuredmedia":[{"embeddable":true,"href":"https:\/\/portaltela.pt\/api\/wp\/v2\/media\/163404"}],"wp:attachment":[{"href":"https:\/\/portaltela.pt\/api\/wp\/v2\/media?parent=163362"}],"wp:term":[{"taxonomy":"category","embeddable":true,"href":"https:\/\/portaltela.pt\/api\/wp\/v2\/categories?post=163362"},{"taxonomy":"post_tag","embeddable":true,"href":"https:\/\/portaltela.pt\/api\/wp\/v2\/tags?post=163362"}],"curies":[{"name":"wp","href":"https:\/\/api.w.org\/{rel}","templated":true}]}}