{"id":163337,"date":"2026-01-22T10:10:41","date_gmt":"2026-01-22T13:10:41","guid":{"rendered":"https:\/\/portaltela.pt\/noticias\/2026\/01\/22\/dzeko-e-reforco-do-schalke-segundo-mercado-oficial\/"},"modified":"2026-01-22T10:10:41","modified_gmt":"2026-01-22T13:10:41","slug":"dzeko-e-reforco-do-schalke-segundo-mercado-oficial","status":"publish","type":"post","link":"https:\/\/portaltela.pt\/desporto\/futebol\/2026\/01\/22\/dzeko-e-reforco-do-schalke-segundo-mercado-oficial\/","title":{"rendered":"Dzeko \u00e9 refor\u00e7o do Schalke segundo mercado oficial"},"content":{"rendered":"<p>Edin Dzeko \u00e9 refor\u00e7o do Schalke at\u00e9 ao final da \u00e9poca. O ponta de lan\u00e7a b\u00f3snio deixou a Fiorentina e volta \u00e0 Alemanha para vestir o emblema do l\u00edder da Bundesliga 2, que pretende o regresso ao principal escal\u00e3o. O an\u00fancio chega numa fase decisiva para a equipa de Gelsenkirchen.<\/p>\n<p>O avan\u00e7ado afirmou, aos meios do clube, que acompanhou o Schalke com aten\u00e7\u00e3o desde o interesse inicial, que houve conversas com a diretoria, o treinador Miron Muslic e com Nikola Katic e que as perspetivas para a segunda metade da \u00e9poca s\u00e3o positivas. Dzeko est\u00e1 esperan\u00e7oso com o primeiro jogo em casa, na Veltins-Arena, que dever\u00e1 estar com lota\u00e7\u00e3o esgotada.<\/p>\n<p>Melhor marcador de sempre da sele\u00e7\u00e3o da B\u00f3snia e Herzegovina, com 72 golos em 146 jogos, Dzeko destaca a experi\u00eancia adquirida em v\u00e1rias ligas. Campe\u00e3o alem\u00e3o pelo Wolfsburg (2008\/09), j\u00e1 foi artilheiro da Bundesliga e passou por Manchester City, Roma, Inter Miami, Fenerbah\u00e7e e Fiorentina, antes de chegar ao Schalke.<\/p>\n","protected":false},"excerpt":{"rendered":"<ul>\n<li>Edin Dzeko \u00e9 refor\u00e7o do Schalke at\u00e9 ao fim da presente temporada, vindo da Fiorentina.<\/li>\n<li>O Schalke \u00e9 l\u00edder da Bundesliga 2 e procura conquistar a subida ao principal escal\u00e3o.<\/li>\n<li>O avan\u00e7ado bosnio disse ter seguido o clube com aten\u00e7\u00e3o e ter passado por conversas positivas com os dirigentes, o treinador Miron Muslic e Nikola Katic.<\/li>\n<li>Real\u00e7ou a evolu\u00e7\u00e3o da equipa esta \u00e9poca e mostrou vontade de contribuir na segunda metade da \u00e9poca, esperando o primeiro jogo em casa na Veltins-Arena com o est\u00e1dio esgotado.<\/li>\n<li>Dzeko \u00e9 o melhor marcador da sele\u00e7\u00e3o da B\u00f3snia com 72 golos em 146 jogos, com passagens por Wolfsburg, Manchester City, Roma, Inter Miami, Fenerbah\u00e7e e Fiorentina.<\/li>\n<\/ul>\n","protected":false},"author":2,"featured_media":163338,"comment_status":"closed","ping_status":"closed","sticky":false,"template":"","format":"standard","meta":{"footnotes":""},"categories":[21,24],"tags":[1603,3252,32,3338,81],"class_list":["post-163337","post","type-post","status-publish","format-standard","has-post-thumbnail","hentry","category-desporto","category-futebol","tag-alemanha","tag-fiorentina","tag-futebol","tag-futebol-internacional","tag-internacionais"],"yoast_head":"<!-- This site is optimized with the Yoast SEO plugin v27.2 - https:\/\/yoast.com\/product\/yoast-seo-wordpress\/ -->\n<title>Dzeko \u00e9 refor\u00e7o do Schalke segundo mercado oficial - Portal Tela Portugal<\/title>\n<meta name=\"robots\" content=\"index, follow, max-snippet:-1, max-image-preview:large, max-video-preview:-1\" \/>\n<meta property=\"og:locale\" content=\"pt_PT\" \/>\n<meta property=\"og:type\" content=\"article\" \/>\n<meta property=\"og:title\" content=\"Dzeko \u00e9 refor\u00e7o do Schalke segundo mercado oficial - Portal Tela Portugal\" \/>\n<meta property=\"og:description\" content=\"Edin Dzeko \u00e9 refor\u00e7o do Schalke at\u00e9 ao fim da presente temporada, vindo da Fiorentina. O Schalke \u00e9 l\u00edder da Bundesliga 2 e procura conquistar a subida ao principal escal\u00e3o. O avan\u00e7ado bosnio disse ter seguido o clube com aten\u00e7\u00e3o e ter passado por conversas positivas com os dirigentes, o treinador Miron Muslic e Nikola Katic. Real\u00e7ou a evolu\u00e7\u00e3o da equipa esta \u00e9poca e mostrou vontade de contribuir na segunda metade da \u00e9poca, esperando o primeiro jogo em casa na Veltins-Arena com o est\u00e1dio esgotado. Dzeko \u00e9 o melhor marcador da sele\u00e7\u00e3o da B\u00f3snia com 72 golos em 146 jogos, com passagens por Wolfsburg, Manchester City, Roma, Inter Miami, Fenerbah\u00e7e e Fiorentina.\" \/>\n<meta property=\"og:url\" content=\"https:\/\/portaltela.pt\/noticias\/2026\/01\/22\/dzeko-e-reforco-do-schalke-segundo-mercado-oficial\/\" \/>\n<meta property=\"og:site_name\" content=\"Portal Tela Portugal\" \/>\n<meta property=\"article:published_time\" content=\"2026-01-22T13:10:41+00:00\" \/>\n<meta name=\"author\" content=\"Telinha\" \/>\n<meta name=\"twitter:card\" content=\"summary_large_image\" \/>\n<meta name=\"twitter:label1\" content=\"Escrito por\" \/>\n\t<meta name=\"twitter:data1\" content=\"Telinha\" \/>\n\t<meta name=\"twitter:label2\" content=\"Tempo estimado de leitura\" \/>\n\t<meta name=\"twitter:data2\" content=\"1 minuto\" \/>\n<script type=\"application\/ld+json\" class=\"yoast-schema-graph\">{\"@context\":\"https:\/\/schema.org\",\"@graph\":[{\"@type\":\"Article\",\"@id\":\"https:\/\/portaltela.pt\/noticias\/2026\/01\/22\/dzeko-e-reforco-do-schalke-segundo-mercado-oficial\/#article\",\"isPartOf\":{\"@id\":\"https:\/\/portaltela.pt\/noticias\/2026\/01\/22\/dzeko-e-reforco-do-schalke-segundo-mercado-oficial\/\"},\"author\":{\"name\":\"Telinha\",\"@id\":\"https:\/\/portaltela.pt\/#\/schema\/person\/c4278d4a6028830caff9ee44b42d32ed\"},\"headline\":\"Dzeko \u00e9 refor\u00e7o do Schalke segundo mercado oficial\",\"datePublished\":\"2026-01-22T13:10:41+00:00\",\"mainEntityOfPage\":{\"@id\":\"https:\/\/portaltela.pt\/noticias\/2026\/01\/22\/dzeko-e-reforco-do-schalke-segundo-mercado-oficial\/\"},\"wordCount\":180,\"image\":{\"@id\":\"https:\/\/portaltela.pt\/noticias\/2026\/01\/22\/dzeko-e-reforco-do-schalke-segundo-mercado-oficial\/#primaryimage\"},\"thumbnailUrl\":\"https:\/\/portaltela.pt\/s.01k8rhncp4jt1\/2026\/01\/262e0ef1-1ea0-491e-b474-7f1859f8bfa7.jpg\",\"keywords\":[\"Alemanha\",\"Fiorentina\",\"futebol\",\"futebol internacional\",\"internacionais\"],\"articleSection\":[\"Desporto\",\"Futebol\"],\"inLanguage\":\"pt-PT\"},{\"@type\":\"WebPage\",\"@id\":\"https:\/\/portaltela.pt\/noticias\/2026\/01\/22\/dzeko-e-reforco-do-schalke-segundo-mercado-oficial\/\",\"url\":\"https:\/\/portaltela.pt\/noticias\/2026\/01\/22\/dzeko-e-reforco-do-schalke-segundo-mercado-oficial\/\",\"name\":\"Dzeko \u00e9 refor\u00e7o do Schalke segundo mercado oficial - Portal Tela Portugal\",\"isPartOf\":{\"@id\":\"https:\/\/portaltela.pt\/#website\"},\"primaryImageOfPage\":{\"@id\":\"https:\/\/portaltela.pt\/noticias\/2026\/01\/22\/dzeko-e-reforco-do-schalke-segundo-mercado-oficial\/#primaryimage\"},\"image\":{\"@id\":\"https:\/\/portaltela.pt\/noticias\/2026\/01\/22\/dzeko-e-reforco-do-schalke-segundo-mercado-oficial\/#primaryimage\"},\"thumbnailUrl\":\"https:\/\/portaltela.pt\/s.01k8rhncp4jt1\/2026\/01\/262e0ef1-1ea0-491e-b474-7f1859f8bfa7.jpg\",\"datePublished\":\"2026-01-22T13:10:41+00:00\",\"author\":{\"@id\":\"https:\/\/portaltela.pt\/#\/schema\/person\/c4278d4a6028830caff9ee44b42d32ed\"},\"breadcrumb\":{\"@id\":\"https:\/\/portaltela.pt\/noticias\/2026\/01\/22\/dzeko-e-reforco-do-schalke-segundo-mercado-oficial\/#breadcrumb\"},\"inLanguage\":\"pt-PT\",\"potentialAction\":[{\"@type\":\"ReadAction\",\"target\":[\"https:\/\/portaltela.pt\/noticias\/2026\/01\/22\/dzeko-e-reforco-do-schalke-segundo-mercado-oficial\/\"]}]},{\"@type\":\"ImageObject\",\"inLanguage\":\"pt-PT\",\"@id\":\"https:\/\/portaltela.pt\/noticias\/2026\/01\/22\/dzeko-e-reforco-do-schalke-segundo-mercado-oficial\/#primaryimage\",\"url\":\"https:\/\/portaltela.pt\/s.01k8rhncp4jt1\/2026\/01\/262e0ef1-1ea0-491e-b474-7f1859f8bfa7.jpg\",\"contentUrl\":\"https:\/\/portaltela.pt\/s.01k8rhncp4jt1\/2026\/01\/262e0ef1-1ea0-491e-b474-7f1859f8bfa7.jpg\",\"width\":796,\"height\":448,\"caption\":\"Dzeko anunciado como refor\u00e7o - Foto: Schalke\"},{\"@type\":\"BreadcrumbList\",\"@id\":\"https:\/\/portaltela.pt\/noticias\/2026\/01\/22\/dzeko-e-reforco-do-schalke-segundo-mercado-oficial\/#breadcrumb\",\"itemListElement\":[{\"@type\":\"ListItem\",\"position\":1,\"name\":\"In\u00edcio\",\"item\":\"https:\/\/portaltela.pt\/\"},{\"@type\":\"ListItem\",\"position\":2,\"name\":\"Dzeko \u00e9 refor\u00e7o do Schalke segundo mercado oficial\"}]},{\"@type\":\"WebSite\",\"@id\":\"https:\/\/portaltela.pt\/#website\",\"url\":\"https:\/\/portaltela.pt\/\",\"name\":\"Portal Tela Portugal\",\"description\":\"\",\"potentialAction\":[{\"@type\":\"SearchAction\",\"target\":{\"@type\":\"EntryPoint\",\"urlTemplate\":\"https:\/\/portaltela.pt\/?s={search_term_string}\"},\"query-input\":{\"@type\":\"PropertyValueSpecification\",\"valueRequired\":true,\"valueName\":\"search_term_string\"}}],\"inLanguage\":\"pt-PT\"},{\"@type\":\"Person\",\"@id\":\"https:\/\/portaltela.pt\/#\/schema\/person\/c4278d4a6028830caff9ee44b42d32ed\",\"name\":\"Telinha\",\"image\":{\"@type\":\"ImageObject\",\"inLanguage\":\"pt-PT\",\"@id\":\"https:\/\/portaltela.pt\/s.01k8rhncp4jt1\/2025\/11\/talking-bot-125x125.png\",\"url\":\"https:\/\/portaltela.pt\/s.01k8rhncp4jt1\/2025\/11\/talking-bot-125x125.png\",\"contentUrl\":\"https:\/\/portaltela.pt\/s.01k8rhncp4jt1\/2025\/11\/talking-bot-125x125.png\",\"caption\":\"Telinha\"},\"sameAs\":[\"https:\/\/portaltela.pt\/\"],\"url\":\"https:\/\/portaltela.pt\/por\/367410592786\/\"}]}<\/script>\n<!-- \/ Yoast SEO plugin. -->","yoast_head_json":{"title":"Dzeko \u00e9 refor\u00e7o do Schalke segundo mercado oficial - Portal Tela Portugal","robots":{"index":"index","follow":"follow","max-snippet":"max-snippet:-1","max-image-preview":"max-image-preview:large","max-video-preview":"max-video-preview:-1"},"og_locale":"pt_PT","og_type":"article","og_title":"Dzeko \u00e9 refor\u00e7o do Schalke segundo mercado oficial - Portal Tela Portugal","og_description":"Edin Dzeko \u00e9 refor\u00e7o do Schalke at\u00e9 ao fim da presente temporada, vindo da Fiorentina. O Schalke \u00e9 l\u00edder da Bundesliga 2 e procura conquistar a subida ao principal escal\u00e3o. O avan\u00e7ado bosnio disse ter seguido o clube com aten\u00e7\u00e3o e ter passado por conversas positivas com os dirigentes, o treinador Miron Muslic e Nikola Katic. Real\u00e7ou a evolu\u00e7\u00e3o da equipa esta \u00e9poca e mostrou vontade de contribuir na segunda metade da \u00e9poca, esperando o primeiro jogo em casa na Veltins-Arena com o est\u00e1dio esgotado. Dzeko \u00e9 o melhor marcador da sele\u00e7\u00e3o da B\u00f3snia com 72 golos em 146 jogos, com passagens por Wolfsburg, Manchester City, Roma, Inter Miami, Fenerbah\u00e7e e Fiorentina.","og_url":"https:\/\/portaltela.pt\/noticias\/2026\/01\/22\/dzeko-e-reforco-do-schalke-segundo-mercado-oficial\/","og_site_name":"Portal Tela Portugal","article_published_time":"2026-01-22T13:10:41+00:00","author":"Telinha","twitter_card":"summary_large_image","twitter_misc":{"Escrito por":"Telinha","Tempo estimado de leitura":"1 minuto"},"schema":{"@context":"https:\/\/schema.org","@graph":[{"@type":"Article","@id":"https:\/\/portaltela.pt\/noticias\/2026\/01\/22\/dzeko-e-reforco-do-schalke-segundo-mercado-oficial\/#article","isPartOf":{"@id":"https:\/\/portaltela.pt\/noticias\/2026\/01\/22\/dzeko-e-reforco-do-schalke-segundo-mercado-oficial\/"},"author":{"name":"Telinha","@id":"https:\/\/portaltela.pt\/#\/schema\/person\/c4278d4a6028830caff9ee44b42d32ed"},"headline":"Dzeko \u00e9 refor\u00e7o do Schalke segundo mercado oficial","datePublished":"2026-01-22T13:10:41+00:00","mainEntityOfPage":{"@id":"https:\/\/portaltela.pt\/noticias\/2026\/01\/22\/dzeko-e-reforco-do-schalke-segundo-mercado-oficial\/"},"wordCount":180,"image":{"@id":"https:\/\/portaltela.pt\/noticias\/2026\/01\/22\/dzeko-e-reforco-do-schalke-segundo-mercado-oficial\/#primaryimage"},"thumbnailUrl":"https:\/\/portaltela.pt\/s.01k8rhncp4jt1\/2026\/01\/262e0ef1-1ea0-491e-b474-7f1859f8bfa7.jpg","keywords":["Alemanha","Fiorentina","futebol","futebol internacional","internacionais"],"articleSection":["Desporto","Futebol"],"inLanguage":"pt-PT"},{"@type":"WebPage","@id":"https:\/\/portaltela.pt\/noticias\/2026\/01\/22\/dzeko-e-reforco-do-schalke-segundo-mercado-oficial\/","url":"https:\/\/portaltela.pt\/noticias\/2026\/01\/22\/dzeko-e-reforco-do-schalke-segundo-mercado-oficial\/","name":"Dzeko \u00e9 refor\u00e7o do Schalke segundo mercado oficial - Portal Tela Portugal","isPartOf":{"@id":"https:\/\/portaltela.pt\/#website"},"primaryImageOfPage":{"@id":"https:\/\/portaltela.pt\/noticias\/2026\/01\/22\/dzeko-e-reforco-do-schalke-segundo-mercado-oficial\/#primaryimage"},"image":{"@id":"https:\/\/portaltela.pt\/noticias\/2026\/01\/22\/dzeko-e-reforco-do-schalke-segundo-mercado-oficial\/#primaryimage"},"thumbnailUrl":"https:\/\/portaltela.pt\/s.01k8rhncp4jt1\/2026\/01\/262e0ef1-1ea0-491e-b474-7f1859f8bfa7.jpg","datePublished":"2026-01-22T13:10:41+00:00","author":{"@id":"https:\/\/portaltela.pt\/#\/schema\/person\/c4278d4a6028830caff9ee44b42d32ed"},"breadcrumb":{"@id":"https:\/\/portaltela.pt\/noticias\/2026\/01\/22\/dzeko-e-reforco-do-schalke-segundo-mercado-oficial\/#breadcrumb"},"inLanguage":"pt-PT","potentialAction":[{"@type":"ReadAction","target":["https:\/\/portaltela.pt\/noticias\/2026\/01\/22\/dzeko-e-reforco-do-schalke-segundo-mercado-oficial\/"]}]},{"@type":"ImageObject","inLanguage":"pt-PT","@id":"https:\/\/portaltela.pt\/noticias\/2026\/01\/22\/dzeko-e-reforco-do-schalke-segundo-mercado-oficial\/#primaryimage","url":"https:\/\/portaltela.pt\/s.01k8rhncp4jt1\/2026\/01\/262e0ef1-1ea0-491e-b474-7f1859f8bfa7.jpg","contentUrl":"https:\/\/portaltela.pt\/s.01k8rhncp4jt1\/2026\/01\/262e0ef1-1ea0-491e-b474-7f1859f8bfa7.jpg","width":796,"height":448,"caption":"Dzeko anunciado como refor\u00e7o - Foto: Schalke"},{"@type":"BreadcrumbList","@id":"https:\/\/portaltela.pt\/noticias\/2026\/01\/22\/dzeko-e-reforco-do-schalke-segundo-mercado-oficial\/#breadcrumb","itemListElement":[{"@type":"ListItem","position":1,"name":"In\u00edcio","item":"https:\/\/portaltela.pt\/"},{"@type":"ListItem","position":2,"name":"Dzeko \u00e9 refor\u00e7o do Schalke segundo mercado oficial"}]},{"@type":"WebSite","@id":"https:\/\/portaltela.pt\/#website","url":"https:\/\/portaltela.pt\/","name":"Portal Tela Portugal","description":"","potentialAction":[{"@type":"SearchAction","target":{"@type":"EntryPoint","urlTemplate":"https:\/\/portaltela.pt\/?s={search_term_string}"},"query-input":{"@type":"PropertyValueSpecification","valueRequired":true,"valueName":"search_term_string"}}],"inLanguage":"pt-PT"},{"@type":"Person","@id":"https:\/\/portaltela.pt\/#\/schema\/person\/c4278d4a6028830caff9ee44b42d32ed","name":"Telinha","image":{"@type":"ImageObject","inLanguage":"pt-PT","@id":"https:\/\/portaltela.pt\/s.01k8rhncp4jt1\/2025\/11\/talking-bot-125x125.png","url":"https:\/\/portaltela.pt\/s.01k8rhncp4jt1\/2025\/11\/talking-bot-125x125.png","contentUrl":"https:\/\/portaltela.pt\/s.01k8rhncp4jt1\/2025\/11\/talking-bot-125x125.png","caption":"Telinha"},"sameAs":["https:\/\/portaltela.pt\/"],"url":"https:\/\/portaltela.pt\/por\/367410592786\/"}]}},"_links":{"self":[{"href":"https:\/\/portaltela.pt\/api\/wp\/v2\/posts\/163337","targetHints":{"allow":["GET"]}}],"collection":[{"href":"https:\/\/portaltela.pt\/api\/wp\/v2\/posts"}],"about":[{"href":"https:\/\/portaltela.pt\/api\/wp\/v2\/types\/post"}],"author":[{"embeddable":true,"href":"https:\/\/portaltela.pt\/api\/wp\/v2\/users\/2"}],"replies":[{"embeddable":true,"href":"https:\/\/portaltela.pt\/api\/wp\/v2\/comments?post=163337"}],"version-history":[{"count":0,"href":"https:\/\/portaltela.pt\/api\/wp\/v2\/posts\/163337\/revisions"}],"wp:featuredmedia":[{"embeddable":true,"href":"https:\/\/portaltela.pt\/api\/wp\/v2\/media\/163338"}],"wp:attachment":[{"href":"https:\/\/portaltela.pt\/api\/wp\/v2\/media?parent=163337"}],"wp:term":[{"taxonomy":"category","embeddable":true,"href":"https:\/\/portaltela.pt\/api\/wp\/v2\/categories?post=163337"},{"taxonomy":"post_tag","embeddable":true,"href":"https:\/\/portaltela.pt\/api\/wp\/v2\/tags?post=163337"}],"curies":[{"name":"wp","href":"https:\/\/api.w.org\/{rel}","templated":true}]}}