{"id":163264,"date":"2026-01-22T09:39:54","date_gmt":"2026-01-22T12:39:54","guid":{"rendered":"https:\/\/portaltela.pt\/noticias\/2026\/01\/22\/eurico-brilhante-dias-afirma-que-o-sporting-e-ja-competitivo\/"},"modified":"2026-01-22T09:39:54","modified_gmt":"2026-01-22T12:39:54","slug":"eurico-brilhante-dias-afirma-que-o-sporting-e-ja-competitivo","status":"publish","type":"post","link":"https:\/\/portaltela.pt\/desporto\/futebol\/2026\/01\/22\/eurico-brilhante-dias-afirma-que-o-sporting-e-ja-competitivo\/","title":{"rendered":"Eurico Brilhante Dias afirma que o Sporting \u00e9 j\u00e1 competitivo"},"content":{"rendered":"<p>Eurico Brilhante Dias, l\u00edder parlamentar do Partido Socialista, destacou um conjunto de vit\u00f3rias recentes. No \u00faltimo domingo, viu Ant\u00f3nio Jos\u00e9 Seguro vencer a primeira volta das elei\u00e7\u00f5es presidenciais. Menos de 48 horas depois, acompanhou o triunfo do Sporting sobre o PSG, na 7.\u00aa jornada da fase de grupos da Champions League.<\/p>\n<p>O Sporting venceu o Paris Saint-Germain por 2-1, em jogo disputado fora de casa. A vit\u00f3ria avan\u00e7a a equipa leonina na competi\u00e7\u00e3o e refor\u00e7a a posi\u00e7\u00e3o no grupo. O PSG ficou com menos pontos ap\u00f3s o encontro, que contou com golos decididos ao longo do segundo tempo.<\/p>\n<p>Eurico Brilhante Dias refor\u00e7ou, em declara\u00e7\u00f5es n\u00e3o formais, que o Sporting est\u00e1 a aproximar-se de um padr\u00e3o de competitividade constante. A gest\u00e3o partid\u00e1ria acompanhou o desfecho do evento desportivo com interesse p\u00fablico, destacando a relev\u00e2ncia do desempenho da equipa.<\/p>\n<p>Contexto pol\u00edtico e desportivo tem sido acompanhado de perto por parte de figuras ligadas ao PS, que t\u00eam registado atividades eleitorais e desportivas em curto espa\u00e7o de tempo. A vit\u00f3ria do Sporting \u00e9 encarada como um momento de visibilidade para o clube e para o pa\u00eds.<\/p>\n","protected":false},"excerpt":{"rendered":"<ul>\n<li>Eurico Brilhante Dias, l\u00edder parlamentar do Partido Socialista, tem vindo a destacar vit\u00f3rias recentes.<\/li>\n<li>No domingo, Ant\u00f3nio Jos\u00e9 Seguro venceu a primeira volta das elei\u00e7\u00f5es presidenciais.<\/li>\n<li>Menos de 48 horas depois, o Sporting venceu o Paris Saint\u2011Germain por 2-1.<\/li>\n<li>O jogo decorreu na 7.\u00aa jornada da fase de grupos da Liga dos Campe\u00f5es.<\/li>\n<li>A vit\u00f3ria do Sporting \u00e9 apresentada como hist\u00f3rica frente aos PSG.<\/li>\n<\/ul>\n","protected":false},"author":2,"featured_media":163271,"comment_status":"closed","ping_status":"closed","sticky":false,"template":"","format":"standard","meta":{"footnotes":""},"categories":[21,24],"tags":[3577,68,32,1982,1979,1652],"class_list":["post-163264","post","type-post","status-publish","format-standard","has-post-thumbnail","hentry","category-desporto","category-futebol","tag-champions-league","tag-eleicoes","tag-futebol","tag-paris-saint-germain","tag-paris-sg","tag-sporting"],"yoast_head":"<!-- This site is optimized with the Yoast SEO plugin v27.2 - https:\/\/yoast.com\/product\/yoast-seo-wordpress\/ -->\n<title>Eurico Brilhante Dias afirma que o Sporting \u00e9 j\u00e1 competitivo - Portal Tela Portugal<\/title>\n<meta name=\"robots\" content=\"index, follow, max-snippet:-1, max-image-preview:large, max-video-preview:-1\" \/>\n<meta property=\"og:locale\" content=\"pt_PT\" \/>\n<meta property=\"og:type\" content=\"article\" \/>\n<meta property=\"og:title\" content=\"Eurico Brilhante Dias afirma que o Sporting \u00e9 j\u00e1 competitivo - Portal Tela Portugal\" \/>\n<meta property=\"og:description\" content=\"Eurico Brilhante Dias, l\u00edder parlamentar do Partido Socialista, tem vindo a destacar vit\u00f3rias recentes. No domingo, Ant\u00f3nio Jos\u00e9 Seguro venceu a primeira volta das elei\u00e7\u00f5es presidenciais. Menos de 48 horas depois, o Sporting venceu o Paris Saint\u2011Germain por 2-1. O jogo decorreu na 7.\u00aa jornada da fase de grupos da Liga dos Campe\u00f5es. A vit\u00f3ria do Sporting \u00e9 apresentada como hist\u00f3rica frente aos PSG.\" \/>\n<meta property=\"og:url\" content=\"https:\/\/portaltela.pt\/noticias\/2026\/01\/22\/eurico-brilhante-dias-afirma-que-o-sporting-e-ja-competitivo\/\" \/>\n<meta property=\"og:site_name\" content=\"Portal Tela Portugal\" \/>\n<meta property=\"article:published_time\" content=\"2026-01-22T12:39:54+00:00\" \/>\n<meta name=\"author\" content=\"Telinha\" \/>\n<meta name=\"twitter:card\" content=\"summary_large_image\" \/>\n<meta name=\"twitter:label1\" content=\"Escrito por\" \/>\n\t<meta name=\"twitter:data1\" content=\"Telinha\" \/>\n\t<meta name=\"twitter:label2\" content=\"Tempo estimado de leitura\" \/>\n\t<meta name=\"twitter:data2\" content=\"1 minuto\" \/>\n<script type=\"application\/ld+json\" class=\"yoast-schema-graph\">{\"@context\":\"https:\/\/schema.org\",\"@graph\":[{\"@type\":\"Article\",\"@id\":\"https:\/\/portaltela.pt\/noticias\/2026\/01\/22\/eurico-brilhante-dias-afirma-que-o-sporting-e-ja-competitivo\/#article\",\"isPartOf\":{\"@id\":\"https:\/\/portaltela.pt\/noticias\/2026\/01\/22\/eurico-brilhante-dias-afirma-que-o-sporting-e-ja-competitivo\/\"},\"author\":{\"name\":\"Telinha\",\"@id\":\"https:\/\/portaltela.pt\/#\/schema\/person\/c4278d4a6028830caff9ee44b42d32ed\"},\"headline\":\"Eurico Brilhante Dias afirma que o Sporting \u00e9 j\u00e1 competitivo\",\"datePublished\":\"2026-01-22T12:39:54+00:00\",\"mainEntityOfPage\":{\"@id\":\"https:\/\/portaltela.pt\/noticias\/2026\/01\/22\/eurico-brilhante-dias-afirma-que-o-sporting-e-ja-competitivo\/\"},\"wordCount\":212,\"image\":{\"@id\":\"https:\/\/portaltela.pt\/noticias\/2026\/01\/22\/eurico-brilhante-dias-afirma-que-o-sporting-e-ja-competitivo\/#primaryimage\"},\"thumbnailUrl\":\"https:\/\/portaltela.pt\/s.01k8rhncp4jt1\/2026\/01\/img_920x518uu2026-01-20-22-22-19-2416130-1.jpg\",\"keywords\":[\"Champions League\",\"elei\u00e7\u00f5es\",\"futebol\",\"Paris Saint-Germain\",\"Paris SG\",\"Sporting\"],\"articleSection\":[\"Desporto\",\"Futebol\"],\"inLanguage\":\"pt-PT\"},{\"@type\":\"WebPage\",\"@id\":\"https:\/\/portaltela.pt\/noticias\/2026\/01\/22\/eurico-brilhante-dias-afirma-que-o-sporting-e-ja-competitivo\/\",\"url\":\"https:\/\/portaltela.pt\/noticias\/2026\/01\/22\/eurico-brilhante-dias-afirma-que-o-sporting-e-ja-competitivo\/\",\"name\":\"Eurico Brilhante Dias afirma que o Sporting \u00e9 j\u00e1 competitivo - Portal Tela Portugal\",\"isPartOf\":{\"@id\":\"https:\/\/portaltela.pt\/#website\"},\"primaryImageOfPage\":{\"@id\":\"https:\/\/portaltela.pt\/noticias\/2026\/01\/22\/eurico-brilhante-dias-afirma-que-o-sporting-e-ja-competitivo\/#primaryimage\"},\"image\":{\"@id\":\"https:\/\/portaltela.pt\/noticias\/2026\/01\/22\/eurico-brilhante-dias-afirma-que-o-sporting-e-ja-competitivo\/#primaryimage\"},\"thumbnailUrl\":\"https:\/\/portaltela.pt\/s.01k8rhncp4jt1\/2026\/01\/img_920x518uu2026-01-20-22-22-19-2416130-1.jpg\",\"datePublished\":\"2026-01-22T12:39:54+00:00\",\"author\":{\"@id\":\"https:\/\/portaltela.pt\/#\/schema\/person\/c4278d4a6028830caff9ee44b42d32ed\"},\"breadcrumb\":{\"@id\":\"https:\/\/portaltela.pt\/noticias\/2026\/01\/22\/eurico-brilhante-dias-afirma-que-o-sporting-e-ja-competitivo\/#breadcrumb\"},\"inLanguage\":\"pt-PT\",\"potentialAction\":[{\"@type\":\"ReadAction\",\"target\":[\"https:\/\/portaltela.pt\/noticias\/2026\/01\/22\/eurico-brilhante-dias-afirma-que-o-sporting-e-ja-competitivo\/\"]}]},{\"@type\":\"ImageObject\",\"inLanguage\":\"pt-PT\",\"@id\":\"https:\/\/portaltela.pt\/noticias\/2026\/01\/22\/eurico-brilhante-dias-afirma-que-o-sporting-e-ja-competitivo\/#primaryimage\",\"url\":\"https:\/\/portaltela.pt\/s.01k8rhncp4jt1\/2026\/01\/img_920x518uu2026-01-20-22-22-19-2416130-1.jpg\",\"contentUrl\":\"https:\/\/portaltela.pt\/s.01k8rhncp4jt1\/2026\/01\/img_920x518uu2026-01-20-22-22-19-2416130-1.jpg\",\"width\":796,\"height\":448,\"caption\":\"Rui Borges sorri ap\u00f3s a vit\u00f3ria hist\u00f3rica do Sporting sobre o PSG\"},{\"@type\":\"BreadcrumbList\",\"@id\":\"https:\/\/portaltela.pt\/noticias\/2026\/01\/22\/eurico-brilhante-dias-afirma-que-o-sporting-e-ja-competitivo\/#breadcrumb\",\"itemListElement\":[{\"@type\":\"ListItem\",\"position\":1,\"name\":\"In\u00edcio\",\"item\":\"https:\/\/portaltela.pt\/\"},{\"@type\":\"ListItem\",\"position\":2,\"name\":\"Eurico Brilhante Dias afirma que o Sporting \u00e9 j\u00e1 competitivo\"}]},{\"@type\":\"WebSite\",\"@id\":\"https:\/\/portaltela.pt\/#website\",\"url\":\"https:\/\/portaltela.pt\/\",\"name\":\"Portal Tela Portugal\",\"description\":\"\",\"potentialAction\":[{\"@type\":\"SearchAction\",\"target\":{\"@type\":\"EntryPoint\",\"urlTemplate\":\"https:\/\/portaltela.pt\/?s={search_term_string}\"},\"query-input\":{\"@type\":\"PropertyValueSpecification\",\"valueRequired\":true,\"valueName\":\"search_term_string\"}}],\"inLanguage\":\"pt-PT\"},{\"@type\":\"Person\",\"@id\":\"https:\/\/portaltela.pt\/#\/schema\/person\/c4278d4a6028830caff9ee44b42d32ed\",\"name\":\"Telinha\",\"image\":{\"@type\":\"ImageObject\",\"inLanguage\":\"pt-PT\",\"@id\":\"https:\/\/portaltela.pt\/s.01k8rhncp4jt1\/2025\/11\/talking-bot-125x125.png\",\"url\":\"https:\/\/portaltela.pt\/s.01k8rhncp4jt1\/2025\/11\/talking-bot-125x125.png\",\"contentUrl\":\"https:\/\/portaltela.pt\/s.01k8rhncp4jt1\/2025\/11\/talking-bot-125x125.png\",\"caption\":\"Telinha\"},\"sameAs\":[\"https:\/\/portaltela.pt\/\"],\"url\":\"https:\/\/portaltela.pt\/por\/367410592786\/\"}]}<\/script>\n<!-- \/ Yoast SEO plugin. -->","yoast_head_json":{"title":"Eurico Brilhante Dias afirma que o Sporting \u00e9 j\u00e1 competitivo - Portal Tela Portugal","robots":{"index":"index","follow":"follow","max-snippet":"max-snippet:-1","max-image-preview":"max-image-preview:large","max-video-preview":"max-video-preview:-1"},"og_locale":"pt_PT","og_type":"article","og_title":"Eurico Brilhante Dias afirma que o Sporting \u00e9 j\u00e1 competitivo - Portal Tela Portugal","og_description":"Eurico Brilhante Dias, l\u00edder parlamentar do Partido Socialista, tem vindo a destacar vit\u00f3rias recentes. No domingo, Ant\u00f3nio Jos\u00e9 Seguro venceu a primeira volta das elei\u00e7\u00f5es presidenciais. Menos de 48 horas depois, o Sporting venceu o Paris Saint\u2011Germain por 2-1. O jogo decorreu na 7.\u00aa jornada da fase de grupos da Liga dos Campe\u00f5es. A vit\u00f3ria do Sporting \u00e9 apresentada como hist\u00f3rica frente aos PSG.","og_url":"https:\/\/portaltela.pt\/noticias\/2026\/01\/22\/eurico-brilhante-dias-afirma-que-o-sporting-e-ja-competitivo\/","og_site_name":"Portal Tela Portugal","article_published_time":"2026-01-22T12:39:54+00:00","author":"Telinha","twitter_card":"summary_large_image","twitter_misc":{"Escrito por":"Telinha","Tempo estimado de leitura":"1 minuto"},"schema":{"@context":"https:\/\/schema.org","@graph":[{"@type":"Article","@id":"https:\/\/portaltela.pt\/noticias\/2026\/01\/22\/eurico-brilhante-dias-afirma-que-o-sporting-e-ja-competitivo\/#article","isPartOf":{"@id":"https:\/\/portaltela.pt\/noticias\/2026\/01\/22\/eurico-brilhante-dias-afirma-que-o-sporting-e-ja-competitivo\/"},"author":{"name":"Telinha","@id":"https:\/\/portaltela.pt\/#\/schema\/person\/c4278d4a6028830caff9ee44b42d32ed"},"headline":"Eurico Brilhante Dias afirma que o Sporting \u00e9 j\u00e1 competitivo","datePublished":"2026-01-22T12:39:54+00:00","mainEntityOfPage":{"@id":"https:\/\/portaltela.pt\/noticias\/2026\/01\/22\/eurico-brilhante-dias-afirma-que-o-sporting-e-ja-competitivo\/"},"wordCount":212,"image":{"@id":"https:\/\/portaltela.pt\/noticias\/2026\/01\/22\/eurico-brilhante-dias-afirma-que-o-sporting-e-ja-competitivo\/#primaryimage"},"thumbnailUrl":"https:\/\/portaltela.pt\/s.01k8rhncp4jt1\/2026\/01\/img_920x518uu2026-01-20-22-22-19-2416130-1.jpg","keywords":["Champions League","elei\u00e7\u00f5es","futebol","Paris Saint-Germain","Paris SG","Sporting"],"articleSection":["Desporto","Futebol"],"inLanguage":"pt-PT"},{"@type":"WebPage","@id":"https:\/\/portaltela.pt\/noticias\/2026\/01\/22\/eurico-brilhante-dias-afirma-que-o-sporting-e-ja-competitivo\/","url":"https:\/\/portaltela.pt\/noticias\/2026\/01\/22\/eurico-brilhante-dias-afirma-que-o-sporting-e-ja-competitivo\/","name":"Eurico Brilhante Dias afirma que o Sporting \u00e9 j\u00e1 competitivo - Portal Tela Portugal","isPartOf":{"@id":"https:\/\/portaltela.pt\/#website"},"primaryImageOfPage":{"@id":"https:\/\/portaltela.pt\/noticias\/2026\/01\/22\/eurico-brilhante-dias-afirma-que-o-sporting-e-ja-competitivo\/#primaryimage"},"image":{"@id":"https:\/\/portaltela.pt\/noticias\/2026\/01\/22\/eurico-brilhante-dias-afirma-que-o-sporting-e-ja-competitivo\/#primaryimage"},"thumbnailUrl":"https:\/\/portaltela.pt\/s.01k8rhncp4jt1\/2026\/01\/img_920x518uu2026-01-20-22-22-19-2416130-1.jpg","datePublished":"2026-01-22T12:39:54+00:00","author":{"@id":"https:\/\/portaltela.pt\/#\/schema\/person\/c4278d4a6028830caff9ee44b42d32ed"},"breadcrumb":{"@id":"https:\/\/portaltela.pt\/noticias\/2026\/01\/22\/eurico-brilhante-dias-afirma-que-o-sporting-e-ja-competitivo\/#breadcrumb"},"inLanguage":"pt-PT","potentialAction":[{"@type":"ReadAction","target":["https:\/\/portaltela.pt\/noticias\/2026\/01\/22\/eurico-brilhante-dias-afirma-que-o-sporting-e-ja-competitivo\/"]}]},{"@type":"ImageObject","inLanguage":"pt-PT","@id":"https:\/\/portaltela.pt\/noticias\/2026\/01\/22\/eurico-brilhante-dias-afirma-que-o-sporting-e-ja-competitivo\/#primaryimage","url":"https:\/\/portaltela.pt\/s.01k8rhncp4jt1\/2026\/01\/img_920x518uu2026-01-20-22-22-19-2416130-1.jpg","contentUrl":"https:\/\/portaltela.pt\/s.01k8rhncp4jt1\/2026\/01\/img_920x518uu2026-01-20-22-22-19-2416130-1.jpg","width":796,"height":448,"caption":"Rui Borges sorri ap\u00f3s a vit\u00f3ria hist\u00f3rica do Sporting sobre o PSG"},{"@type":"BreadcrumbList","@id":"https:\/\/portaltela.pt\/noticias\/2026\/01\/22\/eurico-brilhante-dias-afirma-que-o-sporting-e-ja-competitivo\/#breadcrumb","itemListElement":[{"@type":"ListItem","position":1,"name":"In\u00edcio","item":"https:\/\/portaltela.pt\/"},{"@type":"ListItem","position":2,"name":"Eurico Brilhante Dias afirma que o Sporting \u00e9 j\u00e1 competitivo"}]},{"@type":"WebSite","@id":"https:\/\/portaltela.pt\/#website","url":"https:\/\/portaltela.pt\/","name":"Portal Tela Portugal","description":"","potentialAction":[{"@type":"SearchAction","target":{"@type":"EntryPoint","urlTemplate":"https:\/\/portaltela.pt\/?s={search_term_string}"},"query-input":{"@type":"PropertyValueSpecification","valueRequired":true,"valueName":"search_term_string"}}],"inLanguage":"pt-PT"},{"@type":"Person","@id":"https:\/\/portaltela.pt\/#\/schema\/person\/c4278d4a6028830caff9ee44b42d32ed","name":"Telinha","image":{"@type":"ImageObject","inLanguage":"pt-PT","@id":"https:\/\/portaltela.pt\/s.01k8rhncp4jt1\/2025\/11\/talking-bot-125x125.png","url":"https:\/\/portaltela.pt\/s.01k8rhncp4jt1\/2025\/11\/talking-bot-125x125.png","contentUrl":"https:\/\/portaltela.pt\/s.01k8rhncp4jt1\/2025\/11\/talking-bot-125x125.png","caption":"Telinha"},"sameAs":["https:\/\/portaltela.pt\/"],"url":"https:\/\/portaltela.pt\/por\/367410592786\/"}]}},"_links":{"self":[{"href":"https:\/\/portaltela.pt\/api\/wp\/v2\/posts\/163264","targetHints":{"allow":["GET"]}}],"collection":[{"href":"https:\/\/portaltela.pt\/api\/wp\/v2\/posts"}],"about":[{"href":"https:\/\/portaltela.pt\/api\/wp\/v2\/types\/post"}],"author":[{"embeddable":true,"href":"https:\/\/portaltela.pt\/api\/wp\/v2\/users\/2"}],"replies":[{"embeddable":true,"href":"https:\/\/portaltela.pt\/api\/wp\/v2\/comments?post=163264"}],"version-history":[{"count":0,"href":"https:\/\/portaltela.pt\/api\/wp\/v2\/posts\/163264\/revisions"}],"wp:featuredmedia":[{"embeddable":true,"href":"https:\/\/portaltela.pt\/api\/wp\/v2\/media\/163271"}],"wp:attachment":[{"href":"https:\/\/portaltela.pt\/api\/wp\/v2\/media?parent=163264"}],"wp:term":[{"taxonomy":"category","embeddable":true,"href":"https:\/\/portaltela.pt\/api\/wp\/v2\/categories?post=163264"},{"taxonomy":"post_tag","embeddable":true,"href":"https:\/\/portaltela.pt\/api\/wp\/v2\/tags?post=163264"}],"curies":[{"name":"wp","href":"https:\/\/api.w.org\/{rel}","templated":true}]}}