{"id":163244,"date":"2026-01-22T09:42:43","date_gmt":"2026-01-22T12:42:43","guid":{"rendered":"https:\/\/portaltela.pt\/noticias\/2026\/01\/22\/eua-renegociam-acordo-de-defesa-da-ilha-com-a-dinamarca-1951\/"},"modified":"2026-01-22T09:42:43","modified_gmt":"2026-01-22T12:42:43","slug":"eua-renegociam-acordo-de-defesa-da-ilha-com-a-dinamarca-1951","status":"publish","type":"post","link":"https:\/\/portaltela.pt\/noticias\/2026\/01\/22\/eua-renegociam-acordo-de-defesa-da-ilha-com-a-dinamarca-1951\/","title":{"rendered":"EUA renegociam acordo de defesa da ilha com a Dinamarca (1951)"},"content":{"rendered":"<p>Os Estados Unidos e a Dinamarca v\u00e3o renegociar o acordo de defesa de 1951 relativo \u00e0 Gronel\u00e2ndia. A informa\u00e7\u00e3o foi adiantada por uma fonte pr\u00f3xima das negocia\u00e7\u00f5es, ap\u00f3s encontros entre o Presidente norte-americano e o chefe da NATO.<\/p>\n<p>A fonte disse que a renova\u00e7\u00e3o do acordo visa fortalecer a seguran\u00e7a no \u00c1rtico e envolve a participa\u00e7\u00e3o de pa\u00edses europeus da Alian\u00e7a Atl\u00e2ntica. O objetivo \u00e9 apoiar opera\u00e7\u00e3o de defesa na regi\u00e3o, com foco no refor\u00e7o de capacidades e coopera\u00e7\u00e3o.<\/p>\n<h3>Contexto geopol\u00edtico do \u00c1rtico<\/h3>\n<p>A interlocutora n\u00e3o identificada acrescentou que n\u00e3o houve discuss\u00e3o sobre a hip\u00f3tese de bases norte-americanas em territ\u00f3rio groenland\u00eas sob soberania dos EUA, no encontro realizado em Davos entre Donald Trump e Mark Rutte.<\/p>\n<h3>Detalhes log\u00edsticos e pr\u00f3ximos passos<\/h3>\n<p>N\u00e3o foram divulgados prazos, nem cronogramas de conclus\u00e3o das negocia\u00e7\u00f5es, que devem ocorrer entre Washington e Copenhaga. A tratar-se de um acordo, as negocia\u00e7\u00f5es ampliar\u00e3o a coopera\u00e7\u00e3o de defesa no Atl\u00e2ntico Norte.<\/p>\n","protected":false},"excerpt":{"rendered":"<ul>\n<li>Os EUA e a Dinamarca v\u00e3o renegociar o acordo de defesa de 1951 sobre a Gronel\u00e2ndia.<\/li>\n<li>A seguran\u00e7a do \u00c1rtico ser\u00e1 refor\u00e7ada com a participa\u00e7\u00e3o de pa\u00edses europeus da Alian\u00e7a Atl\u00e2ntica.<\/li>\n<li>A informa\u00e7\u00e3o foi divulgada por uma fonte pr\u00f3xima das discuss\u00f5es ocorridas na quarta-feira entre o Presidente dos EUA e o chefe da NATO.<\/li>\n<li>A fonte afirmou \u00e0 ag\u00eancia France-Presse (AFP) que a coopera\u00e7\u00e3o envolver\u00e1 contribui\u00e7\u00f5es da NATO.<\/li>\n<li>N\u00e3o foi discutida a hip\u00f3tese de bases norte-americanas na Gronel\u00e2ndia sob soberania dos EUA, durante o encontro em Davos entre Donald Trump e Mark Rutte.<\/li>\n<\/ul>\n","protected":false},"author":2,"featured_media":163248,"comment_status":"closed","ping_status":"closed","sticky":false,"template":"","format":"standard","meta":{"footnotes":""},"categories":[1],"tags":[3496,256,66,3184,2036,2023],"class_list":["post-163244","post","type-post","status-publish","format-standard","has-post-thumbnail","hentry","category-noticias","tag-aliancas-internacionais","tag-cooperacao-internacional","tag-geopolitica","tag-gronelandia","tag-negociacoes-internacionais","tag-organizacoes-internacionais"],"yoast_head":"<!-- This site is optimized with the Yoast SEO plugin v27.2 - https:\/\/yoast.com\/product\/yoast-seo-wordpress\/ -->\n<title>EUA renegociam acordo de defesa da ilha com a Dinamarca (1951) - Portal Tela Portugal<\/title>\n<meta name=\"robots\" content=\"index, follow, max-snippet:-1, max-image-preview:large, max-video-preview:-1\" \/>\n<meta property=\"og:locale\" content=\"pt_PT\" \/>\n<meta property=\"og:type\" content=\"article\" \/>\n<meta property=\"og:title\" content=\"EUA renegociam acordo de defesa da ilha com a Dinamarca (1951) - Portal Tela Portugal\" \/>\n<meta property=\"og:description\" content=\"Os EUA e a Dinamarca v\u00e3o renegociar o acordo de defesa de 1951 sobre a Gronel\u00e2ndia. A seguran\u00e7a do \u00c1rtico ser\u00e1 refor\u00e7ada com a participa\u00e7\u00e3o de pa\u00edses europeus da Alian\u00e7a Atl\u00e2ntica. A informa\u00e7\u00e3o foi divulgada por uma fonte pr\u00f3xima das discuss\u00f5es ocorridas na quarta-feira entre o Presidente dos EUA e o chefe da NATO. A fonte afirmou \u00e0 ag\u00eancia France-Presse (AFP) que a coopera\u00e7\u00e3o envolver\u00e1 contribui\u00e7\u00f5es da NATO. N\u00e3o foi discutida a hip\u00f3tese de bases norte-americanas na Gronel\u00e2ndia sob soberania dos EUA, durante o encontro em Davos entre Donald Trump e Mark Rutte.\" \/>\n<meta property=\"og:url\" content=\"https:\/\/portaltela.pt\/noticias\/2026\/01\/22\/eua-renegociam-acordo-de-defesa-da-ilha-com-a-dinamarca-1951\/\" \/>\n<meta property=\"og:site_name\" content=\"Portal Tela Portugal\" \/>\n<meta property=\"article:published_time\" content=\"2026-01-22T12:42:43+00:00\" \/>\n<meta name=\"author\" content=\"Telinha\" \/>\n<meta name=\"twitter:card\" content=\"summary_large_image\" \/>\n<meta name=\"twitter:label1\" content=\"Escrito por\" \/>\n\t<meta name=\"twitter:data1\" content=\"Telinha\" \/>\n\t<meta name=\"twitter:label2\" content=\"Tempo estimado de leitura\" \/>\n\t<meta name=\"twitter:data2\" content=\"1 minuto\" \/>\n<script type=\"application\/ld+json\" class=\"yoast-schema-graph\">{\"@context\":\"https:\/\/schema.org\",\"@graph\":[{\"@type\":\"Article\",\"@id\":\"https:\/\/portaltela.pt\/noticias\/2026\/01\/22\/eua-renegociam-acordo-de-defesa-da-ilha-com-a-dinamarca-1951\/#article\",\"isPartOf\":{\"@id\":\"https:\/\/portaltela.pt\/noticias\/2026\/01\/22\/eua-renegociam-acordo-de-defesa-da-ilha-com-a-dinamarca-1951\/\"},\"author\":{\"name\":\"Telinha\",\"@id\":\"https:\/\/portaltela.pt\/#\/schema\/person\/c4278d4a6028830caff9ee44b42d32ed\"},\"headline\":\"EUA renegociam acordo de defesa da ilha com a Dinamarca (1951)\",\"datePublished\":\"2026-01-22T12:42:43+00:00\",\"mainEntityOfPage\":{\"@id\":\"https:\/\/portaltela.pt\/noticias\/2026\/01\/22\/eua-renegociam-acordo-de-defesa-da-ilha-com-a-dinamarca-1951\/\"},\"wordCount\":192,\"image\":{\"@id\":\"https:\/\/portaltela.pt\/noticias\/2026\/01\/22\/eua-renegociam-acordo-de-defesa-da-ilha-com-a-dinamarca-1951\/#primaryimage\"},\"thumbnailUrl\":\"https:\/\/portaltela.pt\/s.01k8rhncp4jt1\/2026\/01\/img_1280x721uu2026-01-21-13-54-28-2261689.jpg\",\"keywords\":[\"alian\u00e7as internacionais\",\"coopera\u00e7\u00e3o internacional\",\"geopol\u00edtica\",\"Gronel\u00c3\u00a2ndia\",\"negocia\u00e7\u00f5es internacionais\",\"organiza\u00e7\u00f5es internacionais\"],\"articleSection\":[\"Not\u00edcias\"],\"inLanguage\":\"pt-PT\"},{\"@type\":\"WebPage\",\"@id\":\"https:\/\/portaltela.pt\/noticias\/2026\/01\/22\/eua-renegociam-acordo-de-defesa-da-ilha-com-a-dinamarca-1951\/\",\"url\":\"https:\/\/portaltela.pt\/noticias\/2026\/01\/22\/eua-renegociam-acordo-de-defesa-da-ilha-com-a-dinamarca-1951\/\",\"name\":\"EUA renegociam acordo de defesa da ilha com a Dinamarca (1951) - Portal Tela Portugal\",\"isPartOf\":{\"@id\":\"https:\/\/portaltela.pt\/#website\"},\"primaryImageOfPage\":{\"@id\":\"https:\/\/portaltela.pt\/noticias\/2026\/01\/22\/eua-renegociam-acordo-de-defesa-da-ilha-com-a-dinamarca-1951\/#primaryimage\"},\"image\":{\"@id\":\"https:\/\/portaltela.pt\/noticias\/2026\/01\/22\/eua-renegociam-acordo-de-defesa-da-ilha-com-a-dinamarca-1951\/#primaryimage\"},\"thumbnailUrl\":\"https:\/\/portaltela.pt\/s.01k8rhncp4jt1\/2026\/01\/img_1280x721uu2026-01-21-13-54-28-2261689.jpg\",\"datePublished\":\"2026-01-22T12:42:43+00:00\",\"author\":{\"@id\":\"https:\/\/portaltela.pt\/#\/schema\/person\/c4278d4a6028830caff9ee44b42d32ed\"},\"breadcrumb\":{\"@id\":\"https:\/\/portaltela.pt\/noticias\/2026\/01\/22\/eua-renegociam-acordo-de-defesa-da-ilha-com-a-dinamarca-1951\/#breadcrumb\"},\"inLanguage\":\"pt-PT\",\"potentialAction\":[{\"@type\":\"ReadAction\",\"target\":[\"https:\/\/portaltela.pt\/noticias\/2026\/01\/22\/eua-renegociam-acordo-de-defesa-da-ilha-com-a-dinamarca-1951\/\"]}]},{\"@type\":\"ImageObject\",\"inLanguage\":\"pt-PT\",\"@id\":\"https:\/\/portaltela.pt\/noticias\/2026\/01\/22\/eua-renegociam-acordo-de-defesa-da-ilha-com-a-dinamarca-1951\/#primaryimage\",\"url\":\"https:\/\/portaltela.pt\/s.01k8rhncp4jt1\/2026\/01\/img_1280x721uu2026-01-21-13-54-28-2261689.jpg\",\"contentUrl\":\"https:\/\/portaltela.pt\/s.01k8rhncp4jt1\/2026\/01\/img_1280x721uu2026-01-21-13-54-28-2261689.jpg\",\"width\":796,\"height\":448,\"caption\":\"Donald Trump\"},{\"@type\":\"BreadcrumbList\",\"@id\":\"https:\/\/portaltela.pt\/noticias\/2026\/01\/22\/eua-renegociam-acordo-de-defesa-da-ilha-com-a-dinamarca-1951\/#breadcrumb\",\"itemListElement\":[{\"@type\":\"ListItem\",\"position\":1,\"name\":\"In\u00edcio\",\"item\":\"https:\/\/portaltela.pt\/\"},{\"@type\":\"ListItem\",\"position\":2,\"name\":\"EUA renegociam acordo de defesa da ilha com a Dinamarca (1951)\"}]},{\"@type\":\"WebSite\",\"@id\":\"https:\/\/portaltela.pt\/#website\",\"url\":\"https:\/\/portaltela.pt\/\",\"name\":\"Portal Tela Portugal\",\"description\":\"\",\"potentialAction\":[{\"@type\":\"SearchAction\",\"target\":{\"@type\":\"EntryPoint\",\"urlTemplate\":\"https:\/\/portaltela.pt\/?s={search_term_string}\"},\"query-input\":{\"@type\":\"PropertyValueSpecification\",\"valueRequired\":true,\"valueName\":\"search_term_string\"}}],\"inLanguage\":\"pt-PT\"},{\"@type\":\"Person\",\"@id\":\"https:\/\/portaltela.pt\/#\/schema\/person\/c4278d4a6028830caff9ee44b42d32ed\",\"name\":\"Telinha\",\"image\":{\"@type\":\"ImageObject\",\"inLanguage\":\"pt-PT\",\"@id\":\"https:\/\/portaltela.pt\/s.01k8rhncp4jt1\/2025\/11\/talking-bot-125x125.png\",\"url\":\"https:\/\/portaltela.pt\/s.01k8rhncp4jt1\/2025\/11\/talking-bot-125x125.png\",\"contentUrl\":\"https:\/\/portaltela.pt\/s.01k8rhncp4jt1\/2025\/11\/talking-bot-125x125.png\",\"caption\":\"Telinha\"},\"sameAs\":[\"https:\/\/portaltela.pt\/\"],\"url\":\"https:\/\/portaltela.pt\/por\/367410592786\/\"}]}<\/script>\n<!-- \/ Yoast SEO plugin. -->","yoast_head_json":{"title":"EUA renegociam acordo de defesa da ilha com a Dinamarca (1951) - Portal Tela Portugal","robots":{"index":"index","follow":"follow","max-snippet":"max-snippet:-1","max-image-preview":"max-image-preview:large","max-video-preview":"max-video-preview:-1"},"og_locale":"pt_PT","og_type":"article","og_title":"EUA renegociam acordo de defesa da ilha com a Dinamarca (1951) - Portal Tela Portugal","og_description":"Os EUA e a Dinamarca v\u00e3o renegociar o acordo de defesa de 1951 sobre a Gronel\u00e2ndia. A seguran\u00e7a do \u00c1rtico ser\u00e1 refor\u00e7ada com a participa\u00e7\u00e3o de pa\u00edses europeus da Alian\u00e7a Atl\u00e2ntica. A informa\u00e7\u00e3o foi divulgada por uma fonte pr\u00f3xima das discuss\u00f5es ocorridas na quarta-feira entre o Presidente dos EUA e o chefe da NATO. A fonte afirmou \u00e0 ag\u00eancia France-Presse (AFP) que a coopera\u00e7\u00e3o envolver\u00e1 contribui\u00e7\u00f5es da NATO. N\u00e3o foi discutida a hip\u00f3tese de bases norte-americanas na Gronel\u00e2ndia sob soberania dos EUA, durante o encontro em Davos entre Donald Trump e Mark Rutte.","og_url":"https:\/\/portaltela.pt\/noticias\/2026\/01\/22\/eua-renegociam-acordo-de-defesa-da-ilha-com-a-dinamarca-1951\/","og_site_name":"Portal Tela Portugal","article_published_time":"2026-01-22T12:42:43+00:00","author":"Telinha","twitter_card":"summary_large_image","twitter_misc":{"Escrito por":"Telinha","Tempo estimado de leitura":"1 minuto"},"schema":{"@context":"https:\/\/schema.org","@graph":[{"@type":"Article","@id":"https:\/\/portaltela.pt\/noticias\/2026\/01\/22\/eua-renegociam-acordo-de-defesa-da-ilha-com-a-dinamarca-1951\/#article","isPartOf":{"@id":"https:\/\/portaltela.pt\/noticias\/2026\/01\/22\/eua-renegociam-acordo-de-defesa-da-ilha-com-a-dinamarca-1951\/"},"author":{"name":"Telinha","@id":"https:\/\/portaltela.pt\/#\/schema\/person\/c4278d4a6028830caff9ee44b42d32ed"},"headline":"EUA renegociam acordo de defesa da ilha com a Dinamarca (1951)","datePublished":"2026-01-22T12:42:43+00:00","mainEntityOfPage":{"@id":"https:\/\/portaltela.pt\/noticias\/2026\/01\/22\/eua-renegociam-acordo-de-defesa-da-ilha-com-a-dinamarca-1951\/"},"wordCount":192,"image":{"@id":"https:\/\/portaltela.pt\/noticias\/2026\/01\/22\/eua-renegociam-acordo-de-defesa-da-ilha-com-a-dinamarca-1951\/#primaryimage"},"thumbnailUrl":"https:\/\/portaltela.pt\/s.01k8rhncp4jt1\/2026\/01\/img_1280x721uu2026-01-21-13-54-28-2261689.jpg","keywords":["alian\u00e7as internacionais","coopera\u00e7\u00e3o internacional","geopol\u00edtica","Gronel\u00c3\u00a2ndia","negocia\u00e7\u00f5es internacionais","organiza\u00e7\u00f5es internacionais"],"articleSection":["Not\u00edcias"],"inLanguage":"pt-PT"},{"@type":"WebPage","@id":"https:\/\/portaltela.pt\/noticias\/2026\/01\/22\/eua-renegociam-acordo-de-defesa-da-ilha-com-a-dinamarca-1951\/","url":"https:\/\/portaltela.pt\/noticias\/2026\/01\/22\/eua-renegociam-acordo-de-defesa-da-ilha-com-a-dinamarca-1951\/","name":"EUA renegociam acordo de defesa da ilha com a Dinamarca (1951) - Portal Tela Portugal","isPartOf":{"@id":"https:\/\/portaltela.pt\/#website"},"primaryImageOfPage":{"@id":"https:\/\/portaltela.pt\/noticias\/2026\/01\/22\/eua-renegociam-acordo-de-defesa-da-ilha-com-a-dinamarca-1951\/#primaryimage"},"image":{"@id":"https:\/\/portaltela.pt\/noticias\/2026\/01\/22\/eua-renegociam-acordo-de-defesa-da-ilha-com-a-dinamarca-1951\/#primaryimage"},"thumbnailUrl":"https:\/\/portaltela.pt\/s.01k8rhncp4jt1\/2026\/01\/img_1280x721uu2026-01-21-13-54-28-2261689.jpg","datePublished":"2026-01-22T12:42:43+00:00","author":{"@id":"https:\/\/portaltela.pt\/#\/schema\/person\/c4278d4a6028830caff9ee44b42d32ed"},"breadcrumb":{"@id":"https:\/\/portaltela.pt\/noticias\/2026\/01\/22\/eua-renegociam-acordo-de-defesa-da-ilha-com-a-dinamarca-1951\/#breadcrumb"},"inLanguage":"pt-PT","potentialAction":[{"@type":"ReadAction","target":["https:\/\/portaltela.pt\/noticias\/2026\/01\/22\/eua-renegociam-acordo-de-defesa-da-ilha-com-a-dinamarca-1951\/"]}]},{"@type":"ImageObject","inLanguage":"pt-PT","@id":"https:\/\/portaltela.pt\/noticias\/2026\/01\/22\/eua-renegociam-acordo-de-defesa-da-ilha-com-a-dinamarca-1951\/#primaryimage","url":"https:\/\/portaltela.pt\/s.01k8rhncp4jt1\/2026\/01\/img_1280x721uu2026-01-21-13-54-28-2261689.jpg","contentUrl":"https:\/\/portaltela.pt\/s.01k8rhncp4jt1\/2026\/01\/img_1280x721uu2026-01-21-13-54-28-2261689.jpg","width":796,"height":448,"caption":"Donald Trump"},{"@type":"BreadcrumbList","@id":"https:\/\/portaltela.pt\/noticias\/2026\/01\/22\/eua-renegociam-acordo-de-defesa-da-ilha-com-a-dinamarca-1951\/#breadcrumb","itemListElement":[{"@type":"ListItem","position":1,"name":"In\u00edcio","item":"https:\/\/portaltela.pt\/"},{"@type":"ListItem","position":2,"name":"EUA renegociam acordo de defesa da ilha com a Dinamarca (1951)"}]},{"@type":"WebSite","@id":"https:\/\/portaltela.pt\/#website","url":"https:\/\/portaltela.pt\/","name":"Portal Tela Portugal","description":"","potentialAction":[{"@type":"SearchAction","target":{"@type":"EntryPoint","urlTemplate":"https:\/\/portaltela.pt\/?s={search_term_string}"},"query-input":{"@type":"PropertyValueSpecification","valueRequired":true,"valueName":"search_term_string"}}],"inLanguage":"pt-PT"},{"@type":"Person","@id":"https:\/\/portaltela.pt\/#\/schema\/person\/c4278d4a6028830caff9ee44b42d32ed","name":"Telinha","image":{"@type":"ImageObject","inLanguage":"pt-PT","@id":"https:\/\/portaltela.pt\/s.01k8rhncp4jt1\/2025\/11\/talking-bot-125x125.png","url":"https:\/\/portaltela.pt\/s.01k8rhncp4jt1\/2025\/11\/talking-bot-125x125.png","contentUrl":"https:\/\/portaltela.pt\/s.01k8rhncp4jt1\/2025\/11\/talking-bot-125x125.png","caption":"Telinha"},"sameAs":["https:\/\/portaltela.pt\/"],"url":"https:\/\/portaltela.pt\/por\/367410592786\/"}]}},"_links":{"self":[{"href":"https:\/\/portaltela.pt\/api\/wp\/v2\/posts\/163244","targetHints":{"allow":["GET"]}}],"collection":[{"href":"https:\/\/portaltela.pt\/api\/wp\/v2\/posts"}],"about":[{"href":"https:\/\/portaltela.pt\/api\/wp\/v2\/types\/post"}],"author":[{"embeddable":true,"href":"https:\/\/portaltela.pt\/api\/wp\/v2\/users\/2"}],"replies":[{"embeddable":true,"href":"https:\/\/portaltela.pt\/api\/wp\/v2\/comments?post=163244"}],"version-history":[{"count":0,"href":"https:\/\/portaltela.pt\/api\/wp\/v2\/posts\/163244\/revisions"}],"wp:featuredmedia":[{"embeddable":true,"href":"https:\/\/portaltela.pt\/api\/wp\/v2\/media\/163248"}],"wp:attachment":[{"href":"https:\/\/portaltela.pt\/api\/wp\/v2\/media?parent=163244"}],"wp:term":[{"taxonomy":"category","embeddable":true,"href":"https:\/\/portaltela.pt\/api\/wp\/v2\/categories?post=163244"},{"taxonomy":"post_tag","embeddable":true,"href":"https:\/\/portaltela.pt\/api\/wp\/v2\/tags?post=163244"}],"curies":[{"name":"wp","href":"https:\/\/api.w.org\/{rel}","templated":true}]}}