{"id":163181,"date":"2026-01-22T09:04:00","date_gmt":"2026-01-22T12:04:00","guid":{"rendered":"https:\/\/portaltela.pt\/noticias\/2026\/01\/22\/esqueleto-encontrado-numa-casa-no-porto\/"},"modified":"2026-01-22T09:04:00","modified_gmt":"2026-01-22T12:04:00","slug":"esqueleto-encontrado-numa-casa-no-porto","status":"publish","type":"post","link":"https:\/\/portaltela.pt\/noticias\/2026\/01\/22\/esqueleto-encontrado-numa-casa-no-porto\/","title":{"rendered":"Esqueleto encontrado numa casa no Porto"},"content":{"rendered":"<p>Um esqueleto humano foi encontrado na tarde de quarta-feira, dentro de uma casa em Campanh\u00e3, Porto. A descoberta foi feita por agentes da PSP.<\/p>\n<p>A v\u00edtima \u00e9 uma mulher, de 73 anos, que n\u00e3o era vista h\u00e1 cerca de dois anos. A m\u00e9dica de fam\u00edlia informou as autoridades sobre o facto, apontando que n\u00e3o comparecia ao Centro de Sa\u00fade de Campanh\u00e3 nesse per\u00edodo.<\/p>\n<p>O local foi isolado pela Pol\u00edcia Judici\u00e1ria do Porto, que iniciou a recolha de vest\u00edgios. Os ossos foram encaminhados para per\u00edcias com o objetivo de apurar as circunst\u00e2ncias e o momento da morte.<\/p>\n<p>A moradora era independente e n\u00e3o existiam alertas pr\u00e9vios de desaparecimento. As autoridades devem confirmar a causa do \u00f3bito e o intervalo temporal em que ocorreu.<\/p>\n","protected":false},"excerpt":{"rendered":"<ul>\n<li>Um esqueleto humano foi encontrado, na tarde de quarta-feira, dentro de uma casa em Campanh\u00e3, no Porto.<\/li>\n<li>A ossada pertence a uma mulher de 73 anos, que n\u00e3o era vista h\u00e1 cerca de dois anos.<\/li>\n<li>A m\u00e9dica de fam\u00edlia da v\u00edtima informou \u00e0s autoridades que a mulher n\u00e3o frequentava o Centro de Sa\u00fade de Campanh\u00e3 h\u00e1 dois anos.<\/li>\n<li>A PSP isolou o local para recolha de vest\u00edgios e a Pol\u00edcia Judici\u00e1ria foi chamada para acompanhar o processo; os ossos seguem para per\u00edcias.<\/li>\n<li>A v\u00edtima vivia sozinha e n\u00e3o havia alerta de desaparecimento anterior.<\/li>\n<\/ul>\n","protected":false},"author":2,"featured_media":163183,"comment_status":"closed","ping_status":"closed","sticky":false,"template":"","format":"standard","meta":{"footnotes":""},"categories":[1],"tags":[217,294,1802,982,1381],"class_list":["post-163181","post","type-post","status-publish","format-standard","has-post-thumbnail","hentry","category-noticias","tag-investigacao-criminal","tag-ocultacao-de-cadaver","tag-policia-judiciaria","tag-porto","tag-psp"],"yoast_head":"<!-- This site is optimized with the Yoast SEO plugin v27.2 - https:\/\/yoast.com\/product\/yoast-seo-wordpress\/ -->\n<title>Esqueleto encontrado numa casa no Porto - Portal Tela Portugal<\/title>\n<meta name=\"robots\" content=\"index, follow, max-snippet:-1, max-image-preview:large, max-video-preview:-1\" \/>\n<meta property=\"og:locale\" content=\"pt_PT\" \/>\n<meta property=\"og:type\" content=\"article\" \/>\n<meta property=\"og:title\" content=\"Esqueleto encontrado numa casa no Porto - Portal Tela Portugal\" \/>\n<meta property=\"og:description\" content=\"Um esqueleto humano foi encontrado, na tarde de quarta-feira, dentro de uma casa em Campanh\u00e3, no Porto. A ossada pertence a uma mulher de 73 anos, que n\u00e3o era vista h\u00e1 cerca de dois anos. A m\u00e9dica de fam\u00edlia da v\u00edtima informou \u00e0s autoridades que a mulher n\u00e3o frequentava o Centro de Sa\u00fade de Campanh\u00e3 h\u00e1 dois anos. A PSP isolou o local para recolha de vest\u00edgios e a Pol\u00edcia Judici\u00e1ria foi chamada para acompanhar o processo; os ossos seguem para per\u00edcias. A v\u00edtima vivia sozinha e n\u00e3o havia alerta de desaparecimento anterior.\" \/>\n<meta property=\"og:url\" content=\"https:\/\/portaltela.pt\/noticias\/2026\/01\/22\/esqueleto-encontrado-numa-casa-no-porto\/\" \/>\n<meta property=\"og:site_name\" content=\"Portal Tela Portugal\" \/>\n<meta property=\"article:published_time\" content=\"2026-01-22T12:04:00+00:00\" \/>\n<meta name=\"author\" content=\"Telinha\" \/>\n<meta name=\"twitter:card\" content=\"summary_large_image\" \/>\n<meta name=\"twitter:label1\" content=\"Escrito por\" \/>\n\t<meta name=\"twitter:data1\" content=\"Telinha\" \/>\n\t<meta name=\"twitter:label2\" content=\"Tempo estimado de leitura\" \/>\n\t<meta name=\"twitter:data2\" content=\"1 minuto\" \/>\n<script type=\"application\/ld+json\" class=\"yoast-schema-graph\">{\"@context\":\"https:\/\/schema.org\",\"@graph\":[{\"@type\":\"Article\",\"@id\":\"https:\/\/portaltela.pt\/noticias\/2026\/01\/22\/esqueleto-encontrado-numa-casa-no-porto\/#article\",\"isPartOf\":{\"@id\":\"https:\/\/portaltela.pt\/noticias\/2026\/01\/22\/esqueleto-encontrado-numa-casa-no-porto\/\"},\"author\":{\"name\":\"Telinha\",\"@id\":\"https:\/\/portaltela.pt\/#\/schema\/person\/c4278d4a6028830caff9ee44b42d32ed\"},\"headline\":\"Esqueleto encontrado numa casa no Porto\",\"datePublished\":\"2026-01-22T12:04:00+00:00\",\"mainEntityOfPage\":{\"@id\":\"https:\/\/portaltela.pt\/noticias\/2026\/01\/22\/esqueleto-encontrado-numa-casa-no-porto\/\"},\"wordCount\":140,\"image\":{\"@id\":\"https:\/\/portaltela.pt\/noticias\/2026\/01\/22\/esqueleto-encontrado-numa-casa-no-porto\/#primaryimage\"},\"thumbnailUrl\":\"https:\/\/portaltela.pt\/s.01k8rhncp4jt1\/2026\/01\/img_1500x1000uu2020-12-16-19-09-30-998601.jpg\",\"keywords\":[\"investiga\u00e7\u00e3o criminal\",\"oculta\u00e7\u00e3o de cad\u00e1ver\",\"Pol\u00edcia Judici\u00e1ria\",\"Porto\",\"PSP\"],\"articleSection\":[\"Not\u00edcias\"],\"inLanguage\":\"pt-PT\"},{\"@type\":\"WebPage\",\"@id\":\"https:\/\/portaltela.pt\/noticias\/2026\/01\/22\/esqueleto-encontrado-numa-casa-no-porto\/\",\"url\":\"https:\/\/portaltela.pt\/noticias\/2026\/01\/22\/esqueleto-encontrado-numa-casa-no-porto\/\",\"name\":\"Esqueleto encontrado numa casa no Porto - Portal Tela Portugal\",\"isPartOf\":{\"@id\":\"https:\/\/portaltela.pt\/#website\"},\"primaryImageOfPage\":{\"@id\":\"https:\/\/portaltela.pt\/noticias\/2026\/01\/22\/esqueleto-encontrado-numa-casa-no-porto\/#primaryimage\"},\"image\":{\"@id\":\"https:\/\/portaltela.pt\/noticias\/2026\/01\/22\/esqueleto-encontrado-numa-casa-no-porto\/#primaryimage\"},\"thumbnailUrl\":\"https:\/\/portaltela.pt\/s.01k8rhncp4jt1\/2026\/01\/img_1500x1000uu2020-12-16-19-09-30-998601.jpg\",\"datePublished\":\"2026-01-22T12:04:00+00:00\",\"author\":{\"@id\":\"https:\/\/portaltela.pt\/#\/schema\/person\/c4278d4a6028830caff9ee44b42d32ed\"},\"breadcrumb\":{\"@id\":\"https:\/\/portaltela.pt\/noticias\/2026\/01\/22\/esqueleto-encontrado-numa-casa-no-porto\/#breadcrumb\"},\"inLanguage\":\"pt-PT\",\"potentialAction\":[{\"@type\":\"ReadAction\",\"target\":[\"https:\/\/portaltela.pt\/noticias\/2026\/01\/22\/esqueleto-encontrado-numa-casa-no-porto\/\"]}]},{\"@type\":\"ImageObject\",\"inLanguage\":\"pt-PT\",\"@id\":\"https:\/\/portaltela.pt\/noticias\/2026\/01\/22\/esqueleto-encontrado-numa-casa-no-porto\/#primaryimage\",\"url\":\"https:\/\/portaltela.pt\/s.01k8rhncp4jt1\/2026\/01\/img_1500x1000uu2020-12-16-19-09-30-998601.jpg\",\"contentUrl\":\"https:\/\/portaltela.pt\/s.01k8rhncp4jt1\/2026\/01\/img_1500x1000uu2020-12-16-19-09-30-998601.jpg\",\"width\":796,\"height\":448,\"caption\":\"Elementos da PSP localizaram as ossadas ap\u00f3s den\u00fancia\"},{\"@type\":\"BreadcrumbList\",\"@id\":\"https:\/\/portaltela.pt\/noticias\/2026\/01\/22\/esqueleto-encontrado-numa-casa-no-porto\/#breadcrumb\",\"itemListElement\":[{\"@type\":\"ListItem\",\"position\":1,\"name\":\"In\u00edcio\",\"item\":\"https:\/\/portaltela.pt\/\"},{\"@type\":\"ListItem\",\"position\":2,\"name\":\"Esqueleto encontrado numa casa no Porto\"}]},{\"@type\":\"WebSite\",\"@id\":\"https:\/\/portaltela.pt\/#website\",\"url\":\"https:\/\/portaltela.pt\/\",\"name\":\"Portal Tela Portugal\",\"description\":\"\",\"potentialAction\":[{\"@type\":\"SearchAction\",\"target\":{\"@type\":\"EntryPoint\",\"urlTemplate\":\"https:\/\/portaltela.pt\/?s={search_term_string}\"},\"query-input\":{\"@type\":\"PropertyValueSpecification\",\"valueRequired\":true,\"valueName\":\"search_term_string\"}}],\"inLanguage\":\"pt-PT\"},{\"@type\":\"Person\",\"@id\":\"https:\/\/portaltela.pt\/#\/schema\/person\/c4278d4a6028830caff9ee44b42d32ed\",\"name\":\"Telinha\",\"image\":{\"@type\":\"ImageObject\",\"inLanguage\":\"pt-PT\",\"@id\":\"https:\/\/portaltela.pt\/s.01k8rhncp4jt1\/2025\/11\/talking-bot-125x125.png\",\"url\":\"https:\/\/portaltela.pt\/s.01k8rhncp4jt1\/2025\/11\/talking-bot-125x125.png\",\"contentUrl\":\"https:\/\/portaltela.pt\/s.01k8rhncp4jt1\/2025\/11\/talking-bot-125x125.png\",\"caption\":\"Telinha\"},\"sameAs\":[\"https:\/\/portaltela.pt\/\"],\"url\":\"https:\/\/portaltela.pt\/por\/367410592786\/\"}]}<\/script>\n<!-- \/ Yoast SEO plugin. -->","yoast_head_json":{"title":"Esqueleto encontrado numa casa no Porto - Portal Tela Portugal","robots":{"index":"index","follow":"follow","max-snippet":"max-snippet:-1","max-image-preview":"max-image-preview:large","max-video-preview":"max-video-preview:-1"},"og_locale":"pt_PT","og_type":"article","og_title":"Esqueleto encontrado numa casa no Porto - Portal Tela Portugal","og_description":"Um esqueleto humano foi encontrado, na tarde de quarta-feira, dentro de uma casa em Campanh\u00e3, no Porto. A ossada pertence a uma mulher de 73 anos, que n\u00e3o era vista h\u00e1 cerca de dois anos. A m\u00e9dica de fam\u00edlia da v\u00edtima informou \u00e0s autoridades que a mulher n\u00e3o frequentava o Centro de Sa\u00fade de Campanh\u00e3 h\u00e1 dois anos. A PSP isolou o local para recolha de vest\u00edgios e a Pol\u00edcia Judici\u00e1ria foi chamada para acompanhar o processo; os ossos seguem para per\u00edcias. A v\u00edtima vivia sozinha e n\u00e3o havia alerta de desaparecimento anterior.","og_url":"https:\/\/portaltela.pt\/noticias\/2026\/01\/22\/esqueleto-encontrado-numa-casa-no-porto\/","og_site_name":"Portal Tela Portugal","article_published_time":"2026-01-22T12:04:00+00:00","author":"Telinha","twitter_card":"summary_large_image","twitter_misc":{"Escrito por":"Telinha","Tempo estimado de leitura":"1 minuto"},"schema":{"@context":"https:\/\/schema.org","@graph":[{"@type":"Article","@id":"https:\/\/portaltela.pt\/noticias\/2026\/01\/22\/esqueleto-encontrado-numa-casa-no-porto\/#article","isPartOf":{"@id":"https:\/\/portaltela.pt\/noticias\/2026\/01\/22\/esqueleto-encontrado-numa-casa-no-porto\/"},"author":{"name":"Telinha","@id":"https:\/\/portaltela.pt\/#\/schema\/person\/c4278d4a6028830caff9ee44b42d32ed"},"headline":"Esqueleto encontrado numa casa no Porto","datePublished":"2026-01-22T12:04:00+00:00","mainEntityOfPage":{"@id":"https:\/\/portaltela.pt\/noticias\/2026\/01\/22\/esqueleto-encontrado-numa-casa-no-porto\/"},"wordCount":140,"image":{"@id":"https:\/\/portaltela.pt\/noticias\/2026\/01\/22\/esqueleto-encontrado-numa-casa-no-porto\/#primaryimage"},"thumbnailUrl":"https:\/\/portaltela.pt\/s.01k8rhncp4jt1\/2026\/01\/img_1500x1000uu2020-12-16-19-09-30-998601.jpg","keywords":["investiga\u00e7\u00e3o criminal","oculta\u00e7\u00e3o de cad\u00e1ver","Pol\u00edcia Judici\u00e1ria","Porto","PSP"],"articleSection":["Not\u00edcias"],"inLanguage":"pt-PT"},{"@type":"WebPage","@id":"https:\/\/portaltela.pt\/noticias\/2026\/01\/22\/esqueleto-encontrado-numa-casa-no-porto\/","url":"https:\/\/portaltela.pt\/noticias\/2026\/01\/22\/esqueleto-encontrado-numa-casa-no-porto\/","name":"Esqueleto encontrado numa casa no Porto - Portal Tela Portugal","isPartOf":{"@id":"https:\/\/portaltela.pt\/#website"},"primaryImageOfPage":{"@id":"https:\/\/portaltela.pt\/noticias\/2026\/01\/22\/esqueleto-encontrado-numa-casa-no-porto\/#primaryimage"},"image":{"@id":"https:\/\/portaltela.pt\/noticias\/2026\/01\/22\/esqueleto-encontrado-numa-casa-no-porto\/#primaryimage"},"thumbnailUrl":"https:\/\/portaltela.pt\/s.01k8rhncp4jt1\/2026\/01\/img_1500x1000uu2020-12-16-19-09-30-998601.jpg","datePublished":"2026-01-22T12:04:00+00:00","author":{"@id":"https:\/\/portaltela.pt\/#\/schema\/person\/c4278d4a6028830caff9ee44b42d32ed"},"breadcrumb":{"@id":"https:\/\/portaltela.pt\/noticias\/2026\/01\/22\/esqueleto-encontrado-numa-casa-no-porto\/#breadcrumb"},"inLanguage":"pt-PT","potentialAction":[{"@type":"ReadAction","target":["https:\/\/portaltela.pt\/noticias\/2026\/01\/22\/esqueleto-encontrado-numa-casa-no-porto\/"]}]},{"@type":"ImageObject","inLanguage":"pt-PT","@id":"https:\/\/portaltela.pt\/noticias\/2026\/01\/22\/esqueleto-encontrado-numa-casa-no-porto\/#primaryimage","url":"https:\/\/portaltela.pt\/s.01k8rhncp4jt1\/2026\/01\/img_1500x1000uu2020-12-16-19-09-30-998601.jpg","contentUrl":"https:\/\/portaltela.pt\/s.01k8rhncp4jt1\/2026\/01\/img_1500x1000uu2020-12-16-19-09-30-998601.jpg","width":796,"height":448,"caption":"Elementos da PSP localizaram as ossadas ap\u00f3s den\u00fancia"},{"@type":"BreadcrumbList","@id":"https:\/\/portaltela.pt\/noticias\/2026\/01\/22\/esqueleto-encontrado-numa-casa-no-porto\/#breadcrumb","itemListElement":[{"@type":"ListItem","position":1,"name":"In\u00edcio","item":"https:\/\/portaltela.pt\/"},{"@type":"ListItem","position":2,"name":"Esqueleto encontrado numa casa no Porto"}]},{"@type":"WebSite","@id":"https:\/\/portaltela.pt\/#website","url":"https:\/\/portaltela.pt\/","name":"Portal Tela Portugal","description":"","potentialAction":[{"@type":"SearchAction","target":{"@type":"EntryPoint","urlTemplate":"https:\/\/portaltela.pt\/?s={search_term_string}"},"query-input":{"@type":"PropertyValueSpecification","valueRequired":true,"valueName":"search_term_string"}}],"inLanguage":"pt-PT"},{"@type":"Person","@id":"https:\/\/portaltela.pt\/#\/schema\/person\/c4278d4a6028830caff9ee44b42d32ed","name":"Telinha","image":{"@type":"ImageObject","inLanguage":"pt-PT","@id":"https:\/\/portaltela.pt\/s.01k8rhncp4jt1\/2025\/11\/talking-bot-125x125.png","url":"https:\/\/portaltela.pt\/s.01k8rhncp4jt1\/2025\/11\/talking-bot-125x125.png","contentUrl":"https:\/\/portaltela.pt\/s.01k8rhncp4jt1\/2025\/11\/talking-bot-125x125.png","caption":"Telinha"},"sameAs":["https:\/\/portaltela.pt\/"],"url":"https:\/\/portaltela.pt\/por\/367410592786\/"}]}},"_links":{"self":[{"href":"https:\/\/portaltela.pt\/api\/wp\/v2\/posts\/163181","targetHints":{"allow":["GET"]}}],"collection":[{"href":"https:\/\/portaltela.pt\/api\/wp\/v2\/posts"}],"about":[{"href":"https:\/\/portaltela.pt\/api\/wp\/v2\/types\/post"}],"author":[{"embeddable":true,"href":"https:\/\/portaltela.pt\/api\/wp\/v2\/users\/2"}],"replies":[{"embeddable":true,"href":"https:\/\/portaltela.pt\/api\/wp\/v2\/comments?post=163181"}],"version-history":[{"count":0,"href":"https:\/\/portaltela.pt\/api\/wp\/v2\/posts\/163181\/revisions"}],"wp:featuredmedia":[{"embeddable":true,"href":"https:\/\/portaltela.pt\/api\/wp\/v2\/media\/163183"}],"wp:attachment":[{"href":"https:\/\/portaltela.pt\/api\/wp\/v2\/media?parent=163181"}],"wp:term":[{"taxonomy":"category","embeddable":true,"href":"https:\/\/portaltela.pt\/api\/wp\/v2\/categories?post=163181"},{"taxonomy":"post_tag","embeddable":true,"href":"https:\/\/portaltela.pt\/api\/wp\/v2\/tags?post=163181"}],"curies":[{"name":"wp","href":"https:\/\/api.w.org\/{rel}","templated":true}]}}