{"id":163135,"date":"2026-01-22T05:24:08","date_gmt":"2026-01-22T08:24:08","guid":{"rendered":"https:\/\/portaltela.pt\/noticias\/2026\/01\/22\/adn-e-joana-amaral-dias-cronica-de-um-conflito-politico\/"},"modified":"2026-01-22T05:24:08","modified_gmt":"2026-01-22T08:24:08","slug":"adn-e-joana-amaral-dias-cronica-de-um-conflito-politico","status":"publish","type":"post","link":"https:\/\/portaltela.pt\/noticias\/politica\/2026\/01\/22\/adn-e-joana-amaral-dias-cronica-de-um-conflito-politico\/","title":{"rendered":"ADN e Joana Amaral Dias: cr\u00f3nica de um conflito pol\u00edtico"},"content":{"rendered":"<p>Jos\u00e9 Manuel Castro viu-se demitido do cargo de secret\u00e1rio-geral do ADN, numa decis\u00e3o que pode culminar na sua expuls\u00e3o do partido. A l\u00edder Joana Amaral Dias \u00e9 apontada como a figura central da disputa interna que se avizinha.<\/p>\n<p>A pol\u00e9mica envolve acusa\u00e7\u00f5es de sabotagem inform\u00e1tica e abuso de poder, apresentadas por cr\u00edticos de Castro dentro do ADN. As alega\u00e7\u00f5es s\u00e3o acompanhadas de mensagens de amea\u00e7a que foram entregues \u00e0s autoridades competentes, a Pol\u00edcia Judici\u00e1ria.<\/p>\n<p>No centro do embate est\u00e1 a tentativa de Joana Amaral Dias de concorrer a Bel\u00e9m. O Tribunal Constitucional validou apenas 1.575 assinaturas, das 7.500 exigidas, para a candidatura da l\u00edder do ADN. O facto tem sido usado por advers\u00e1rios para sustentar cr\u00edticas \u00e0 candidatura.<\/p>\n<p>Ant\u00f3nio Mendon\u00e7a, militante com peso no partido nos A\u00e7ores, lan\u00e7ou uma a\u00e7\u00e3o p\u00fablica contra Castro nas redes sociais. Em Dezembro, Mendon\u00e7a partilhou uma imagem de Intelig\u00eancia Artificial com Castro em posi\u00e7\u00e3o de derrota, acompanhada de acusa\u00e7\u00f5es sobre supostos crimes.<\/p>\n<h3>Contexto interno e desdobramentos<\/h3>\n<p>As tens\u00f5es refletem uma crise interna que permanece sem resolu\u00e7\u00e3o clara. A dire\u00e7\u00e3o do ADN afirma proceder de forma institucional, enquanto diferentes fac\u00e7\u00f5es defendem leituras distintas sobre o caminho pol\u00edtico do partido. O desfecho depende das pr\u00f3ximas delibera\u00e7\u00f5es internas e de eventuais a\u00e7\u00f5es judiciais.<\/p>\n","protected":false},"excerpt":{"rendered":"<ul>\n<li>Jos\u00e9 Manuel Castro foi desnomeado como secret\u00e1rio-geral do ADN e pode ser expulsado do partido por alegada sabotagem \u00e0 candidatura de Joana Amaral Dias a Bel\u00e9m.<\/li>\n<li>As amea\u00e7as dirigidas a Castro foram entregues \u00e0 Pol\u00edcia Judici\u00e1ria.<\/li>\n<li>Ant\u00f3nio Mendon\u00e7a, militante a\u00e7oriano do ADN, criou e partilhou nas redes sociais uma imagem de Intelig\u00eancia Artificial que punha Castro de joelhos, algemado, sob um carrasco.<\/li>\n<li>Ao lado da ilustra\u00e7\u00e3o aparece um texto com supostos crimes atribu\u00eddos a Castro, como acesso ileg\u00edtimo, sabotagem inform\u00e1tica e abuso de poder.<\/li>\n<li>O epis\u00f3dio acontece no contexto da crise interna no ADN, envolvendo a campanha de Joana Amaral Dias e a certifica\u00e7\u00e3o de assinaturas para a sua candidatura.<\/li>\n<\/ul>\n","protected":false},"author":2,"featured_media":163146,"comment_status":"closed","ping_status":"closed","sticky":false,"template":"","format":"standard","meta":{"footnotes":""},"categories":[1,5],"tags":[212,2416,217,2669,1732,2832],"class_list":["post-163135","post","type-post","status-publish","format-standard","has-post-thumbnail","hentry","category-noticias","category-politica","tag-abuso-de-poder","tag-cyberataque","tag-investigacao-criminal","tag-joana-amaral-dias","tag-partidos","tag-politica"],"yoast_head":"<!-- This site is optimized with the Yoast SEO plugin v27.2 - https:\/\/yoast.com\/product\/yoast-seo-wordpress\/ -->\n<title>ADN e Joana Amaral Dias: cr\u00f3nica de um conflito pol\u00edtico - Portal Tela Portugal<\/title>\n<meta name=\"robots\" content=\"index, follow, max-snippet:-1, max-image-preview:large, max-video-preview:-1\" \/>\n<meta property=\"og:locale\" content=\"pt_PT\" \/>\n<meta property=\"og:type\" content=\"article\" \/>\n<meta property=\"og:title\" content=\"ADN e Joana Amaral Dias: cr\u00f3nica de um conflito pol\u00edtico - Portal Tela Portugal\" \/>\n<meta property=\"og:description\" content=\"Jos\u00e9 Manuel Castro foi desnomeado como secret\u00e1rio-geral do ADN e pode ser expulsado do partido por alegada sabotagem \u00e0 candidatura de Joana Amaral Dias a Bel\u00e9m. As amea\u00e7as dirigidas a Castro foram entregues \u00e0 Pol\u00edcia Judici\u00e1ria. Ant\u00f3nio Mendon\u00e7a, militante a\u00e7oriano do ADN, criou e partilhou nas redes sociais uma imagem de Intelig\u00eancia Artificial que punha Castro de joelhos, algemado, sob um carrasco. Ao lado da ilustra\u00e7\u00e3o aparece um texto com supostos crimes atribu\u00eddos a Castro, como acesso ileg\u00edtimo, sabotagem inform\u00e1tica e abuso de poder. O epis\u00f3dio acontece no contexto da crise interna no ADN, envolvendo a campanha de Joana Amaral Dias e a certifica\u00e7\u00e3o de assinaturas para a sua candidatura.\" \/>\n<meta property=\"og:url\" content=\"https:\/\/portaltela.pt\/noticias\/2026\/01\/22\/adn-e-joana-amaral-dias-cronica-de-um-conflito-politico\/\" \/>\n<meta property=\"og:site_name\" content=\"Portal Tela Portugal\" \/>\n<meta property=\"article:published_time\" content=\"2026-01-22T08:24:08+00:00\" \/>\n<meta name=\"author\" content=\"Telinha\" \/>\n<meta name=\"twitter:card\" content=\"summary_large_image\" \/>\n<meta name=\"twitter:label1\" content=\"Escrito por\" \/>\n\t<meta name=\"twitter:data1\" content=\"Telinha\" \/>\n\t<meta name=\"twitter:label2\" content=\"Tempo estimado de leitura\" \/>\n\t<meta name=\"twitter:data2\" content=\"1 minuto\" \/>\n<script type=\"application\/ld+json\" class=\"yoast-schema-graph\">{\"@context\":\"https:\/\/schema.org\",\"@graph\":[{\"@type\":\"Article\",\"@id\":\"https:\/\/portaltela.pt\/noticias\/2026\/01\/22\/adn-e-joana-amaral-dias-cronica-de-um-conflito-politico\/#article\",\"isPartOf\":{\"@id\":\"https:\/\/portaltela.pt\/noticias\/2026\/01\/22\/adn-e-joana-amaral-dias-cronica-de-um-conflito-politico\/\"},\"author\":{\"name\":\"Telinha\",\"@id\":\"https:\/\/portaltela.pt\/#\/schema\/person\/c4278d4a6028830caff9ee44b42d32ed\"},\"headline\":\"ADN e Joana Amaral Dias: cr\u00f3nica de um conflito pol\u00edtico\",\"datePublished\":\"2026-01-22T08:24:08+00:00\",\"mainEntityOfPage\":{\"@id\":\"https:\/\/portaltela.pt\/noticias\/2026\/01\/22\/adn-e-joana-amaral-dias-cronica-de-um-conflito-politico\/\"},\"wordCount\":248,\"image\":{\"@id\":\"https:\/\/portaltela.pt\/noticias\/2026\/01\/22\/adn-e-joana-amaral-dias-cronica-de-um-conflito-politico\/#primaryimage\"},\"thumbnailUrl\":\"https:\/\/portaltela.pt\/s.01k8rhncp4jt1\/2026\/01\/img_920x518uu2026-01-22-08-23-53-2416484-4.jpg\",\"keywords\":[\"abuso de poder\",\"cyberataque\",\"investiga\u00e7\u00e3o criminal\",\"Joana Amaral Dias\",\"partidos\",\"pol\u00edtica\"],\"articleSection\":[\"Not\u00edcias\",\"Pol\u00edtica\"],\"inLanguage\":\"pt-PT\"},{\"@type\":\"WebPage\",\"@id\":\"https:\/\/portaltela.pt\/noticias\/2026\/01\/22\/adn-e-joana-amaral-dias-cronica-de-um-conflito-politico\/\",\"url\":\"https:\/\/portaltela.pt\/noticias\/2026\/01\/22\/adn-e-joana-amaral-dias-cronica-de-um-conflito-politico\/\",\"name\":\"ADN e Joana Amaral Dias: cr\u00f3nica de um conflito pol\u00edtico - Portal Tela Portugal\",\"isPartOf\":{\"@id\":\"https:\/\/portaltela.pt\/#website\"},\"primaryImageOfPage\":{\"@id\":\"https:\/\/portaltela.pt\/noticias\/2026\/01\/22\/adn-e-joana-amaral-dias-cronica-de-um-conflito-politico\/#primaryimage\"},\"image\":{\"@id\":\"https:\/\/portaltela.pt\/noticias\/2026\/01\/22\/adn-e-joana-amaral-dias-cronica-de-um-conflito-politico\/#primaryimage\"},\"thumbnailUrl\":\"https:\/\/portaltela.pt\/s.01k8rhncp4jt1\/2026\/01\/img_920x518uu2026-01-22-08-23-53-2416484-4.jpg\",\"datePublished\":\"2026-01-22T08:24:08+00:00\",\"author\":{\"@id\":\"https:\/\/portaltela.pt\/#\/schema\/person\/c4278d4a6028830caff9ee44b42d32ed\"},\"breadcrumb\":{\"@id\":\"https:\/\/portaltela.pt\/noticias\/2026\/01\/22\/adn-e-joana-amaral-dias-cronica-de-um-conflito-politico\/#breadcrumb\"},\"inLanguage\":\"pt-PT\",\"potentialAction\":[{\"@type\":\"ReadAction\",\"target\":[\"https:\/\/portaltela.pt\/noticias\/2026\/01\/22\/adn-e-joana-amaral-dias-cronica-de-um-conflito-politico\/\"]}]},{\"@type\":\"ImageObject\",\"inLanguage\":\"pt-PT\",\"@id\":\"https:\/\/portaltela.pt\/noticias\/2026\/01\/22\/adn-e-joana-amaral-dias-cronica-de-um-conflito-politico\/#primaryimage\",\"url\":\"https:\/\/portaltela.pt\/s.01k8rhncp4jt1\/2026\/01\/img_920x518uu2026-01-22-08-23-53-2416484-4.jpg\",\"contentUrl\":\"https:\/\/portaltela.pt\/s.01k8rhncp4jt1\/2026\/01\/img_920x518uu2026-01-22-08-23-53-2416484-4.jpg\",\"width\":796,\"height\":448,\"caption\":\"ribunal Constitucional s\u00f3 validou 1.575 assinaturas das 7.500 exigidas para Joana Amaral Dias se candidatar a Bel\u00e9m. Jos\u00e9 Manuel Castro \u00e9 descrito no interior do partido como \u201cquem fez de tudo para minar\u201d a aposta presidencial do ADN\"},{\"@type\":\"BreadcrumbList\",\"@id\":\"https:\/\/portaltela.pt\/noticias\/2026\/01\/22\/adn-e-joana-amaral-dias-cronica-de-um-conflito-politico\/#breadcrumb\",\"itemListElement\":[{\"@type\":\"ListItem\",\"position\":1,\"name\":\"In\u00edcio\",\"item\":\"https:\/\/portaltela.pt\/\"},{\"@type\":\"ListItem\",\"position\":2,\"name\":\"ADN e Joana Amaral Dias: cr\u00f3nica de um conflito pol\u00edtico\"}]},{\"@type\":\"WebSite\",\"@id\":\"https:\/\/portaltela.pt\/#website\",\"url\":\"https:\/\/portaltela.pt\/\",\"name\":\"Portal Tela Portugal\",\"description\":\"\",\"potentialAction\":[{\"@type\":\"SearchAction\",\"target\":{\"@type\":\"EntryPoint\",\"urlTemplate\":\"https:\/\/portaltela.pt\/?s={search_term_string}\"},\"query-input\":{\"@type\":\"PropertyValueSpecification\",\"valueRequired\":true,\"valueName\":\"search_term_string\"}}],\"inLanguage\":\"pt-PT\"},{\"@type\":\"Person\",\"@id\":\"https:\/\/portaltela.pt\/#\/schema\/person\/c4278d4a6028830caff9ee44b42d32ed\",\"name\":\"Telinha\",\"image\":{\"@type\":\"ImageObject\",\"inLanguage\":\"pt-PT\",\"@id\":\"https:\/\/portaltela.pt\/s.01k8rhncp4jt1\/2025\/11\/talking-bot-125x125.png\",\"url\":\"https:\/\/portaltela.pt\/s.01k8rhncp4jt1\/2025\/11\/talking-bot-125x125.png\",\"contentUrl\":\"https:\/\/portaltela.pt\/s.01k8rhncp4jt1\/2025\/11\/talking-bot-125x125.png\",\"caption\":\"Telinha\"},\"sameAs\":[\"https:\/\/portaltela.pt\/\"],\"url\":\"https:\/\/portaltela.pt\/por\/367410592786\/\"}]}<\/script>\n<!-- \/ Yoast SEO plugin. -->","yoast_head_json":{"title":"ADN e Joana Amaral Dias: cr\u00f3nica de um conflito pol\u00edtico - Portal Tela Portugal","robots":{"index":"index","follow":"follow","max-snippet":"max-snippet:-1","max-image-preview":"max-image-preview:large","max-video-preview":"max-video-preview:-1"},"og_locale":"pt_PT","og_type":"article","og_title":"ADN e Joana Amaral Dias: cr\u00f3nica de um conflito pol\u00edtico - Portal Tela Portugal","og_description":"Jos\u00e9 Manuel Castro foi desnomeado como secret\u00e1rio-geral do ADN e pode ser expulsado do partido por alegada sabotagem \u00e0 candidatura de Joana Amaral Dias a Bel\u00e9m. As amea\u00e7as dirigidas a Castro foram entregues \u00e0 Pol\u00edcia Judici\u00e1ria. Ant\u00f3nio Mendon\u00e7a, militante a\u00e7oriano do ADN, criou e partilhou nas redes sociais uma imagem de Intelig\u00eancia Artificial que punha Castro de joelhos, algemado, sob um carrasco. Ao lado da ilustra\u00e7\u00e3o aparece um texto com supostos crimes atribu\u00eddos a Castro, como acesso ileg\u00edtimo, sabotagem inform\u00e1tica e abuso de poder. O epis\u00f3dio acontece no contexto da crise interna no ADN, envolvendo a campanha de Joana Amaral Dias e a certifica\u00e7\u00e3o de assinaturas para a sua candidatura.","og_url":"https:\/\/portaltela.pt\/noticias\/2026\/01\/22\/adn-e-joana-amaral-dias-cronica-de-um-conflito-politico\/","og_site_name":"Portal Tela Portugal","article_published_time":"2026-01-22T08:24:08+00:00","author":"Telinha","twitter_card":"summary_large_image","twitter_misc":{"Escrito por":"Telinha","Tempo estimado de leitura":"1 minuto"},"schema":{"@context":"https:\/\/schema.org","@graph":[{"@type":"Article","@id":"https:\/\/portaltela.pt\/noticias\/2026\/01\/22\/adn-e-joana-amaral-dias-cronica-de-um-conflito-politico\/#article","isPartOf":{"@id":"https:\/\/portaltela.pt\/noticias\/2026\/01\/22\/adn-e-joana-amaral-dias-cronica-de-um-conflito-politico\/"},"author":{"name":"Telinha","@id":"https:\/\/portaltela.pt\/#\/schema\/person\/c4278d4a6028830caff9ee44b42d32ed"},"headline":"ADN e Joana Amaral Dias: cr\u00f3nica de um conflito pol\u00edtico","datePublished":"2026-01-22T08:24:08+00:00","mainEntityOfPage":{"@id":"https:\/\/portaltela.pt\/noticias\/2026\/01\/22\/adn-e-joana-amaral-dias-cronica-de-um-conflito-politico\/"},"wordCount":248,"image":{"@id":"https:\/\/portaltela.pt\/noticias\/2026\/01\/22\/adn-e-joana-amaral-dias-cronica-de-um-conflito-politico\/#primaryimage"},"thumbnailUrl":"https:\/\/portaltela.pt\/s.01k8rhncp4jt1\/2026\/01\/img_920x518uu2026-01-22-08-23-53-2416484-4.jpg","keywords":["abuso de poder","cyberataque","investiga\u00e7\u00e3o criminal","Joana Amaral Dias","partidos","pol\u00edtica"],"articleSection":["Not\u00edcias","Pol\u00edtica"],"inLanguage":"pt-PT"},{"@type":"WebPage","@id":"https:\/\/portaltela.pt\/noticias\/2026\/01\/22\/adn-e-joana-amaral-dias-cronica-de-um-conflito-politico\/","url":"https:\/\/portaltela.pt\/noticias\/2026\/01\/22\/adn-e-joana-amaral-dias-cronica-de-um-conflito-politico\/","name":"ADN e Joana Amaral Dias: cr\u00f3nica de um conflito pol\u00edtico - Portal Tela Portugal","isPartOf":{"@id":"https:\/\/portaltela.pt\/#website"},"primaryImageOfPage":{"@id":"https:\/\/portaltela.pt\/noticias\/2026\/01\/22\/adn-e-joana-amaral-dias-cronica-de-um-conflito-politico\/#primaryimage"},"image":{"@id":"https:\/\/portaltela.pt\/noticias\/2026\/01\/22\/adn-e-joana-amaral-dias-cronica-de-um-conflito-politico\/#primaryimage"},"thumbnailUrl":"https:\/\/portaltela.pt\/s.01k8rhncp4jt1\/2026\/01\/img_920x518uu2026-01-22-08-23-53-2416484-4.jpg","datePublished":"2026-01-22T08:24:08+00:00","author":{"@id":"https:\/\/portaltela.pt\/#\/schema\/person\/c4278d4a6028830caff9ee44b42d32ed"},"breadcrumb":{"@id":"https:\/\/portaltela.pt\/noticias\/2026\/01\/22\/adn-e-joana-amaral-dias-cronica-de-um-conflito-politico\/#breadcrumb"},"inLanguage":"pt-PT","potentialAction":[{"@type":"ReadAction","target":["https:\/\/portaltela.pt\/noticias\/2026\/01\/22\/adn-e-joana-amaral-dias-cronica-de-um-conflito-politico\/"]}]},{"@type":"ImageObject","inLanguage":"pt-PT","@id":"https:\/\/portaltela.pt\/noticias\/2026\/01\/22\/adn-e-joana-amaral-dias-cronica-de-um-conflito-politico\/#primaryimage","url":"https:\/\/portaltela.pt\/s.01k8rhncp4jt1\/2026\/01\/img_920x518uu2026-01-22-08-23-53-2416484-4.jpg","contentUrl":"https:\/\/portaltela.pt\/s.01k8rhncp4jt1\/2026\/01\/img_920x518uu2026-01-22-08-23-53-2416484-4.jpg","width":796,"height":448,"caption":"ribunal Constitucional s\u00f3 validou 1.575 assinaturas das 7.500 exigidas para Joana Amaral Dias se candidatar a Bel\u00e9m. Jos\u00e9 Manuel Castro \u00e9 descrito no interior do partido como \u201cquem fez de tudo para minar\u201d a aposta presidencial do ADN"},{"@type":"BreadcrumbList","@id":"https:\/\/portaltela.pt\/noticias\/2026\/01\/22\/adn-e-joana-amaral-dias-cronica-de-um-conflito-politico\/#breadcrumb","itemListElement":[{"@type":"ListItem","position":1,"name":"In\u00edcio","item":"https:\/\/portaltela.pt\/"},{"@type":"ListItem","position":2,"name":"ADN e Joana Amaral Dias: cr\u00f3nica de um conflito pol\u00edtico"}]},{"@type":"WebSite","@id":"https:\/\/portaltela.pt\/#website","url":"https:\/\/portaltela.pt\/","name":"Portal Tela Portugal","description":"","potentialAction":[{"@type":"SearchAction","target":{"@type":"EntryPoint","urlTemplate":"https:\/\/portaltela.pt\/?s={search_term_string}"},"query-input":{"@type":"PropertyValueSpecification","valueRequired":true,"valueName":"search_term_string"}}],"inLanguage":"pt-PT"},{"@type":"Person","@id":"https:\/\/portaltela.pt\/#\/schema\/person\/c4278d4a6028830caff9ee44b42d32ed","name":"Telinha","image":{"@type":"ImageObject","inLanguage":"pt-PT","@id":"https:\/\/portaltela.pt\/s.01k8rhncp4jt1\/2025\/11\/talking-bot-125x125.png","url":"https:\/\/portaltela.pt\/s.01k8rhncp4jt1\/2025\/11\/talking-bot-125x125.png","contentUrl":"https:\/\/portaltela.pt\/s.01k8rhncp4jt1\/2025\/11\/talking-bot-125x125.png","caption":"Telinha"},"sameAs":["https:\/\/portaltela.pt\/"],"url":"https:\/\/portaltela.pt\/por\/367410592786\/"}]}},"_links":{"self":[{"href":"https:\/\/portaltela.pt\/api\/wp\/v2\/posts\/163135","targetHints":{"allow":["GET"]}}],"collection":[{"href":"https:\/\/portaltela.pt\/api\/wp\/v2\/posts"}],"about":[{"href":"https:\/\/portaltela.pt\/api\/wp\/v2\/types\/post"}],"author":[{"embeddable":true,"href":"https:\/\/portaltela.pt\/api\/wp\/v2\/users\/2"}],"replies":[{"embeddable":true,"href":"https:\/\/portaltela.pt\/api\/wp\/v2\/comments?post=163135"}],"version-history":[{"count":0,"href":"https:\/\/portaltela.pt\/api\/wp\/v2\/posts\/163135\/revisions"}],"wp:featuredmedia":[{"embeddable":true,"href":"https:\/\/portaltela.pt\/api\/wp\/v2\/media\/163146"}],"wp:attachment":[{"href":"https:\/\/portaltela.pt\/api\/wp\/v2\/media?parent=163135"}],"wp:term":[{"taxonomy":"category","embeddable":true,"href":"https:\/\/portaltela.pt\/api\/wp\/v2\/categories?post=163135"},{"taxonomy":"post_tag","embeddable":true,"href":"https:\/\/portaltela.pt\/api\/wp\/v2\/tags?post=163135"}],"curies":[{"name":"wp","href":"https:\/\/api.w.org\/{rel}","templated":true}]}}