{"id":163114,"date":"2026-01-22T08:55:36","date_gmt":"2026-01-22T11:55:36","guid":{"rendered":"https:\/\/portaltela.pt\/noticias\/2026\/01\/22\/homem-acusado-de-abusar-de-cunhado-menor-que-ajudava-a-cuidar-dos-filhos-sintra\/"},"modified":"2026-01-22T08:55:36","modified_gmt":"2026-01-22T11:55:36","slug":"homem-acusado-de-abusar-de-cunhado-menor-que-ajudava-a-cuidar-dos-filhos-sintra","status":"publish","type":"post","link":"https:\/\/portaltela.pt\/noticias\/2026\/01\/22\/homem-acusado-de-abusar-de-cunhado-menor-que-ajudava-a-cuidar-dos-filhos-sintra\/","title":{"rendered":"Homem acusado de abusar de cunhado menor que ajudava a cuidar dos filhos Sintra"},"content":{"rendered":"<p>O marido da irm\u00e3 da v\u00edtima, de 48 anos, foi detido pela Pol\u00edcia Judici\u00e1ria (PJ) no concelho de Sintra, acusado de abusos sexuais de uma crian\u00e7a durante pelo menos 10 anos. A v\u00edtima era o cunhado menor que o ajudava a cuidar dos filhos do casal.<\/p>\n<p>Segundo o Minist\u00e9rio P\u00fablico, o suspeito enfrenta cinco crimes de abuso sexual de crian\u00e7as agravado, cinco de viola\u00e7\u00e3o agravada, um de importuna\u00e7\u00e3o sexual e uma viola\u00e7\u00e3o agravada na forma tentada. Os crimes teriam in\u00edcio pouco depois do casamento com a irm\u00e3 da v\u00edtima.<\/p>\n<p>A investiga\u00e7\u00e3o indica que o menor, que tinha apenas sete anos na altura, ia a casa da fam\u00edlia para ajudar a cuidar dos sobrinhos. O agressor aproveitava as aus\u00eancias da companheira e os per\u00edodos em que permanecia na resid\u00eancia para violar o menino.<\/p>\n<p>S\u00f3 no final do ano passado o jovem, hoje com 18 anos, confessou \u00e0 m\u00e3e o que passava. A PJ recebeu a den\u00fancia e deteve rapidamente o suspeito.<\/p>\n<p>Presente a tribunal, o homem ficou em pris\u00e3o preventiva. A investiga\u00e7\u00e3o continua a apurar os factos e a rela\u00e7\u00e3o entre as v\u00edtimas e o alegado agressor.<\/p>\n","protected":false},"excerpt":{"rendered":"<ul>\n<li>O homem de 48 anos foi detido pela Pol\u00edcia Judici\u00e1ria em Sintra, por abusar de um cunhado menor durante pelo menos dez anos.<\/li>\n<li>A v\u00edtima ajudava a cuidar dos filhos da fam\u00edlia e o abuso ocorria quando a companheira estava ausente.<\/li>\n<li>O Minist\u00e9rio P\u00fablico indiciou o suspeito por cinco crimes de abuso sexual de crian\u00e7as agravado, cinco de viola\u00e7\u00e3o agravada, um de importuna\u00e7\u00e3o sexual e uma viola\u00e7\u00e3o agravada na forma tentada.<\/li>\n<li>Os crimes teriam come\u00e7ado pouco depois de o suspeito casar com a irm\u00e3 da v\u00edtima.<\/li>\n<li>A v\u00edtima, hoje com 18 anos, s\u00f3 revelou o que passou no ano passado; a Pol\u00edcia Judici\u00e1ria abriu a investiga\u00e7\u00e3o e o suspeito foi detido, ficando em pris\u00e3o preventiva.<\/li>\n<\/ul>\n","protected":false},"author":2,"featured_media":163132,"comment_status":"closed","ping_status":"closed","sticky":false,"template":"","format":"standard","meta":{"footnotes":""},"categories":[],"tags":[1455,817,208,147,1110,3599],"class_list":["post-163114","post","type-post","status-publish","format-standard","has-post-thumbnail","hentry","tag-abuso-de-menor-dependente","tag-abuso-de-menor-dependente-ou-em-situacao-vulneravel","tag-abuso-de-menores-dependentes","tag-crime","tag-sintra","tag-violacao-agravada"],"yoast_head":"<!-- This site is optimized with the Yoast SEO plugin v27.2 - https:\/\/yoast.com\/product\/yoast-seo-wordpress\/ -->\n<title>Homem acusado de abusar de cunhado menor que ajudava a cuidar dos filhos Sintra - Portal Tela Portugal<\/title>\n<meta name=\"robots\" content=\"index, follow, max-snippet:-1, max-image-preview:large, max-video-preview:-1\" \/>\n<meta property=\"og:locale\" content=\"pt_PT\" \/>\n<meta property=\"og:type\" content=\"article\" \/>\n<meta property=\"og:title\" content=\"Homem acusado de abusar de cunhado menor que ajudava a cuidar dos filhos Sintra - Portal Tela Portugal\" \/>\n<meta property=\"og:description\" content=\"O homem de 48 anos foi detido pela Pol\u00edcia Judici\u00e1ria em Sintra, por abusar de um cunhado menor durante pelo menos dez anos. A v\u00edtima ajudava a cuidar dos filhos da fam\u00edlia e o abuso ocorria quando a companheira estava ausente. O Minist\u00e9rio P\u00fablico indiciou o suspeito por cinco crimes de abuso sexual de crian\u00e7as agravado, cinco de viola\u00e7\u00e3o agravada, um de importuna\u00e7\u00e3o sexual e uma viola\u00e7\u00e3o agravada na forma tentada. Os crimes teriam come\u00e7ado pouco depois de o suspeito casar com a irm\u00e3 da v\u00edtima. A v\u00edtima, hoje com 18 anos, s\u00f3 revelou o que passou no ano passado; a Pol\u00edcia Judici\u00e1ria abriu a investiga\u00e7\u00e3o e o suspeito foi detido, ficando em pris\u00e3o preventiva.\" \/>\n<meta property=\"og:url\" content=\"https:\/\/portaltela.pt\/noticias\/2026\/01\/22\/homem-acusado-de-abusar-de-cunhado-menor-que-ajudava-a-cuidar-dos-filhos-sintra\/\" \/>\n<meta property=\"og:site_name\" content=\"Portal Tela Portugal\" \/>\n<meta property=\"article:published_time\" content=\"2026-01-22T11:55:36+00:00\" \/>\n<meta name=\"author\" content=\"Telinha\" \/>\n<meta name=\"twitter:card\" content=\"summary_large_image\" \/>\n<meta name=\"twitter:label1\" content=\"Escrito por\" \/>\n\t<meta name=\"twitter:data1\" content=\"Telinha\" \/>\n\t<meta name=\"twitter:label2\" content=\"Tempo estimado de leitura\" \/>\n\t<meta name=\"twitter:data2\" content=\"1 minuto\" \/>\n<script type=\"application\/ld+json\" class=\"yoast-schema-graph\">{\"@context\":\"https:\/\/schema.org\",\"@graph\":[{\"@type\":\"Article\",\"@id\":\"https:\/\/portaltela.pt\/noticias\/2026\/01\/22\/homem-acusado-de-abusar-de-cunhado-menor-que-ajudava-a-cuidar-dos-filhos-sintra\/#article\",\"isPartOf\":{\"@id\":\"https:\/\/portaltela.pt\/noticias\/2026\/01\/22\/homem-acusado-de-abusar-de-cunhado-menor-que-ajudava-a-cuidar-dos-filhos-sintra\/\"},\"author\":{\"name\":\"Telinha\",\"@id\":\"https:\/\/portaltela.pt\/#\/schema\/person\/c4278d4a6028830caff9ee44b42d32ed\"},\"headline\":\"Homem acusado de abusar de cunhado menor que ajudava a cuidar dos filhos Sintra\",\"datePublished\":\"2026-01-22T11:55:36+00:00\",\"mainEntityOfPage\":{\"@id\":\"https:\/\/portaltela.pt\/noticias\/2026\/01\/22\/homem-acusado-de-abusar-de-cunhado-menor-que-ajudava-a-cuidar-dos-filhos-sintra\/\"},\"wordCount\":220,\"image\":{\"@id\":\"https:\/\/portaltela.pt\/noticias\/2026\/01\/22\/homem-acusado-de-abusar-de-cunhado-menor-que-ajudava-a-cuidar-dos-filhos-sintra\/#primaryimage\"},\"thumbnailUrl\":\"https:\/\/portaltela.pt\/s.01k8rhncp4jt1\/2026\/01\/img_1500x1000uu2017-11-30-23-37-00-689419.jpg\",\"keywords\":[\"abuso de menor dependente\",\"abuso de menor dependente ou em situa\u00e7\u00e3o vulner\u00e1vel\",\"abuso de menores dependentes\",\"crime\",\"Sintra\",\"viola\u00e7\u00e3o agravada\"],\"inLanguage\":\"pt-PT\"},{\"@type\":\"WebPage\",\"@id\":\"https:\/\/portaltela.pt\/noticias\/2026\/01\/22\/homem-acusado-de-abusar-de-cunhado-menor-que-ajudava-a-cuidar-dos-filhos-sintra\/\",\"url\":\"https:\/\/portaltela.pt\/noticias\/2026\/01\/22\/homem-acusado-de-abusar-de-cunhado-menor-que-ajudava-a-cuidar-dos-filhos-sintra\/\",\"name\":\"Homem acusado de abusar de cunhado menor que ajudava a cuidar dos filhos Sintra - Portal Tela Portugal\",\"isPartOf\":{\"@id\":\"https:\/\/portaltela.pt\/#website\"},\"primaryImageOfPage\":{\"@id\":\"https:\/\/portaltela.pt\/noticias\/2026\/01\/22\/homem-acusado-de-abusar-de-cunhado-menor-que-ajudava-a-cuidar-dos-filhos-sintra\/#primaryimage\"},\"image\":{\"@id\":\"https:\/\/portaltela.pt\/noticias\/2026\/01\/22\/homem-acusado-de-abusar-de-cunhado-menor-que-ajudava-a-cuidar-dos-filhos-sintra\/#primaryimage\"},\"thumbnailUrl\":\"https:\/\/portaltela.pt\/s.01k8rhncp4jt1\/2026\/01\/img_1500x1000uu2017-11-30-23-37-00-689419.jpg\",\"datePublished\":\"2026-01-22T11:55:36+00:00\",\"author\":{\"@id\":\"https:\/\/portaltela.pt\/#\/schema\/person\/c4278d4a6028830caff9ee44b42d32ed\"},\"breadcrumb\":{\"@id\":\"https:\/\/portaltela.pt\/noticias\/2026\/01\/22\/homem-acusado-de-abusar-de-cunhado-menor-que-ajudava-a-cuidar-dos-filhos-sintra\/#breadcrumb\"},\"inLanguage\":\"pt-PT\",\"potentialAction\":[{\"@type\":\"ReadAction\",\"target\":[\"https:\/\/portaltela.pt\/noticias\/2026\/01\/22\/homem-acusado-de-abusar-de-cunhado-menor-que-ajudava-a-cuidar-dos-filhos-sintra\/\"]}]},{\"@type\":\"ImageObject\",\"inLanguage\":\"pt-PT\",\"@id\":\"https:\/\/portaltela.pt\/noticias\/2026\/01\/22\/homem-acusado-de-abusar-de-cunhado-menor-que-ajudava-a-cuidar-dos-filhos-sintra\/#primaryimage\",\"url\":\"https:\/\/portaltela.pt\/s.01k8rhncp4jt1\/2026\/01\/img_1500x1000uu2017-11-30-23-37-00-689419.jpg\",\"contentUrl\":\"https:\/\/portaltela.pt\/s.01k8rhncp4jt1\/2026\/01\/img_1500x1000uu2017-11-30-23-37-00-689419.jpg\",\"width\":796,\"height\":448,\"caption\":\"Menor foi abusado durante pelo menos 10 anos\"},{\"@type\":\"BreadcrumbList\",\"@id\":\"https:\/\/portaltela.pt\/noticias\/2026\/01\/22\/homem-acusado-de-abusar-de-cunhado-menor-que-ajudava-a-cuidar-dos-filhos-sintra\/#breadcrumb\",\"itemListElement\":[{\"@type\":\"ListItem\",\"position\":1,\"name\":\"In\u00edcio\",\"item\":\"https:\/\/portaltela.pt\/\"},{\"@type\":\"ListItem\",\"position\":2,\"name\":\"Homem acusado de abusar de cunhado menor que ajudava a cuidar dos filhos Sintra\"}]},{\"@type\":\"WebSite\",\"@id\":\"https:\/\/portaltela.pt\/#website\",\"url\":\"https:\/\/portaltela.pt\/\",\"name\":\"Portal Tela Portugal\",\"description\":\"\",\"potentialAction\":[{\"@type\":\"SearchAction\",\"target\":{\"@type\":\"EntryPoint\",\"urlTemplate\":\"https:\/\/portaltela.pt\/?s={search_term_string}\"},\"query-input\":{\"@type\":\"PropertyValueSpecification\",\"valueRequired\":true,\"valueName\":\"search_term_string\"}}],\"inLanguage\":\"pt-PT\"},{\"@type\":\"Person\",\"@id\":\"https:\/\/portaltela.pt\/#\/schema\/person\/c4278d4a6028830caff9ee44b42d32ed\",\"name\":\"Telinha\",\"image\":{\"@type\":\"ImageObject\",\"inLanguage\":\"pt-PT\",\"@id\":\"https:\/\/portaltela.pt\/s.01k8rhncp4jt1\/2025\/11\/talking-bot-125x125.png\",\"url\":\"https:\/\/portaltela.pt\/s.01k8rhncp4jt1\/2025\/11\/talking-bot-125x125.png\",\"contentUrl\":\"https:\/\/portaltela.pt\/s.01k8rhncp4jt1\/2025\/11\/talking-bot-125x125.png\",\"caption\":\"Telinha\"},\"sameAs\":[\"https:\/\/portaltela.pt\/\"],\"url\":\"https:\/\/portaltela.pt\/por\/367410592786\/\"}]}<\/script>\n<!-- \/ Yoast SEO plugin. -->","yoast_head_json":{"title":"Homem acusado de abusar de cunhado menor que ajudava a cuidar dos filhos Sintra - Portal Tela Portugal","robots":{"index":"index","follow":"follow","max-snippet":"max-snippet:-1","max-image-preview":"max-image-preview:large","max-video-preview":"max-video-preview:-1"},"og_locale":"pt_PT","og_type":"article","og_title":"Homem acusado de abusar de cunhado menor que ajudava a cuidar dos filhos Sintra - Portal Tela Portugal","og_description":"O homem de 48 anos foi detido pela Pol\u00edcia Judici\u00e1ria em Sintra, por abusar de um cunhado menor durante pelo menos dez anos. A v\u00edtima ajudava a cuidar dos filhos da fam\u00edlia e o abuso ocorria quando a companheira estava ausente. O Minist\u00e9rio P\u00fablico indiciou o suspeito por cinco crimes de abuso sexual de crian\u00e7as agravado, cinco de viola\u00e7\u00e3o agravada, um de importuna\u00e7\u00e3o sexual e uma viola\u00e7\u00e3o agravada na forma tentada. Os crimes teriam come\u00e7ado pouco depois de o suspeito casar com a irm\u00e3 da v\u00edtima. A v\u00edtima, hoje com 18 anos, s\u00f3 revelou o que passou no ano passado; a Pol\u00edcia Judici\u00e1ria abriu a investiga\u00e7\u00e3o e o suspeito foi detido, ficando em pris\u00e3o preventiva.","og_url":"https:\/\/portaltela.pt\/noticias\/2026\/01\/22\/homem-acusado-de-abusar-de-cunhado-menor-que-ajudava-a-cuidar-dos-filhos-sintra\/","og_site_name":"Portal Tela Portugal","article_published_time":"2026-01-22T11:55:36+00:00","author":"Telinha","twitter_card":"summary_large_image","twitter_misc":{"Escrito por":"Telinha","Tempo estimado de leitura":"1 minuto"},"schema":{"@context":"https:\/\/schema.org","@graph":[{"@type":"Article","@id":"https:\/\/portaltela.pt\/noticias\/2026\/01\/22\/homem-acusado-de-abusar-de-cunhado-menor-que-ajudava-a-cuidar-dos-filhos-sintra\/#article","isPartOf":{"@id":"https:\/\/portaltela.pt\/noticias\/2026\/01\/22\/homem-acusado-de-abusar-de-cunhado-menor-que-ajudava-a-cuidar-dos-filhos-sintra\/"},"author":{"name":"Telinha","@id":"https:\/\/portaltela.pt\/#\/schema\/person\/c4278d4a6028830caff9ee44b42d32ed"},"headline":"Homem acusado de abusar de cunhado menor que ajudava a cuidar dos filhos Sintra","datePublished":"2026-01-22T11:55:36+00:00","mainEntityOfPage":{"@id":"https:\/\/portaltela.pt\/noticias\/2026\/01\/22\/homem-acusado-de-abusar-de-cunhado-menor-que-ajudava-a-cuidar-dos-filhos-sintra\/"},"wordCount":220,"image":{"@id":"https:\/\/portaltela.pt\/noticias\/2026\/01\/22\/homem-acusado-de-abusar-de-cunhado-menor-que-ajudava-a-cuidar-dos-filhos-sintra\/#primaryimage"},"thumbnailUrl":"https:\/\/portaltela.pt\/s.01k8rhncp4jt1\/2026\/01\/img_1500x1000uu2017-11-30-23-37-00-689419.jpg","keywords":["abuso de menor dependente","abuso de menor dependente ou em situa\u00e7\u00e3o vulner\u00e1vel","abuso de menores dependentes","crime","Sintra","viola\u00e7\u00e3o agravada"],"inLanguage":"pt-PT"},{"@type":"WebPage","@id":"https:\/\/portaltela.pt\/noticias\/2026\/01\/22\/homem-acusado-de-abusar-de-cunhado-menor-que-ajudava-a-cuidar-dos-filhos-sintra\/","url":"https:\/\/portaltela.pt\/noticias\/2026\/01\/22\/homem-acusado-de-abusar-de-cunhado-menor-que-ajudava-a-cuidar-dos-filhos-sintra\/","name":"Homem acusado de abusar de cunhado menor que ajudava a cuidar dos filhos Sintra - Portal Tela Portugal","isPartOf":{"@id":"https:\/\/portaltela.pt\/#website"},"primaryImageOfPage":{"@id":"https:\/\/portaltela.pt\/noticias\/2026\/01\/22\/homem-acusado-de-abusar-de-cunhado-menor-que-ajudava-a-cuidar-dos-filhos-sintra\/#primaryimage"},"image":{"@id":"https:\/\/portaltela.pt\/noticias\/2026\/01\/22\/homem-acusado-de-abusar-de-cunhado-menor-que-ajudava-a-cuidar-dos-filhos-sintra\/#primaryimage"},"thumbnailUrl":"https:\/\/portaltela.pt\/s.01k8rhncp4jt1\/2026\/01\/img_1500x1000uu2017-11-30-23-37-00-689419.jpg","datePublished":"2026-01-22T11:55:36+00:00","author":{"@id":"https:\/\/portaltela.pt\/#\/schema\/person\/c4278d4a6028830caff9ee44b42d32ed"},"breadcrumb":{"@id":"https:\/\/portaltela.pt\/noticias\/2026\/01\/22\/homem-acusado-de-abusar-de-cunhado-menor-que-ajudava-a-cuidar-dos-filhos-sintra\/#breadcrumb"},"inLanguage":"pt-PT","potentialAction":[{"@type":"ReadAction","target":["https:\/\/portaltela.pt\/noticias\/2026\/01\/22\/homem-acusado-de-abusar-de-cunhado-menor-que-ajudava-a-cuidar-dos-filhos-sintra\/"]}]},{"@type":"ImageObject","inLanguage":"pt-PT","@id":"https:\/\/portaltela.pt\/noticias\/2026\/01\/22\/homem-acusado-de-abusar-de-cunhado-menor-que-ajudava-a-cuidar-dos-filhos-sintra\/#primaryimage","url":"https:\/\/portaltela.pt\/s.01k8rhncp4jt1\/2026\/01\/img_1500x1000uu2017-11-30-23-37-00-689419.jpg","contentUrl":"https:\/\/portaltela.pt\/s.01k8rhncp4jt1\/2026\/01\/img_1500x1000uu2017-11-30-23-37-00-689419.jpg","width":796,"height":448,"caption":"Menor foi abusado durante pelo menos 10 anos"},{"@type":"BreadcrumbList","@id":"https:\/\/portaltela.pt\/noticias\/2026\/01\/22\/homem-acusado-de-abusar-de-cunhado-menor-que-ajudava-a-cuidar-dos-filhos-sintra\/#breadcrumb","itemListElement":[{"@type":"ListItem","position":1,"name":"In\u00edcio","item":"https:\/\/portaltela.pt\/"},{"@type":"ListItem","position":2,"name":"Homem acusado de abusar de cunhado menor que ajudava a cuidar dos filhos Sintra"}]},{"@type":"WebSite","@id":"https:\/\/portaltela.pt\/#website","url":"https:\/\/portaltela.pt\/","name":"Portal Tela Portugal","description":"","potentialAction":[{"@type":"SearchAction","target":{"@type":"EntryPoint","urlTemplate":"https:\/\/portaltela.pt\/?s={search_term_string}"},"query-input":{"@type":"PropertyValueSpecification","valueRequired":true,"valueName":"search_term_string"}}],"inLanguage":"pt-PT"},{"@type":"Person","@id":"https:\/\/portaltela.pt\/#\/schema\/person\/c4278d4a6028830caff9ee44b42d32ed","name":"Telinha","image":{"@type":"ImageObject","inLanguage":"pt-PT","@id":"https:\/\/portaltela.pt\/s.01k8rhncp4jt1\/2025\/11\/talking-bot-125x125.png","url":"https:\/\/portaltela.pt\/s.01k8rhncp4jt1\/2025\/11\/talking-bot-125x125.png","contentUrl":"https:\/\/portaltela.pt\/s.01k8rhncp4jt1\/2025\/11\/talking-bot-125x125.png","caption":"Telinha"},"sameAs":["https:\/\/portaltela.pt\/"],"url":"https:\/\/portaltela.pt\/por\/367410592786\/"}]}},"_links":{"self":[{"href":"https:\/\/portaltela.pt\/api\/wp\/v2\/posts\/163114","targetHints":{"allow":["GET"]}}],"collection":[{"href":"https:\/\/portaltela.pt\/api\/wp\/v2\/posts"}],"about":[{"href":"https:\/\/portaltela.pt\/api\/wp\/v2\/types\/post"}],"author":[{"embeddable":true,"href":"https:\/\/portaltela.pt\/api\/wp\/v2\/users\/2"}],"replies":[{"embeddable":true,"href":"https:\/\/portaltela.pt\/api\/wp\/v2\/comments?post=163114"}],"version-history":[{"count":0,"href":"https:\/\/portaltela.pt\/api\/wp\/v2\/posts\/163114\/revisions"}],"wp:featuredmedia":[{"embeddable":true,"href":"https:\/\/portaltela.pt\/api\/wp\/v2\/media\/163132"}],"wp:attachment":[{"href":"https:\/\/portaltela.pt\/api\/wp\/v2\/media?parent=163114"}],"wp:term":[{"taxonomy":"category","embeddable":true,"href":"https:\/\/portaltela.pt\/api\/wp\/v2\/categories?post=163114"},{"taxonomy":"post_tag","embeddable":true,"href":"https:\/\/portaltela.pt\/api\/wp\/v2\/tags?post=163114"}],"curies":[{"name":"wp","href":"https:\/\/api.w.org\/{rel}","templated":true}]}}