{"id":163052,"date":"2026-01-22T08:24:00","date_gmt":"2026-01-22T11:24:00","guid":{"rendered":"https:\/\/portaltela.pt\/noticias\/2026\/01\/22\/fundacao-adfp-celebra-dia-internacional-do-riso-com-foco-na-saude-mental\/"},"modified":"2026-01-22T08:24:00","modified_gmt":"2026-01-22T11:24:00","slug":"fundacao-adfp-celebra-dia-internacional-do-riso-com-foco-na-saude-mental","status":"publish","type":"post","link":"https:\/\/portaltela.pt\/noticias\/2026\/01\/22\/fundacao-adfp-celebra-dia-internacional-do-riso-com-foco-na-saude-mental\/","title":{"rendered":"Funda\u00e7\u00e3o ADFP celebra Dia Internacional do Riso com foco na sa\u00fade mental"},"content":{"rendered":"<p>A Funda\u00e7\u00e3o ADFP assinalou o Dia Internacional do Riso com uma sess\u00e3o dedicada \u00e0 sa\u00fade mental. A atividade reuniu utentes e colaboradores na Resid\u00eancia Bondade, unidade de cuidados continuados integrados de sa\u00fade mental em Semide, Miranda do Corvo. O objetivo foi promover o bem-estar emocional atrav\u00e9s do riso.<\/p>\n<p>A sess\u00e3o integrou a Resid\u00eancia de Apoio M\u00e1ximo RAMa, destinada a pessoas com grande incapacidade psicossocial, cl\u00ednica e estabilizadas, sem suporte familiar adequado. A iniciativa pretende potenciar autonomia, rehabilita\u00e7\u00e3o e recupera\u00e7\u00e3o social e ps\u00edquica dos utentes.<\/p>\n<p>A op\u00e7\u00e3o pela atividade enquadrou-se na miss\u00e3o da Funda\u00e7\u00e3o, que atua h\u00e1 d\u00e9cadas em \u00e1reas sociais, de sa\u00fade, educa\u00e7\u00e3o e inclus\u00e3o. A import\u00e2ncia do riso como ferramenta simples, gratuita e eficaz foi destacada para equil\u00edbrio emocional e melhoria da qualidade de vida.<\/p>\n<h3>A\u00e7\u00e3o e impacto<\/h3>\n<p>A respons\u00e1vel pela dinamiza\u00e7\u00e3o foi a enfermeira C\u00e2ndida Henriques, especialista em enfermagem de sa\u00fade mental, formadora de l\u00edderes de yoga do riso. O programa evidenciou a liberta\u00e7\u00e3o de endorfinas e serotonina, redu\u00e7\u00e3o do stress e relaxamento f\u00edsico e mental.<\/p>\n<p>Para al\u00e9m de benef\u00edcios fisiol\u00f3gicos, o riso serviu como meio de aproxima\u00e7\u00e3o, inclus\u00e3o e humaniza\u00e7\u00e3o dos cuidados. A sess\u00e3o proporcionou momentos de descontra\u00e7\u00e3o e partilha entre utentes e profissionais, criando um ambiente emocionalmente seguro.<\/p>\n<p>A Funda\u00e7\u00e3o ADFP refor\u00e7ou que estas iniciativas refletem o compromisso com pr\u00e1ticas inovadoras e humanizadas. A sa\u00fade mental foi apresentada como uma interven\u00e7\u00e3o integrada, que vai para al\u00e9m da interven\u00e7\u00e3o cl\u00ednica tradicional.<\/p>\n","protected":false},"excerpt":{"rendered":"<ul>\n<li>A Funda\u00e7\u00e3o ADFP assinalou o Dia Internacional do Riso, a 18 de janeiro, com uma sess\u00e3o dedicada \u00e0 promo\u00e7\u00e3o da sa\u00fade mental.<\/li>\n<li>A atividade decorreu na Resid\u00eancia Bondade, RAMa, em Semide, Miranda do Corvo, destinada a utentes com elevado grau de incapacidade psicossocial estabilizados e sem suporte familiar adequado.<\/li>\n<li>O objetivo \u00e9 potenciar a autonomiza\u00e7\u00e3o, reabilita\u00e7\u00e3o e recupera\u00e7\u00e3o dos utentes, tanto a n\u00edvel ps\u00edquico como social.<\/li>\n<li>A sess\u00e3o destacou o riso como ferramenta simples e eficaz para o equil\u00edbrio emocional, com benef\u00edcios na liberta\u00e7\u00e3o de endorfinas e serotonina, redu\u00e7\u00e3o do stresse e melhoria do humor.<\/li>\n<li>A iniciativa evidencia o compromisso da Funda\u00e7\u00e3o ADFP com pr\u00e1ticas inovadoras e humanizadas de sa\u00fade mental, centradas na pessoa e no bem-estar de utentes e profissionais.<\/li>\n<\/ul>\n","protected":false},"author":2,"featured_media":163100,"comment_status":"closed","ping_status":"closed","sticky":false,"template":"","format":"standard","meta":{"footnotes":""},"categories":[1],"tags":[2172,163,2662,3393,172,55],"class_list":["post-163052","post","type-post","status-publish","format-standard","has-post-thumbnail","hentry","category-noticias","tag-assistencia-social","tag-educacao","tag-enfermagem","tag-humanizacao","tag-saude","tag-saude-mental"],"yoast_head":"<!-- This site is optimized with the Yoast SEO plugin v27.2 - https:\/\/yoast.com\/product\/yoast-seo-wordpress\/ -->\n<title>Funda\u00e7\u00e3o ADFP celebra Dia Internacional do Riso com foco na sa\u00fade mental - Portal Tela Portugal<\/title>\n<meta name=\"robots\" content=\"index, follow, max-snippet:-1, max-image-preview:large, max-video-preview:-1\" \/>\n<meta property=\"og:locale\" content=\"pt_PT\" \/>\n<meta property=\"og:type\" content=\"article\" \/>\n<meta property=\"og:title\" content=\"Funda\u00e7\u00e3o ADFP celebra Dia Internacional do Riso com foco na sa\u00fade mental - Portal Tela Portugal\" \/>\n<meta property=\"og:description\" content=\"A Funda\u00e7\u00e3o ADFP assinalou o Dia Internacional do Riso, a 18 de janeiro, com uma sess\u00e3o dedicada \u00e0 promo\u00e7\u00e3o da sa\u00fade mental. A atividade decorreu na Resid\u00eancia Bondade, RAMa, em Semide, Miranda do Corvo, destinada a utentes com elevado grau de incapacidade psicossocial estabilizados e sem suporte familiar adequado. O objetivo \u00e9 potenciar a autonomiza\u00e7\u00e3o, reabilita\u00e7\u00e3o e recupera\u00e7\u00e3o dos utentes, tanto a n\u00edvel ps\u00edquico como social. A sess\u00e3o destacou o riso como ferramenta simples e eficaz para o equil\u00edbrio emocional, com benef\u00edcios na liberta\u00e7\u00e3o de endorfinas e serotonina, redu\u00e7\u00e3o do stresse e melhoria do humor. A iniciativa evidencia o compromisso da Funda\u00e7\u00e3o ADFP com pr\u00e1ticas inovadoras e humanizadas de sa\u00fade mental, centradas na pessoa e no bem-estar de utentes e profissionais.\" \/>\n<meta property=\"og:url\" content=\"https:\/\/portaltela.pt\/noticias\/2026\/01\/22\/fundacao-adfp-celebra-dia-internacional-do-riso-com-foco-na-saude-mental\/\" \/>\n<meta property=\"og:site_name\" content=\"Portal Tela Portugal\" \/>\n<meta property=\"article:published_time\" content=\"2026-01-22T11:24:00+00:00\" \/>\n<meta name=\"author\" content=\"Telinha\" \/>\n<meta name=\"twitter:card\" content=\"summary_large_image\" \/>\n<meta name=\"twitter:label1\" content=\"Escrito por\" \/>\n\t<meta name=\"twitter:data1\" content=\"Telinha\" \/>\n\t<meta name=\"twitter:label2\" content=\"Tempo estimado de leitura\" \/>\n\t<meta name=\"twitter:data2\" content=\"1 minuto\" \/>\n<script type=\"application\/ld+json\" class=\"yoast-schema-graph\">{\"@context\":\"https:\/\/schema.org\",\"@graph\":[{\"@type\":\"Article\",\"@id\":\"https:\/\/portaltela.pt\/noticias\/2026\/01\/22\/fundacao-adfp-celebra-dia-internacional-do-riso-com-foco-na-saude-mental\/#article\",\"isPartOf\":{\"@id\":\"https:\/\/portaltela.pt\/noticias\/2026\/01\/22\/fundacao-adfp-celebra-dia-internacional-do-riso-com-foco-na-saude-mental\/\"},\"author\":{\"name\":\"Telinha\",\"@id\":\"https:\/\/portaltela.pt\/#\/schema\/person\/c4278d4a6028830caff9ee44b42d32ed\"},\"headline\":\"Funda\u00e7\u00e3o ADFP celebra Dia Internacional do Riso com foco na sa\u00fade mental\",\"datePublished\":\"2026-01-22T11:24:00+00:00\",\"mainEntityOfPage\":{\"@id\":\"https:\/\/portaltela.pt\/noticias\/2026\/01\/22\/fundacao-adfp-celebra-dia-internacional-do-riso-com-foco-na-saude-mental\/\"},\"wordCount\":294,\"image\":{\"@id\":\"https:\/\/portaltela.pt\/noticias\/2026\/01\/22\/fundacao-adfp-celebra-dia-internacional-do-riso-com-foco-na-saude-mental\/#primaryimage\"},\"thumbnailUrl\":\"https:\/\/portaltela.pt\/s.01k8rhncp4jt1\/2026\/01\/unnamed-file-4632.jpg\",\"keywords\":[\"assist\u00eancia social\",\"educa\u00e7\u00e3o\",\"Enfermagem\",\"humaniza\u00e7\u00e3o\",\"sa\u00fade\",\"sa\u00fade mental\"],\"articleSection\":[\"Not\u00edcias\"],\"inLanguage\":\"pt-PT\"},{\"@type\":\"WebPage\",\"@id\":\"https:\/\/portaltela.pt\/noticias\/2026\/01\/22\/fundacao-adfp-celebra-dia-internacional-do-riso-com-foco-na-saude-mental\/\",\"url\":\"https:\/\/portaltela.pt\/noticias\/2026\/01\/22\/fundacao-adfp-celebra-dia-internacional-do-riso-com-foco-na-saude-mental\/\",\"name\":\"Funda\u00e7\u00e3o ADFP celebra Dia Internacional do Riso com foco na sa\u00fade mental - Portal Tela Portugal\",\"isPartOf\":{\"@id\":\"https:\/\/portaltela.pt\/#website\"},\"primaryImageOfPage\":{\"@id\":\"https:\/\/portaltela.pt\/noticias\/2026\/01\/22\/fundacao-adfp-celebra-dia-internacional-do-riso-com-foco-na-saude-mental\/#primaryimage\"},\"image\":{\"@id\":\"https:\/\/portaltela.pt\/noticias\/2026\/01\/22\/fundacao-adfp-celebra-dia-internacional-do-riso-com-foco-na-saude-mental\/#primaryimage\"},\"thumbnailUrl\":\"https:\/\/portaltela.pt\/s.01k8rhncp4jt1\/2026\/01\/unnamed-file-4632.jpg\",\"datePublished\":\"2026-01-22T11:24:00+00:00\",\"author\":{\"@id\":\"https:\/\/portaltela.pt\/#\/schema\/person\/c4278d4a6028830caff9ee44b42d32ed\"},\"breadcrumb\":{\"@id\":\"https:\/\/portaltela.pt\/noticias\/2026\/01\/22\/fundacao-adfp-celebra-dia-internacional-do-riso-com-foco-na-saude-mental\/#breadcrumb\"},\"inLanguage\":\"pt-PT\",\"potentialAction\":[{\"@type\":\"ReadAction\",\"target\":[\"https:\/\/portaltela.pt\/noticias\/2026\/01\/22\/fundacao-adfp-celebra-dia-internacional-do-riso-com-foco-na-saude-mental\/\"]}]},{\"@type\":\"ImageObject\",\"inLanguage\":\"pt-PT\",\"@id\":\"https:\/\/portaltela.pt\/noticias\/2026\/01\/22\/fundacao-adfp-celebra-dia-internacional-do-riso-com-foco-na-saude-mental\/#primaryimage\",\"url\":\"https:\/\/portaltela.pt\/s.01k8rhncp4jt1\/2026\/01\/unnamed-file-4632.jpg\",\"contentUrl\":\"https:\/\/portaltela.pt\/s.01k8rhncp4jt1\/2026\/01\/unnamed-file-4632.jpg\",\"width\":796,\"height\":448,\"caption\":\"Funda\u00e7\u00e3o ADFP assinala Dia Internacional do Riso com iniciativa dedicada \u00e0 sa\u00fade mental\"},{\"@type\":\"BreadcrumbList\",\"@id\":\"https:\/\/portaltela.pt\/noticias\/2026\/01\/22\/fundacao-adfp-celebra-dia-internacional-do-riso-com-foco-na-saude-mental\/#breadcrumb\",\"itemListElement\":[{\"@type\":\"ListItem\",\"position\":1,\"name\":\"In\u00edcio\",\"item\":\"https:\/\/portaltela.pt\/\"},{\"@type\":\"ListItem\",\"position\":2,\"name\":\"Funda\u00e7\u00e3o ADFP celebra Dia Internacional do Riso com foco na sa\u00fade mental\"}]},{\"@type\":\"WebSite\",\"@id\":\"https:\/\/portaltela.pt\/#website\",\"url\":\"https:\/\/portaltela.pt\/\",\"name\":\"Portal Tela Portugal\",\"description\":\"\",\"potentialAction\":[{\"@type\":\"SearchAction\",\"target\":{\"@type\":\"EntryPoint\",\"urlTemplate\":\"https:\/\/portaltela.pt\/?s={search_term_string}\"},\"query-input\":{\"@type\":\"PropertyValueSpecification\",\"valueRequired\":true,\"valueName\":\"search_term_string\"}}],\"inLanguage\":\"pt-PT\"},{\"@type\":\"Person\",\"@id\":\"https:\/\/portaltela.pt\/#\/schema\/person\/c4278d4a6028830caff9ee44b42d32ed\",\"name\":\"Telinha\",\"image\":{\"@type\":\"ImageObject\",\"inLanguage\":\"pt-PT\",\"@id\":\"https:\/\/portaltela.pt\/s.01k8rhncp4jt1\/2025\/11\/talking-bot-125x125.png\",\"url\":\"https:\/\/portaltela.pt\/s.01k8rhncp4jt1\/2025\/11\/talking-bot-125x125.png\",\"contentUrl\":\"https:\/\/portaltela.pt\/s.01k8rhncp4jt1\/2025\/11\/talking-bot-125x125.png\",\"caption\":\"Telinha\"},\"sameAs\":[\"https:\/\/portaltela.pt\/\"],\"url\":\"https:\/\/portaltela.pt\/por\/367410592786\/\"}]}<\/script>\n<!-- \/ Yoast SEO plugin. -->","yoast_head_json":{"title":"Funda\u00e7\u00e3o ADFP celebra Dia Internacional do Riso com foco na sa\u00fade mental - Portal Tela Portugal","robots":{"index":"index","follow":"follow","max-snippet":"max-snippet:-1","max-image-preview":"max-image-preview:large","max-video-preview":"max-video-preview:-1"},"og_locale":"pt_PT","og_type":"article","og_title":"Funda\u00e7\u00e3o ADFP celebra Dia Internacional do Riso com foco na sa\u00fade mental - Portal Tela Portugal","og_description":"A Funda\u00e7\u00e3o ADFP assinalou o Dia Internacional do Riso, a 18 de janeiro, com uma sess\u00e3o dedicada \u00e0 promo\u00e7\u00e3o da sa\u00fade mental. A atividade decorreu na Resid\u00eancia Bondade, RAMa, em Semide, Miranda do Corvo, destinada a utentes com elevado grau de incapacidade psicossocial estabilizados e sem suporte familiar adequado. O objetivo \u00e9 potenciar a autonomiza\u00e7\u00e3o, reabilita\u00e7\u00e3o e recupera\u00e7\u00e3o dos utentes, tanto a n\u00edvel ps\u00edquico como social. A sess\u00e3o destacou o riso como ferramenta simples e eficaz para o equil\u00edbrio emocional, com benef\u00edcios na liberta\u00e7\u00e3o de endorfinas e serotonina, redu\u00e7\u00e3o do stresse e melhoria do humor. A iniciativa evidencia o compromisso da Funda\u00e7\u00e3o ADFP com pr\u00e1ticas inovadoras e humanizadas de sa\u00fade mental, centradas na pessoa e no bem-estar de utentes e profissionais.","og_url":"https:\/\/portaltela.pt\/noticias\/2026\/01\/22\/fundacao-adfp-celebra-dia-internacional-do-riso-com-foco-na-saude-mental\/","og_site_name":"Portal Tela Portugal","article_published_time":"2026-01-22T11:24:00+00:00","author":"Telinha","twitter_card":"summary_large_image","twitter_misc":{"Escrito por":"Telinha","Tempo estimado de leitura":"1 minuto"},"schema":{"@context":"https:\/\/schema.org","@graph":[{"@type":"Article","@id":"https:\/\/portaltela.pt\/noticias\/2026\/01\/22\/fundacao-adfp-celebra-dia-internacional-do-riso-com-foco-na-saude-mental\/#article","isPartOf":{"@id":"https:\/\/portaltela.pt\/noticias\/2026\/01\/22\/fundacao-adfp-celebra-dia-internacional-do-riso-com-foco-na-saude-mental\/"},"author":{"name":"Telinha","@id":"https:\/\/portaltela.pt\/#\/schema\/person\/c4278d4a6028830caff9ee44b42d32ed"},"headline":"Funda\u00e7\u00e3o ADFP celebra Dia Internacional do Riso com foco na sa\u00fade mental","datePublished":"2026-01-22T11:24:00+00:00","mainEntityOfPage":{"@id":"https:\/\/portaltela.pt\/noticias\/2026\/01\/22\/fundacao-adfp-celebra-dia-internacional-do-riso-com-foco-na-saude-mental\/"},"wordCount":294,"image":{"@id":"https:\/\/portaltela.pt\/noticias\/2026\/01\/22\/fundacao-adfp-celebra-dia-internacional-do-riso-com-foco-na-saude-mental\/#primaryimage"},"thumbnailUrl":"https:\/\/portaltela.pt\/s.01k8rhncp4jt1\/2026\/01\/unnamed-file-4632.jpg","keywords":["assist\u00eancia social","educa\u00e7\u00e3o","Enfermagem","humaniza\u00e7\u00e3o","sa\u00fade","sa\u00fade mental"],"articleSection":["Not\u00edcias"],"inLanguage":"pt-PT"},{"@type":"WebPage","@id":"https:\/\/portaltela.pt\/noticias\/2026\/01\/22\/fundacao-adfp-celebra-dia-internacional-do-riso-com-foco-na-saude-mental\/","url":"https:\/\/portaltela.pt\/noticias\/2026\/01\/22\/fundacao-adfp-celebra-dia-internacional-do-riso-com-foco-na-saude-mental\/","name":"Funda\u00e7\u00e3o ADFP celebra Dia Internacional do Riso com foco na sa\u00fade mental - Portal Tela Portugal","isPartOf":{"@id":"https:\/\/portaltela.pt\/#website"},"primaryImageOfPage":{"@id":"https:\/\/portaltela.pt\/noticias\/2026\/01\/22\/fundacao-adfp-celebra-dia-internacional-do-riso-com-foco-na-saude-mental\/#primaryimage"},"image":{"@id":"https:\/\/portaltela.pt\/noticias\/2026\/01\/22\/fundacao-adfp-celebra-dia-internacional-do-riso-com-foco-na-saude-mental\/#primaryimage"},"thumbnailUrl":"https:\/\/portaltela.pt\/s.01k8rhncp4jt1\/2026\/01\/unnamed-file-4632.jpg","datePublished":"2026-01-22T11:24:00+00:00","author":{"@id":"https:\/\/portaltela.pt\/#\/schema\/person\/c4278d4a6028830caff9ee44b42d32ed"},"breadcrumb":{"@id":"https:\/\/portaltela.pt\/noticias\/2026\/01\/22\/fundacao-adfp-celebra-dia-internacional-do-riso-com-foco-na-saude-mental\/#breadcrumb"},"inLanguage":"pt-PT","potentialAction":[{"@type":"ReadAction","target":["https:\/\/portaltela.pt\/noticias\/2026\/01\/22\/fundacao-adfp-celebra-dia-internacional-do-riso-com-foco-na-saude-mental\/"]}]},{"@type":"ImageObject","inLanguage":"pt-PT","@id":"https:\/\/portaltela.pt\/noticias\/2026\/01\/22\/fundacao-adfp-celebra-dia-internacional-do-riso-com-foco-na-saude-mental\/#primaryimage","url":"https:\/\/portaltela.pt\/s.01k8rhncp4jt1\/2026\/01\/unnamed-file-4632.jpg","contentUrl":"https:\/\/portaltela.pt\/s.01k8rhncp4jt1\/2026\/01\/unnamed-file-4632.jpg","width":796,"height":448,"caption":"Funda\u00e7\u00e3o ADFP assinala Dia Internacional do Riso com iniciativa dedicada \u00e0 sa\u00fade mental"},{"@type":"BreadcrumbList","@id":"https:\/\/portaltela.pt\/noticias\/2026\/01\/22\/fundacao-adfp-celebra-dia-internacional-do-riso-com-foco-na-saude-mental\/#breadcrumb","itemListElement":[{"@type":"ListItem","position":1,"name":"In\u00edcio","item":"https:\/\/portaltela.pt\/"},{"@type":"ListItem","position":2,"name":"Funda\u00e7\u00e3o ADFP celebra Dia Internacional do Riso com foco na sa\u00fade mental"}]},{"@type":"WebSite","@id":"https:\/\/portaltela.pt\/#website","url":"https:\/\/portaltela.pt\/","name":"Portal Tela Portugal","description":"","potentialAction":[{"@type":"SearchAction","target":{"@type":"EntryPoint","urlTemplate":"https:\/\/portaltela.pt\/?s={search_term_string}"},"query-input":{"@type":"PropertyValueSpecification","valueRequired":true,"valueName":"search_term_string"}}],"inLanguage":"pt-PT"},{"@type":"Person","@id":"https:\/\/portaltela.pt\/#\/schema\/person\/c4278d4a6028830caff9ee44b42d32ed","name":"Telinha","image":{"@type":"ImageObject","inLanguage":"pt-PT","@id":"https:\/\/portaltela.pt\/s.01k8rhncp4jt1\/2025\/11\/talking-bot-125x125.png","url":"https:\/\/portaltela.pt\/s.01k8rhncp4jt1\/2025\/11\/talking-bot-125x125.png","contentUrl":"https:\/\/portaltela.pt\/s.01k8rhncp4jt1\/2025\/11\/talking-bot-125x125.png","caption":"Telinha"},"sameAs":["https:\/\/portaltela.pt\/"],"url":"https:\/\/portaltela.pt\/por\/367410592786\/"}]}},"_links":{"self":[{"href":"https:\/\/portaltela.pt\/api\/wp\/v2\/posts\/163052","targetHints":{"allow":["GET"]}}],"collection":[{"href":"https:\/\/portaltela.pt\/api\/wp\/v2\/posts"}],"about":[{"href":"https:\/\/portaltela.pt\/api\/wp\/v2\/types\/post"}],"author":[{"embeddable":true,"href":"https:\/\/portaltela.pt\/api\/wp\/v2\/users\/2"}],"replies":[{"embeddable":true,"href":"https:\/\/portaltela.pt\/api\/wp\/v2\/comments?post=163052"}],"version-history":[{"count":0,"href":"https:\/\/portaltela.pt\/api\/wp\/v2\/posts\/163052\/revisions"}],"wp:featuredmedia":[{"embeddable":true,"href":"https:\/\/portaltela.pt\/api\/wp\/v2\/media\/163100"}],"wp:attachment":[{"href":"https:\/\/portaltela.pt\/api\/wp\/v2\/media?parent=163052"}],"wp:term":[{"taxonomy":"category","embeddable":true,"href":"https:\/\/portaltela.pt\/api\/wp\/v2\/categories?post=163052"},{"taxonomy":"post_tag","embeddable":true,"href":"https:\/\/portaltela.pt\/api\/wp\/v2\/tags?post=163052"}],"curies":[{"name":"wp","href":"https:\/\/api.w.org\/{rel}","templated":true}]}}