{"id":162999,"date":"2026-01-21T20:43:00","date_gmt":"2026-01-21T23:43:00","guid":{"rendered":"https:\/\/portaltela.pt\/noticias\/2026\/01\/21\/jogador-do-moncarapachense-morre-em-campo-durante-jogo-da-taca-do-algarve-2\/"},"modified":"2026-01-21T20:43:00","modified_gmt":"2026-01-21T23:43:00","slug":"jogador-do-moncarapachense-morre-em-campo-durante-jogo-da-taca-do-algarve-2","status":"publish","type":"post","link":"https:\/\/portaltela.pt\/desporto\/futebol\/2026\/01\/21\/jogador-do-moncarapachense-morre-em-campo-durante-jogo-da-taca-do-algarve-2\/","title":{"rendered":"Jogador do Moncarapachense morre em campo durante jogo da Ta\u00e7a do Algarve"},"content":{"rendered":"<p>Nassur Bacem, defesa do Moncarapachense, de 27 anos, morreu na noite de ontem durante a Ta\u00e7a do Algarve. O epis\u00f3dio aconteceu no Est\u00e1dio Municipal de Olh\u00e3o, no jogo contra o Imortal, perto dos 20 minutos de jogo. A paragem cardiorrespirat\u00f3ria n\u00e3o foi revertida.<\/p>\n<p>Segundo o vice-presidente do Moncarapachense, o jogador queixou-se de mal-estar junto ao banco do Imortal e caiu. A equipa m\u00e9dica do Moncarapachense realizou manobras de reanima\u00e7\u00e3o e utilizou o desfibrilhador do recinto, sendo posteriormente acionada a equipa do INEM e uma ambul\u00e2ncia.<\/p>\n<p>Afastando-se do campo, Bacem chegou ao hospital de Faro j\u00e1 sem vida. O jogo n\u00e3o foi retomado, com o Imortal a vencer por 1-0, golo de Marocas. O corpo do atleta dever\u00e1 ficar em aut\u00f3psia, para depois serem marcadas as cerim\u00f3nias f\u00fanebres na regi\u00e3o de Aveiro.<\/p>\n<p>O Moncarapachense, que disputa o Campeonato de Portugal, informou que n\u00e3o tem condi\u00e7\u00f5es de jogar no pr\u00f3ximo domingo frente ao Alcochetense. O apoio humano e t\u00e9cnico envolvido na tentativa de salvar o atleta foi destacado pela dire\u00e7\u00e3o do clube.<\/p>\n<p>Nassur Bacem passou por v\u00e1rios clubes na forma\u00e7\u00e3o e na carreira s\u00e9nior, incluindo Recreio de \u00c1gueda, Sporting, Gafanha, Acad\u00e9mica, Sporting de Braga, Leix\u00f5es, Vista Alegre, Mar\u00edtimo, Oliveira do Hospital e Camacha, antes de chegar ao Moncarapachense no in\u00edcio desta temporada.<\/p>\n","protected":false},"excerpt":{"rendered":"<ul>\n<li>Nassur Bacem, defesa do Moncarapachense, de 27 anos, faleceu na noite de ontem durante o jogo da Ta\u00e7a do Algarve frente ao Imortal, no Est\u00e1dio Municipal de Olh\u00e3o, v\u00edtima de paragem cardiorrespirat\u00f3ria.<\/li>\n<li>O incidente ocorreu cerca dos 20 minutos de jogo, quando o Imortal vencia por 1-0 (golo de Marocas), e o encontro n\u00e3o foi retomado.<\/li>\n<li>A equipa m\u00e9dica do Moncarapachense, incluindo m\u00e9dico e fisioterapeuta, realizou manobras de reanima\u00e7\u00e3o e utilizou o desfibrilhador; chegou depois uma equipa do INEM e uma ambul\u00e2ncia.<\/li>\n<li>O corpo seguiu para aut\u00f3psia nos pr\u00f3ximos dias; as cerim\u00f3nias f\u00fanebres devem realizar-se na regi\u00e3o de Aveiro, onde residia a fam\u00edlia.<\/li>\n<li>Nassur Bacem passou por v\u00e1rios clubes na forma\u00e7\u00e3o e na carreira s\u00e9nior, tendo integrado recentemente o Moncarapachense.<\/li>\n<\/ul>\n","protected":false},"author":2,"featured_media":163014,"comment_status":"closed","ping_status":"closed","sticky":false,"template":"","format":"standard","meta":{"footnotes":""},"categories":[21,24],"tags":[1059,227,152,32,3808],"class_list":["post-162999","post","type-post","status-publish","format-standard","has-post-thumbnail","hentry","category-desporto","category-futebol","tag-aveiro","tag-campeonato","tag-desporto","tag-futebol","tag-moncarapachense"],"yoast_head":"<!-- This site is optimized with the Yoast SEO plugin v27.2 - https:\/\/yoast.com\/product\/yoast-seo-wordpress\/ -->\n<title>Jogador do Moncarapachense morre em campo durante jogo da Ta\u00e7a do Algarve - Portal Tela Portugal<\/title>\n<meta name=\"robots\" content=\"index, follow, max-snippet:-1, max-image-preview:large, max-video-preview:-1\" \/>\n<meta property=\"og:locale\" content=\"pt_PT\" \/>\n<meta property=\"og:type\" content=\"article\" \/>\n<meta property=\"og:title\" content=\"Jogador do Moncarapachense morre em campo durante jogo da Ta\u00e7a do Algarve - Portal Tela Portugal\" \/>\n<meta property=\"og:description\" content=\"Nassur Bacem, defesa do Moncarapachense, de 27 anos, faleceu na noite de ontem durante o jogo da Ta\u00e7a do Algarve frente ao Imortal, no Est\u00e1dio Municipal de Olh\u00e3o, v\u00edtima de paragem cardiorrespirat\u00f3ria. O incidente ocorreu cerca dos 20 minutos de jogo, quando o Imortal vencia por 1-0 (golo de Marocas), e o encontro n\u00e3o foi retomado. A equipa m\u00e9dica do Moncarapachense, incluindo m\u00e9dico e fisioterapeuta, realizou manobras de reanima\u00e7\u00e3o e utilizou o desfibrilhador; chegou depois uma equipa do INEM e uma ambul\u00e2ncia. O corpo seguiu para aut\u00f3psia nos pr\u00f3ximos dias; as cerim\u00f3nias f\u00fanebres devem realizar-se na regi\u00e3o de Aveiro, onde residia a fam\u00edlia. Nassur Bacem passou por v\u00e1rios clubes na forma\u00e7\u00e3o e na carreira s\u00e9nior, tendo integrado recentemente o Moncarapachense.\" \/>\n<meta property=\"og:url\" content=\"https:\/\/portaltela.pt\/noticias\/2026\/01\/21\/jogador-do-moncarapachense-morre-em-campo-durante-jogo-da-taca-do-algarve-2\/\" \/>\n<meta property=\"og:site_name\" content=\"Portal Tela Portugal\" \/>\n<meta property=\"article:published_time\" content=\"2026-01-21T23:43:00+00:00\" \/>\n<meta name=\"author\" content=\"Telinha\" \/>\n<meta name=\"twitter:card\" content=\"summary_large_image\" \/>\n<meta name=\"twitter:label1\" content=\"Escrito por\" \/>\n\t<meta name=\"twitter:data1\" content=\"Telinha\" \/>\n\t<meta name=\"twitter:label2\" content=\"Tempo estimado de leitura\" \/>\n\t<meta name=\"twitter:data2\" content=\"1 minuto\" \/>\n<script type=\"application\/ld+json\" class=\"yoast-schema-graph\">{\"@context\":\"https:\/\/schema.org\",\"@graph\":[{\"@type\":\"Article\",\"@id\":\"https:\/\/portaltela.pt\/noticias\/2026\/01\/21\/jogador-do-moncarapachense-morre-em-campo-durante-jogo-da-taca-do-algarve-2\/#article\",\"isPartOf\":{\"@id\":\"https:\/\/portaltela.pt\/noticias\/2026\/01\/21\/jogador-do-moncarapachense-morre-em-campo-durante-jogo-da-taca-do-algarve-2\/\"},\"author\":{\"name\":\"Telinha\",\"@id\":\"https:\/\/portaltela.pt\/#\/schema\/person\/c4278d4a6028830caff9ee44b42d32ed\"},\"headline\":\"Jogador do Moncarapachense morre em campo durante jogo da Ta\u00e7a do Algarve\",\"datePublished\":\"2026-01-21T23:43:00+00:00\",\"mainEntityOfPage\":{\"@id\":\"https:\/\/portaltela.pt\/noticias\/2026\/01\/21\/jogador-do-moncarapachense-morre-em-campo-durante-jogo-da-taca-do-algarve-2\/\"},\"wordCount\":247,\"image\":{\"@id\":\"https:\/\/portaltela.pt\/noticias\/2026\/01\/21\/jogador-do-moncarapachense-morre-em-campo-durante-jogo-da-taca-do-algarve-2\/#primaryimage\"},\"thumbnailUrl\":\"https:\/\/portaltela.pt\/s.01k8rhncp4jt1\/2026\/01\/img_920x518uu2026-01-21-23-41-02-2416460-3.jpg\",\"keywords\":[\"Aveiro\",\"campeonato\",\"desporto\",\"futebol\",\"Moncarapachense\"],\"articleSection\":[\"Desporto\",\"Futebol\"],\"inLanguage\":\"pt-PT\"},{\"@type\":\"WebPage\",\"@id\":\"https:\/\/portaltela.pt\/noticias\/2026\/01\/21\/jogador-do-moncarapachense-morre-em-campo-durante-jogo-da-taca-do-algarve-2\/\",\"url\":\"https:\/\/portaltela.pt\/noticias\/2026\/01\/21\/jogador-do-moncarapachense-morre-em-campo-durante-jogo-da-taca-do-algarve-2\/\",\"name\":\"Jogador do Moncarapachense morre em campo durante jogo da Ta\u00e7a do Algarve - Portal Tela Portugal\",\"isPartOf\":{\"@id\":\"https:\/\/portaltela.pt\/#website\"},\"primaryImageOfPage\":{\"@id\":\"https:\/\/portaltela.pt\/noticias\/2026\/01\/21\/jogador-do-moncarapachense-morre-em-campo-durante-jogo-da-taca-do-algarve-2\/#primaryimage\"},\"image\":{\"@id\":\"https:\/\/portaltela.pt\/noticias\/2026\/01\/21\/jogador-do-moncarapachense-morre-em-campo-durante-jogo-da-taca-do-algarve-2\/#primaryimage\"},\"thumbnailUrl\":\"https:\/\/portaltela.pt\/s.01k8rhncp4jt1\/2026\/01\/img_920x518uu2026-01-21-23-41-02-2416460-3.jpg\",\"datePublished\":\"2026-01-21T23:43:00+00:00\",\"author\":{\"@id\":\"https:\/\/portaltela.pt\/#\/schema\/person\/c4278d4a6028830caff9ee44b42d32ed\"},\"breadcrumb\":{\"@id\":\"https:\/\/portaltela.pt\/noticias\/2026\/01\/21\/jogador-do-moncarapachense-morre-em-campo-durante-jogo-da-taca-do-algarve-2\/#breadcrumb\"},\"inLanguage\":\"pt-PT\",\"potentialAction\":[{\"@type\":\"ReadAction\",\"target\":[\"https:\/\/portaltela.pt\/noticias\/2026\/01\/21\/jogador-do-moncarapachense-morre-em-campo-durante-jogo-da-taca-do-algarve-2\/\"]}]},{\"@type\":\"ImageObject\",\"inLanguage\":\"pt-PT\",\"@id\":\"https:\/\/portaltela.pt\/noticias\/2026\/01\/21\/jogador-do-moncarapachense-morre-em-campo-durante-jogo-da-taca-do-algarve-2\/#primaryimage\",\"url\":\"https:\/\/portaltela.pt\/s.01k8rhncp4jt1\/2026\/01\/img_920x518uu2026-01-21-23-41-02-2416460-3.jpg\",\"contentUrl\":\"https:\/\/portaltela.pt\/s.01k8rhncp4jt1\/2026\/01\/img_920x518uu2026-01-21-23-41-02-2416460-3.jpg\",\"width\":796,\"height\":448,\"caption\":\"Nassur Bacem\"},{\"@type\":\"BreadcrumbList\",\"@id\":\"https:\/\/portaltela.pt\/noticias\/2026\/01\/21\/jogador-do-moncarapachense-morre-em-campo-durante-jogo-da-taca-do-algarve-2\/#breadcrumb\",\"itemListElement\":[{\"@type\":\"ListItem\",\"position\":1,\"name\":\"In\u00edcio\",\"item\":\"https:\/\/portaltela.pt\/\"},{\"@type\":\"ListItem\",\"position\":2,\"name\":\"Jogador do Moncarapachense morre em campo durante jogo da Ta\u00e7a do Algarve\"}]},{\"@type\":\"WebSite\",\"@id\":\"https:\/\/portaltela.pt\/#website\",\"url\":\"https:\/\/portaltela.pt\/\",\"name\":\"Portal Tela Portugal\",\"description\":\"\",\"potentialAction\":[{\"@type\":\"SearchAction\",\"target\":{\"@type\":\"EntryPoint\",\"urlTemplate\":\"https:\/\/portaltela.pt\/?s={search_term_string}\"},\"query-input\":{\"@type\":\"PropertyValueSpecification\",\"valueRequired\":true,\"valueName\":\"search_term_string\"}}],\"inLanguage\":\"pt-PT\"},{\"@type\":\"Person\",\"@id\":\"https:\/\/portaltela.pt\/#\/schema\/person\/c4278d4a6028830caff9ee44b42d32ed\",\"name\":\"Telinha\",\"image\":{\"@type\":\"ImageObject\",\"inLanguage\":\"pt-PT\",\"@id\":\"https:\/\/portaltela.pt\/s.01k8rhncp4jt1\/2025\/11\/talking-bot-125x125.png\",\"url\":\"https:\/\/portaltela.pt\/s.01k8rhncp4jt1\/2025\/11\/talking-bot-125x125.png\",\"contentUrl\":\"https:\/\/portaltela.pt\/s.01k8rhncp4jt1\/2025\/11\/talking-bot-125x125.png\",\"caption\":\"Telinha\"},\"sameAs\":[\"https:\/\/portaltela.pt\/\"],\"url\":\"https:\/\/portaltela.pt\/por\/367410592786\/\"}]}<\/script>\n<!-- \/ Yoast SEO plugin. -->","yoast_head_json":{"title":"Jogador do Moncarapachense morre em campo durante jogo da Ta\u00e7a do Algarve - Portal Tela Portugal","robots":{"index":"index","follow":"follow","max-snippet":"max-snippet:-1","max-image-preview":"max-image-preview:large","max-video-preview":"max-video-preview:-1"},"og_locale":"pt_PT","og_type":"article","og_title":"Jogador do Moncarapachense morre em campo durante jogo da Ta\u00e7a do Algarve - Portal Tela Portugal","og_description":"Nassur Bacem, defesa do Moncarapachense, de 27 anos, faleceu na noite de ontem durante o jogo da Ta\u00e7a do Algarve frente ao Imortal, no Est\u00e1dio Municipal de Olh\u00e3o, v\u00edtima de paragem cardiorrespirat\u00f3ria. O incidente ocorreu cerca dos 20 minutos de jogo, quando o Imortal vencia por 1-0 (golo de Marocas), e o encontro n\u00e3o foi retomado. A equipa m\u00e9dica do Moncarapachense, incluindo m\u00e9dico e fisioterapeuta, realizou manobras de reanima\u00e7\u00e3o e utilizou o desfibrilhador; chegou depois uma equipa do INEM e uma ambul\u00e2ncia. O corpo seguiu para aut\u00f3psia nos pr\u00f3ximos dias; as cerim\u00f3nias f\u00fanebres devem realizar-se na regi\u00e3o de Aveiro, onde residia a fam\u00edlia. Nassur Bacem passou por v\u00e1rios clubes na forma\u00e7\u00e3o e na carreira s\u00e9nior, tendo integrado recentemente o Moncarapachense.","og_url":"https:\/\/portaltela.pt\/noticias\/2026\/01\/21\/jogador-do-moncarapachense-morre-em-campo-durante-jogo-da-taca-do-algarve-2\/","og_site_name":"Portal Tela Portugal","article_published_time":"2026-01-21T23:43:00+00:00","author":"Telinha","twitter_card":"summary_large_image","twitter_misc":{"Escrito por":"Telinha","Tempo estimado de leitura":"1 minuto"},"schema":{"@context":"https:\/\/schema.org","@graph":[{"@type":"Article","@id":"https:\/\/portaltela.pt\/noticias\/2026\/01\/21\/jogador-do-moncarapachense-morre-em-campo-durante-jogo-da-taca-do-algarve-2\/#article","isPartOf":{"@id":"https:\/\/portaltela.pt\/noticias\/2026\/01\/21\/jogador-do-moncarapachense-morre-em-campo-durante-jogo-da-taca-do-algarve-2\/"},"author":{"name":"Telinha","@id":"https:\/\/portaltela.pt\/#\/schema\/person\/c4278d4a6028830caff9ee44b42d32ed"},"headline":"Jogador do Moncarapachense morre em campo durante jogo da Ta\u00e7a do Algarve","datePublished":"2026-01-21T23:43:00+00:00","mainEntityOfPage":{"@id":"https:\/\/portaltela.pt\/noticias\/2026\/01\/21\/jogador-do-moncarapachense-morre-em-campo-durante-jogo-da-taca-do-algarve-2\/"},"wordCount":247,"image":{"@id":"https:\/\/portaltela.pt\/noticias\/2026\/01\/21\/jogador-do-moncarapachense-morre-em-campo-durante-jogo-da-taca-do-algarve-2\/#primaryimage"},"thumbnailUrl":"https:\/\/portaltela.pt\/s.01k8rhncp4jt1\/2026\/01\/img_920x518uu2026-01-21-23-41-02-2416460-3.jpg","keywords":["Aveiro","campeonato","desporto","futebol","Moncarapachense"],"articleSection":["Desporto","Futebol"],"inLanguage":"pt-PT"},{"@type":"WebPage","@id":"https:\/\/portaltela.pt\/noticias\/2026\/01\/21\/jogador-do-moncarapachense-morre-em-campo-durante-jogo-da-taca-do-algarve-2\/","url":"https:\/\/portaltela.pt\/noticias\/2026\/01\/21\/jogador-do-moncarapachense-morre-em-campo-durante-jogo-da-taca-do-algarve-2\/","name":"Jogador do Moncarapachense morre em campo durante jogo da Ta\u00e7a do Algarve - Portal Tela Portugal","isPartOf":{"@id":"https:\/\/portaltela.pt\/#website"},"primaryImageOfPage":{"@id":"https:\/\/portaltela.pt\/noticias\/2026\/01\/21\/jogador-do-moncarapachense-morre-em-campo-durante-jogo-da-taca-do-algarve-2\/#primaryimage"},"image":{"@id":"https:\/\/portaltela.pt\/noticias\/2026\/01\/21\/jogador-do-moncarapachense-morre-em-campo-durante-jogo-da-taca-do-algarve-2\/#primaryimage"},"thumbnailUrl":"https:\/\/portaltela.pt\/s.01k8rhncp4jt1\/2026\/01\/img_920x518uu2026-01-21-23-41-02-2416460-3.jpg","datePublished":"2026-01-21T23:43:00+00:00","author":{"@id":"https:\/\/portaltela.pt\/#\/schema\/person\/c4278d4a6028830caff9ee44b42d32ed"},"breadcrumb":{"@id":"https:\/\/portaltela.pt\/noticias\/2026\/01\/21\/jogador-do-moncarapachense-morre-em-campo-durante-jogo-da-taca-do-algarve-2\/#breadcrumb"},"inLanguage":"pt-PT","potentialAction":[{"@type":"ReadAction","target":["https:\/\/portaltela.pt\/noticias\/2026\/01\/21\/jogador-do-moncarapachense-morre-em-campo-durante-jogo-da-taca-do-algarve-2\/"]}]},{"@type":"ImageObject","inLanguage":"pt-PT","@id":"https:\/\/portaltela.pt\/noticias\/2026\/01\/21\/jogador-do-moncarapachense-morre-em-campo-durante-jogo-da-taca-do-algarve-2\/#primaryimage","url":"https:\/\/portaltela.pt\/s.01k8rhncp4jt1\/2026\/01\/img_920x518uu2026-01-21-23-41-02-2416460-3.jpg","contentUrl":"https:\/\/portaltela.pt\/s.01k8rhncp4jt1\/2026\/01\/img_920x518uu2026-01-21-23-41-02-2416460-3.jpg","width":796,"height":448,"caption":"Nassur Bacem"},{"@type":"BreadcrumbList","@id":"https:\/\/portaltela.pt\/noticias\/2026\/01\/21\/jogador-do-moncarapachense-morre-em-campo-durante-jogo-da-taca-do-algarve-2\/#breadcrumb","itemListElement":[{"@type":"ListItem","position":1,"name":"In\u00edcio","item":"https:\/\/portaltela.pt\/"},{"@type":"ListItem","position":2,"name":"Jogador do Moncarapachense morre em campo durante jogo da Ta\u00e7a do Algarve"}]},{"@type":"WebSite","@id":"https:\/\/portaltela.pt\/#website","url":"https:\/\/portaltela.pt\/","name":"Portal Tela Portugal","description":"","potentialAction":[{"@type":"SearchAction","target":{"@type":"EntryPoint","urlTemplate":"https:\/\/portaltela.pt\/?s={search_term_string}"},"query-input":{"@type":"PropertyValueSpecification","valueRequired":true,"valueName":"search_term_string"}}],"inLanguage":"pt-PT"},{"@type":"Person","@id":"https:\/\/portaltela.pt\/#\/schema\/person\/c4278d4a6028830caff9ee44b42d32ed","name":"Telinha","image":{"@type":"ImageObject","inLanguage":"pt-PT","@id":"https:\/\/portaltela.pt\/s.01k8rhncp4jt1\/2025\/11\/talking-bot-125x125.png","url":"https:\/\/portaltela.pt\/s.01k8rhncp4jt1\/2025\/11\/talking-bot-125x125.png","contentUrl":"https:\/\/portaltela.pt\/s.01k8rhncp4jt1\/2025\/11\/talking-bot-125x125.png","caption":"Telinha"},"sameAs":["https:\/\/portaltela.pt\/"],"url":"https:\/\/portaltela.pt\/por\/367410592786\/"}]}},"_links":{"self":[{"href":"https:\/\/portaltela.pt\/api\/wp\/v2\/posts\/162999","targetHints":{"allow":["GET"]}}],"collection":[{"href":"https:\/\/portaltela.pt\/api\/wp\/v2\/posts"}],"about":[{"href":"https:\/\/portaltela.pt\/api\/wp\/v2\/types\/post"}],"author":[{"embeddable":true,"href":"https:\/\/portaltela.pt\/api\/wp\/v2\/users\/2"}],"replies":[{"embeddable":true,"href":"https:\/\/portaltela.pt\/api\/wp\/v2\/comments?post=162999"}],"version-history":[{"count":0,"href":"https:\/\/portaltela.pt\/api\/wp\/v2\/posts\/162999\/revisions"}],"wp:featuredmedia":[{"embeddable":true,"href":"https:\/\/portaltela.pt\/api\/wp\/v2\/media\/163014"}],"wp:attachment":[{"href":"https:\/\/portaltela.pt\/api\/wp\/v2\/media?parent=162999"}],"wp:term":[{"taxonomy":"category","embeddable":true,"href":"https:\/\/portaltela.pt\/api\/wp\/v2\/categories?post=162999"},{"taxonomy":"post_tag","embeddable":true,"href":"https:\/\/portaltela.pt\/api\/wp\/v2\/tags?post=162999"}],"curies":[{"name":"wp","href":"https:\/\/api.w.org\/{rel}","templated":true}]}}