{"id":162990,"date":"2026-01-22T07:54:00","date_gmt":"2026-01-22T10:54:00","guid":{"rendered":"https:\/\/portaltela.pt\/noticias\/2026\/01\/22\/luis-montenegro-apresentara-queixa-por-falsa-troca-de-mensagens-com-trump\/"},"modified":"2026-01-22T07:54:00","modified_gmt":"2026-01-22T10:54:00","slug":"luis-montenegro-apresentara-queixa-por-falsa-troca-de-mensagens-com-trump","status":"publish","type":"post","link":"https:\/\/portaltela.pt\/noticias\/politica\/2026\/01\/22\/luis-montenegro-apresentara-queixa-por-falsa-troca-de-mensagens-com-trump\/","title":{"rendered":"Lu\u00eds Montenegro apresentar\u00e1 queixa por falsa troca de mensagens com Trump"},"content":{"rendered":"<p>O primeiro-ministro Lu\u00eds Montenegro vai apresentar uma queixa contra um utilizador de redes sociais por uma publica\u00e7\u00e3o falsa no X que sugere que enviou uma mensagem bajulat\u00f3ria a Donald Trump.<\/p>\n<p>A mensagem falsa descreve Montenegro como l\u00edder supremo e grande arquitecto dos tempos modernos e oferece-lhe os A\u00e7ores. A publica\u00e7\u00e3o \u00e9 atribu\u00edda ao utilizador Volksvargas e tem elevada difus\u00e3o na rede.<\/p>\n<p>A origem da desinforma\u00e7\u00e3o \u00e9 alegadamente esse utilizador. A publica\u00e7\u00e3o recorre a uma imagem semelhante \u00e0 partilhada por Trump na Truth Social, que mostra uma suposta troca de mensagens com Emmanuel Macron.<\/p>\n","protected":false},"excerpt":{"rendered":"<ul>\n<li>Lu\u00eds Montenegro vai apresentar uma queixa contra um utilizador da rede social X por uma publica\u00e7\u00e3o falsa que sugere ter enviado uma mensagem bajulat\u00f3ria a Donald Trump.<\/li>\n<li>Nessa mensagem falsa, o Primeiro-Ministro supostamente chamava Trump de &#8220;l\u00edder supremo e grande arquiteto dos tempos modernos&#8221; e oferecia-lhe os A\u00e7ores.<\/li>\n<li>O comunicado indica que houve desinforma\u00e7\u00e3o com elevada difus\u00e3o p\u00fablica e que a origem parece ser o utilizador &#8220;Volksvargas&#8221;.<\/li>\n<li>A queixa ser\u00e1 apresentada nas inst\u00e2ncias adequadas.<\/li>\n<li>A not\u00edcia compara a imagem com uma publica\u00e7\u00e3o da Truth Social de Donald Trump sobre Emmanuel Macron, em que se mencionava \u201cN\u00e3o compreendo o que est\u00e1s a fazer na Gronel\u00e2ndia\u201d.<\/li>\n<\/ul>\n","protected":false},"author":2,"featured_media":163018,"comment_status":"closed","ping_status":"closed","sticky":false,"template":"","format":"standard","meta":{"footnotes":""},"categories":[1,5],"tags":[1469,220,195,2832,1571,88],"class_list":["post-162990","post","type-post","status-publish","format-standard","has-post-thumbnail","hentry","category-noticias","category-politica","tag-desinformacao","tag-falsidade-informatica","tag-informacao","tag-politica","tag-queixa-crime","tag-redes-sociais"],"yoast_head":"<!-- This site is optimized with the Yoast SEO plugin v27.2 - https:\/\/yoast.com\/product\/yoast-seo-wordpress\/ -->\n<title>Lu\u00eds Montenegro apresentar\u00e1 queixa por falsa troca de mensagens com Trump - Portal Tela Portugal<\/title>\n<meta name=\"robots\" content=\"index, follow, max-snippet:-1, max-image-preview:large, max-video-preview:-1\" \/>\n<meta property=\"og:locale\" content=\"pt_PT\" \/>\n<meta property=\"og:type\" content=\"article\" \/>\n<meta property=\"og:title\" content=\"Lu\u00eds Montenegro apresentar\u00e1 queixa por falsa troca de mensagens com Trump - Portal Tela Portugal\" \/>\n<meta property=\"og:description\" content=\"Lu\u00eds Montenegro vai apresentar uma queixa contra um utilizador da rede social X por uma publica\u00e7\u00e3o falsa que sugere ter enviado uma mensagem bajulat\u00f3ria a Donald Trump. Nessa mensagem falsa, o Primeiro-Ministro supostamente chamava Trump de &quot;l\u00edder supremo e grande arquiteto dos tempos modernos&quot; e oferecia-lhe os A\u00e7ores. O comunicado indica que houve desinforma\u00e7\u00e3o com elevada difus\u00e3o p\u00fablica e que a origem parece ser o utilizador &quot;Volksvargas&quot;. A queixa ser\u00e1 apresentada nas inst\u00e2ncias adequadas. A not\u00edcia compara a imagem com uma publica\u00e7\u00e3o da Truth Social de Donald Trump sobre Emmanuel Macron, em que se mencionava \u201cN\u00e3o compreendo o que est\u00e1s a fazer na Gronel\u00e2ndia\u201d.\" \/>\n<meta property=\"og:url\" content=\"https:\/\/portaltela.pt\/noticias\/2026\/01\/22\/luis-montenegro-apresentara-queixa-por-falsa-troca-de-mensagens-com-trump\/\" \/>\n<meta property=\"og:site_name\" content=\"Portal Tela Portugal\" \/>\n<meta property=\"article:published_time\" content=\"2026-01-22T10:54:00+00:00\" \/>\n<meta name=\"author\" content=\"Telinha\" \/>\n<meta name=\"twitter:card\" content=\"summary_large_image\" \/>\n<meta name=\"twitter:label1\" content=\"Escrito por\" \/>\n\t<meta name=\"twitter:data1\" content=\"Telinha\" \/>\n\t<meta name=\"twitter:label2\" content=\"Tempo estimado de leitura\" \/>\n\t<meta name=\"twitter:data2\" content=\"1 minuto\" \/>\n<script type=\"application\/ld+json\" class=\"yoast-schema-graph\">{\"@context\":\"https:\/\/schema.org\",\"@graph\":[{\"@type\":\"Article\",\"@id\":\"https:\/\/portaltela.pt\/noticias\/2026\/01\/22\/luis-montenegro-apresentara-queixa-por-falsa-troca-de-mensagens-com-trump\/#article\",\"isPartOf\":{\"@id\":\"https:\/\/portaltela.pt\/noticias\/2026\/01\/22\/luis-montenegro-apresentara-queixa-por-falsa-troca-de-mensagens-com-trump\/\"},\"author\":{\"name\":\"Telinha\",\"@id\":\"https:\/\/portaltela.pt\/#\/schema\/person\/c4278d4a6028830caff9ee44b42d32ed\"},\"headline\":\"Lu\u00eds Montenegro apresentar\u00e1 queixa por falsa troca de mensagens com Trump\",\"datePublished\":\"2026-01-22T10:54:00+00:00\",\"mainEntityOfPage\":{\"@id\":\"https:\/\/portaltela.pt\/noticias\/2026\/01\/22\/luis-montenegro-apresentara-queixa-por-falsa-troca-de-mensagens-com-trump\/\"},\"wordCount\":112,\"image\":{\"@id\":\"https:\/\/portaltela.pt\/noticias\/2026\/01\/22\/luis-montenegro-apresentara-queixa-por-falsa-troca-de-mensagens-com-trump\/#primaryimage\"},\"thumbnailUrl\":\"https:\/\/portaltela.pt\/s.01k8rhncp4jt1\/2026\/01\/img_920x518uu2026-01-22-10-53-35-2416521-2.jpg\",\"keywords\":[\"desinforma\u00e7\u00e3o\",\"falsidade inform\u00e1tica\",\"informa\u00e7\u00e3o\",\"pol\u00edtica\",\"queixa-crime\",\"redes sociais\"],\"articleSection\":[\"Not\u00edcias\",\"Pol\u00edtica\"],\"inLanguage\":\"pt-PT\"},{\"@type\":\"WebPage\",\"@id\":\"https:\/\/portaltela.pt\/noticias\/2026\/01\/22\/luis-montenegro-apresentara-queixa-por-falsa-troca-de-mensagens-com-trump\/\",\"url\":\"https:\/\/portaltela.pt\/noticias\/2026\/01\/22\/luis-montenegro-apresentara-queixa-por-falsa-troca-de-mensagens-com-trump\/\",\"name\":\"Lu\u00eds Montenegro apresentar\u00e1 queixa por falsa troca de mensagens com Trump - Portal Tela Portugal\",\"isPartOf\":{\"@id\":\"https:\/\/portaltela.pt\/#website\"},\"primaryImageOfPage\":{\"@id\":\"https:\/\/portaltela.pt\/noticias\/2026\/01\/22\/luis-montenegro-apresentara-queixa-por-falsa-troca-de-mensagens-com-trump\/#primaryimage\"},\"image\":{\"@id\":\"https:\/\/portaltela.pt\/noticias\/2026\/01\/22\/luis-montenegro-apresentara-queixa-por-falsa-troca-de-mensagens-com-trump\/#primaryimage\"},\"thumbnailUrl\":\"https:\/\/portaltela.pt\/s.01k8rhncp4jt1\/2026\/01\/img_920x518uu2026-01-22-10-53-35-2416521-2.jpg\",\"datePublished\":\"2026-01-22T10:54:00+00:00\",\"author\":{\"@id\":\"https:\/\/portaltela.pt\/#\/schema\/person\/c4278d4a6028830caff9ee44b42d32ed\"},\"breadcrumb\":{\"@id\":\"https:\/\/portaltela.pt\/noticias\/2026\/01\/22\/luis-montenegro-apresentara-queixa-por-falsa-troca-de-mensagens-com-trump\/#breadcrumb\"},\"inLanguage\":\"pt-PT\",\"potentialAction\":[{\"@type\":\"ReadAction\",\"target\":[\"https:\/\/portaltela.pt\/noticias\/2026\/01\/22\/luis-montenegro-apresentara-queixa-por-falsa-troca-de-mensagens-com-trump\/\"]}]},{\"@type\":\"ImageObject\",\"inLanguage\":\"pt-PT\",\"@id\":\"https:\/\/portaltela.pt\/noticias\/2026\/01\/22\/luis-montenegro-apresentara-queixa-por-falsa-troca-de-mensagens-com-trump\/#primaryimage\",\"url\":\"https:\/\/portaltela.pt\/s.01k8rhncp4jt1\/2026\/01\/img_920x518uu2026-01-22-10-53-35-2416521-2.jpg\",\"contentUrl\":\"https:\/\/portaltela.pt\/s.01k8rhncp4jt1\/2026\/01\/img_920x518uu2026-01-22-10-53-35-2416521-2.jpg\",\"width\":796,\"height\":448,\"caption\":\"Montenegro no Parlamento ap\u00f3s pedidos sobre as presidenciais.\"},{\"@type\":\"BreadcrumbList\",\"@id\":\"https:\/\/portaltela.pt\/noticias\/2026\/01\/22\/luis-montenegro-apresentara-queixa-por-falsa-troca-de-mensagens-com-trump\/#breadcrumb\",\"itemListElement\":[{\"@type\":\"ListItem\",\"position\":1,\"name\":\"In\u00edcio\",\"item\":\"https:\/\/portaltela.pt\/\"},{\"@type\":\"ListItem\",\"position\":2,\"name\":\"Lu\u00eds Montenegro apresentar\u00e1 queixa por falsa troca de mensagens com Trump\"}]},{\"@type\":\"WebSite\",\"@id\":\"https:\/\/portaltela.pt\/#website\",\"url\":\"https:\/\/portaltela.pt\/\",\"name\":\"Portal Tela Portugal\",\"description\":\"\",\"potentialAction\":[{\"@type\":\"SearchAction\",\"target\":{\"@type\":\"EntryPoint\",\"urlTemplate\":\"https:\/\/portaltela.pt\/?s={search_term_string}\"},\"query-input\":{\"@type\":\"PropertyValueSpecification\",\"valueRequired\":true,\"valueName\":\"search_term_string\"}}],\"inLanguage\":\"pt-PT\"},{\"@type\":\"Person\",\"@id\":\"https:\/\/portaltela.pt\/#\/schema\/person\/c4278d4a6028830caff9ee44b42d32ed\",\"name\":\"Telinha\",\"image\":{\"@type\":\"ImageObject\",\"inLanguage\":\"pt-PT\",\"@id\":\"https:\/\/portaltela.pt\/s.01k8rhncp4jt1\/2025\/11\/talking-bot-125x125.png\",\"url\":\"https:\/\/portaltela.pt\/s.01k8rhncp4jt1\/2025\/11\/talking-bot-125x125.png\",\"contentUrl\":\"https:\/\/portaltela.pt\/s.01k8rhncp4jt1\/2025\/11\/talking-bot-125x125.png\",\"caption\":\"Telinha\"},\"sameAs\":[\"https:\/\/portaltela.pt\/\"],\"url\":\"https:\/\/portaltela.pt\/por\/367410592786\/\"}]}<\/script>\n<!-- \/ Yoast SEO plugin. -->","yoast_head_json":{"title":"Lu\u00eds Montenegro apresentar\u00e1 queixa por falsa troca de mensagens com Trump - Portal Tela Portugal","robots":{"index":"index","follow":"follow","max-snippet":"max-snippet:-1","max-image-preview":"max-image-preview:large","max-video-preview":"max-video-preview:-1"},"og_locale":"pt_PT","og_type":"article","og_title":"Lu\u00eds Montenegro apresentar\u00e1 queixa por falsa troca de mensagens com Trump - Portal Tela Portugal","og_description":"Lu\u00eds Montenegro vai apresentar uma queixa contra um utilizador da rede social X por uma publica\u00e7\u00e3o falsa que sugere ter enviado uma mensagem bajulat\u00f3ria a Donald Trump. Nessa mensagem falsa, o Primeiro-Ministro supostamente chamava Trump de \"l\u00edder supremo e grande arquiteto dos tempos modernos\" e oferecia-lhe os A\u00e7ores. O comunicado indica que houve desinforma\u00e7\u00e3o com elevada difus\u00e3o p\u00fablica e que a origem parece ser o utilizador \"Volksvargas\". A queixa ser\u00e1 apresentada nas inst\u00e2ncias adequadas. A not\u00edcia compara a imagem com uma publica\u00e7\u00e3o da Truth Social de Donald Trump sobre Emmanuel Macron, em que se mencionava \u201cN\u00e3o compreendo o que est\u00e1s a fazer na Gronel\u00e2ndia\u201d.","og_url":"https:\/\/portaltela.pt\/noticias\/2026\/01\/22\/luis-montenegro-apresentara-queixa-por-falsa-troca-de-mensagens-com-trump\/","og_site_name":"Portal Tela Portugal","article_published_time":"2026-01-22T10:54:00+00:00","author":"Telinha","twitter_card":"summary_large_image","twitter_misc":{"Escrito por":"Telinha","Tempo estimado de leitura":"1 minuto"},"schema":{"@context":"https:\/\/schema.org","@graph":[{"@type":"Article","@id":"https:\/\/portaltela.pt\/noticias\/2026\/01\/22\/luis-montenegro-apresentara-queixa-por-falsa-troca-de-mensagens-com-trump\/#article","isPartOf":{"@id":"https:\/\/portaltela.pt\/noticias\/2026\/01\/22\/luis-montenegro-apresentara-queixa-por-falsa-troca-de-mensagens-com-trump\/"},"author":{"name":"Telinha","@id":"https:\/\/portaltela.pt\/#\/schema\/person\/c4278d4a6028830caff9ee44b42d32ed"},"headline":"Lu\u00eds Montenegro apresentar\u00e1 queixa por falsa troca de mensagens com Trump","datePublished":"2026-01-22T10:54:00+00:00","mainEntityOfPage":{"@id":"https:\/\/portaltela.pt\/noticias\/2026\/01\/22\/luis-montenegro-apresentara-queixa-por-falsa-troca-de-mensagens-com-trump\/"},"wordCount":112,"image":{"@id":"https:\/\/portaltela.pt\/noticias\/2026\/01\/22\/luis-montenegro-apresentara-queixa-por-falsa-troca-de-mensagens-com-trump\/#primaryimage"},"thumbnailUrl":"https:\/\/portaltela.pt\/s.01k8rhncp4jt1\/2026\/01\/img_920x518uu2026-01-22-10-53-35-2416521-2.jpg","keywords":["desinforma\u00e7\u00e3o","falsidade inform\u00e1tica","informa\u00e7\u00e3o","pol\u00edtica","queixa-crime","redes sociais"],"articleSection":["Not\u00edcias","Pol\u00edtica"],"inLanguage":"pt-PT"},{"@type":"WebPage","@id":"https:\/\/portaltela.pt\/noticias\/2026\/01\/22\/luis-montenegro-apresentara-queixa-por-falsa-troca-de-mensagens-com-trump\/","url":"https:\/\/portaltela.pt\/noticias\/2026\/01\/22\/luis-montenegro-apresentara-queixa-por-falsa-troca-de-mensagens-com-trump\/","name":"Lu\u00eds Montenegro apresentar\u00e1 queixa por falsa troca de mensagens com Trump - Portal Tela Portugal","isPartOf":{"@id":"https:\/\/portaltela.pt\/#website"},"primaryImageOfPage":{"@id":"https:\/\/portaltela.pt\/noticias\/2026\/01\/22\/luis-montenegro-apresentara-queixa-por-falsa-troca-de-mensagens-com-trump\/#primaryimage"},"image":{"@id":"https:\/\/portaltela.pt\/noticias\/2026\/01\/22\/luis-montenegro-apresentara-queixa-por-falsa-troca-de-mensagens-com-trump\/#primaryimage"},"thumbnailUrl":"https:\/\/portaltela.pt\/s.01k8rhncp4jt1\/2026\/01\/img_920x518uu2026-01-22-10-53-35-2416521-2.jpg","datePublished":"2026-01-22T10:54:00+00:00","author":{"@id":"https:\/\/portaltela.pt\/#\/schema\/person\/c4278d4a6028830caff9ee44b42d32ed"},"breadcrumb":{"@id":"https:\/\/portaltela.pt\/noticias\/2026\/01\/22\/luis-montenegro-apresentara-queixa-por-falsa-troca-de-mensagens-com-trump\/#breadcrumb"},"inLanguage":"pt-PT","potentialAction":[{"@type":"ReadAction","target":["https:\/\/portaltela.pt\/noticias\/2026\/01\/22\/luis-montenegro-apresentara-queixa-por-falsa-troca-de-mensagens-com-trump\/"]}]},{"@type":"ImageObject","inLanguage":"pt-PT","@id":"https:\/\/portaltela.pt\/noticias\/2026\/01\/22\/luis-montenegro-apresentara-queixa-por-falsa-troca-de-mensagens-com-trump\/#primaryimage","url":"https:\/\/portaltela.pt\/s.01k8rhncp4jt1\/2026\/01\/img_920x518uu2026-01-22-10-53-35-2416521-2.jpg","contentUrl":"https:\/\/portaltela.pt\/s.01k8rhncp4jt1\/2026\/01\/img_920x518uu2026-01-22-10-53-35-2416521-2.jpg","width":796,"height":448,"caption":"Montenegro no Parlamento ap\u00f3s pedidos sobre as presidenciais."},{"@type":"BreadcrumbList","@id":"https:\/\/portaltela.pt\/noticias\/2026\/01\/22\/luis-montenegro-apresentara-queixa-por-falsa-troca-de-mensagens-com-trump\/#breadcrumb","itemListElement":[{"@type":"ListItem","position":1,"name":"In\u00edcio","item":"https:\/\/portaltela.pt\/"},{"@type":"ListItem","position":2,"name":"Lu\u00eds Montenegro apresentar\u00e1 queixa por falsa troca de mensagens com Trump"}]},{"@type":"WebSite","@id":"https:\/\/portaltela.pt\/#website","url":"https:\/\/portaltela.pt\/","name":"Portal Tela Portugal","description":"","potentialAction":[{"@type":"SearchAction","target":{"@type":"EntryPoint","urlTemplate":"https:\/\/portaltela.pt\/?s={search_term_string}"},"query-input":{"@type":"PropertyValueSpecification","valueRequired":true,"valueName":"search_term_string"}}],"inLanguage":"pt-PT"},{"@type":"Person","@id":"https:\/\/portaltela.pt\/#\/schema\/person\/c4278d4a6028830caff9ee44b42d32ed","name":"Telinha","image":{"@type":"ImageObject","inLanguage":"pt-PT","@id":"https:\/\/portaltela.pt\/s.01k8rhncp4jt1\/2025\/11\/talking-bot-125x125.png","url":"https:\/\/portaltela.pt\/s.01k8rhncp4jt1\/2025\/11\/talking-bot-125x125.png","contentUrl":"https:\/\/portaltela.pt\/s.01k8rhncp4jt1\/2025\/11\/talking-bot-125x125.png","caption":"Telinha"},"sameAs":["https:\/\/portaltela.pt\/"],"url":"https:\/\/portaltela.pt\/por\/367410592786\/"}]}},"_links":{"self":[{"href":"https:\/\/portaltela.pt\/api\/wp\/v2\/posts\/162990","targetHints":{"allow":["GET"]}}],"collection":[{"href":"https:\/\/portaltela.pt\/api\/wp\/v2\/posts"}],"about":[{"href":"https:\/\/portaltela.pt\/api\/wp\/v2\/types\/post"}],"author":[{"embeddable":true,"href":"https:\/\/portaltela.pt\/api\/wp\/v2\/users\/2"}],"replies":[{"embeddable":true,"href":"https:\/\/portaltela.pt\/api\/wp\/v2\/comments?post=162990"}],"version-history":[{"count":0,"href":"https:\/\/portaltela.pt\/api\/wp\/v2\/posts\/162990\/revisions"}],"wp:featuredmedia":[{"embeddable":true,"href":"https:\/\/portaltela.pt\/api\/wp\/v2\/media\/163018"}],"wp:attachment":[{"href":"https:\/\/portaltela.pt\/api\/wp\/v2\/media?parent=162990"}],"wp:term":[{"taxonomy":"category","embeddable":true,"href":"https:\/\/portaltela.pt\/api\/wp\/v2\/categories?post=162990"},{"taxonomy":"post_tag","embeddable":true,"href":"https:\/\/portaltela.pt\/api\/wp\/v2\/tags?post=162990"}],"curies":[{"name":"wp","href":"https:\/\/api.w.org\/{rel}","templated":true}]}}