{"id":162828,"date":"2026-01-22T07:04:07","date_gmt":"2026-01-22T10:04:07","guid":{"rendered":"https:\/\/portaltela.pt\/noticias\/2026\/01\/22\/projeto-musical-de-pedro-ricardo-reune-antonio-zambujo-e-ana-margarida-prado\/"},"modified":"2026-01-22T07:04:07","modified_gmt":"2026-01-22T10:04:07","slug":"projeto-musical-de-pedro-ricardo-reune-antonio-zambujo-e-ana-margarida-prado","status":"publish","type":"post","link":"https:\/\/portaltela.pt\/noticias\/2026\/01\/22\/projeto-musical-de-pedro-ricardo-reune-antonio-zambujo-e-ana-margarida-prado\/","title":{"rendered":"Projeto musical de Pedro Ricardo re\u00fane Ant\u00f3nio Zambujo e Ana Margarida Prado"},"content":{"rendered":"<p>Pedro Ricardo apresenta um projeto musical que re\u00fane Ant\u00f3nio Zambujo e Ana Margarida Prado, com o lan\u00e7amento do \u00e1lbum Oxal\u00e1 com o tempo previsto para mar\u00e7o. A iniciativa, desenvolvida pelo compositor e multi-instrumentista, cruza jazz, eletr\u00f3nica e m\u00fasica popular portuguesa e brasileira, em quatro etapas.<\/p>\n<p>O projeto sucede Sopram Bons Ventos, de 2003, e marca a estreia de Pedro Ricardo a compor para voz, al\u00e9m de flautas e cordas. A produ\u00e7\u00e3o envolve o trio do artista, com Marco Duarte na bateria e Pablo Rizo no piano e sintetizadores, e contou com a participa\u00e7\u00e3o de Zambujo em dois temas.<\/p>\n<p>A fase inicial arrancou este m\u00eas com o single Sem Caminhar eu Vou, de Ant\u00f3nio Zambujo. Em seguida, ser\u00e1 lan\u00e7ado um EP hom\u00f3nimo, com a estreia prevista para a pr\u00f3xima sexta-feira.<\/p>\n<h3>Lan\u00e7amentos e cronograma<\/h3>\n<p>Em fevereiro, no dia 27, chega o single Oxal\u00e1 Cante com Tempo, interpretado por Ana Margarida Prado. Segue-se o EP de mesmo t\u00edtulo em 6 de mar\u00e7o, e o \u00e1lbum digital no dia 27 de mar\u00e7o.<\/p>\n<p>Pedro Ricardo descreve o processo como uma passagem do trabalho eletr\u00f3nico para a integra\u00e7\u00e3o de vozes. Em declara\u00e7\u00f5es \u00e0 ag\u00eancia Lusa, explicou ter passado a tocar guitarra e a compor melodias, reconhecendo o papel crucial de colaborar com cantores.<\/p>\n<p>O m\u00fasico revela ter passado tempo no Rio de Janeiro, onde absorveu influ\u00eancias da m\u00fasica brasileira. A escolha de vozes busca representar a realidade de Portugal, associando a versatilidade de Prado \u00e0 presen\u00e7a de Zambujo.<\/p>\n<h3>Sobre as escolhas art\u00edsticas<\/h3>\n<p>A decis\u00e3o de convidar Ant\u00f3nio Zambujo deveu\u2011se \u00e0 identidade vocal que o artista oferece, alinhada com o perfil das pe\u00e7as. A fadista Ana Margarida Prado foi selecionada por sua capacidade de transitar entre fado e projetos de explora\u00e7\u00e3o de outros g\u00e9neros.<\/p>\n<p>Entre as composi\u00e7\u00f5es, h\u00e1 espa\u00e7o para instrumentais que acompanham as vozes, explorando sil\u00eancios e interl\u00fadios constru\u00eddos de forma intencional. O \u00e1lbum destaca-se pela edi\u00e7\u00e3o em formato f\u00edsico, com um duplo vinil de sete polegadas, al\u00e9m da edi\u00e7\u00e3o digital com conte\u00fados adicionais.<\/p>\n","protected":false},"excerpt":{"rendered":"<ul>\n<li>O compositor Pedro Ricardo criou um novo projeto com Ant\u00f3nio Zambujo e Ana Margarida Prado, que culmina em mar\u00e7o com o \u00e1lbum Oxal\u00e1 com o tempo.<\/li>\n<li>O projeto, que mistura jazz, eletr\u00f3nica e m\u00fasica popular portuguesa e brasileira, \u00e9 apresentado atrav\u00e9s de dois EPs que antecedem o \u00e1lbum.<\/li>\n<li>O single Sem Caminhar eu Vou de Zambujo abriu o caminho, seguindo-se o EP hom\u00f3nimo na pr\u00f3xima sexta-feira.<\/li>\n<li>Em fevereiro sai o single Oxal\u00e1 Cante com Tempo de Ana Margarida Prado, com o EP correspondente a seguir, chegando o \u00e1lbum digital no dia 27 de mar\u00e7o.<\/li>\n<li>O \u00e1lbum de mar\u00e7o ser\u00e1 lan\u00e7ado em formato duplo vinil de sete polegadas, com edi\u00e7\u00e3o digital que re\u00fane os dois EPs e faixas adicionais; tudo foi pensado com pauses, sil\u00eancios e interl\u00fadios propositados.<\/li>\n<\/ul>\n","protected":false},"author":2,"featured_media":162833,"comment_status":"closed","ping_status":"closed","sticky":false,"template":"","format":"standard","meta":{"footnotes":""},"categories":[12,1],"tags":[2547,593,2586,122,3039,1014],"class_list":["post-162828","post","type-post","status-publish","format-standard","has-post-thumbnail","hentry","category-entretenimento","category-noticias","tag-brasil","tag-concertos","tag-fado-jazz-ensemble","tag-musica","tag-musica-teatro-concertos","tag-portugal"],"yoast_head":"<!-- This site is optimized with the Yoast SEO plugin v27.2 - https:\/\/yoast.com\/product\/yoast-seo-wordpress\/ -->\n<title>Projeto musical de Pedro Ricardo re\u00fane Ant\u00f3nio Zambujo e Ana Margarida Prado - Portal Tela Portugal<\/title>\n<meta name=\"robots\" content=\"index, follow, max-snippet:-1, max-image-preview:large, max-video-preview:-1\" \/>\n<meta property=\"og:locale\" content=\"pt_PT\" \/>\n<meta property=\"og:type\" content=\"article\" \/>\n<meta property=\"og:title\" content=\"Projeto musical de Pedro Ricardo re\u00fane Ant\u00f3nio Zambujo e Ana Margarida Prado - Portal Tela Portugal\" \/>\n<meta property=\"og:description\" content=\"O compositor Pedro Ricardo criou um novo projeto com Ant\u00f3nio Zambujo e Ana Margarida Prado, que culmina em mar\u00e7o com o \u00e1lbum Oxal\u00e1 com o tempo. O projeto, que mistura jazz, eletr\u00f3nica e m\u00fasica popular portuguesa e brasileira, \u00e9 apresentado atrav\u00e9s de dois EPs que antecedem o \u00e1lbum. O single Sem Caminhar eu Vou de Zambujo abriu o caminho, seguindo-se o EP hom\u00f3nimo na pr\u00f3xima sexta-feira. Em fevereiro sai o single Oxal\u00e1 Cante com Tempo de Ana Margarida Prado, com o EP correspondente a seguir, chegando o \u00e1lbum digital no dia 27 de mar\u00e7o. O \u00e1lbum de mar\u00e7o ser\u00e1 lan\u00e7ado em formato duplo vinil de sete polegadas, com edi\u00e7\u00e3o digital que re\u00fane os dois EPs e faixas adicionais; tudo foi pensado com pauses, sil\u00eancios e interl\u00fadios propositados.\" \/>\n<meta property=\"og:url\" content=\"https:\/\/portaltela.pt\/noticias\/2026\/01\/22\/projeto-musical-de-pedro-ricardo-reune-antonio-zambujo-e-ana-margarida-prado\/\" \/>\n<meta property=\"og:site_name\" content=\"Portal Tela Portugal\" \/>\n<meta property=\"article:published_time\" content=\"2026-01-22T10:04:07+00:00\" \/>\n<meta name=\"author\" content=\"Telinha\" \/>\n<meta name=\"twitter:card\" content=\"summary_large_image\" \/>\n<meta name=\"twitter:label1\" content=\"Escrito por\" \/>\n\t<meta name=\"twitter:data1\" content=\"Telinha\" \/>\n\t<meta name=\"twitter:label2\" content=\"Tempo estimado de leitura\" \/>\n\t<meta name=\"twitter:data2\" content=\"2 minutos\" \/>\n<script type=\"application\/ld+json\" class=\"yoast-schema-graph\">{\"@context\":\"https:\/\/schema.org\",\"@graph\":[{\"@type\":\"Article\",\"@id\":\"https:\/\/portaltela.pt\/noticias\/2026\/01\/22\/projeto-musical-de-pedro-ricardo-reune-antonio-zambujo-e-ana-margarida-prado\/#article\",\"isPartOf\":{\"@id\":\"https:\/\/portaltela.pt\/noticias\/2026\/01\/22\/projeto-musical-de-pedro-ricardo-reune-antonio-zambujo-e-ana-margarida-prado\/\"},\"author\":{\"name\":\"Telinha\",\"@id\":\"https:\/\/portaltela.pt\/#\/schema\/person\/c4278d4a6028830caff9ee44b42d32ed\"},\"headline\":\"Projeto musical de Pedro Ricardo re\u00fane Ant\u00f3nio Zambujo e Ana Margarida Prado\",\"datePublished\":\"2026-01-22T10:04:07+00:00\",\"mainEntityOfPage\":{\"@id\":\"https:\/\/portaltela.pt\/noticias\/2026\/01\/22\/projeto-musical-de-pedro-ricardo-reune-antonio-zambujo-e-ana-margarida-prado\/\"},\"wordCount\":378,\"image\":{\"@id\":\"https:\/\/portaltela.pt\/noticias\/2026\/01\/22\/projeto-musical-de-pedro-ricardo-reune-antonio-zambujo-e-ana-margarida-prado\/#primaryimage\"},\"thumbnailUrl\":\"https:\/\/portaltela.pt\/s.01k8rhncp4jt1\/2026\/01\/img_1280x721uu2019-02-23-00-23-21-824314.jpg\",\"keywords\":[\"Brasil\",\"concertos\",\"Fado Jazz Ensemble\",\"m\u00fasica\",\"m\u00fasica\/teatro\/concertos\",\"Portugal\"],\"articleSection\":[\"Entretenimento\",\"Not\u00edcias\"],\"inLanguage\":\"pt-PT\"},{\"@type\":\"WebPage\",\"@id\":\"https:\/\/portaltela.pt\/noticias\/2026\/01\/22\/projeto-musical-de-pedro-ricardo-reune-antonio-zambujo-e-ana-margarida-prado\/\",\"url\":\"https:\/\/portaltela.pt\/noticias\/2026\/01\/22\/projeto-musical-de-pedro-ricardo-reune-antonio-zambujo-e-ana-margarida-prado\/\",\"name\":\"Projeto musical de Pedro Ricardo re\u00fane Ant\u00f3nio Zambujo e Ana Margarida Prado - Portal Tela Portugal\",\"isPartOf\":{\"@id\":\"https:\/\/portaltela.pt\/#website\"},\"primaryImageOfPage\":{\"@id\":\"https:\/\/portaltela.pt\/noticias\/2026\/01\/22\/projeto-musical-de-pedro-ricardo-reune-antonio-zambujo-e-ana-margarida-prado\/#primaryimage\"},\"image\":{\"@id\":\"https:\/\/portaltela.pt\/noticias\/2026\/01\/22\/projeto-musical-de-pedro-ricardo-reune-antonio-zambujo-e-ana-margarida-prado\/#primaryimage\"},\"thumbnailUrl\":\"https:\/\/portaltela.pt\/s.01k8rhncp4jt1\/2026\/01\/img_1280x721uu2019-02-23-00-23-21-824314.jpg\",\"datePublished\":\"2026-01-22T10:04:07+00:00\",\"author\":{\"@id\":\"https:\/\/portaltela.pt\/#\/schema\/person\/c4278d4a6028830caff9ee44b42d32ed\"},\"breadcrumb\":{\"@id\":\"https:\/\/portaltela.pt\/noticias\/2026\/01\/22\/projeto-musical-de-pedro-ricardo-reune-antonio-zambujo-e-ana-margarida-prado\/#breadcrumb\"},\"inLanguage\":\"pt-PT\",\"potentialAction\":[{\"@type\":\"ReadAction\",\"target\":[\"https:\/\/portaltela.pt\/noticias\/2026\/01\/22\/projeto-musical-de-pedro-ricardo-reune-antonio-zambujo-e-ana-margarida-prado\/\"]}]},{\"@type\":\"ImageObject\",\"inLanguage\":\"pt-PT\",\"@id\":\"https:\/\/portaltela.pt\/noticias\/2026\/01\/22\/projeto-musical-de-pedro-ricardo-reune-antonio-zambujo-e-ana-margarida-prado\/#primaryimage\",\"url\":\"https:\/\/portaltela.pt\/s.01k8rhncp4jt1\/2026\/01\/img_1280x721uu2019-02-23-00-23-21-824314.jpg\",\"contentUrl\":\"https:\/\/portaltela.pt\/s.01k8rhncp4jt1\/2026\/01\/img_1280x721uu2019-02-23-00-23-21-824314.jpg\",\"width\":796,\"height\":448,\"caption\":\"Photo\"},{\"@type\":\"BreadcrumbList\",\"@id\":\"https:\/\/portaltela.pt\/noticias\/2026\/01\/22\/projeto-musical-de-pedro-ricardo-reune-antonio-zambujo-e-ana-margarida-prado\/#breadcrumb\",\"itemListElement\":[{\"@type\":\"ListItem\",\"position\":1,\"name\":\"In\u00edcio\",\"item\":\"https:\/\/portaltela.pt\/\"},{\"@type\":\"ListItem\",\"position\":2,\"name\":\"Projeto musical de Pedro Ricardo re\u00fane Ant\u00f3nio Zambujo e Ana Margarida Prado\"}]},{\"@type\":\"WebSite\",\"@id\":\"https:\/\/portaltela.pt\/#website\",\"url\":\"https:\/\/portaltela.pt\/\",\"name\":\"Portal Tela Portugal\",\"description\":\"\",\"potentialAction\":[{\"@type\":\"SearchAction\",\"target\":{\"@type\":\"EntryPoint\",\"urlTemplate\":\"https:\/\/portaltela.pt\/?s={search_term_string}\"},\"query-input\":{\"@type\":\"PropertyValueSpecification\",\"valueRequired\":true,\"valueName\":\"search_term_string\"}}],\"inLanguage\":\"pt-PT\"},{\"@type\":\"Person\",\"@id\":\"https:\/\/portaltela.pt\/#\/schema\/person\/c4278d4a6028830caff9ee44b42d32ed\",\"name\":\"Telinha\",\"image\":{\"@type\":\"ImageObject\",\"inLanguage\":\"pt-PT\",\"@id\":\"https:\/\/portaltela.pt\/s.01k8rhncp4jt1\/2025\/11\/talking-bot-125x125.png\",\"url\":\"https:\/\/portaltela.pt\/s.01k8rhncp4jt1\/2025\/11\/talking-bot-125x125.png\",\"contentUrl\":\"https:\/\/portaltela.pt\/s.01k8rhncp4jt1\/2025\/11\/talking-bot-125x125.png\",\"caption\":\"Telinha\"},\"sameAs\":[\"https:\/\/portaltela.pt\/\"],\"url\":\"https:\/\/portaltela.pt\/por\/367410592786\/\"}]}<\/script>\n<!-- \/ Yoast SEO plugin. -->","yoast_head_json":{"title":"Projeto musical de Pedro Ricardo re\u00fane Ant\u00f3nio Zambujo e Ana Margarida Prado - Portal Tela Portugal","robots":{"index":"index","follow":"follow","max-snippet":"max-snippet:-1","max-image-preview":"max-image-preview:large","max-video-preview":"max-video-preview:-1"},"og_locale":"pt_PT","og_type":"article","og_title":"Projeto musical de Pedro Ricardo re\u00fane Ant\u00f3nio Zambujo e Ana Margarida Prado - Portal Tela Portugal","og_description":"O compositor Pedro Ricardo criou um novo projeto com Ant\u00f3nio Zambujo e Ana Margarida Prado, que culmina em mar\u00e7o com o \u00e1lbum Oxal\u00e1 com o tempo. O projeto, que mistura jazz, eletr\u00f3nica e m\u00fasica popular portuguesa e brasileira, \u00e9 apresentado atrav\u00e9s de dois EPs que antecedem o \u00e1lbum. O single Sem Caminhar eu Vou de Zambujo abriu o caminho, seguindo-se o EP hom\u00f3nimo na pr\u00f3xima sexta-feira. Em fevereiro sai o single Oxal\u00e1 Cante com Tempo de Ana Margarida Prado, com o EP correspondente a seguir, chegando o \u00e1lbum digital no dia 27 de mar\u00e7o. O \u00e1lbum de mar\u00e7o ser\u00e1 lan\u00e7ado em formato duplo vinil de sete polegadas, com edi\u00e7\u00e3o digital que re\u00fane os dois EPs e faixas adicionais; tudo foi pensado com pauses, sil\u00eancios e interl\u00fadios propositados.","og_url":"https:\/\/portaltela.pt\/noticias\/2026\/01\/22\/projeto-musical-de-pedro-ricardo-reune-antonio-zambujo-e-ana-margarida-prado\/","og_site_name":"Portal Tela Portugal","article_published_time":"2026-01-22T10:04:07+00:00","author":"Telinha","twitter_card":"summary_large_image","twitter_misc":{"Escrito por":"Telinha","Tempo estimado de leitura":"2 minutos"},"schema":{"@context":"https:\/\/schema.org","@graph":[{"@type":"Article","@id":"https:\/\/portaltela.pt\/noticias\/2026\/01\/22\/projeto-musical-de-pedro-ricardo-reune-antonio-zambujo-e-ana-margarida-prado\/#article","isPartOf":{"@id":"https:\/\/portaltela.pt\/noticias\/2026\/01\/22\/projeto-musical-de-pedro-ricardo-reune-antonio-zambujo-e-ana-margarida-prado\/"},"author":{"name":"Telinha","@id":"https:\/\/portaltela.pt\/#\/schema\/person\/c4278d4a6028830caff9ee44b42d32ed"},"headline":"Projeto musical de Pedro Ricardo re\u00fane Ant\u00f3nio Zambujo e Ana Margarida Prado","datePublished":"2026-01-22T10:04:07+00:00","mainEntityOfPage":{"@id":"https:\/\/portaltela.pt\/noticias\/2026\/01\/22\/projeto-musical-de-pedro-ricardo-reune-antonio-zambujo-e-ana-margarida-prado\/"},"wordCount":378,"image":{"@id":"https:\/\/portaltela.pt\/noticias\/2026\/01\/22\/projeto-musical-de-pedro-ricardo-reune-antonio-zambujo-e-ana-margarida-prado\/#primaryimage"},"thumbnailUrl":"https:\/\/portaltela.pt\/s.01k8rhncp4jt1\/2026\/01\/img_1280x721uu2019-02-23-00-23-21-824314.jpg","keywords":["Brasil","concertos","Fado Jazz Ensemble","m\u00fasica","m\u00fasica\/teatro\/concertos","Portugal"],"articleSection":["Entretenimento","Not\u00edcias"],"inLanguage":"pt-PT"},{"@type":"WebPage","@id":"https:\/\/portaltela.pt\/noticias\/2026\/01\/22\/projeto-musical-de-pedro-ricardo-reune-antonio-zambujo-e-ana-margarida-prado\/","url":"https:\/\/portaltela.pt\/noticias\/2026\/01\/22\/projeto-musical-de-pedro-ricardo-reune-antonio-zambujo-e-ana-margarida-prado\/","name":"Projeto musical de Pedro Ricardo re\u00fane Ant\u00f3nio Zambujo e Ana Margarida Prado - Portal Tela Portugal","isPartOf":{"@id":"https:\/\/portaltela.pt\/#website"},"primaryImageOfPage":{"@id":"https:\/\/portaltela.pt\/noticias\/2026\/01\/22\/projeto-musical-de-pedro-ricardo-reune-antonio-zambujo-e-ana-margarida-prado\/#primaryimage"},"image":{"@id":"https:\/\/portaltela.pt\/noticias\/2026\/01\/22\/projeto-musical-de-pedro-ricardo-reune-antonio-zambujo-e-ana-margarida-prado\/#primaryimage"},"thumbnailUrl":"https:\/\/portaltela.pt\/s.01k8rhncp4jt1\/2026\/01\/img_1280x721uu2019-02-23-00-23-21-824314.jpg","datePublished":"2026-01-22T10:04:07+00:00","author":{"@id":"https:\/\/portaltela.pt\/#\/schema\/person\/c4278d4a6028830caff9ee44b42d32ed"},"breadcrumb":{"@id":"https:\/\/portaltela.pt\/noticias\/2026\/01\/22\/projeto-musical-de-pedro-ricardo-reune-antonio-zambujo-e-ana-margarida-prado\/#breadcrumb"},"inLanguage":"pt-PT","potentialAction":[{"@type":"ReadAction","target":["https:\/\/portaltela.pt\/noticias\/2026\/01\/22\/projeto-musical-de-pedro-ricardo-reune-antonio-zambujo-e-ana-margarida-prado\/"]}]},{"@type":"ImageObject","inLanguage":"pt-PT","@id":"https:\/\/portaltela.pt\/noticias\/2026\/01\/22\/projeto-musical-de-pedro-ricardo-reune-antonio-zambujo-e-ana-margarida-prado\/#primaryimage","url":"https:\/\/portaltela.pt\/s.01k8rhncp4jt1\/2026\/01\/img_1280x721uu2019-02-23-00-23-21-824314.jpg","contentUrl":"https:\/\/portaltela.pt\/s.01k8rhncp4jt1\/2026\/01\/img_1280x721uu2019-02-23-00-23-21-824314.jpg","width":796,"height":448,"caption":"Photo"},{"@type":"BreadcrumbList","@id":"https:\/\/portaltela.pt\/noticias\/2026\/01\/22\/projeto-musical-de-pedro-ricardo-reune-antonio-zambujo-e-ana-margarida-prado\/#breadcrumb","itemListElement":[{"@type":"ListItem","position":1,"name":"In\u00edcio","item":"https:\/\/portaltela.pt\/"},{"@type":"ListItem","position":2,"name":"Projeto musical de Pedro Ricardo re\u00fane Ant\u00f3nio Zambujo e Ana Margarida Prado"}]},{"@type":"WebSite","@id":"https:\/\/portaltela.pt\/#website","url":"https:\/\/portaltela.pt\/","name":"Portal Tela Portugal","description":"","potentialAction":[{"@type":"SearchAction","target":{"@type":"EntryPoint","urlTemplate":"https:\/\/portaltela.pt\/?s={search_term_string}"},"query-input":{"@type":"PropertyValueSpecification","valueRequired":true,"valueName":"search_term_string"}}],"inLanguage":"pt-PT"},{"@type":"Person","@id":"https:\/\/portaltela.pt\/#\/schema\/person\/c4278d4a6028830caff9ee44b42d32ed","name":"Telinha","image":{"@type":"ImageObject","inLanguage":"pt-PT","@id":"https:\/\/portaltela.pt\/s.01k8rhncp4jt1\/2025\/11\/talking-bot-125x125.png","url":"https:\/\/portaltela.pt\/s.01k8rhncp4jt1\/2025\/11\/talking-bot-125x125.png","contentUrl":"https:\/\/portaltela.pt\/s.01k8rhncp4jt1\/2025\/11\/talking-bot-125x125.png","caption":"Telinha"},"sameAs":["https:\/\/portaltela.pt\/"],"url":"https:\/\/portaltela.pt\/por\/367410592786\/"}]}},"_links":{"self":[{"href":"https:\/\/portaltela.pt\/api\/wp\/v2\/posts\/162828","targetHints":{"allow":["GET"]}}],"collection":[{"href":"https:\/\/portaltela.pt\/api\/wp\/v2\/posts"}],"about":[{"href":"https:\/\/portaltela.pt\/api\/wp\/v2\/types\/post"}],"author":[{"embeddable":true,"href":"https:\/\/portaltela.pt\/api\/wp\/v2\/users\/2"}],"replies":[{"embeddable":true,"href":"https:\/\/portaltela.pt\/api\/wp\/v2\/comments?post=162828"}],"version-history":[{"count":0,"href":"https:\/\/portaltela.pt\/api\/wp\/v2\/posts\/162828\/revisions"}],"wp:featuredmedia":[{"embeddable":true,"href":"https:\/\/portaltela.pt\/api\/wp\/v2\/media\/162833"}],"wp:attachment":[{"href":"https:\/\/portaltela.pt\/api\/wp\/v2\/media?parent=162828"}],"wp:term":[{"taxonomy":"category","embeddable":true,"href":"https:\/\/portaltela.pt\/api\/wp\/v2\/categories?post=162828"},{"taxonomy":"post_tag","embeddable":true,"href":"https:\/\/portaltela.pt\/api\/wp\/v2\/tags?post=162828"}],"curies":[{"name":"wp","href":"https:\/\/api.w.org\/{rel}","templated":true}]}}