{"id":162758,"date":"2026-01-22T06:19:14","date_gmt":"2026-01-22T09:19:14","guid":{"rendered":"https:\/\/portaltela.pt\/noticias\/2026\/01\/22\/associacoes-e-freguesias-propoem-ajuste-da-microlocalizacao-em-alcochete\/"},"modified":"2026-01-22T06:19:14","modified_gmt":"2026-01-22T09:19:14","slug":"associacoes-e-freguesias-propoem-ajuste-da-microlocalizacao-em-alcochete","status":"publish","type":"post","link":"https:\/\/portaltela.pt\/noticias\/2026\/01\/22\/associacoes-e-freguesias-propoem-ajuste-da-microlocalizacao-em-alcochete\/","title":{"rendered":"Associa\u00e7\u00f5es e freguesias prop\u00f5em ajuste da microlocaliza\u00e7\u00e3o em Alcochete"},"content":{"rendered":"<p>As associa\u00e7\u00f5es de moradores e juntas de freguesia entregaram \u00e0 ANA uma proposta para ajustar a microlocaliza\u00e7\u00e3o do futuro aeroporto em Alcochete, mantendo a decis\u00e3o estrat\u00e9gica. O objetivo \u00e9 reduzir impactos de ru\u00eddo, ambientais e econ\u00f3micos durante as fases iniciais do projeto.<\/p>\n<p>A carta aberta, dirigida \u00e0 ANA &#8211; Aeroportos de Portugal e tamb\u00e9m ao Governo, sugere deslocar as pistas cerca de cinco quil\u00f3metros para oeste. A medida procuraria alinhar a infraestrutura com a atual pista militar do Campo de Tiro de Alcochete.<\/p>\n<p>A iniciativa baseia-se em estudos t\u00e9cnicos de entidades p\u00fablicas, designadamente o LNEC, e de equipas locais, que apontam benef\u00edcios ambientais, sociais e econ\u00f3micos. Tamb\u00e9m foi solicitado um estudo \u00e0 consultora espanhola Abaleo S.L., com conclus\u00f5es alinhadas com a proposta.<\/p>\n<p>N\u00e3o est\u00e1 em causa a localiza\u00e7\u00e3o estrat\u00e9gica do aeroporto, apenas a oportunidade de afinar a implanta\u00e7\u00e3o enquanto o projeto est\u00e1 numa fase de decis\u00e3o t\u00e9cnica. Os subscritores defendem contribuir para o debate vigente sobre a localiza\u00e7\u00e3o da infraestrutura.<\/p>\n<p>Quando a ANA elabora relat\u00f3rios ambientais e t\u00e9cnicos para o aeroporto Lu\u00eds de Cam\u00f5es, as entidades subscritoras pretendem contribuir com uma an\u00e1lise adicional para a tomada de decis\u00e3o. O objetivo \u00e9 tornar o processo mais fundamentado.<\/p>\n<h3>Proposta, impactos e benef\u00edcios<\/h3>\n<p>Segundo os dados citados, a microlocaliza\u00e7\u00e3o alternativa poderia reduzir cerca de 70% o n\u00famero de residentes expostos a ru\u00eddo nas fases iniciais, o que envolveria mais de quatro mil pessoas. No futuro, o grupo estima redu\u00e7\u00e3o ainda maior de \u00e1reas afetadas.<\/p>\n<p>Os subscritores apontam ganhos de sa\u00fade p\u00fablica e de qualidade de vida, com impacto positivo para popula\u00e7\u00f5es vulner\u00e1veis, como crian\u00e7as e idosos. Al\u00e9m disso, apontam melhoria na efici\u00eancia carb\u00f3nica pelo encurtar de dist\u00e2ncias at\u00e9 Lisboa.<\/p>\n<p>A proposta sustenta tamb\u00e9m que a concentra\u00e7\u00e3o da infraestrutura em solo p\u00fablico de uso aeron\u00e1utico e militar reduziria a necessidade de expropria\u00e7\u00f5es, bem como os custos e tr\u00e2mites administrativos associados.<\/p>\n<p>A carta reconhece que todo local pretende ter impactos ambientais relevantes, defendendo uma avalia\u00e7\u00e3o comparada, transparente e baseada em dados t\u00e9cnicos verific\u00e1veis. O montado de sobro \u00e9 citado com cautela quanto a cen\u00e1rios de urbaniza\u00e7\u00e3o.<\/p>\n<p>Caso haja expans\u00e3o para leste e oeste, os autores argumentam que a maioria dos sobreiros seria abatida em qualquer cen\u00e1rio, tornando a diferen\u00e7a de impacto marginal. Prop\u00f5em, no entanto, que a localiza\u00e7\u00e3o ocidental favoreceria a regenera\u00e7\u00e3o de montado a leste.<\/p>\n<p>Os subscritores manifestam disponibilidade para colaborar com a ANA, o Governo e as autoridades competentes, posicionando-se como interlocutores institucionais. A ideia \u00e9 contribuir para uma solu\u00e7\u00e3o mais equilibrada e sustent\u00e1vel socialmente.<\/p>\n<p>A proposta afirma n\u00e3o visar atrasar o projeto nem politizar o tema, mas torn\u00e1-lo mais robusto e socialmente respons\u00e1vel, mantendo ainda a possibilidade de ajustes t\u00e9cnicos com impactos a longo prazo.<\/p>\n<p>A carta foi enviada aos minist\u00e9rios das Infraestruturas e Habita\u00e7\u00e3o, do Ambiente e Energia, da Economia e da Coes\u00e3o Territorial e das Finan\u00e7as. Entre os subscritores est\u00e3o a Uni\u00e3o das Freguesias de Peg\u00f5es, a Uni\u00e3o de Freguesias de Poceir\u00e3o e Marateca e diversas associa\u00e7\u00f5es de moradores e propriet\u00e1rios.<\/p>\n","protected":false},"excerpt":{"rendered":"<ul>\n<li>Associa\u00e7\u00f5es de moradores e juntas de freguesia prop\u00f5em \u00e0 ANA ajustar a microlocaliza\u00e7\u00e3o do futuro aeroporto em Alcochete, mantendo a decis\u00e3o estrat\u00e9gica.<\/li>\n<li>Sugere-se deslocar as pistas cerca de cinco quil\u00f3metros para oeste, de forma a coincidirem com a atual pista militar no Campo de Tiro de Alcochete.<\/li>\n<li>A proposta baseia-se em estudos do Laborat\u00f3rio Nacional de Engenharia Civil (LNEC) e de equipas ligadas \u00e0s associa\u00e7\u00f5es, com estudo adicional pedido \u00e0 consultora Abaleo S.L., cujas conclus\u00f5es seguem a mesma linha.<\/li>\n<li>Alega-se que a mudan\u00e7a pode reduzir cerca de setenta por cento o ru\u00eddo para residentes nas fases iniciais, melhorando sa\u00fade p\u00fablica e efici\u00eancia carb\u00f3nica, sem expropria\u00e7\u00f5es adicionais.<\/li>\n<li>A carta foi enviada aos minist\u00e9rios das Infraestruturas e Habita\u00e7\u00e3o, do Ambiente e Energia, da Economia e da Coes\u00e3o Territorial e de Estado e Finan\u00e7as; subscritores incluem v\u00e1rias uni\u00f5es de freguesia e associa\u00e7\u00f5es locais.<\/li>\n<\/ul>\n","protected":false},"author":2,"featured_media":162784,"comment_status":"closed","ping_status":"closed","sticky":false,"template":"","format":"standard","meta":{"footnotes":""},"categories":[1],"tags":[3302,167,755,792,1615,811],"class_list":["post-162758","post","type-post","status-publish","format-standard","has-post-thumbnail","hentry","category-noticias","tag-aeroportos","tag-ambiente","tag-desenvolvimento-sustentavel","tag-gestao-de-mobilidade","tag-infraestrutura","tag-protecao-ambiental"],"yoast_head":"<!-- This site is optimized with the Yoast SEO plugin v27.2 - https:\/\/yoast.com\/product\/yoast-seo-wordpress\/ -->\n<title>Associa\u00e7\u00f5es e freguesias prop\u00f5em ajuste da microlocaliza\u00e7\u00e3o em Alcochete - Portal Tela Portugal<\/title>\n<meta name=\"robots\" content=\"index, follow, max-snippet:-1, max-image-preview:large, max-video-preview:-1\" \/>\n<meta property=\"og:locale\" content=\"pt_PT\" \/>\n<meta property=\"og:type\" content=\"article\" \/>\n<meta property=\"og:title\" content=\"Associa\u00e7\u00f5es e freguesias prop\u00f5em ajuste da microlocaliza\u00e7\u00e3o em Alcochete - Portal Tela Portugal\" \/>\n<meta property=\"og:description\" content=\"Associa\u00e7\u00f5es de moradores e juntas de freguesia prop\u00f5em \u00e0 ANA ajustar a microlocaliza\u00e7\u00e3o do futuro aeroporto em Alcochete, mantendo a decis\u00e3o estrat\u00e9gica. Sugere-se deslocar as pistas cerca de cinco quil\u00f3metros para oeste, de forma a coincidirem com a atual pista militar no Campo de Tiro de Alcochete. A proposta baseia-se em estudos do Laborat\u00f3rio Nacional de Engenharia Civil (LNEC) e de equipas ligadas \u00e0s associa\u00e7\u00f5es, com estudo adicional pedido \u00e0 consultora Abaleo S.L., cujas conclus\u00f5es seguem a mesma linha. Alega-se que a mudan\u00e7a pode reduzir cerca de setenta por cento o ru\u00eddo para residentes nas fases iniciais, melhorando sa\u00fade p\u00fablica e efici\u00eancia carb\u00f3nica, sem expropria\u00e7\u00f5es adicionais. A carta foi enviada aos minist\u00e9rios das Infraestruturas e Habita\u00e7\u00e3o, do Ambiente e Energia, da Economia e da Coes\u00e3o Territorial e de Estado e Finan\u00e7as; subscritores incluem v\u00e1rias uni\u00f5es de freguesia e associa\u00e7\u00f5es locais.\" \/>\n<meta property=\"og:url\" content=\"https:\/\/portaltela.pt\/noticias\/2026\/01\/22\/associacoes-e-freguesias-propoem-ajuste-da-microlocalizacao-em-alcochete\/\" \/>\n<meta property=\"og:site_name\" content=\"Portal Tela Portugal\" \/>\n<meta property=\"article:published_time\" content=\"2026-01-22T09:19:14+00:00\" \/>\n<meta name=\"author\" content=\"Telinha\" \/>\n<meta name=\"twitter:card\" content=\"summary_large_image\" \/>\n<meta name=\"twitter:label1\" content=\"Escrito por\" \/>\n\t<meta name=\"twitter:data1\" content=\"Telinha\" \/>\n\t<meta name=\"twitter:label2\" content=\"Tempo estimado de leitura\" \/>\n\t<meta name=\"twitter:data2\" content=\"3 minutos\" \/>\n<script type=\"application\/ld+json\" class=\"yoast-schema-graph\">{\"@context\":\"https:\/\/schema.org\",\"@graph\":[{\"@type\":\"Article\",\"@id\":\"https:\/\/portaltela.pt\/noticias\/2026\/01\/22\/associacoes-e-freguesias-propoem-ajuste-da-microlocalizacao-em-alcochete\/#article\",\"isPartOf\":{\"@id\":\"https:\/\/portaltela.pt\/noticias\/2026\/01\/22\/associacoes-e-freguesias-propoem-ajuste-da-microlocalizacao-em-alcochete\/\"},\"author\":{\"name\":\"Telinha\",\"@id\":\"https:\/\/portaltela.pt\/#\/schema\/person\/c4278d4a6028830caff9ee44b42d32ed\"},\"headline\":\"Associa\u00e7\u00f5es e freguesias prop\u00f5em ajuste da microlocaliza\u00e7\u00e3o em Alcochete\",\"datePublished\":\"2026-01-22T09:19:14+00:00\",\"mainEntityOfPage\":{\"@id\":\"https:\/\/portaltela.pt\/noticias\/2026\/01\/22\/associacoes-e-freguesias-propoem-ajuste-da-microlocalizacao-em-alcochete\/\"},\"wordCount\":571,\"image\":{\"@id\":\"https:\/\/portaltela.pt\/noticias\/2026\/01\/22\/associacoes-e-freguesias-propoem-ajuste-da-microlocalizacao-em-alcochete\/#primaryimage\"},\"thumbnailUrl\":\"https:\/\/portaltela.pt\/s.01k8rhncp4jt1\/2026\/01\/unnamed-file-4613.jpg\",\"keywords\":[\"aeroportos\",\"ambiente\",\"desenvolvimento sustent\u00e1vel\",\"gest\u00e3o de mobilidade\",\"infraestrutura\",\"prote\u00e7\u00e3o ambiental\"],\"articleSection\":[\"Not\u00edcias\"],\"inLanguage\":\"pt-PT\"},{\"@type\":\"WebPage\",\"@id\":\"https:\/\/portaltela.pt\/noticias\/2026\/01\/22\/associacoes-e-freguesias-propoem-ajuste-da-microlocalizacao-em-alcochete\/\",\"url\":\"https:\/\/portaltela.pt\/noticias\/2026\/01\/22\/associacoes-e-freguesias-propoem-ajuste-da-microlocalizacao-em-alcochete\/\",\"name\":\"Associa\u00e7\u00f5es e freguesias prop\u00f5em ajuste da microlocaliza\u00e7\u00e3o em Alcochete - Portal Tela Portugal\",\"isPartOf\":{\"@id\":\"https:\/\/portaltela.pt\/#website\"},\"primaryImageOfPage\":{\"@id\":\"https:\/\/portaltela.pt\/noticias\/2026\/01\/22\/associacoes-e-freguesias-propoem-ajuste-da-microlocalizacao-em-alcochete\/#primaryimage\"},\"image\":{\"@id\":\"https:\/\/portaltela.pt\/noticias\/2026\/01\/22\/associacoes-e-freguesias-propoem-ajuste-da-microlocalizacao-em-alcochete\/#primaryimage\"},\"thumbnailUrl\":\"https:\/\/portaltela.pt\/s.01k8rhncp4jt1\/2026\/01\/unnamed-file-4613.jpg\",\"datePublished\":\"2026-01-22T09:19:14+00:00\",\"author\":{\"@id\":\"https:\/\/portaltela.pt\/#\/schema\/person\/c4278d4a6028830caff9ee44b42d32ed\"},\"breadcrumb\":{\"@id\":\"https:\/\/portaltela.pt\/noticias\/2026\/01\/22\/associacoes-e-freguesias-propoem-ajuste-da-microlocalizacao-em-alcochete\/#breadcrumb\"},\"inLanguage\":\"pt-PT\",\"potentialAction\":[{\"@type\":\"ReadAction\",\"target\":[\"https:\/\/portaltela.pt\/noticias\/2026\/01\/22\/associacoes-e-freguesias-propoem-ajuste-da-microlocalizacao-em-alcochete\/\"]}]},{\"@type\":\"ImageObject\",\"inLanguage\":\"pt-PT\",\"@id\":\"https:\/\/portaltela.pt\/noticias\/2026\/01\/22\/associacoes-e-freguesias-propoem-ajuste-da-microlocalizacao-em-alcochete\/#primaryimage\",\"url\":\"https:\/\/portaltela.pt\/s.01k8rhncp4jt1\/2026\/01\/unnamed-file-4613.jpg\",\"contentUrl\":\"https:\/\/portaltela.pt\/s.01k8rhncp4jt1\/2026\/01\/unnamed-file-4613.jpg\",\"width\":796,\"height\":448,\"caption\":\"Associa\u00e7\u00f5es e freguesias prop\u00f5em \u00e0 ANA ajuste da microlocaliza\u00e7\u00e3o em Alcochete\"},{\"@type\":\"BreadcrumbList\",\"@id\":\"https:\/\/portaltela.pt\/noticias\/2026\/01\/22\/associacoes-e-freguesias-propoem-ajuste-da-microlocalizacao-em-alcochete\/#breadcrumb\",\"itemListElement\":[{\"@type\":\"ListItem\",\"position\":1,\"name\":\"In\u00edcio\",\"item\":\"https:\/\/portaltela.pt\/\"},{\"@type\":\"ListItem\",\"position\":2,\"name\":\"Associa\u00e7\u00f5es e freguesias prop\u00f5em ajuste da microlocaliza\u00e7\u00e3o em Alcochete\"}]},{\"@type\":\"WebSite\",\"@id\":\"https:\/\/portaltela.pt\/#website\",\"url\":\"https:\/\/portaltela.pt\/\",\"name\":\"Portal Tela Portugal\",\"description\":\"\",\"potentialAction\":[{\"@type\":\"SearchAction\",\"target\":{\"@type\":\"EntryPoint\",\"urlTemplate\":\"https:\/\/portaltela.pt\/?s={search_term_string}\"},\"query-input\":{\"@type\":\"PropertyValueSpecification\",\"valueRequired\":true,\"valueName\":\"search_term_string\"}}],\"inLanguage\":\"pt-PT\"},{\"@type\":\"Person\",\"@id\":\"https:\/\/portaltela.pt\/#\/schema\/person\/c4278d4a6028830caff9ee44b42d32ed\",\"name\":\"Telinha\",\"image\":{\"@type\":\"ImageObject\",\"inLanguage\":\"pt-PT\",\"@id\":\"https:\/\/portaltela.pt\/s.01k8rhncp4jt1\/2025\/11\/talking-bot-125x125.png\",\"url\":\"https:\/\/portaltela.pt\/s.01k8rhncp4jt1\/2025\/11\/talking-bot-125x125.png\",\"contentUrl\":\"https:\/\/portaltela.pt\/s.01k8rhncp4jt1\/2025\/11\/talking-bot-125x125.png\",\"caption\":\"Telinha\"},\"sameAs\":[\"https:\/\/portaltela.pt\/\"],\"url\":\"https:\/\/portaltela.pt\/por\/367410592786\/\"}]}<\/script>\n<!-- \/ Yoast SEO plugin. -->","yoast_head_json":{"title":"Associa\u00e7\u00f5es e freguesias prop\u00f5em ajuste da microlocaliza\u00e7\u00e3o em Alcochete - Portal Tela Portugal","robots":{"index":"index","follow":"follow","max-snippet":"max-snippet:-1","max-image-preview":"max-image-preview:large","max-video-preview":"max-video-preview:-1"},"og_locale":"pt_PT","og_type":"article","og_title":"Associa\u00e7\u00f5es e freguesias prop\u00f5em ajuste da microlocaliza\u00e7\u00e3o em Alcochete - Portal Tela Portugal","og_description":"Associa\u00e7\u00f5es de moradores e juntas de freguesia prop\u00f5em \u00e0 ANA ajustar a microlocaliza\u00e7\u00e3o do futuro aeroporto em Alcochete, mantendo a decis\u00e3o estrat\u00e9gica. Sugere-se deslocar as pistas cerca de cinco quil\u00f3metros para oeste, de forma a coincidirem com a atual pista militar no Campo de Tiro de Alcochete. A proposta baseia-se em estudos do Laborat\u00f3rio Nacional de Engenharia Civil (LNEC) e de equipas ligadas \u00e0s associa\u00e7\u00f5es, com estudo adicional pedido \u00e0 consultora Abaleo S.L., cujas conclus\u00f5es seguem a mesma linha. Alega-se que a mudan\u00e7a pode reduzir cerca de setenta por cento o ru\u00eddo para residentes nas fases iniciais, melhorando sa\u00fade p\u00fablica e efici\u00eancia carb\u00f3nica, sem expropria\u00e7\u00f5es adicionais. A carta foi enviada aos minist\u00e9rios das Infraestruturas e Habita\u00e7\u00e3o, do Ambiente e Energia, da Economia e da Coes\u00e3o Territorial e de Estado e Finan\u00e7as; subscritores incluem v\u00e1rias uni\u00f5es de freguesia e associa\u00e7\u00f5es locais.","og_url":"https:\/\/portaltela.pt\/noticias\/2026\/01\/22\/associacoes-e-freguesias-propoem-ajuste-da-microlocalizacao-em-alcochete\/","og_site_name":"Portal Tela Portugal","article_published_time":"2026-01-22T09:19:14+00:00","author":"Telinha","twitter_card":"summary_large_image","twitter_misc":{"Escrito por":"Telinha","Tempo estimado de leitura":"3 minutos"},"schema":{"@context":"https:\/\/schema.org","@graph":[{"@type":"Article","@id":"https:\/\/portaltela.pt\/noticias\/2026\/01\/22\/associacoes-e-freguesias-propoem-ajuste-da-microlocalizacao-em-alcochete\/#article","isPartOf":{"@id":"https:\/\/portaltela.pt\/noticias\/2026\/01\/22\/associacoes-e-freguesias-propoem-ajuste-da-microlocalizacao-em-alcochete\/"},"author":{"name":"Telinha","@id":"https:\/\/portaltela.pt\/#\/schema\/person\/c4278d4a6028830caff9ee44b42d32ed"},"headline":"Associa\u00e7\u00f5es e freguesias prop\u00f5em ajuste da microlocaliza\u00e7\u00e3o em Alcochete","datePublished":"2026-01-22T09:19:14+00:00","mainEntityOfPage":{"@id":"https:\/\/portaltela.pt\/noticias\/2026\/01\/22\/associacoes-e-freguesias-propoem-ajuste-da-microlocalizacao-em-alcochete\/"},"wordCount":571,"image":{"@id":"https:\/\/portaltela.pt\/noticias\/2026\/01\/22\/associacoes-e-freguesias-propoem-ajuste-da-microlocalizacao-em-alcochete\/#primaryimage"},"thumbnailUrl":"https:\/\/portaltela.pt\/s.01k8rhncp4jt1\/2026\/01\/unnamed-file-4613.jpg","keywords":["aeroportos","ambiente","desenvolvimento sustent\u00e1vel","gest\u00e3o de mobilidade","infraestrutura","prote\u00e7\u00e3o ambiental"],"articleSection":["Not\u00edcias"],"inLanguage":"pt-PT"},{"@type":"WebPage","@id":"https:\/\/portaltela.pt\/noticias\/2026\/01\/22\/associacoes-e-freguesias-propoem-ajuste-da-microlocalizacao-em-alcochete\/","url":"https:\/\/portaltela.pt\/noticias\/2026\/01\/22\/associacoes-e-freguesias-propoem-ajuste-da-microlocalizacao-em-alcochete\/","name":"Associa\u00e7\u00f5es e freguesias prop\u00f5em ajuste da microlocaliza\u00e7\u00e3o em Alcochete - Portal Tela Portugal","isPartOf":{"@id":"https:\/\/portaltela.pt\/#website"},"primaryImageOfPage":{"@id":"https:\/\/portaltela.pt\/noticias\/2026\/01\/22\/associacoes-e-freguesias-propoem-ajuste-da-microlocalizacao-em-alcochete\/#primaryimage"},"image":{"@id":"https:\/\/portaltela.pt\/noticias\/2026\/01\/22\/associacoes-e-freguesias-propoem-ajuste-da-microlocalizacao-em-alcochete\/#primaryimage"},"thumbnailUrl":"https:\/\/portaltela.pt\/s.01k8rhncp4jt1\/2026\/01\/unnamed-file-4613.jpg","datePublished":"2026-01-22T09:19:14+00:00","author":{"@id":"https:\/\/portaltela.pt\/#\/schema\/person\/c4278d4a6028830caff9ee44b42d32ed"},"breadcrumb":{"@id":"https:\/\/portaltela.pt\/noticias\/2026\/01\/22\/associacoes-e-freguesias-propoem-ajuste-da-microlocalizacao-em-alcochete\/#breadcrumb"},"inLanguage":"pt-PT","potentialAction":[{"@type":"ReadAction","target":["https:\/\/portaltela.pt\/noticias\/2026\/01\/22\/associacoes-e-freguesias-propoem-ajuste-da-microlocalizacao-em-alcochete\/"]}]},{"@type":"ImageObject","inLanguage":"pt-PT","@id":"https:\/\/portaltela.pt\/noticias\/2026\/01\/22\/associacoes-e-freguesias-propoem-ajuste-da-microlocalizacao-em-alcochete\/#primaryimage","url":"https:\/\/portaltela.pt\/s.01k8rhncp4jt1\/2026\/01\/unnamed-file-4613.jpg","contentUrl":"https:\/\/portaltela.pt\/s.01k8rhncp4jt1\/2026\/01\/unnamed-file-4613.jpg","width":796,"height":448,"caption":"Associa\u00e7\u00f5es e freguesias prop\u00f5em \u00e0 ANA ajuste da microlocaliza\u00e7\u00e3o em Alcochete"},{"@type":"BreadcrumbList","@id":"https:\/\/portaltela.pt\/noticias\/2026\/01\/22\/associacoes-e-freguesias-propoem-ajuste-da-microlocalizacao-em-alcochete\/#breadcrumb","itemListElement":[{"@type":"ListItem","position":1,"name":"In\u00edcio","item":"https:\/\/portaltela.pt\/"},{"@type":"ListItem","position":2,"name":"Associa\u00e7\u00f5es e freguesias prop\u00f5em ajuste da microlocaliza\u00e7\u00e3o em Alcochete"}]},{"@type":"WebSite","@id":"https:\/\/portaltela.pt\/#website","url":"https:\/\/portaltela.pt\/","name":"Portal Tela Portugal","description":"","potentialAction":[{"@type":"SearchAction","target":{"@type":"EntryPoint","urlTemplate":"https:\/\/portaltela.pt\/?s={search_term_string}"},"query-input":{"@type":"PropertyValueSpecification","valueRequired":true,"valueName":"search_term_string"}}],"inLanguage":"pt-PT"},{"@type":"Person","@id":"https:\/\/portaltela.pt\/#\/schema\/person\/c4278d4a6028830caff9ee44b42d32ed","name":"Telinha","image":{"@type":"ImageObject","inLanguage":"pt-PT","@id":"https:\/\/portaltela.pt\/s.01k8rhncp4jt1\/2025\/11\/talking-bot-125x125.png","url":"https:\/\/portaltela.pt\/s.01k8rhncp4jt1\/2025\/11\/talking-bot-125x125.png","contentUrl":"https:\/\/portaltela.pt\/s.01k8rhncp4jt1\/2025\/11\/talking-bot-125x125.png","caption":"Telinha"},"sameAs":["https:\/\/portaltela.pt\/"],"url":"https:\/\/portaltela.pt\/por\/367410592786\/"}]}},"_links":{"self":[{"href":"https:\/\/portaltela.pt\/api\/wp\/v2\/posts\/162758","targetHints":{"allow":["GET"]}}],"collection":[{"href":"https:\/\/portaltela.pt\/api\/wp\/v2\/posts"}],"about":[{"href":"https:\/\/portaltela.pt\/api\/wp\/v2\/types\/post"}],"author":[{"embeddable":true,"href":"https:\/\/portaltela.pt\/api\/wp\/v2\/users\/2"}],"replies":[{"embeddable":true,"href":"https:\/\/portaltela.pt\/api\/wp\/v2\/comments?post=162758"}],"version-history":[{"count":0,"href":"https:\/\/portaltela.pt\/api\/wp\/v2\/posts\/162758\/revisions"}],"wp:featuredmedia":[{"embeddable":true,"href":"https:\/\/portaltela.pt\/api\/wp\/v2\/media\/162784"}],"wp:attachment":[{"href":"https:\/\/portaltela.pt\/api\/wp\/v2\/media?parent=162758"}],"wp:term":[{"taxonomy":"category","embeddable":true,"href":"https:\/\/portaltela.pt\/api\/wp\/v2\/categories?post=162758"},{"taxonomy":"post_tag","embeddable":true,"href":"https:\/\/portaltela.pt\/api\/wp\/v2\/tags?post=162758"}],"curies":[{"name":"wp","href":"https:\/\/api.w.org\/{rel}","templated":true}]}}