{"id":162683,"date":"2026-01-22T05:24:08","date_gmt":"2026-01-22T08:24:08","guid":{"rendered":"https:\/\/portaltela.pt\/noticias\/2026\/01\/22\/adn-e-joana-amaral-dias-cronica-de-uma-guerra-civil\/"},"modified":"2026-01-22T05:24:08","modified_gmt":"2026-01-22T08:24:08","slug":"adn-e-joana-amaral-dias-cronica-de-uma-guerra-civil","status":"publish","type":"post","link":"https:\/\/portaltela.pt\/noticias\/politica\/2026\/01\/22\/adn-e-joana-amaral-dias-cronica-de-uma-guerra-civil\/","title":{"rendered":"ADN e Joana Amaral Dias: cr\u00f3nica de uma guerra civil"},"content":{"rendered":"<p>O ADN anunciou que Jos\u00e9 Manuel Castro foi desnomeado como secret\u00e1rio-geral do partido e arrisca a expuls\u00e3o por alegadamente sabotar a candidatura de Joana Amaral Dias \u00e0 Presid\u00eancia. As amea\u00e7as do militante foram entregues \u00e0s autoridades, incluindo a Pol\u00edcia Judici\u00e1ria.<\/p>\n<p>Ant\u00f3nio Mendon\u00e7a, militante n\u00famero 2.929 do ADN e apoiiante ativo nos A\u00e7ores, recorreu \u00e0s redes sociais para atacar Castro. Em 27 de dezembro partilhou uma imagem de Intelig\u00eancia Artificial que retrata o antigo l\u00edder prostrado, algemado, sob o dom\u00ednio de um carrasco, acompanhada de um texto com acusa\u00e7\u00f5es de acesso ileg\u00edtimo, sabotagem inform\u00e1tica e abuso de poder.<\/p>\n<p>A pol\u00e9mica surge num contexto de candidaturas a Bel\u00e9m, com o Tribunal Constitucional a ter validado apenas 1.575 assinaturas das 7.500 exigidas para Joana Amaral Dias se candidatar. O caso \u00e9 descrito no interior do ADN como uma tentativa de minar a aposta presidencial de Joana Amaral Dias.<\/p>\n<h3>Repercuss\u00f5es e contexto<\/h3>\n<p>A situa\u00e7\u00e3o envolve ainda o que se considera uma escalada de tens\u00f5es internas no ADN, com o partido a estudar as medidas disciplinares cab\u00edveis. N\u00e3o foram divulgadas declara\u00e7\u00f5es oficiais adicionais sobre o estado de Castro no partido nem sobre eventuais consequ\u00eancias administrativas.<\/p>\n<p>As investiga\u00e7\u00f5es relativas \u00e0s acusa\u00e7\u00f5es e \u00e0s amea\u00e7as foram enviadas para a PJ, segundo os respons\u00e1veis do ADN. N\u00e3o foi poss\u00edvel confirmar, at\u00e9 ao momento, se haver\u00e1 novas dilig\u00eancias ou desdobramentos legais.<\/p>\n","protected":false},"excerpt":{"rendered":"<ul>\n<li>Jos\u00e9 Manuel Castro foi \u201cdesnomeado\u201d como secret\u00e1rio-geral do ADN e pode ser expulso do partido por alegada sabotagem a Joana Amaral Dias.<\/li>\n<li>As autoridades receberam um conjunto de amea\u00e7as do militante, que alegadamente apontam para crimes como acesso ileg\u00edtimo, sabotagem inform\u00e1tica e abuso de poder.<\/li>\n<li>Ant\u00f3nio Mendon\u00e7a, militante n\u00famero dois do ADN nos A\u00e7ores, lan\u00e7ou uma campanha de ataque contra Castro nas redes sociais.<\/li>\n<li>Mendon\u00e7a publicou, a 27 de dezembro, uma imagem de Intelig\u00eancia Artificial que retrata Castro deitado, algemas, sob um carrasco, acompanhada de uma lista de crimes.<\/li>\n<li>O caso envolve a corrida de Joana Amaral Dias \u00e0 Presid\u00eancia, com controv\u00e9rsia interna sobre apoios, assinaturas e a posi\u00e7\u00e3o de Castro dentro do ADN.<\/li>\n<\/ul>\n","protected":false},"author":2,"featured_media":162719,"comment_status":"closed","ping_status":"closed","sticky":false,"template":"","format":"standard","meta":{"footnotes":""},"categories":[1,5],"tags":[212,1724,217,2669,1802,2832],"class_list":["post-162683","post","type-post","status-publish","format-standard","has-post-thumbnail","hentry","category-noticias","category-politica","tag-abuso-de-poder","tag-cibercrime","tag-investigacao-criminal","tag-joana-amaral-dias","tag-policia-judiciaria","tag-politica"],"yoast_head":"<!-- This site is optimized with the Yoast SEO plugin v27.2 - https:\/\/yoast.com\/product\/yoast-seo-wordpress\/ -->\n<title>ADN e Joana Amaral Dias: cr\u00f3nica de uma guerra civil - Portal Tela Portugal<\/title>\n<meta name=\"robots\" content=\"index, follow, max-snippet:-1, max-image-preview:large, max-video-preview:-1\" \/>\n<meta property=\"og:locale\" content=\"pt_PT\" \/>\n<meta property=\"og:type\" content=\"article\" \/>\n<meta property=\"og:title\" content=\"ADN e Joana Amaral Dias: cr\u00f3nica de uma guerra civil - Portal Tela Portugal\" \/>\n<meta property=\"og:description\" content=\"Jos\u00e9 Manuel Castro foi \u201cdesnomeado\u201d como secret\u00e1rio-geral do ADN e pode ser expulso do partido por alegada sabotagem a Joana Amaral Dias. As autoridades receberam um conjunto de amea\u00e7as do militante, que alegadamente apontam para crimes como acesso ileg\u00edtimo, sabotagem inform\u00e1tica e abuso de poder. Ant\u00f3nio Mendon\u00e7a, militante n\u00famero dois do ADN nos A\u00e7ores, lan\u00e7ou uma campanha de ataque contra Castro nas redes sociais. Mendon\u00e7a publicou, a 27 de dezembro, uma imagem de Intelig\u00eancia Artificial que retrata Castro deitado, algemas, sob um carrasco, acompanhada de uma lista de crimes. O caso envolve a corrida de Joana Amaral Dias \u00e0 Presid\u00eancia, com controv\u00e9rsia interna sobre apoios, assinaturas e a posi\u00e7\u00e3o de Castro dentro do ADN.\" \/>\n<meta property=\"og:url\" content=\"https:\/\/portaltela.pt\/noticias\/2026\/01\/22\/adn-e-joana-amaral-dias-cronica-de-uma-guerra-civil\/\" \/>\n<meta property=\"og:site_name\" content=\"Portal Tela Portugal\" \/>\n<meta property=\"article:published_time\" content=\"2026-01-22T08:24:08+00:00\" \/>\n<meta name=\"author\" content=\"Telinha\" \/>\n<meta name=\"twitter:card\" content=\"summary_large_image\" \/>\n<meta name=\"twitter:label1\" content=\"Escrito por\" \/>\n\t<meta name=\"twitter:data1\" content=\"Telinha\" \/>\n\t<meta name=\"twitter:label2\" content=\"Tempo estimado de leitura\" \/>\n\t<meta name=\"twitter:data2\" content=\"1 minuto\" \/>\n<script type=\"application\/ld+json\" class=\"yoast-schema-graph\">{\"@context\":\"https:\/\/schema.org\",\"@graph\":[{\"@type\":\"Article\",\"@id\":\"https:\/\/portaltela.pt\/noticias\/2026\/01\/22\/adn-e-joana-amaral-dias-cronica-de-uma-guerra-civil\/#article\",\"isPartOf\":{\"@id\":\"https:\/\/portaltela.pt\/noticias\/2026\/01\/22\/adn-e-joana-amaral-dias-cronica-de-uma-guerra-civil\/\"},\"author\":{\"name\":\"Telinha\",\"@id\":\"https:\/\/portaltela.pt\/#\/schema\/person\/c4278d4a6028830caff9ee44b42d32ed\"},\"headline\":\"ADN e Joana Amaral Dias: cr\u00f3nica de uma guerra civil\",\"datePublished\":\"2026-01-22T08:24:08+00:00\",\"mainEntityOfPage\":{\"@id\":\"https:\/\/portaltela.pt\/noticias\/2026\/01\/22\/adn-e-joana-amaral-dias-cronica-de-uma-guerra-civil\/\"},\"wordCount\":259,\"image\":{\"@id\":\"https:\/\/portaltela.pt\/noticias\/2026\/01\/22\/adn-e-joana-amaral-dias-cronica-de-uma-guerra-civil\/#primaryimage\"},\"thumbnailUrl\":\"https:\/\/portaltela.pt\/s.01k8rhncp4jt1\/2026\/01\/img_920x518uu2026-01-22-08-23-53-2416484-3.jpg\",\"keywords\":[\"abuso de poder\",\"cibercrime\",\"investiga\u00e7\u00e3o criminal\",\"Joana Amaral Dias\",\"Pol\u00edcia Judici\u00e1ria\",\"pol\u00edtica\"],\"articleSection\":[\"Not\u00edcias\",\"Pol\u00edtica\"],\"inLanguage\":\"pt-PT\"},{\"@type\":\"WebPage\",\"@id\":\"https:\/\/portaltela.pt\/noticias\/2026\/01\/22\/adn-e-joana-amaral-dias-cronica-de-uma-guerra-civil\/\",\"url\":\"https:\/\/portaltela.pt\/noticias\/2026\/01\/22\/adn-e-joana-amaral-dias-cronica-de-uma-guerra-civil\/\",\"name\":\"ADN e Joana Amaral Dias: cr\u00f3nica de uma guerra civil - Portal Tela Portugal\",\"isPartOf\":{\"@id\":\"https:\/\/portaltela.pt\/#website\"},\"primaryImageOfPage\":{\"@id\":\"https:\/\/portaltela.pt\/noticias\/2026\/01\/22\/adn-e-joana-amaral-dias-cronica-de-uma-guerra-civil\/#primaryimage\"},\"image\":{\"@id\":\"https:\/\/portaltela.pt\/noticias\/2026\/01\/22\/adn-e-joana-amaral-dias-cronica-de-uma-guerra-civil\/#primaryimage\"},\"thumbnailUrl\":\"https:\/\/portaltela.pt\/s.01k8rhncp4jt1\/2026\/01\/img_920x518uu2026-01-22-08-23-53-2416484-3.jpg\",\"datePublished\":\"2026-01-22T08:24:08+00:00\",\"author\":{\"@id\":\"https:\/\/portaltela.pt\/#\/schema\/person\/c4278d4a6028830caff9ee44b42d32ed\"},\"breadcrumb\":{\"@id\":\"https:\/\/portaltela.pt\/noticias\/2026\/01\/22\/adn-e-joana-amaral-dias-cronica-de-uma-guerra-civil\/#breadcrumb\"},\"inLanguage\":\"pt-PT\",\"potentialAction\":[{\"@type\":\"ReadAction\",\"target\":[\"https:\/\/portaltela.pt\/noticias\/2026\/01\/22\/adn-e-joana-amaral-dias-cronica-de-uma-guerra-civil\/\"]}]},{\"@type\":\"ImageObject\",\"inLanguage\":\"pt-PT\",\"@id\":\"https:\/\/portaltela.pt\/noticias\/2026\/01\/22\/adn-e-joana-amaral-dias-cronica-de-uma-guerra-civil\/#primaryimage\",\"url\":\"https:\/\/portaltela.pt\/s.01k8rhncp4jt1\/2026\/01\/img_920x518uu2026-01-22-08-23-53-2416484-3.jpg\",\"contentUrl\":\"https:\/\/portaltela.pt\/s.01k8rhncp4jt1\/2026\/01\/img_920x518uu2026-01-22-08-23-53-2416484-3.jpg\",\"width\":796,\"height\":448,\"caption\":\"ribunal Constitucional s\u00f3 validou 1.575 assinaturas das 7.500 exigidas para Joana Amaral Dias se candidatar a Bel\u00e9m. Jos\u00e9 Manuel Castro \u00e9 descrito no interior do partido como \u201cquem fez de tudo para minar\u201d a aposta presidencial do ADN\"},{\"@type\":\"BreadcrumbList\",\"@id\":\"https:\/\/portaltela.pt\/noticias\/2026\/01\/22\/adn-e-joana-amaral-dias-cronica-de-uma-guerra-civil\/#breadcrumb\",\"itemListElement\":[{\"@type\":\"ListItem\",\"position\":1,\"name\":\"In\u00edcio\",\"item\":\"https:\/\/portaltela.pt\/\"},{\"@type\":\"ListItem\",\"position\":2,\"name\":\"ADN e Joana Amaral Dias: cr\u00f3nica de uma guerra civil\"}]},{\"@type\":\"WebSite\",\"@id\":\"https:\/\/portaltela.pt\/#website\",\"url\":\"https:\/\/portaltela.pt\/\",\"name\":\"Portal Tela Portugal\",\"description\":\"\",\"potentialAction\":[{\"@type\":\"SearchAction\",\"target\":{\"@type\":\"EntryPoint\",\"urlTemplate\":\"https:\/\/portaltela.pt\/?s={search_term_string}\"},\"query-input\":{\"@type\":\"PropertyValueSpecification\",\"valueRequired\":true,\"valueName\":\"search_term_string\"}}],\"inLanguage\":\"pt-PT\"},{\"@type\":\"Person\",\"@id\":\"https:\/\/portaltela.pt\/#\/schema\/person\/c4278d4a6028830caff9ee44b42d32ed\",\"name\":\"Telinha\",\"image\":{\"@type\":\"ImageObject\",\"inLanguage\":\"pt-PT\",\"@id\":\"https:\/\/portaltela.pt\/s.01k8rhncp4jt1\/2025\/11\/talking-bot-125x125.png\",\"url\":\"https:\/\/portaltela.pt\/s.01k8rhncp4jt1\/2025\/11\/talking-bot-125x125.png\",\"contentUrl\":\"https:\/\/portaltela.pt\/s.01k8rhncp4jt1\/2025\/11\/talking-bot-125x125.png\",\"caption\":\"Telinha\"},\"sameAs\":[\"https:\/\/portaltela.pt\/\"],\"url\":\"https:\/\/portaltela.pt\/por\/367410592786\/\"}]}<\/script>\n<!-- \/ Yoast SEO plugin. -->","yoast_head_json":{"title":"ADN e Joana Amaral Dias: cr\u00f3nica de uma guerra civil - Portal Tela Portugal","robots":{"index":"index","follow":"follow","max-snippet":"max-snippet:-1","max-image-preview":"max-image-preview:large","max-video-preview":"max-video-preview:-1"},"og_locale":"pt_PT","og_type":"article","og_title":"ADN e Joana Amaral Dias: cr\u00f3nica de uma guerra civil - Portal Tela Portugal","og_description":"Jos\u00e9 Manuel Castro foi \u201cdesnomeado\u201d como secret\u00e1rio-geral do ADN e pode ser expulso do partido por alegada sabotagem a Joana Amaral Dias. As autoridades receberam um conjunto de amea\u00e7as do militante, que alegadamente apontam para crimes como acesso ileg\u00edtimo, sabotagem inform\u00e1tica e abuso de poder. Ant\u00f3nio Mendon\u00e7a, militante n\u00famero dois do ADN nos A\u00e7ores, lan\u00e7ou uma campanha de ataque contra Castro nas redes sociais. Mendon\u00e7a publicou, a 27 de dezembro, uma imagem de Intelig\u00eancia Artificial que retrata Castro deitado, algemas, sob um carrasco, acompanhada de uma lista de crimes. O caso envolve a corrida de Joana Amaral Dias \u00e0 Presid\u00eancia, com controv\u00e9rsia interna sobre apoios, assinaturas e a posi\u00e7\u00e3o de Castro dentro do ADN.","og_url":"https:\/\/portaltela.pt\/noticias\/2026\/01\/22\/adn-e-joana-amaral-dias-cronica-de-uma-guerra-civil\/","og_site_name":"Portal Tela Portugal","article_published_time":"2026-01-22T08:24:08+00:00","author":"Telinha","twitter_card":"summary_large_image","twitter_misc":{"Escrito por":"Telinha","Tempo estimado de leitura":"1 minuto"},"schema":{"@context":"https:\/\/schema.org","@graph":[{"@type":"Article","@id":"https:\/\/portaltela.pt\/noticias\/2026\/01\/22\/adn-e-joana-amaral-dias-cronica-de-uma-guerra-civil\/#article","isPartOf":{"@id":"https:\/\/portaltela.pt\/noticias\/2026\/01\/22\/adn-e-joana-amaral-dias-cronica-de-uma-guerra-civil\/"},"author":{"name":"Telinha","@id":"https:\/\/portaltela.pt\/#\/schema\/person\/c4278d4a6028830caff9ee44b42d32ed"},"headline":"ADN e Joana Amaral Dias: cr\u00f3nica de uma guerra civil","datePublished":"2026-01-22T08:24:08+00:00","mainEntityOfPage":{"@id":"https:\/\/portaltela.pt\/noticias\/2026\/01\/22\/adn-e-joana-amaral-dias-cronica-de-uma-guerra-civil\/"},"wordCount":259,"image":{"@id":"https:\/\/portaltela.pt\/noticias\/2026\/01\/22\/adn-e-joana-amaral-dias-cronica-de-uma-guerra-civil\/#primaryimage"},"thumbnailUrl":"https:\/\/portaltela.pt\/s.01k8rhncp4jt1\/2026\/01\/img_920x518uu2026-01-22-08-23-53-2416484-3.jpg","keywords":["abuso de poder","cibercrime","investiga\u00e7\u00e3o criminal","Joana Amaral Dias","Pol\u00edcia Judici\u00e1ria","pol\u00edtica"],"articleSection":["Not\u00edcias","Pol\u00edtica"],"inLanguage":"pt-PT"},{"@type":"WebPage","@id":"https:\/\/portaltela.pt\/noticias\/2026\/01\/22\/adn-e-joana-amaral-dias-cronica-de-uma-guerra-civil\/","url":"https:\/\/portaltela.pt\/noticias\/2026\/01\/22\/adn-e-joana-amaral-dias-cronica-de-uma-guerra-civil\/","name":"ADN e Joana Amaral Dias: cr\u00f3nica de uma guerra civil - Portal Tela Portugal","isPartOf":{"@id":"https:\/\/portaltela.pt\/#website"},"primaryImageOfPage":{"@id":"https:\/\/portaltela.pt\/noticias\/2026\/01\/22\/adn-e-joana-amaral-dias-cronica-de-uma-guerra-civil\/#primaryimage"},"image":{"@id":"https:\/\/portaltela.pt\/noticias\/2026\/01\/22\/adn-e-joana-amaral-dias-cronica-de-uma-guerra-civil\/#primaryimage"},"thumbnailUrl":"https:\/\/portaltela.pt\/s.01k8rhncp4jt1\/2026\/01\/img_920x518uu2026-01-22-08-23-53-2416484-3.jpg","datePublished":"2026-01-22T08:24:08+00:00","author":{"@id":"https:\/\/portaltela.pt\/#\/schema\/person\/c4278d4a6028830caff9ee44b42d32ed"},"breadcrumb":{"@id":"https:\/\/portaltela.pt\/noticias\/2026\/01\/22\/adn-e-joana-amaral-dias-cronica-de-uma-guerra-civil\/#breadcrumb"},"inLanguage":"pt-PT","potentialAction":[{"@type":"ReadAction","target":["https:\/\/portaltela.pt\/noticias\/2026\/01\/22\/adn-e-joana-amaral-dias-cronica-de-uma-guerra-civil\/"]}]},{"@type":"ImageObject","inLanguage":"pt-PT","@id":"https:\/\/portaltela.pt\/noticias\/2026\/01\/22\/adn-e-joana-amaral-dias-cronica-de-uma-guerra-civil\/#primaryimage","url":"https:\/\/portaltela.pt\/s.01k8rhncp4jt1\/2026\/01\/img_920x518uu2026-01-22-08-23-53-2416484-3.jpg","contentUrl":"https:\/\/portaltela.pt\/s.01k8rhncp4jt1\/2026\/01\/img_920x518uu2026-01-22-08-23-53-2416484-3.jpg","width":796,"height":448,"caption":"ribunal Constitucional s\u00f3 validou 1.575 assinaturas das 7.500 exigidas para Joana Amaral Dias se candidatar a Bel\u00e9m. Jos\u00e9 Manuel Castro \u00e9 descrito no interior do partido como \u201cquem fez de tudo para minar\u201d a aposta presidencial do ADN"},{"@type":"BreadcrumbList","@id":"https:\/\/portaltela.pt\/noticias\/2026\/01\/22\/adn-e-joana-amaral-dias-cronica-de-uma-guerra-civil\/#breadcrumb","itemListElement":[{"@type":"ListItem","position":1,"name":"In\u00edcio","item":"https:\/\/portaltela.pt\/"},{"@type":"ListItem","position":2,"name":"ADN e Joana Amaral Dias: cr\u00f3nica de uma guerra civil"}]},{"@type":"WebSite","@id":"https:\/\/portaltela.pt\/#website","url":"https:\/\/portaltela.pt\/","name":"Portal Tela Portugal","description":"","potentialAction":[{"@type":"SearchAction","target":{"@type":"EntryPoint","urlTemplate":"https:\/\/portaltela.pt\/?s={search_term_string}"},"query-input":{"@type":"PropertyValueSpecification","valueRequired":true,"valueName":"search_term_string"}}],"inLanguage":"pt-PT"},{"@type":"Person","@id":"https:\/\/portaltela.pt\/#\/schema\/person\/c4278d4a6028830caff9ee44b42d32ed","name":"Telinha","image":{"@type":"ImageObject","inLanguage":"pt-PT","@id":"https:\/\/portaltela.pt\/s.01k8rhncp4jt1\/2025\/11\/talking-bot-125x125.png","url":"https:\/\/portaltela.pt\/s.01k8rhncp4jt1\/2025\/11\/talking-bot-125x125.png","contentUrl":"https:\/\/portaltela.pt\/s.01k8rhncp4jt1\/2025\/11\/talking-bot-125x125.png","caption":"Telinha"},"sameAs":["https:\/\/portaltela.pt\/"],"url":"https:\/\/portaltela.pt\/por\/367410592786\/"}]}},"_links":{"self":[{"href":"https:\/\/portaltela.pt\/api\/wp\/v2\/posts\/162683","targetHints":{"allow":["GET"]}}],"collection":[{"href":"https:\/\/portaltela.pt\/api\/wp\/v2\/posts"}],"about":[{"href":"https:\/\/portaltela.pt\/api\/wp\/v2\/types\/post"}],"author":[{"embeddable":true,"href":"https:\/\/portaltela.pt\/api\/wp\/v2\/users\/2"}],"replies":[{"embeddable":true,"href":"https:\/\/portaltela.pt\/api\/wp\/v2\/comments?post=162683"}],"version-history":[{"count":0,"href":"https:\/\/portaltela.pt\/api\/wp\/v2\/posts\/162683\/revisions"}],"wp:featuredmedia":[{"embeddable":true,"href":"https:\/\/portaltela.pt\/api\/wp\/v2\/media\/162719"}],"wp:attachment":[{"href":"https:\/\/portaltela.pt\/api\/wp\/v2\/media?parent=162683"}],"wp:term":[{"taxonomy":"category","embeddable":true,"href":"https:\/\/portaltela.pt\/api\/wp\/v2\/categories?post=162683"},{"taxonomy":"post_tag","embeddable":true,"href":"https:\/\/portaltela.pt\/api\/wp\/v2\/tags?post=162683"}],"curies":[{"name":"wp","href":"https:\/\/api.w.org\/{rel}","templated":true}]}}