{"id":162635,"date":"2026-01-22T06:00:00","date_gmt":"2026-01-22T09:00:00","guid":{"rendered":"https:\/\/portaltela.pt\/noticias\/2026\/01\/22\/finlandia-teme-ser-alvo-de-drones-ucranianos-desviados-pela-russia\/"},"modified":"2026-01-22T06:00:00","modified_gmt":"2026-01-22T09:00:00","slug":"finlandia-teme-ser-alvo-de-drones-ucranianos-desviados-pela-russia","status":"publish","type":"post","link":"https:\/\/portaltela.pt\/noticias\/2026\/01\/22\/finlandia-teme-ser-alvo-de-drones-ucranianos-desviados-pela-russia\/","title":{"rendered":"Finl\u00e2ndia teme ser alvo de drones ucranianos desviados pela R\u00fassia"},"content":{"rendered":"<p>O governo finland\u00eas informou, nesta quinta-feira, sobre a possibilidade de drones ucranianos serem desviados pela R\u00fassia e sobrevoarem ou atingirem territ\u00f3rio finland\u00eas. O alerta baseia-se em informa\u00e7\u00f5es de servi\u00e7os de informa\u00e7\u00e3o militares.<\/p>\n<p>Segundo Hels\u00ednquia, a Ucr\u00e2nia mira portos russos pr\u00f3ximos do territ\u00f3rio finland\u00eas. A R\u00fassia, por sua vez, afirma possuir capacidades t\u00e9cnicas para bloquear o sinal de drones, elevando o risco de desvio da rota.<\/p>\n<p>O major-general Pekka Turunen, chefe do servi\u00e7o de informa\u00e7\u00f5es das For\u00e7as de Defesa da Finl\u00e2ndia, explicou que o bloqueio de GPS pode direcionar drones para locais n\u00e3o desejados. A miss\u00e3o dos drones \u00e9 monitorizada, mas o desvio representa amea\u00e7a.<\/p>\n<h3>Risco de interfer\u00eancia de GPS aflige autoridades<\/h3>\n<p>A Finl\u00e2ndia descreve a possibilidade de que drones que utilizem GPS para navega\u00e7\u00e3o sejam desviados da rota pretendida. O GPS funciona via sat\u00e9lite e fornece a posi\u00e7\u00e3o durante a navega\u00e7\u00e3o, segundo a explica\u00e7\u00e3o das autoridades.<\/p>\n","protected":false},"excerpt":{"rendered":"<ul>\n<li>Autoridades finlandesas alertam para a possibilidade de drones ucranianos desviados pela R\u00fassia sobrevoarem ou atingirem o territ\u00f3rio da Finl\u00e2ndia.<\/li>\n<li>O chefe dos servi\u00e7os de informa\u00e7\u00e3o militares finlandeses afirmou \u00e0 France Presse que a R\u00fassia tem capacidades para bloquear o sinal de drones ucranianos.<\/li>\n<li>Hels\u00ednquia indica que a Ucr\u00e2nia tem como alvo portos russos pr\u00f3ximos da Finl\u00e2ndia, com a R\u00fassia a usar t\u00e9cnicas para interferir na rota dos aparelhos.<\/li>\n<li>O major-general Pekka Turunen, chefe do servi\u00e7o de informa\u00e7\u00f5es das For\u00e7as de Defesa da Finl\u00e2ndia, disse que o risco de um drone invadir o espa\u00e7o a\u00e9reo finland\u00eas \u00e9 cada vez maior.<\/li>\n<li>Explica\u00e7\u00e3o dada: se o GPS for bloqueado, drones que dependem dessa navega\u00e7\u00e3o podem ser desviados para outro local, aumentando o perigo de deslocamento n\u00e3o esperado.<\/li>\n<\/ul>\n","protected":false},"author":2,"featured_media":162642,"comment_status":"closed","ping_status":"closed","sticky":false,"template":"","format":"standard","meta":{"footnotes":""},"categories":[1],"tags":[2625,3138,2336,3110,1036,2134],"class_list":["post-162635","post","type-post","status-publish","format-standard","has-post-thumbnail","hentry","category-noticias","tag-aeronautica","tag-dados-geoespaciais","tag-defesa-nacional","tag-russia","tag-satelites","tag-ucrania"],"yoast_head":"<!-- This site is optimized with the Yoast SEO plugin v27.2 - https:\/\/yoast.com\/product\/yoast-seo-wordpress\/ -->\n<title>Finl\u00e2ndia teme ser alvo de drones ucranianos desviados pela R\u00fassia - Portal Tela Portugal<\/title>\n<meta name=\"robots\" content=\"index, follow, max-snippet:-1, max-image-preview:large, max-video-preview:-1\" \/>\n<meta property=\"og:locale\" content=\"pt_PT\" \/>\n<meta property=\"og:type\" content=\"article\" \/>\n<meta property=\"og:title\" content=\"Finl\u00e2ndia teme ser alvo de drones ucranianos desviados pela R\u00fassia - Portal Tela Portugal\" \/>\n<meta property=\"og:description\" content=\"Autoridades finlandesas alertam para a possibilidade de drones ucranianos desviados pela R\u00fassia sobrevoarem ou atingirem o territ\u00f3rio da Finl\u00e2ndia. O chefe dos servi\u00e7os de informa\u00e7\u00e3o militares finlandeses afirmou \u00e0 France Presse que a R\u00fassia tem capacidades para bloquear o sinal de drones ucranianos. Hels\u00ednquia indica que a Ucr\u00e2nia tem como alvo portos russos pr\u00f3ximos da Finl\u00e2ndia, com a R\u00fassia a usar t\u00e9cnicas para interferir na rota dos aparelhos. O major-general Pekka Turunen, chefe do servi\u00e7o de informa\u00e7\u00f5es das For\u00e7as de Defesa da Finl\u00e2ndia, disse que o risco de um drone invadir o espa\u00e7o a\u00e9reo finland\u00eas \u00e9 cada vez maior. Explica\u00e7\u00e3o dada: se o GPS for bloqueado, drones que dependem dessa navega\u00e7\u00e3o podem ser desviados para outro local, aumentando o perigo de deslocamento n\u00e3o esperado.\" \/>\n<meta property=\"og:url\" content=\"https:\/\/portaltela.pt\/noticias\/2026\/01\/22\/finlandia-teme-ser-alvo-de-drones-ucranianos-desviados-pela-russia\/\" \/>\n<meta property=\"og:site_name\" content=\"Portal Tela Portugal\" \/>\n<meta property=\"article:published_time\" content=\"2026-01-22T09:00:00+00:00\" \/>\n<meta name=\"author\" content=\"Telinha\" \/>\n<meta name=\"twitter:card\" content=\"summary_large_image\" \/>\n<meta name=\"twitter:label1\" content=\"Escrito por\" \/>\n\t<meta name=\"twitter:data1\" content=\"Telinha\" \/>\n\t<meta name=\"twitter:label2\" content=\"Tempo estimado de leitura\" \/>\n\t<meta name=\"twitter:data2\" content=\"1 minuto\" \/>\n<script type=\"application\/ld+json\" class=\"yoast-schema-graph\">{\"@context\":\"https:\/\/schema.org\",\"@graph\":[{\"@type\":\"Article\",\"@id\":\"https:\/\/portaltela.pt\/noticias\/2026\/01\/22\/finlandia-teme-ser-alvo-de-drones-ucranianos-desviados-pela-russia\/#article\",\"isPartOf\":{\"@id\":\"https:\/\/portaltela.pt\/noticias\/2026\/01\/22\/finlandia-teme-ser-alvo-de-drones-ucranianos-desviados-pela-russia\/\"},\"author\":{\"name\":\"Telinha\",\"@id\":\"https:\/\/portaltela.pt\/#\/schema\/person\/c4278d4a6028830caff9ee44b42d32ed\"},\"headline\":\"Finl\u00e2ndia teme ser alvo de drones ucranianos desviados pela R\u00fassia\",\"datePublished\":\"2026-01-22T09:00:00+00:00\",\"mainEntityOfPage\":{\"@id\":\"https:\/\/portaltela.pt\/noticias\/2026\/01\/22\/finlandia-teme-ser-alvo-de-drones-ucranianos-desviados-pela-russia\/\"},\"wordCount\":185,\"image\":{\"@id\":\"https:\/\/portaltela.pt\/noticias\/2026\/01\/22\/finlandia-teme-ser-alvo-de-drones-ucranianos-desviados-pela-russia\/#primaryimage\"},\"thumbnailUrl\":\"https:\/\/portaltela.pt\/s.01k8rhncp4jt1\/2026\/01\/image-1401.jpg\",\"keywords\":[\"aeron\u00e1utica\",\"dados geoespaciais\",\"Defesa Nacional\",\"R\u00fassia\",\"sat\u00e9lites\",\"Ucr\u00e2nia\"],\"articleSection\":[\"Not\u00edcias\"],\"inLanguage\":\"pt-PT\"},{\"@type\":\"WebPage\",\"@id\":\"https:\/\/portaltela.pt\/noticias\/2026\/01\/22\/finlandia-teme-ser-alvo-de-drones-ucranianos-desviados-pela-russia\/\",\"url\":\"https:\/\/portaltela.pt\/noticias\/2026\/01\/22\/finlandia-teme-ser-alvo-de-drones-ucranianos-desviados-pela-russia\/\",\"name\":\"Finl\u00e2ndia teme ser alvo de drones ucranianos desviados pela R\u00fassia - Portal Tela Portugal\",\"isPartOf\":{\"@id\":\"https:\/\/portaltela.pt\/#website\"},\"primaryImageOfPage\":{\"@id\":\"https:\/\/portaltela.pt\/noticias\/2026\/01\/22\/finlandia-teme-ser-alvo-de-drones-ucranianos-desviados-pela-russia\/#primaryimage\"},\"image\":{\"@id\":\"https:\/\/portaltela.pt\/noticias\/2026\/01\/22\/finlandia-teme-ser-alvo-de-drones-ucranianos-desviados-pela-russia\/#primaryimage\"},\"thumbnailUrl\":\"https:\/\/portaltela.pt\/s.01k8rhncp4jt1\/2026\/01\/image-1401.jpg\",\"datePublished\":\"2026-01-22T09:00:00+00:00\",\"author\":{\"@id\":\"https:\/\/portaltela.pt\/#\/schema\/person\/c4278d4a6028830caff9ee44b42d32ed\"},\"breadcrumb\":{\"@id\":\"https:\/\/portaltela.pt\/noticias\/2026\/01\/22\/finlandia-teme-ser-alvo-de-drones-ucranianos-desviados-pela-russia\/#breadcrumb\"},\"inLanguage\":\"pt-PT\",\"potentialAction\":[{\"@type\":\"ReadAction\",\"target\":[\"https:\/\/portaltela.pt\/noticias\/2026\/01\/22\/finlandia-teme-ser-alvo-de-drones-ucranianos-desviados-pela-russia\/\"]}]},{\"@type\":\"ImageObject\",\"inLanguage\":\"pt-PT\",\"@id\":\"https:\/\/portaltela.pt\/noticias\/2026\/01\/22\/finlandia-teme-ser-alvo-de-drones-ucranianos-desviados-pela-russia\/#primaryimage\",\"url\":\"https:\/\/portaltela.pt\/s.01k8rhncp4jt1\/2026\/01\/image-1401.jpg\",\"contentUrl\":\"https:\/\/portaltela.pt\/s.01k8rhncp4jt1\/2026\/01\/image-1401.jpg\",\"width\":796,\"height\":448,\"caption\":\"Imagem de contexto do artigo Finl\u00e2ndia receia ser atingida por drones ucranianos desviados pela R\u00fassia\"},{\"@type\":\"BreadcrumbList\",\"@id\":\"https:\/\/portaltela.pt\/noticias\/2026\/01\/22\/finlandia-teme-ser-alvo-de-drones-ucranianos-desviados-pela-russia\/#breadcrumb\",\"itemListElement\":[{\"@type\":\"ListItem\",\"position\":1,\"name\":\"In\u00edcio\",\"item\":\"https:\/\/portaltela.pt\/\"},{\"@type\":\"ListItem\",\"position\":2,\"name\":\"Finl\u00e2ndia teme ser alvo de drones ucranianos desviados pela R\u00fassia\"}]},{\"@type\":\"WebSite\",\"@id\":\"https:\/\/portaltela.pt\/#website\",\"url\":\"https:\/\/portaltela.pt\/\",\"name\":\"Portal Tela Portugal\",\"description\":\"\",\"potentialAction\":[{\"@type\":\"SearchAction\",\"target\":{\"@type\":\"EntryPoint\",\"urlTemplate\":\"https:\/\/portaltela.pt\/?s={search_term_string}\"},\"query-input\":{\"@type\":\"PropertyValueSpecification\",\"valueRequired\":true,\"valueName\":\"search_term_string\"}}],\"inLanguage\":\"pt-PT\"},{\"@type\":\"Person\",\"@id\":\"https:\/\/portaltela.pt\/#\/schema\/person\/c4278d4a6028830caff9ee44b42d32ed\",\"name\":\"Telinha\",\"image\":{\"@type\":\"ImageObject\",\"inLanguage\":\"pt-PT\",\"@id\":\"https:\/\/portaltela.pt\/s.01k8rhncp4jt1\/2025\/11\/talking-bot-125x125.png\",\"url\":\"https:\/\/portaltela.pt\/s.01k8rhncp4jt1\/2025\/11\/talking-bot-125x125.png\",\"contentUrl\":\"https:\/\/portaltela.pt\/s.01k8rhncp4jt1\/2025\/11\/talking-bot-125x125.png\",\"caption\":\"Telinha\"},\"sameAs\":[\"https:\/\/portaltela.pt\/\"],\"url\":\"https:\/\/portaltela.pt\/por\/367410592786\/\"}]}<\/script>\n<!-- \/ Yoast SEO plugin. -->","yoast_head_json":{"title":"Finl\u00e2ndia teme ser alvo de drones ucranianos desviados pela R\u00fassia - Portal Tela Portugal","robots":{"index":"index","follow":"follow","max-snippet":"max-snippet:-1","max-image-preview":"max-image-preview:large","max-video-preview":"max-video-preview:-1"},"og_locale":"pt_PT","og_type":"article","og_title":"Finl\u00e2ndia teme ser alvo de drones ucranianos desviados pela R\u00fassia - Portal Tela Portugal","og_description":"Autoridades finlandesas alertam para a possibilidade de drones ucranianos desviados pela R\u00fassia sobrevoarem ou atingirem o territ\u00f3rio da Finl\u00e2ndia. O chefe dos servi\u00e7os de informa\u00e7\u00e3o militares finlandeses afirmou \u00e0 France Presse que a R\u00fassia tem capacidades para bloquear o sinal de drones ucranianos. Hels\u00ednquia indica que a Ucr\u00e2nia tem como alvo portos russos pr\u00f3ximos da Finl\u00e2ndia, com a R\u00fassia a usar t\u00e9cnicas para interferir na rota dos aparelhos. O major-general Pekka Turunen, chefe do servi\u00e7o de informa\u00e7\u00f5es das For\u00e7as de Defesa da Finl\u00e2ndia, disse que o risco de um drone invadir o espa\u00e7o a\u00e9reo finland\u00eas \u00e9 cada vez maior. Explica\u00e7\u00e3o dada: se o GPS for bloqueado, drones que dependem dessa navega\u00e7\u00e3o podem ser desviados para outro local, aumentando o perigo de deslocamento n\u00e3o esperado.","og_url":"https:\/\/portaltela.pt\/noticias\/2026\/01\/22\/finlandia-teme-ser-alvo-de-drones-ucranianos-desviados-pela-russia\/","og_site_name":"Portal Tela Portugal","article_published_time":"2026-01-22T09:00:00+00:00","author":"Telinha","twitter_card":"summary_large_image","twitter_misc":{"Escrito por":"Telinha","Tempo estimado de leitura":"1 minuto"},"schema":{"@context":"https:\/\/schema.org","@graph":[{"@type":"Article","@id":"https:\/\/portaltela.pt\/noticias\/2026\/01\/22\/finlandia-teme-ser-alvo-de-drones-ucranianos-desviados-pela-russia\/#article","isPartOf":{"@id":"https:\/\/portaltela.pt\/noticias\/2026\/01\/22\/finlandia-teme-ser-alvo-de-drones-ucranianos-desviados-pela-russia\/"},"author":{"name":"Telinha","@id":"https:\/\/portaltela.pt\/#\/schema\/person\/c4278d4a6028830caff9ee44b42d32ed"},"headline":"Finl\u00e2ndia teme ser alvo de drones ucranianos desviados pela R\u00fassia","datePublished":"2026-01-22T09:00:00+00:00","mainEntityOfPage":{"@id":"https:\/\/portaltela.pt\/noticias\/2026\/01\/22\/finlandia-teme-ser-alvo-de-drones-ucranianos-desviados-pela-russia\/"},"wordCount":185,"image":{"@id":"https:\/\/portaltela.pt\/noticias\/2026\/01\/22\/finlandia-teme-ser-alvo-de-drones-ucranianos-desviados-pela-russia\/#primaryimage"},"thumbnailUrl":"https:\/\/portaltela.pt\/s.01k8rhncp4jt1\/2026\/01\/image-1401.jpg","keywords":["aeron\u00e1utica","dados geoespaciais","Defesa Nacional","R\u00fassia","sat\u00e9lites","Ucr\u00e2nia"],"articleSection":["Not\u00edcias"],"inLanguage":"pt-PT"},{"@type":"WebPage","@id":"https:\/\/portaltela.pt\/noticias\/2026\/01\/22\/finlandia-teme-ser-alvo-de-drones-ucranianos-desviados-pela-russia\/","url":"https:\/\/portaltela.pt\/noticias\/2026\/01\/22\/finlandia-teme-ser-alvo-de-drones-ucranianos-desviados-pela-russia\/","name":"Finl\u00e2ndia teme ser alvo de drones ucranianos desviados pela R\u00fassia - Portal Tela Portugal","isPartOf":{"@id":"https:\/\/portaltela.pt\/#website"},"primaryImageOfPage":{"@id":"https:\/\/portaltela.pt\/noticias\/2026\/01\/22\/finlandia-teme-ser-alvo-de-drones-ucranianos-desviados-pela-russia\/#primaryimage"},"image":{"@id":"https:\/\/portaltela.pt\/noticias\/2026\/01\/22\/finlandia-teme-ser-alvo-de-drones-ucranianos-desviados-pela-russia\/#primaryimage"},"thumbnailUrl":"https:\/\/portaltela.pt\/s.01k8rhncp4jt1\/2026\/01\/image-1401.jpg","datePublished":"2026-01-22T09:00:00+00:00","author":{"@id":"https:\/\/portaltela.pt\/#\/schema\/person\/c4278d4a6028830caff9ee44b42d32ed"},"breadcrumb":{"@id":"https:\/\/portaltela.pt\/noticias\/2026\/01\/22\/finlandia-teme-ser-alvo-de-drones-ucranianos-desviados-pela-russia\/#breadcrumb"},"inLanguage":"pt-PT","potentialAction":[{"@type":"ReadAction","target":["https:\/\/portaltela.pt\/noticias\/2026\/01\/22\/finlandia-teme-ser-alvo-de-drones-ucranianos-desviados-pela-russia\/"]}]},{"@type":"ImageObject","inLanguage":"pt-PT","@id":"https:\/\/portaltela.pt\/noticias\/2026\/01\/22\/finlandia-teme-ser-alvo-de-drones-ucranianos-desviados-pela-russia\/#primaryimage","url":"https:\/\/portaltela.pt\/s.01k8rhncp4jt1\/2026\/01\/image-1401.jpg","contentUrl":"https:\/\/portaltela.pt\/s.01k8rhncp4jt1\/2026\/01\/image-1401.jpg","width":796,"height":448,"caption":"Imagem de contexto do artigo Finl\u00e2ndia receia ser atingida por drones ucranianos desviados pela R\u00fassia"},{"@type":"BreadcrumbList","@id":"https:\/\/portaltela.pt\/noticias\/2026\/01\/22\/finlandia-teme-ser-alvo-de-drones-ucranianos-desviados-pela-russia\/#breadcrumb","itemListElement":[{"@type":"ListItem","position":1,"name":"In\u00edcio","item":"https:\/\/portaltela.pt\/"},{"@type":"ListItem","position":2,"name":"Finl\u00e2ndia teme ser alvo de drones ucranianos desviados pela R\u00fassia"}]},{"@type":"WebSite","@id":"https:\/\/portaltela.pt\/#website","url":"https:\/\/portaltela.pt\/","name":"Portal Tela Portugal","description":"","potentialAction":[{"@type":"SearchAction","target":{"@type":"EntryPoint","urlTemplate":"https:\/\/portaltela.pt\/?s={search_term_string}"},"query-input":{"@type":"PropertyValueSpecification","valueRequired":true,"valueName":"search_term_string"}}],"inLanguage":"pt-PT"},{"@type":"Person","@id":"https:\/\/portaltela.pt\/#\/schema\/person\/c4278d4a6028830caff9ee44b42d32ed","name":"Telinha","image":{"@type":"ImageObject","inLanguage":"pt-PT","@id":"https:\/\/portaltela.pt\/s.01k8rhncp4jt1\/2025\/11\/talking-bot-125x125.png","url":"https:\/\/portaltela.pt\/s.01k8rhncp4jt1\/2025\/11\/talking-bot-125x125.png","contentUrl":"https:\/\/portaltela.pt\/s.01k8rhncp4jt1\/2025\/11\/talking-bot-125x125.png","caption":"Telinha"},"sameAs":["https:\/\/portaltela.pt\/"],"url":"https:\/\/portaltela.pt\/por\/367410592786\/"}]}},"_links":{"self":[{"href":"https:\/\/portaltela.pt\/api\/wp\/v2\/posts\/162635","targetHints":{"allow":["GET"]}}],"collection":[{"href":"https:\/\/portaltela.pt\/api\/wp\/v2\/posts"}],"about":[{"href":"https:\/\/portaltela.pt\/api\/wp\/v2\/types\/post"}],"author":[{"embeddable":true,"href":"https:\/\/portaltela.pt\/api\/wp\/v2\/users\/2"}],"replies":[{"embeddable":true,"href":"https:\/\/portaltela.pt\/api\/wp\/v2\/comments?post=162635"}],"version-history":[{"count":0,"href":"https:\/\/portaltela.pt\/api\/wp\/v2\/posts\/162635\/revisions"}],"wp:featuredmedia":[{"embeddable":true,"href":"https:\/\/portaltela.pt\/api\/wp\/v2\/media\/162642"}],"wp:attachment":[{"href":"https:\/\/portaltela.pt\/api\/wp\/v2\/media?parent=162635"}],"wp:term":[{"taxonomy":"category","embeddable":true,"href":"https:\/\/portaltela.pt\/api\/wp\/v2\/categories?post=162635"},{"taxonomy":"post_tag","embeddable":true,"href":"https:\/\/portaltela.pt\/api\/wp\/v2\/tags?post=162635"}],"curies":[{"name":"wp","href":"https:\/\/api.w.org\/{rel}","templated":true}]}}