{"id":162520,"date":"2026-01-22T05:24:08","date_gmt":"2026-01-22T08:24:08","guid":{"rendered":"https:\/\/portaltela.pt\/noticias\/2026\/01\/22\/adn-e-joana-amaral-dias-cronica-de-uma-tensao-politica-2\/"},"modified":"2026-01-22T05:24:08","modified_gmt":"2026-01-22T08:24:08","slug":"adn-e-joana-amaral-dias-cronica-de-uma-tensao-politica-2","status":"publish","type":"post","link":"https:\/\/portaltela.pt\/noticias\/politica\/2026\/01\/22\/adn-e-joana-amaral-dias-cronica-de-uma-tensao-politica-2\/","title":{"rendered":"ADN e Joana Amaral Dias: cr\u00f3nica de uma tens\u00e3o pol\u00edtica"},"content":{"rendered":"<p>O ADN moveu a\u00e7\u00f5es internas contra o ent\u00e3o secret\u00e1rio-geral Jos\u00e9 Manuel Castro, que est\u00e1 sob inqu\u00e9rito disciplinar por alegada sabotagem \u00e0 candidatura de Joana Amaral Dias. A comiss\u00e3o executiva admite a possibilidade de expuls\u00e3o caso se confirmem as acusa\u00e7\u00f5es. As decis\u00f5es foram comunicadas aos envolvidos.<\/p>\n<p>Quem est\u00e1 envolvido: Jos\u00e9 Manuel Castro, ent\u00e3o secret\u00e1rio-geral, e Joana Amaral Dias, candidata associada ao ADN. Aduz-se que Castro espoletou divergir com a linha do partido, gerando tens\u00f5es internas e pen\u00faria na campanha. A dire\u00e7\u00e3o do ADN afirma actuar dentro do processo disciplinar previsto.<\/p>\n<p>Quando e onde: o processo ganhou contornos p\u00fablicos nos \u00faltimos dias, com a composi\u00e7\u00e3o interna a decorrer no seio do partido, que atua a n\u00edvel nacional, incluindo os A\u00e7ores, onde a lideran\u00e7a tem apoiantes. A tens\u00e3o repercutiu-se em redes sociais e em comunica\u00e7\u00f5es oficiais do ADN.<\/p>\n<p>Por qu\u00ea: o n\u00facleo da disc\u00f3rdia reside em alegadas a\u00e7\u00f5es de Castro que prejudicariam a aposta presidencial de Joana Amaral Dias, incluindo \u201csabotagem\u201d inform\u00e1tica e abusos de poder, conforme descri\u00e7\u00f5es internas ao partido. O expediente refor\u00e7a a necessidade de clarificar responsabilidades.<\/p>\n<p>Amea\u00e7as e investiga\u00e7\u00e3o policial: no \u00e2mbito das alegadas provoca\u00e7\u00f5es, surgem relatos de amea\u00e7as dirigidas a Joana Amaral Dias, que foram entregues \u00e0 Pol\u00edcia Judici\u00e1ria para averigua\u00e7\u00e3o. O ADN confirma a rece\u00e7\u00e3o de documentos, sem avan\u00e7ar com mais pormenores. A timeline do caso permanece em reten\u00e7\u00e3o institucional.<\/p>\n<p>A\u00e7\u00f5es do militante: Ant\u00f3nio Mendon\u00e7a, militante com n\u00famero de cadastro 2.929, conhecido apoiante do ADN nos A\u00e7ores, publicou uma imagem de Intelig\u00eancia Artificial alterada para atacar Castro. A publica\u00e7\u00e3o ocorreu no Facebook no dia 27 de dezembro, segundo informa\u00e7\u00f5es recolhidas pela imprensa.<\/p>\n<p>Fonte: reportagem publicada pela Revista S\u00e1bado, que acompanha o desenrolar do que \u00e9 descrito como uma crise interna no ADN e o impacto na candidatura de Joana Amaral Dias. O ADN n\u00e3o forneceu novos coment\u00e1rios neste momento.<\/p>\n","protected":false},"excerpt":{"rendered":"<ul>\n<li>O secret\u00e1rio-geral do ADN, Jos\u00e9 Manuel Castro, foi desnomeado e arrisca expuls\u00e3o por alegada sabotagem a Joana Amaral Dias.<\/li>\n<li>Ant\u00f3nio Mendon\u00e7a, militante n\u00ba 2.929 do ADN nos A\u00e7ores, criou uma imagem de Intelig\u00eancia Artificial que o retrata a ser punido, alegadamente por crimes como acesso ileg\u00edtimo, sabotagem inform\u00e1tica e abuso de poder.<\/li>\n<li>A imagem foi partilhada no Facebook a 27 de dezembro, como resposta ao que o militante descreve como sabotagem interna.<\/li>\n<li>O caso \u00e9 descrito no interior do partido como uma \u201cguerra civil\u201d e envolve amea\u00e7as que teriam sido entregues \u00e0 Pol\u00edcia Judici\u00e1ria.<\/li>\n<\/ul>\n","protected":false},"author":2,"featured_media":162527,"comment_status":"closed","ping_status":"closed","sticky":false,"template":"","format":"standard","meta":{"footnotes":""},"categories":[1,5],"tags":[822,215,2669,1732,2832,133],"class_list":["post-162520","post","type-post","status-publish","format-standard","has-post-thumbnail","hentry","category-noticias","category-politica","tag-acores","tag-investigacao","tag-joana-amaral-dias","tag-partidos","tag-politica","tag-politicas-publicas"],"yoast_head":"<!-- This site is optimized with the Yoast SEO plugin v27.2 - https:\/\/yoast.com\/product\/yoast-seo-wordpress\/ -->\n<title>ADN e Joana Amaral Dias: cr\u00f3nica de uma tens\u00e3o pol\u00edtica - Portal Tela Portugal<\/title>\n<meta name=\"robots\" content=\"index, follow, max-snippet:-1, max-image-preview:large, max-video-preview:-1\" \/>\n<meta property=\"og:locale\" content=\"pt_PT\" \/>\n<meta property=\"og:type\" content=\"article\" \/>\n<meta property=\"og:title\" content=\"ADN e Joana Amaral Dias: cr\u00f3nica de uma tens\u00e3o pol\u00edtica - Portal Tela Portugal\" \/>\n<meta property=\"og:description\" content=\"O secret\u00e1rio-geral do ADN, Jos\u00e9 Manuel Castro, foi desnomeado e arrisca expuls\u00e3o por alegada sabotagem a Joana Amaral Dias. Ant\u00f3nio Mendon\u00e7a, militante n\u00ba 2.929 do ADN nos A\u00e7ores, criou uma imagem de Intelig\u00eancia Artificial que o retrata a ser punido, alegadamente por crimes como acesso ileg\u00edtimo, sabotagem inform\u00e1tica e abuso de poder. A imagem foi partilhada no Facebook a 27 de dezembro, como resposta ao que o militante descreve como sabotagem interna. O caso \u00e9 descrito no interior do partido como uma \u201cguerra civil\u201d e envolve amea\u00e7as que teriam sido entregues \u00e0 Pol\u00edcia Judici\u00e1ria.\" \/>\n<meta property=\"og:url\" content=\"https:\/\/portaltela.pt\/noticias\/2026\/01\/22\/adn-e-joana-amaral-dias-cronica-de-uma-tensao-politica-2\/\" \/>\n<meta property=\"og:site_name\" content=\"Portal Tela Portugal\" \/>\n<meta property=\"article:published_time\" content=\"2026-01-22T08:24:08+00:00\" \/>\n<meta name=\"author\" content=\"Telinha\" \/>\n<meta name=\"twitter:card\" content=\"summary_large_image\" \/>\n<meta name=\"twitter:label1\" content=\"Escrito por\" \/>\n\t<meta name=\"twitter:data1\" content=\"Telinha\" \/>\n\t<meta name=\"twitter:label2\" content=\"Tempo estimado de leitura\" \/>\n\t<meta name=\"twitter:data2\" content=\"2 minutos\" \/>\n<script type=\"application\/ld+json\" class=\"yoast-schema-graph\">{\"@context\":\"https:\/\/schema.org\",\"@graph\":[{\"@type\":\"Article\",\"@id\":\"https:\/\/portaltela.pt\/noticias\/2026\/01\/22\/adn-e-joana-amaral-dias-cronica-de-uma-tensao-politica-2\/#article\",\"isPartOf\":{\"@id\":\"https:\/\/portaltela.pt\/noticias\/2026\/01\/22\/adn-e-joana-amaral-dias-cronica-de-uma-tensao-politica-2\/\"},\"author\":{\"name\":\"Telinha\",\"@id\":\"https:\/\/portaltela.pt\/#\/schema\/person\/c4278d4a6028830caff9ee44b42d32ed\"},\"headline\":\"ADN e Joana Amaral Dias: cr\u00f3nica de uma tens\u00e3o pol\u00edtica\",\"datePublished\":\"2026-01-22T08:24:08+00:00\",\"mainEntityOfPage\":{\"@id\":\"https:\/\/portaltela.pt\/noticias\/2026\/01\/22\/adn-e-joana-amaral-dias-cronica-de-uma-tensao-politica-2\/\"},\"wordCount\":356,\"image\":{\"@id\":\"https:\/\/portaltela.pt\/noticias\/2026\/01\/22\/adn-e-joana-amaral-dias-cronica-de-uma-tensao-politica-2\/#primaryimage\"},\"thumbnailUrl\":\"https:\/\/portaltela.pt\/s.01k8rhncp4jt1\/2026\/01\/img_920x518uu2026-01-22-08-23-53-2416484-1.jpg\",\"keywords\":[\"A\u00e7ores\",\"investiga\u00e7\u00e3o\",\"Joana Amaral Dias\",\"partidos\",\"pol\u00edtica\",\"pol\u00edticas p\u00fablicas\"],\"articleSection\":[\"Not\u00edcias\",\"Pol\u00edtica\"],\"inLanguage\":\"pt-PT\"},{\"@type\":\"WebPage\",\"@id\":\"https:\/\/portaltela.pt\/noticias\/2026\/01\/22\/adn-e-joana-amaral-dias-cronica-de-uma-tensao-politica-2\/\",\"url\":\"https:\/\/portaltela.pt\/noticias\/2026\/01\/22\/adn-e-joana-amaral-dias-cronica-de-uma-tensao-politica-2\/\",\"name\":\"ADN e Joana Amaral Dias: cr\u00f3nica de uma tens\u00e3o pol\u00edtica - Portal Tela Portugal\",\"isPartOf\":{\"@id\":\"https:\/\/portaltela.pt\/#website\"},\"primaryImageOfPage\":{\"@id\":\"https:\/\/portaltela.pt\/noticias\/2026\/01\/22\/adn-e-joana-amaral-dias-cronica-de-uma-tensao-politica-2\/#primaryimage\"},\"image\":{\"@id\":\"https:\/\/portaltela.pt\/noticias\/2026\/01\/22\/adn-e-joana-amaral-dias-cronica-de-uma-tensao-politica-2\/#primaryimage\"},\"thumbnailUrl\":\"https:\/\/portaltela.pt\/s.01k8rhncp4jt1\/2026\/01\/img_920x518uu2026-01-22-08-23-53-2416484-1.jpg\",\"datePublished\":\"2026-01-22T08:24:08+00:00\",\"author\":{\"@id\":\"https:\/\/portaltela.pt\/#\/schema\/person\/c4278d4a6028830caff9ee44b42d32ed\"},\"breadcrumb\":{\"@id\":\"https:\/\/portaltela.pt\/noticias\/2026\/01\/22\/adn-e-joana-amaral-dias-cronica-de-uma-tensao-politica-2\/#breadcrumb\"},\"inLanguage\":\"pt-PT\",\"potentialAction\":[{\"@type\":\"ReadAction\",\"target\":[\"https:\/\/portaltela.pt\/noticias\/2026\/01\/22\/adn-e-joana-amaral-dias-cronica-de-uma-tensao-politica-2\/\"]}]},{\"@type\":\"ImageObject\",\"inLanguage\":\"pt-PT\",\"@id\":\"https:\/\/portaltela.pt\/noticias\/2026\/01\/22\/adn-e-joana-amaral-dias-cronica-de-uma-tensao-politica-2\/#primaryimage\",\"url\":\"https:\/\/portaltela.pt\/s.01k8rhncp4jt1\/2026\/01\/img_920x518uu2026-01-22-08-23-53-2416484-1.jpg\",\"contentUrl\":\"https:\/\/portaltela.pt\/s.01k8rhncp4jt1\/2026\/01\/img_920x518uu2026-01-22-08-23-53-2416484-1.jpg\",\"width\":796,\"height\":448,\"caption\":\"ribunal Constitucional s\u00f3 validou 1.575 assinaturas das 7.500 exigidas para Joana Amaral Dias se candidatar a Bel\u00e9m. Jos\u00e9 Manuel Castro \u00e9 descrito no interior do partido como \u201cquem fez de tudo para minar\u201d a aposta presidencial do ADN\"},{\"@type\":\"BreadcrumbList\",\"@id\":\"https:\/\/portaltela.pt\/noticias\/2026\/01\/22\/adn-e-joana-amaral-dias-cronica-de-uma-tensao-politica-2\/#breadcrumb\",\"itemListElement\":[{\"@type\":\"ListItem\",\"position\":1,\"name\":\"In\u00edcio\",\"item\":\"https:\/\/portaltela.pt\/\"},{\"@type\":\"ListItem\",\"position\":2,\"name\":\"ADN e Joana Amaral Dias: cr\u00f3nica de uma tens\u00e3o pol\u00edtica\"}]},{\"@type\":\"WebSite\",\"@id\":\"https:\/\/portaltela.pt\/#website\",\"url\":\"https:\/\/portaltela.pt\/\",\"name\":\"Portal Tela Portugal\",\"description\":\"\",\"potentialAction\":[{\"@type\":\"SearchAction\",\"target\":{\"@type\":\"EntryPoint\",\"urlTemplate\":\"https:\/\/portaltela.pt\/?s={search_term_string}\"},\"query-input\":{\"@type\":\"PropertyValueSpecification\",\"valueRequired\":true,\"valueName\":\"search_term_string\"}}],\"inLanguage\":\"pt-PT\"},{\"@type\":\"Person\",\"@id\":\"https:\/\/portaltela.pt\/#\/schema\/person\/c4278d4a6028830caff9ee44b42d32ed\",\"name\":\"Telinha\",\"image\":{\"@type\":\"ImageObject\",\"inLanguage\":\"pt-PT\",\"@id\":\"https:\/\/portaltela.pt\/s.01k8rhncp4jt1\/2025\/11\/talking-bot-125x125.png\",\"url\":\"https:\/\/portaltela.pt\/s.01k8rhncp4jt1\/2025\/11\/talking-bot-125x125.png\",\"contentUrl\":\"https:\/\/portaltela.pt\/s.01k8rhncp4jt1\/2025\/11\/talking-bot-125x125.png\",\"caption\":\"Telinha\"},\"sameAs\":[\"https:\/\/portaltela.pt\/\"],\"url\":\"https:\/\/portaltela.pt\/por\/367410592786\/\"}]}<\/script>\n<!-- \/ Yoast SEO plugin. -->","yoast_head_json":{"title":"ADN e Joana Amaral Dias: cr\u00f3nica de uma tens\u00e3o pol\u00edtica - Portal Tela Portugal","robots":{"index":"index","follow":"follow","max-snippet":"max-snippet:-1","max-image-preview":"max-image-preview:large","max-video-preview":"max-video-preview:-1"},"og_locale":"pt_PT","og_type":"article","og_title":"ADN e Joana Amaral Dias: cr\u00f3nica de uma tens\u00e3o pol\u00edtica - Portal Tela Portugal","og_description":"O secret\u00e1rio-geral do ADN, Jos\u00e9 Manuel Castro, foi desnomeado e arrisca expuls\u00e3o por alegada sabotagem a Joana Amaral Dias. Ant\u00f3nio Mendon\u00e7a, militante n\u00ba 2.929 do ADN nos A\u00e7ores, criou uma imagem de Intelig\u00eancia Artificial que o retrata a ser punido, alegadamente por crimes como acesso ileg\u00edtimo, sabotagem inform\u00e1tica e abuso de poder. A imagem foi partilhada no Facebook a 27 de dezembro, como resposta ao que o militante descreve como sabotagem interna. O caso \u00e9 descrito no interior do partido como uma \u201cguerra civil\u201d e envolve amea\u00e7as que teriam sido entregues \u00e0 Pol\u00edcia Judici\u00e1ria.","og_url":"https:\/\/portaltela.pt\/noticias\/2026\/01\/22\/adn-e-joana-amaral-dias-cronica-de-uma-tensao-politica-2\/","og_site_name":"Portal Tela Portugal","article_published_time":"2026-01-22T08:24:08+00:00","author":"Telinha","twitter_card":"summary_large_image","twitter_misc":{"Escrito por":"Telinha","Tempo estimado de leitura":"2 minutos"},"schema":{"@context":"https:\/\/schema.org","@graph":[{"@type":"Article","@id":"https:\/\/portaltela.pt\/noticias\/2026\/01\/22\/adn-e-joana-amaral-dias-cronica-de-uma-tensao-politica-2\/#article","isPartOf":{"@id":"https:\/\/portaltela.pt\/noticias\/2026\/01\/22\/adn-e-joana-amaral-dias-cronica-de-uma-tensao-politica-2\/"},"author":{"name":"Telinha","@id":"https:\/\/portaltela.pt\/#\/schema\/person\/c4278d4a6028830caff9ee44b42d32ed"},"headline":"ADN e Joana Amaral Dias: cr\u00f3nica de uma tens\u00e3o pol\u00edtica","datePublished":"2026-01-22T08:24:08+00:00","mainEntityOfPage":{"@id":"https:\/\/portaltela.pt\/noticias\/2026\/01\/22\/adn-e-joana-amaral-dias-cronica-de-uma-tensao-politica-2\/"},"wordCount":356,"image":{"@id":"https:\/\/portaltela.pt\/noticias\/2026\/01\/22\/adn-e-joana-amaral-dias-cronica-de-uma-tensao-politica-2\/#primaryimage"},"thumbnailUrl":"https:\/\/portaltela.pt\/s.01k8rhncp4jt1\/2026\/01\/img_920x518uu2026-01-22-08-23-53-2416484-1.jpg","keywords":["A\u00e7ores","investiga\u00e7\u00e3o","Joana Amaral Dias","partidos","pol\u00edtica","pol\u00edticas p\u00fablicas"],"articleSection":["Not\u00edcias","Pol\u00edtica"],"inLanguage":"pt-PT"},{"@type":"WebPage","@id":"https:\/\/portaltela.pt\/noticias\/2026\/01\/22\/adn-e-joana-amaral-dias-cronica-de-uma-tensao-politica-2\/","url":"https:\/\/portaltela.pt\/noticias\/2026\/01\/22\/adn-e-joana-amaral-dias-cronica-de-uma-tensao-politica-2\/","name":"ADN e Joana Amaral Dias: cr\u00f3nica de uma tens\u00e3o pol\u00edtica - Portal Tela Portugal","isPartOf":{"@id":"https:\/\/portaltela.pt\/#website"},"primaryImageOfPage":{"@id":"https:\/\/portaltela.pt\/noticias\/2026\/01\/22\/adn-e-joana-amaral-dias-cronica-de-uma-tensao-politica-2\/#primaryimage"},"image":{"@id":"https:\/\/portaltela.pt\/noticias\/2026\/01\/22\/adn-e-joana-amaral-dias-cronica-de-uma-tensao-politica-2\/#primaryimage"},"thumbnailUrl":"https:\/\/portaltela.pt\/s.01k8rhncp4jt1\/2026\/01\/img_920x518uu2026-01-22-08-23-53-2416484-1.jpg","datePublished":"2026-01-22T08:24:08+00:00","author":{"@id":"https:\/\/portaltela.pt\/#\/schema\/person\/c4278d4a6028830caff9ee44b42d32ed"},"breadcrumb":{"@id":"https:\/\/portaltela.pt\/noticias\/2026\/01\/22\/adn-e-joana-amaral-dias-cronica-de-uma-tensao-politica-2\/#breadcrumb"},"inLanguage":"pt-PT","potentialAction":[{"@type":"ReadAction","target":["https:\/\/portaltela.pt\/noticias\/2026\/01\/22\/adn-e-joana-amaral-dias-cronica-de-uma-tensao-politica-2\/"]}]},{"@type":"ImageObject","inLanguage":"pt-PT","@id":"https:\/\/portaltela.pt\/noticias\/2026\/01\/22\/adn-e-joana-amaral-dias-cronica-de-uma-tensao-politica-2\/#primaryimage","url":"https:\/\/portaltela.pt\/s.01k8rhncp4jt1\/2026\/01\/img_920x518uu2026-01-22-08-23-53-2416484-1.jpg","contentUrl":"https:\/\/portaltela.pt\/s.01k8rhncp4jt1\/2026\/01\/img_920x518uu2026-01-22-08-23-53-2416484-1.jpg","width":796,"height":448,"caption":"ribunal Constitucional s\u00f3 validou 1.575 assinaturas das 7.500 exigidas para Joana Amaral Dias se candidatar a Bel\u00e9m. Jos\u00e9 Manuel Castro \u00e9 descrito no interior do partido como \u201cquem fez de tudo para minar\u201d a aposta presidencial do ADN"},{"@type":"BreadcrumbList","@id":"https:\/\/portaltela.pt\/noticias\/2026\/01\/22\/adn-e-joana-amaral-dias-cronica-de-uma-tensao-politica-2\/#breadcrumb","itemListElement":[{"@type":"ListItem","position":1,"name":"In\u00edcio","item":"https:\/\/portaltela.pt\/"},{"@type":"ListItem","position":2,"name":"ADN e Joana Amaral Dias: cr\u00f3nica de uma tens\u00e3o pol\u00edtica"}]},{"@type":"WebSite","@id":"https:\/\/portaltela.pt\/#website","url":"https:\/\/portaltela.pt\/","name":"Portal Tela Portugal","description":"","potentialAction":[{"@type":"SearchAction","target":{"@type":"EntryPoint","urlTemplate":"https:\/\/portaltela.pt\/?s={search_term_string}"},"query-input":{"@type":"PropertyValueSpecification","valueRequired":true,"valueName":"search_term_string"}}],"inLanguage":"pt-PT"},{"@type":"Person","@id":"https:\/\/portaltela.pt\/#\/schema\/person\/c4278d4a6028830caff9ee44b42d32ed","name":"Telinha","image":{"@type":"ImageObject","inLanguage":"pt-PT","@id":"https:\/\/portaltela.pt\/s.01k8rhncp4jt1\/2025\/11\/talking-bot-125x125.png","url":"https:\/\/portaltela.pt\/s.01k8rhncp4jt1\/2025\/11\/talking-bot-125x125.png","contentUrl":"https:\/\/portaltela.pt\/s.01k8rhncp4jt1\/2025\/11\/talking-bot-125x125.png","caption":"Telinha"},"sameAs":["https:\/\/portaltela.pt\/"],"url":"https:\/\/portaltela.pt\/por\/367410592786\/"}]}},"_links":{"self":[{"href":"https:\/\/portaltela.pt\/api\/wp\/v2\/posts\/162520","targetHints":{"allow":["GET"]}}],"collection":[{"href":"https:\/\/portaltela.pt\/api\/wp\/v2\/posts"}],"about":[{"href":"https:\/\/portaltela.pt\/api\/wp\/v2\/types\/post"}],"author":[{"embeddable":true,"href":"https:\/\/portaltela.pt\/api\/wp\/v2\/users\/2"}],"replies":[{"embeddable":true,"href":"https:\/\/portaltela.pt\/api\/wp\/v2\/comments?post=162520"}],"version-history":[{"count":0,"href":"https:\/\/portaltela.pt\/api\/wp\/v2\/posts\/162520\/revisions"}],"wp:featuredmedia":[{"embeddable":true,"href":"https:\/\/portaltela.pt\/api\/wp\/v2\/media\/162527"}],"wp:attachment":[{"href":"https:\/\/portaltela.pt\/api\/wp\/v2\/media?parent=162520"}],"wp:term":[{"taxonomy":"category","embeddable":true,"href":"https:\/\/portaltela.pt\/api\/wp\/v2\/categories?post=162520"},{"taxonomy":"post_tag","embeddable":true,"href":"https:\/\/portaltela.pt\/api\/wp\/v2\/tags?post=162520"}],"curies":[{"name":"wp","href":"https:\/\/api.w.org\/{rel}","templated":true}]}}