{"id":162506,"date":"2026-01-22T05:24:08","date_gmt":"2026-01-22T08:24:08","guid":{"rendered":"https:\/\/portaltela.pt\/noticias\/2026\/01\/22\/adn-e-joana-amaral-dias-cronica-de-uma-contenda-politica\/"},"modified":"2026-01-22T05:24:08","modified_gmt":"2026-01-22T08:24:08","slug":"adn-e-joana-amaral-dias-cronica-de-uma-contenda-politica","status":"publish","type":"post","link":"https:\/\/portaltela.pt\/noticias\/politica\/2026\/01\/22\/adn-e-joana-amaral-dias-cronica-de-uma-contenda-politica\/","title":{"rendered":"ADN e Joana Amaral Dias: cr\u00f3nica de uma contenda pol\u00edtica"},"content":{"rendered":"<p>O ADN confirmou que Jos\u00e9 Manuel Castro foi desnomeado como secret\u00e1rio-geral e arrisca expuls\u00e3o do partido por alegada sabotagem de Joana Amaral Dias. A ofensiva envolve a eventual candidatura de Joana a Bel\u00e9m, com amea\u00e7as relatadas que foram entregues \u00e0 Pol\u00edcia Judici\u00e1ria.<\/p>\n<p>Ant\u00f3nio Mendon\u00e7a, militante n\u00ba 2.929 do ADN e destacado apoiante nos A\u00e7ores, usou as redes sociais para responder a Castro. No dia 27 de dezembro partilhou uma imagem de IA no Facebook na qual Castro surge de joelhos, com as m\u00e3os algemadas, e acompanhado de um alegado carrasco, numa representa\u00e7\u00e3o de acusa\u00e7\u00f5es como acesso ileg\u00edtimo, sabotagem inform\u00e1tica e abuso de poder.<\/p>\n<p>No \u00e2mbito da candidatura de Joana Amaral Dias, o Tribunal Constitucional validou apenas 1.575 das 7.500 assinaturas exigidas para o registro em Bel\u00e9m. No interior do ADN, Castro \u00e9 descrito como algu\u00e9m que tentou minar a aposta presidencial da forma\u00e7\u00e3o, num contexto de disputas internas e acusa\u00e7\u00f5es m\u00fatuas.<\/p>\n","protected":false},"excerpt":{"rendered":"<ul>\n<li>Jos\u00e9 Manuel Castro foi desnomeado como secret\u00e1rio-geral do ADN e arrisca expuls\u00e3o do partido por alegada sabotagem a Joana Amaral Dias.<\/li>\n<li>As amea\u00e7as do militante foram entregues \u00e0 Pol\u00edcia Judici\u00e1ria (PJ).<\/li>\n<li>Ant\u00f3nio Mendon\u00e7a, militante n\u00famero 2.929 do ADN nos A\u00e7ores, criou uma imagem de Intelig\u00eancia Artificial para atacar Castro, partilhada a 27 de dezembro.<\/li>\n<li>A imagem mostra Castro deitado de barriga para baixo, algemado, dominado por um &#8220;carrasco&#8221; e lista acusa\u00e7\u00f5es como acesso ileg\u00edtimo, sabotagem inform\u00e1tica e abuso de poder.<\/li>\n<li>O Tribunal Constitucional ter\u00e1 validado apenas 1.575 assinaturas das 7.500 exigidas para Joana Amaral Dias se candidatar a Bel\u00e9m.<\/li>\n<\/ul>\n","protected":false},"author":2,"featured_media":162524,"comment_status":"closed","ping_status":"closed","sticky":false,"template":"","format":"standard","meta":{"footnotes":""},"categories":[1,5],"tags":[212,263,2669,2832,2230],"class_list":["post-162506","post","type-post","status-publish","format-standard","has-post-thumbnail","hentry","category-noticias","category-politica","tag-abuso-de-poder","tag-acesso-ilegitimo","tag-joana-amaral-dias","tag-politica","tag-sabotagem-grave"],"yoast_head":"<!-- This site is optimized with the Yoast SEO plugin v27.2 - https:\/\/yoast.com\/product\/yoast-seo-wordpress\/ -->\n<title>ADN e Joana Amaral Dias: cr\u00f3nica de uma contenda pol\u00edtica - Portal Tela Portugal<\/title>\n<meta name=\"robots\" content=\"index, follow, max-snippet:-1, max-image-preview:large, max-video-preview:-1\" \/>\n<meta property=\"og:locale\" content=\"pt_PT\" \/>\n<meta property=\"og:type\" content=\"article\" \/>\n<meta property=\"og:title\" content=\"ADN e Joana Amaral Dias: cr\u00f3nica de uma contenda pol\u00edtica - Portal Tela Portugal\" \/>\n<meta property=\"og:description\" content=\"Jos\u00e9 Manuel Castro foi desnomeado como secret\u00e1rio-geral do ADN e arrisca expuls\u00e3o do partido por alegada sabotagem a Joana Amaral Dias. As amea\u00e7as do militante foram entregues \u00e0 Pol\u00edcia Judici\u00e1ria (PJ). Ant\u00f3nio Mendon\u00e7a, militante n\u00famero 2.929 do ADN nos A\u00e7ores, criou uma imagem de Intelig\u00eancia Artificial para atacar Castro, partilhada a 27 de dezembro. A imagem mostra Castro deitado de barriga para baixo, algemado, dominado por um &quot;carrasco&quot; e lista acusa\u00e7\u00f5es como acesso ileg\u00edtimo, sabotagem inform\u00e1tica e abuso de poder. O Tribunal Constitucional ter\u00e1 validado apenas 1.575 assinaturas das 7.500 exigidas para Joana Amaral Dias se candidatar a Bel\u00e9m.\" \/>\n<meta property=\"og:url\" content=\"https:\/\/portaltela.pt\/noticias\/2026\/01\/22\/adn-e-joana-amaral-dias-cronica-de-uma-contenda-politica\/\" \/>\n<meta property=\"og:site_name\" content=\"Portal Tela Portugal\" \/>\n<meta property=\"article:published_time\" content=\"2026-01-22T08:24:08+00:00\" \/>\n<meta name=\"author\" content=\"Telinha\" \/>\n<meta name=\"twitter:card\" content=\"summary_large_image\" \/>\n<meta name=\"twitter:label1\" content=\"Escrito por\" \/>\n\t<meta name=\"twitter:data1\" content=\"Telinha\" \/>\n\t<meta name=\"twitter:label2\" content=\"Tempo estimado de leitura\" \/>\n\t<meta name=\"twitter:data2\" content=\"1 minuto\" \/>\n<script type=\"application\/ld+json\" class=\"yoast-schema-graph\">{\"@context\":\"https:\/\/schema.org\",\"@graph\":[{\"@type\":\"Article\",\"@id\":\"https:\/\/portaltela.pt\/noticias\/2026\/01\/22\/adn-e-joana-amaral-dias-cronica-de-uma-contenda-politica\/#article\",\"isPartOf\":{\"@id\":\"https:\/\/portaltela.pt\/noticias\/2026\/01\/22\/adn-e-joana-amaral-dias-cronica-de-uma-contenda-politica\/\"},\"author\":{\"name\":\"Telinha\",\"@id\":\"https:\/\/portaltela.pt\/#\/schema\/person\/c4278d4a6028830caff9ee44b42d32ed\"},\"headline\":\"ADN e Joana Amaral Dias: cr\u00f3nica de uma contenda pol\u00edtica\",\"datePublished\":\"2026-01-22T08:24:08+00:00\",\"mainEntityOfPage\":{\"@id\":\"https:\/\/portaltela.pt\/noticias\/2026\/01\/22\/adn-e-joana-amaral-dias-cronica-de-uma-contenda-politica\/\"},\"wordCount\":176,\"image\":{\"@id\":\"https:\/\/portaltela.pt\/noticias\/2026\/01\/22\/adn-e-joana-amaral-dias-cronica-de-uma-contenda-politica\/#primaryimage\"},\"thumbnailUrl\":\"https:\/\/portaltela.pt\/s.01k8rhncp4jt1\/2026\/01\/img_920x518uu2026-01-22-08-23-53-2416484.jpg\",\"keywords\":[\"abuso de poder\",\"acesso ileg\u00edtimo\",\"Joana Amaral Dias\",\"pol\u00edtica\",\"sabotagem grave\"],\"articleSection\":[\"Not\u00edcias\",\"Pol\u00edtica\"],\"inLanguage\":\"pt-PT\"},{\"@type\":\"WebPage\",\"@id\":\"https:\/\/portaltela.pt\/noticias\/2026\/01\/22\/adn-e-joana-amaral-dias-cronica-de-uma-contenda-politica\/\",\"url\":\"https:\/\/portaltela.pt\/noticias\/2026\/01\/22\/adn-e-joana-amaral-dias-cronica-de-uma-contenda-politica\/\",\"name\":\"ADN e Joana Amaral Dias: cr\u00f3nica de uma contenda pol\u00edtica - Portal Tela Portugal\",\"isPartOf\":{\"@id\":\"https:\/\/portaltela.pt\/#website\"},\"primaryImageOfPage\":{\"@id\":\"https:\/\/portaltela.pt\/noticias\/2026\/01\/22\/adn-e-joana-amaral-dias-cronica-de-uma-contenda-politica\/#primaryimage\"},\"image\":{\"@id\":\"https:\/\/portaltela.pt\/noticias\/2026\/01\/22\/adn-e-joana-amaral-dias-cronica-de-uma-contenda-politica\/#primaryimage\"},\"thumbnailUrl\":\"https:\/\/portaltela.pt\/s.01k8rhncp4jt1\/2026\/01\/img_920x518uu2026-01-22-08-23-53-2416484.jpg\",\"datePublished\":\"2026-01-22T08:24:08+00:00\",\"author\":{\"@id\":\"https:\/\/portaltela.pt\/#\/schema\/person\/c4278d4a6028830caff9ee44b42d32ed\"},\"breadcrumb\":{\"@id\":\"https:\/\/portaltela.pt\/noticias\/2026\/01\/22\/adn-e-joana-amaral-dias-cronica-de-uma-contenda-politica\/#breadcrumb\"},\"inLanguage\":\"pt-PT\",\"potentialAction\":[{\"@type\":\"ReadAction\",\"target\":[\"https:\/\/portaltela.pt\/noticias\/2026\/01\/22\/adn-e-joana-amaral-dias-cronica-de-uma-contenda-politica\/\"]}]},{\"@type\":\"ImageObject\",\"inLanguage\":\"pt-PT\",\"@id\":\"https:\/\/portaltela.pt\/noticias\/2026\/01\/22\/adn-e-joana-amaral-dias-cronica-de-uma-contenda-politica\/#primaryimage\",\"url\":\"https:\/\/portaltela.pt\/s.01k8rhncp4jt1\/2026\/01\/img_920x518uu2026-01-22-08-23-53-2416484.jpg\",\"contentUrl\":\"https:\/\/portaltela.pt\/s.01k8rhncp4jt1\/2026\/01\/img_920x518uu2026-01-22-08-23-53-2416484.jpg\",\"width\":796,\"height\":448,\"caption\":\"ribunal Constitucional s\u00f3 validou 1.575 assinaturas das 7.500 exigidas para Joana Amaral Dias se candidatar a Bel\u00e9m. Jos\u00e9 Manuel Castro \u00e9 descrito no interior do partido como \u201cquem fez de tudo para minar\u201d a aposta presidencial do ADN\"},{\"@type\":\"BreadcrumbList\",\"@id\":\"https:\/\/portaltela.pt\/noticias\/2026\/01\/22\/adn-e-joana-amaral-dias-cronica-de-uma-contenda-politica\/#breadcrumb\",\"itemListElement\":[{\"@type\":\"ListItem\",\"position\":1,\"name\":\"In\u00edcio\",\"item\":\"https:\/\/portaltela.pt\/\"},{\"@type\":\"ListItem\",\"position\":2,\"name\":\"ADN e Joana Amaral Dias: cr\u00f3nica de uma contenda pol\u00edtica\"}]},{\"@type\":\"WebSite\",\"@id\":\"https:\/\/portaltela.pt\/#website\",\"url\":\"https:\/\/portaltela.pt\/\",\"name\":\"Portal Tela Portugal\",\"description\":\"\",\"potentialAction\":[{\"@type\":\"SearchAction\",\"target\":{\"@type\":\"EntryPoint\",\"urlTemplate\":\"https:\/\/portaltela.pt\/?s={search_term_string}\"},\"query-input\":{\"@type\":\"PropertyValueSpecification\",\"valueRequired\":true,\"valueName\":\"search_term_string\"}}],\"inLanguage\":\"pt-PT\"},{\"@type\":\"Person\",\"@id\":\"https:\/\/portaltela.pt\/#\/schema\/person\/c4278d4a6028830caff9ee44b42d32ed\",\"name\":\"Telinha\",\"image\":{\"@type\":\"ImageObject\",\"inLanguage\":\"pt-PT\",\"@id\":\"https:\/\/portaltela.pt\/s.01k8rhncp4jt1\/2025\/11\/talking-bot-125x125.png\",\"url\":\"https:\/\/portaltela.pt\/s.01k8rhncp4jt1\/2025\/11\/talking-bot-125x125.png\",\"contentUrl\":\"https:\/\/portaltela.pt\/s.01k8rhncp4jt1\/2025\/11\/talking-bot-125x125.png\",\"caption\":\"Telinha\"},\"sameAs\":[\"https:\/\/portaltela.pt\/\"],\"url\":\"https:\/\/portaltela.pt\/por\/367410592786\/\"}]}<\/script>\n<!-- \/ Yoast SEO plugin. -->","yoast_head_json":{"title":"ADN e Joana Amaral Dias: cr\u00f3nica de uma contenda pol\u00edtica - Portal Tela Portugal","robots":{"index":"index","follow":"follow","max-snippet":"max-snippet:-1","max-image-preview":"max-image-preview:large","max-video-preview":"max-video-preview:-1"},"og_locale":"pt_PT","og_type":"article","og_title":"ADN e Joana Amaral Dias: cr\u00f3nica de uma contenda pol\u00edtica - Portal Tela Portugal","og_description":"Jos\u00e9 Manuel Castro foi desnomeado como secret\u00e1rio-geral do ADN e arrisca expuls\u00e3o do partido por alegada sabotagem a Joana Amaral Dias. As amea\u00e7as do militante foram entregues \u00e0 Pol\u00edcia Judici\u00e1ria (PJ). Ant\u00f3nio Mendon\u00e7a, militante n\u00famero 2.929 do ADN nos A\u00e7ores, criou uma imagem de Intelig\u00eancia Artificial para atacar Castro, partilhada a 27 de dezembro. A imagem mostra Castro deitado de barriga para baixo, algemado, dominado por um \"carrasco\" e lista acusa\u00e7\u00f5es como acesso ileg\u00edtimo, sabotagem inform\u00e1tica e abuso de poder. O Tribunal Constitucional ter\u00e1 validado apenas 1.575 assinaturas das 7.500 exigidas para Joana Amaral Dias se candidatar a Bel\u00e9m.","og_url":"https:\/\/portaltela.pt\/noticias\/2026\/01\/22\/adn-e-joana-amaral-dias-cronica-de-uma-contenda-politica\/","og_site_name":"Portal Tela Portugal","article_published_time":"2026-01-22T08:24:08+00:00","author":"Telinha","twitter_card":"summary_large_image","twitter_misc":{"Escrito por":"Telinha","Tempo estimado de leitura":"1 minuto"},"schema":{"@context":"https:\/\/schema.org","@graph":[{"@type":"Article","@id":"https:\/\/portaltela.pt\/noticias\/2026\/01\/22\/adn-e-joana-amaral-dias-cronica-de-uma-contenda-politica\/#article","isPartOf":{"@id":"https:\/\/portaltela.pt\/noticias\/2026\/01\/22\/adn-e-joana-amaral-dias-cronica-de-uma-contenda-politica\/"},"author":{"name":"Telinha","@id":"https:\/\/portaltela.pt\/#\/schema\/person\/c4278d4a6028830caff9ee44b42d32ed"},"headline":"ADN e Joana Amaral Dias: cr\u00f3nica de uma contenda pol\u00edtica","datePublished":"2026-01-22T08:24:08+00:00","mainEntityOfPage":{"@id":"https:\/\/portaltela.pt\/noticias\/2026\/01\/22\/adn-e-joana-amaral-dias-cronica-de-uma-contenda-politica\/"},"wordCount":176,"image":{"@id":"https:\/\/portaltela.pt\/noticias\/2026\/01\/22\/adn-e-joana-amaral-dias-cronica-de-uma-contenda-politica\/#primaryimage"},"thumbnailUrl":"https:\/\/portaltela.pt\/s.01k8rhncp4jt1\/2026\/01\/img_920x518uu2026-01-22-08-23-53-2416484.jpg","keywords":["abuso de poder","acesso ileg\u00edtimo","Joana Amaral Dias","pol\u00edtica","sabotagem grave"],"articleSection":["Not\u00edcias","Pol\u00edtica"],"inLanguage":"pt-PT"},{"@type":"WebPage","@id":"https:\/\/portaltela.pt\/noticias\/2026\/01\/22\/adn-e-joana-amaral-dias-cronica-de-uma-contenda-politica\/","url":"https:\/\/portaltela.pt\/noticias\/2026\/01\/22\/adn-e-joana-amaral-dias-cronica-de-uma-contenda-politica\/","name":"ADN e Joana Amaral Dias: cr\u00f3nica de uma contenda pol\u00edtica - Portal Tela Portugal","isPartOf":{"@id":"https:\/\/portaltela.pt\/#website"},"primaryImageOfPage":{"@id":"https:\/\/portaltela.pt\/noticias\/2026\/01\/22\/adn-e-joana-amaral-dias-cronica-de-uma-contenda-politica\/#primaryimage"},"image":{"@id":"https:\/\/portaltela.pt\/noticias\/2026\/01\/22\/adn-e-joana-amaral-dias-cronica-de-uma-contenda-politica\/#primaryimage"},"thumbnailUrl":"https:\/\/portaltela.pt\/s.01k8rhncp4jt1\/2026\/01\/img_920x518uu2026-01-22-08-23-53-2416484.jpg","datePublished":"2026-01-22T08:24:08+00:00","author":{"@id":"https:\/\/portaltela.pt\/#\/schema\/person\/c4278d4a6028830caff9ee44b42d32ed"},"breadcrumb":{"@id":"https:\/\/portaltela.pt\/noticias\/2026\/01\/22\/adn-e-joana-amaral-dias-cronica-de-uma-contenda-politica\/#breadcrumb"},"inLanguage":"pt-PT","potentialAction":[{"@type":"ReadAction","target":["https:\/\/portaltela.pt\/noticias\/2026\/01\/22\/adn-e-joana-amaral-dias-cronica-de-uma-contenda-politica\/"]}]},{"@type":"ImageObject","inLanguage":"pt-PT","@id":"https:\/\/portaltela.pt\/noticias\/2026\/01\/22\/adn-e-joana-amaral-dias-cronica-de-uma-contenda-politica\/#primaryimage","url":"https:\/\/portaltela.pt\/s.01k8rhncp4jt1\/2026\/01\/img_920x518uu2026-01-22-08-23-53-2416484.jpg","contentUrl":"https:\/\/portaltela.pt\/s.01k8rhncp4jt1\/2026\/01\/img_920x518uu2026-01-22-08-23-53-2416484.jpg","width":796,"height":448,"caption":"ribunal Constitucional s\u00f3 validou 1.575 assinaturas das 7.500 exigidas para Joana Amaral Dias se candidatar a Bel\u00e9m. Jos\u00e9 Manuel Castro \u00e9 descrito no interior do partido como \u201cquem fez de tudo para minar\u201d a aposta presidencial do ADN"},{"@type":"BreadcrumbList","@id":"https:\/\/portaltela.pt\/noticias\/2026\/01\/22\/adn-e-joana-amaral-dias-cronica-de-uma-contenda-politica\/#breadcrumb","itemListElement":[{"@type":"ListItem","position":1,"name":"In\u00edcio","item":"https:\/\/portaltela.pt\/"},{"@type":"ListItem","position":2,"name":"ADN e Joana Amaral Dias: cr\u00f3nica de uma contenda pol\u00edtica"}]},{"@type":"WebSite","@id":"https:\/\/portaltela.pt\/#website","url":"https:\/\/portaltela.pt\/","name":"Portal Tela Portugal","description":"","potentialAction":[{"@type":"SearchAction","target":{"@type":"EntryPoint","urlTemplate":"https:\/\/portaltela.pt\/?s={search_term_string}"},"query-input":{"@type":"PropertyValueSpecification","valueRequired":true,"valueName":"search_term_string"}}],"inLanguage":"pt-PT"},{"@type":"Person","@id":"https:\/\/portaltela.pt\/#\/schema\/person\/c4278d4a6028830caff9ee44b42d32ed","name":"Telinha","image":{"@type":"ImageObject","inLanguage":"pt-PT","@id":"https:\/\/portaltela.pt\/s.01k8rhncp4jt1\/2025\/11\/talking-bot-125x125.png","url":"https:\/\/portaltela.pt\/s.01k8rhncp4jt1\/2025\/11\/talking-bot-125x125.png","contentUrl":"https:\/\/portaltela.pt\/s.01k8rhncp4jt1\/2025\/11\/talking-bot-125x125.png","caption":"Telinha"},"sameAs":["https:\/\/portaltela.pt\/"],"url":"https:\/\/portaltela.pt\/por\/367410592786\/"}]}},"_links":{"self":[{"href":"https:\/\/portaltela.pt\/api\/wp\/v2\/posts\/162506","targetHints":{"allow":["GET"]}}],"collection":[{"href":"https:\/\/portaltela.pt\/api\/wp\/v2\/posts"}],"about":[{"href":"https:\/\/portaltela.pt\/api\/wp\/v2\/types\/post"}],"author":[{"embeddable":true,"href":"https:\/\/portaltela.pt\/api\/wp\/v2\/users\/2"}],"replies":[{"embeddable":true,"href":"https:\/\/portaltela.pt\/api\/wp\/v2\/comments?post=162506"}],"version-history":[{"count":0,"href":"https:\/\/portaltela.pt\/api\/wp\/v2\/posts\/162506\/revisions"}],"wp:featuredmedia":[{"embeddable":true,"href":"https:\/\/portaltela.pt\/api\/wp\/v2\/media\/162524"}],"wp:attachment":[{"href":"https:\/\/portaltela.pt\/api\/wp\/v2\/media?parent=162506"}],"wp:term":[{"taxonomy":"category","embeddable":true,"href":"https:\/\/portaltela.pt\/api\/wp\/v2\/categories?post=162506"},{"taxonomy":"post_tag","embeddable":true,"href":"https:\/\/portaltela.pt\/api\/wp\/v2\/tags?post=162506"}],"curies":[{"name":"wp","href":"https:\/\/api.w.org\/{rel}","templated":true}]}}