{"id":162499,"date":"2026-01-22T04:58:35","date_gmt":"2026-01-22T07:58:35","guid":{"rendered":"https:\/\/portaltela.pt\/noticias\/2026\/01\/22\/pro-var-apresenta-hoje-as-financas-propostas-para-viabilizar-a-restauracao\/"},"modified":"2026-01-22T04:58:35","modified_gmt":"2026-01-22T07:58:35","slug":"pro-var-apresenta-hoje-as-financas-propostas-para-viabilizar-a-restauracao","status":"publish","type":"post","link":"https:\/\/portaltela.pt\/noticias\/economia\/2026\/01\/22\/pro-var-apresenta-hoje-as-financas-propostas-para-viabilizar-a-restauracao\/","title":{"rendered":"PRO.VAR apresenta hoje \u00e0s Finan\u00e7as propostas para viabilizar a restaura\u00e7\u00e3o"},"content":{"rendered":"<p>A PRO.VAR &#8211; Associa\u00e7\u00e3o Nacional de Restaurantes apresenta hoje ao Minist\u00e9rio das Finan\u00e7as cinco propostas estruturais para assegurar a viabilidade do setor, proteger o emprego e manter a arrecada\u00e7\u00e3o fiscal do Estado. O an\u00fancio surge com uma agenda marcada para as 11:00, numa reuni\u00e3o com um respons\u00e1vel da \u00e1rea fiscal do Governo. O presidente da PRO.VAR, Daniel Serra, confirmou a reuni\u00e3o \u00e0 Lusa, sem detalhar o nome do interlocutor.<\/p>\n<p>Apesar de elogiar medidas anunciadas recentemente pelo ministro da Economia, Manuel Castro Almeida, para aliviar a press\u00e3o financeira das empresas tur\u00edsticas, a organiza\u00e7\u00e3o sustenta que elas n\u00e3o resolvem problemas estruturais. A PRO.VAR considera essencial apresentar solu\u00e7\u00f5es duradouras que promovam equidade fiscal.<\/p>\n<h3>Propostas estruturais<\/h3>\n<p>Entre as medidas apresentadas, a PRO.VAR destaca cinco caminhos para a sustentabilidade econ\u00f3mica da restaura\u00e7\u00e3o, a prote\u00e7\u00e3o do emprego e o refor\u00e7o da receita do Estado.<\/p>\n<ul>\n<li>Descida do IVA da restaura\u00e7\u00e3o de 13% para 6% nas opera\u00e7\u00f5es de restaura\u00e7\u00e3o, visando estabilizar pre\u00e7os, melhorar remunera\u00e7\u00f5es e reduzir a depend\u00eancia do setor do modo de sobreviv\u00eancia.<\/li>\n<li>Cria\u00e7\u00e3o de um imposto \u00fanico para a restaura\u00e7\u00e3o tradicional, com objetivo de assegurar equidade entre operadores, combater a informalidade e garantir receitas previs\u00edveis.<\/li>\n<li>Ajustes na Taxa Social \u00danica (TSU), incluindo isen\u00e7\u00e3o de valores acima das tabelas salariais constantes nos contratos coletivos de trabalho.<\/li>\n<li>Implementa\u00e7\u00e3o de um modelo de lay-off ajustado \u00e0 sazonalidade semanal e mensal do setor.<\/li>\n<li>Cria\u00e7\u00e3o de mecanismos para encerrar o dossi\u00ea das d\u00edvidas COVID, libertando empresas vi\u00e1veis de encargos hist\u00f3ricos.<\/li>\n<\/ul>\n","protected":false},"excerpt":{"rendered":"<ul>\n<li>A PRO.VAR apresenta hoje ao Minist\u00e9rio das Finan\u00e7as cinco propostas estruturais para viabilizar a restaura\u00e7\u00e3o, proteger o emprego e assegurar receita fiscal.<\/li>\n<li>Uma medida central \u00e9 reduzir o IVA da restaura\u00e7\u00e3o de 13% para 6% nas comidas, para estabilizar pre\u00e7os, melhorar sal\u00e1rios e manter a competitividade.<\/li>\n<li>Prop\u00f5e ainda a cria\u00e7\u00e3o de um imposto \u00fanico para a restaura\u00e7\u00e3o tradicional, visando equidade entre operadores, combate \u00e0 informalidade e previsibilidade de receitas para o Estado.<\/li>\n<li>Defende ajustes na Taxa Social \u00danica (TSU), incluindo isen\u00e7\u00e3o nos valores acima do que constam nas tabelas salariais dos contratos coletivos de trabalho, e a implementa\u00e7\u00e3o de um modelo de lay-off ajustado \u00e0 sazonalidade do setor.<\/li>\n<li>Sugerem mecanismos para encerrar o dossi\u00ea das d\u00edvidas covid, libertando empresas vi\u00e1veis de d\u00edvida hist\u00f3rica.<\/li>\n<\/ul>\n","protected":false},"author":2,"featured_media":162538,"comment_status":"closed","ping_status":"closed","sticky":false,"template":"","format":"standard","meta":{"footnotes":""},"categories":[2,1],"tags":[190,28,1006,3613,2107,1931],"class_list":["post-162499","post","type-post","status-publish","format-standard","has-post-thumbnail","hentry","category-economia","category-noticias","tag-desenvolvimento-economico","tag-economia","tag-emprego","tag-impostos","tag-propostas","tag-restaurantes"],"yoast_head":"<!-- This site is optimized with the Yoast SEO plugin v27.2 - https:\/\/yoast.com\/product\/yoast-seo-wordpress\/ -->\n<title>PRO.VAR apresenta hoje \u00e0s Finan\u00e7as propostas para viabilizar a restaura\u00e7\u00e3o - Portal Tela Portugal<\/title>\n<meta name=\"robots\" content=\"index, follow, max-snippet:-1, max-image-preview:large, max-video-preview:-1\" \/>\n<meta property=\"og:locale\" content=\"pt_PT\" \/>\n<meta property=\"og:type\" content=\"article\" \/>\n<meta property=\"og:title\" content=\"PRO.VAR apresenta hoje \u00e0s Finan\u00e7as propostas para viabilizar a restaura\u00e7\u00e3o - Portal Tela Portugal\" \/>\n<meta property=\"og:description\" content=\"A PRO.VAR apresenta hoje ao Minist\u00e9rio das Finan\u00e7as cinco propostas estruturais para viabilizar a restaura\u00e7\u00e3o, proteger o emprego e assegurar receita fiscal. Uma medida central \u00e9 reduzir o IVA da restaura\u00e7\u00e3o de 13% para 6% nas comidas, para estabilizar pre\u00e7os, melhorar sal\u00e1rios e manter a competitividade. Prop\u00f5e ainda a cria\u00e7\u00e3o de um imposto \u00fanico para a restaura\u00e7\u00e3o tradicional, visando equidade entre operadores, combate \u00e0 informalidade e previsibilidade de receitas para o Estado. Defende ajustes na Taxa Social \u00danica (TSU), incluindo isen\u00e7\u00e3o nos valores acima do que constam nas tabelas salariais dos contratos coletivos de trabalho, e a implementa\u00e7\u00e3o de um modelo de lay-off ajustado \u00e0 sazonalidade do setor. Sugerem mecanismos para encerrar o dossi\u00ea das d\u00edvidas covid, libertando empresas vi\u00e1veis de d\u00edvida hist\u00f3rica.\" \/>\n<meta property=\"og:url\" content=\"https:\/\/portaltela.pt\/noticias\/2026\/01\/22\/pro-var-apresenta-hoje-as-financas-propostas-para-viabilizar-a-restauracao\/\" \/>\n<meta property=\"og:site_name\" content=\"Portal Tela Portugal\" \/>\n<meta property=\"article:published_time\" content=\"2026-01-22T07:58:35+00:00\" \/>\n<meta name=\"author\" content=\"Telinha\" \/>\n<meta name=\"twitter:card\" content=\"summary_large_image\" \/>\n<meta name=\"twitter:label1\" content=\"Escrito por\" \/>\n\t<meta name=\"twitter:data1\" content=\"Telinha\" \/>\n\t<meta name=\"twitter:label2\" content=\"Tempo estimado de leitura\" \/>\n\t<meta name=\"twitter:data2\" content=\"1 minuto\" \/>\n<script type=\"application\/ld+json\" class=\"yoast-schema-graph\">{\"@context\":\"https:\/\/schema.org\",\"@graph\":[{\"@type\":\"Article\",\"@id\":\"https:\/\/portaltela.pt\/noticias\/2026\/01\/22\/pro-var-apresenta-hoje-as-financas-propostas-para-viabilizar-a-restauracao\/#article\",\"isPartOf\":{\"@id\":\"https:\/\/portaltela.pt\/noticias\/2026\/01\/22\/pro-var-apresenta-hoje-as-financas-propostas-para-viabilizar-a-restauracao\/\"},\"author\":{\"name\":\"Telinha\",\"@id\":\"https:\/\/portaltela.pt\/#\/schema\/person\/c4278d4a6028830caff9ee44b42d32ed\"},\"headline\":\"PRO.VAR apresenta hoje \u00e0s Finan\u00e7as propostas para viabilizar a restaura\u00e7\u00e3o\",\"datePublished\":\"2026-01-22T07:58:35+00:00\",\"mainEntityOfPage\":{\"@id\":\"https:\/\/portaltela.pt\/noticias\/2026\/01\/22\/pro-var-apresenta-hoje-as-financas-propostas-para-viabilizar-a-restauracao\/\"},\"wordCount\":284,\"image\":{\"@id\":\"https:\/\/portaltela.pt\/noticias\/2026\/01\/22\/pro-var-apresenta-hoje-as-financas-propostas-para-viabilizar-a-restauracao\/#primaryimage\"},\"thumbnailUrl\":\"https:\/\/portaltela.pt\/s.01k8rhncp4jt1\/2026\/01\/unnamed-file-4592.jpg\",\"keywords\":[\"Desenvolvimento econ\u00f3mico\",\"economia\",\"emprego\",\"impostos\",\"propostas\",\"restaurantes\"],\"articleSection\":[\"Economia\",\"Not\u00edcias\"],\"inLanguage\":\"pt-PT\"},{\"@type\":\"WebPage\",\"@id\":\"https:\/\/portaltela.pt\/noticias\/2026\/01\/22\/pro-var-apresenta-hoje-as-financas-propostas-para-viabilizar-a-restauracao\/\",\"url\":\"https:\/\/portaltela.pt\/noticias\/2026\/01\/22\/pro-var-apresenta-hoje-as-financas-propostas-para-viabilizar-a-restauracao\/\",\"name\":\"PRO.VAR apresenta hoje \u00e0s Finan\u00e7as propostas para viabilizar a restaura\u00e7\u00e3o - Portal Tela Portugal\",\"isPartOf\":{\"@id\":\"https:\/\/portaltela.pt\/#website\"},\"primaryImageOfPage\":{\"@id\":\"https:\/\/portaltela.pt\/noticias\/2026\/01\/22\/pro-var-apresenta-hoje-as-financas-propostas-para-viabilizar-a-restauracao\/#primaryimage\"},\"image\":{\"@id\":\"https:\/\/portaltela.pt\/noticias\/2026\/01\/22\/pro-var-apresenta-hoje-as-financas-propostas-para-viabilizar-a-restauracao\/#primaryimage\"},\"thumbnailUrl\":\"https:\/\/portaltela.pt\/s.01k8rhncp4jt1\/2026\/01\/unnamed-file-4592.jpg\",\"datePublished\":\"2026-01-22T07:58:35+00:00\",\"author\":{\"@id\":\"https:\/\/portaltela.pt\/#\/schema\/person\/c4278d4a6028830caff9ee44b42d32ed\"},\"breadcrumb\":{\"@id\":\"https:\/\/portaltela.pt\/noticias\/2026\/01\/22\/pro-var-apresenta-hoje-as-financas-propostas-para-viabilizar-a-restauracao\/#breadcrumb\"},\"inLanguage\":\"pt-PT\",\"potentialAction\":[{\"@type\":\"ReadAction\",\"target\":[\"https:\/\/portaltela.pt\/noticias\/2026\/01\/22\/pro-var-apresenta-hoje-as-financas-propostas-para-viabilizar-a-restauracao\/\"]}]},{\"@type\":\"ImageObject\",\"inLanguage\":\"pt-PT\",\"@id\":\"https:\/\/portaltela.pt\/noticias\/2026\/01\/22\/pro-var-apresenta-hoje-as-financas-propostas-para-viabilizar-a-restauracao\/#primaryimage\",\"url\":\"https:\/\/portaltela.pt\/s.01k8rhncp4jt1\/2026\/01\/unnamed-file-4592.jpg\",\"contentUrl\":\"https:\/\/portaltela.pt\/s.01k8rhncp4jt1\/2026\/01\/unnamed-file-4592.jpg\",\"width\":796,\"height\":448,\"caption\":\"PRO.VAR apresenta hoje \u00e0s Finan\u00e7as propostas para viabilizar restaura\u00e7\u00e3o\"},{\"@type\":\"BreadcrumbList\",\"@id\":\"https:\/\/portaltela.pt\/noticias\/2026\/01\/22\/pro-var-apresenta-hoje-as-financas-propostas-para-viabilizar-a-restauracao\/#breadcrumb\",\"itemListElement\":[{\"@type\":\"ListItem\",\"position\":1,\"name\":\"In\u00edcio\",\"item\":\"https:\/\/portaltela.pt\/\"},{\"@type\":\"ListItem\",\"position\":2,\"name\":\"PRO.VAR apresenta hoje \u00e0s Finan\u00e7as propostas para viabilizar a restaura\u00e7\u00e3o\"}]},{\"@type\":\"WebSite\",\"@id\":\"https:\/\/portaltela.pt\/#website\",\"url\":\"https:\/\/portaltela.pt\/\",\"name\":\"Portal Tela Portugal\",\"description\":\"\",\"potentialAction\":[{\"@type\":\"SearchAction\",\"target\":{\"@type\":\"EntryPoint\",\"urlTemplate\":\"https:\/\/portaltela.pt\/?s={search_term_string}\"},\"query-input\":{\"@type\":\"PropertyValueSpecification\",\"valueRequired\":true,\"valueName\":\"search_term_string\"}}],\"inLanguage\":\"pt-PT\"},{\"@type\":\"Person\",\"@id\":\"https:\/\/portaltela.pt\/#\/schema\/person\/c4278d4a6028830caff9ee44b42d32ed\",\"name\":\"Telinha\",\"image\":{\"@type\":\"ImageObject\",\"inLanguage\":\"pt-PT\",\"@id\":\"https:\/\/portaltela.pt\/s.01k8rhncp4jt1\/2025\/11\/talking-bot-125x125.png\",\"url\":\"https:\/\/portaltela.pt\/s.01k8rhncp4jt1\/2025\/11\/talking-bot-125x125.png\",\"contentUrl\":\"https:\/\/portaltela.pt\/s.01k8rhncp4jt1\/2025\/11\/talking-bot-125x125.png\",\"caption\":\"Telinha\"},\"sameAs\":[\"https:\/\/portaltela.pt\/\"],\"url\":\"https:\/\/portaltela.pt\/por\/367410592786\/\"}]}<\/script>\n<!-- \/ Yoast SEO plugin. -->","yoast_head_json":{"title":"PRO.VAR apresenta hoje \u00e0s Finan\u00e7as propostas para viabilizar a restaura\u00e7\u00e3o - Portal Tela Portugal","robots":{"index":"index","follow":"follow","max-snippet":"max-snippet:-1","max-image-preview":"max-image-preview:large","max-video-preview":"max-video-preview:-1"},"og_locale":"pt_PT","og_type":"article","og_title":"PRO.VAR apresenta hoje \u00e0s Finan\u00e7as propostas para viabilizar a restaura\u00e7\u00e3o - Portal Tela Portugal","og_description":"A PRO.VAR apresenta hoje ao Minist\u00e9rio das Finan\u00e7as cinco propostas estruturais para viabilizar a restaura\u00e7\u00e3o, proteger o emprego e assegurar receita fiscal. Uma medida central \u00e9 reduzir o IVA da restaura\u00e7\u00e3o de 13% para 6% nas comidas, para estabilizar pre\u00e7os, melhorar sal\u00e1rios e manter a competitividade. Prop\u00f5e ainda a cria\u00e7\u00e3o de um imposto \u00fanico para a restaura\u00e7\u00e3o tradicional, visando equidade entre operadores, combate \u00e0 informalidade e previsibilidade de receitas para o Estado. Defende ajustes na Taxa Social \u00danica (TSU), incluindo isen\u00e7\u00e3o nos valores acima do que constam nas tabelas salariais dos contratos coletivos de trabalho, e a implementa\u00e7\u00e3o de um modelo de lay-off ajustado \u00e0 sazonalidade do setor. Sugerem mecanismos para encerrar o dossi\u00ea das d\u00edvidas covid, libertando empresas vi\u00e1veis de d\u00edvida hist\u00f3rica.","og_url":"https:\/\/portaltela.pt\/noticias\/2026\/01\/22\/pro-var-apresenta-hoje-as-financas-propostas-para-viabilizar-a-restauracao\/","og_site_name":"Portal Tela Portugal","article_published_time":"2026-01-22T07:58:35+00:00","author":"Telinha","twitter_card":"summary_large_image","twitter_misc":{"Escrito por":"Telinha","Tempo estimado de leitura":"1 minuto"},"schema":{"@context":"https:\/\/schema.org","@graph":[{"@type":"Article","@id":"https:\/\/portaltela.pt\/noticias\/2026\/01\/22\/pro-var-apresenta-hoje-as-financas-propostas-para-viabilizar-a-restauracao\/#article","isPartOf":{"@id":"https:\/\/portaltela.pt\/noticias\/2026\/01\/22\/pro-var-apresenta-hoje-as-financas-propostas-para-viabilizar-a-restauracao\/"},"author":{"name":"Telinha","@id":"https:\/\/portaltela.pt\/#\/schema\/person\/c4278d4a6028830caff9ee44b42d32ed"},"headline":"PRO.VAR apresenta hoje \u00e0s Finan\u00e7as propostas para viabilizar a restaura\u00e7\u00e3o","datePublished":"2026-01-22T07:58:35+00:00","mainEntityOfPage":{"@id":"https:\/\/portaltela.pt\/noticias\/2026\/01\/22\/pro-var-apresenta-hoje-as-financas-propostas-para-viabilizar-a-restauracao\/"},"wordCount":284,"image":{"@id":"https:\/\/portaltela.pt\/noticias\/2026\/01\/22\/pro-var-apresenta-hoje-as-financas-propostas-para-viabilizar-a-restauracao\/#primaryimage"},"thumbnailUrl":"https:\/\/portaltela.pt\/s.01k8rhncp4jt1\/2026\/01\/unnamed-file-4592.jpg","keywords":["Desenvolvimento econ\u00f3mico","economia","emprego","impostos","propostas","restaurantes"],"articleSection":["Economia","Not\u00edcias"],"inLanguage":"pt-PT"},{"@type":"WebPage","@id":"https:\/\/portaltela.pt\/noticias\/2026\/01\/22\/pro-var-apresenta-hoje-as-financas-propostas-para-viabilizar-a-restauracao\/","url":"https:\/\/portaltela.pt\/noticias\/2026\/01\/22\/pro-var-apresenta-hoje-as-financas-propostas-para-viabilizar-a-restauracao\/","name":"PRO.VAR apresenta hoje \u00e0s Finan\u00e7as propostas para viabilizar a restaura\u00e7\u00e3o - Portal Tela Portugal","isPartOf":{"@id":"https:\/\/portaltela.pt\/#website"},"primaryImageOfPage":{"@id":"https:\/\/portaltela.pt\/noticias\/2026\/01\/22\/pro-var-apresenta-hoje-as-financas-propostas-para-viabilizar-a-restauracao\/#primaryimage"},"image":{"@id":"https:\/\/portaltela.pt\/noticias\/2026\/01\/22\/pro-var-apresenta-hoje-as-financas-propostas-para-viabilizar-a-restauracao\/#primaryimage"},"thumbnailUrl":"https:\/\/portaltela.pt\/s.01k8rhncp4jt1\/2026\/01\/unnamed-file-4592.jpg","datePublished":"2026-01-22T07:58:35+00:00","author":{"@id":"https:\/\/portaltela.pt\/#\/schema\/person\/c4278d4a6028830caff9ee44b42d32ed"},"breadcrumb":{"@id":"https:\/\/portaltela.pt\/noticias\/2026\/01\/22\/pro-var-apresenta-hoje-as-financas-propostas-para-viabilizar-a-restauracao\/#breadcrumb"},"inLanguage":"pt-PT","potentialAction":[{"@type":"ReadAction","target":["https:\/\/portaltela.pt\/noticias\/2026\/01\/22\/pro-var-apresenta-hoje-as-financas-propostas-para-viabilizar-a-restauracao\/"]}]},{"@type":"ImageObject","inLanguage":"pt-PT","@id":"https:\/\/portaltela.pt\/noticias\/2026\/01\/22\/pro-var-apresenta-hoje-as-financas-propostas-para-viabilizar-a-restauracao\/#primaryimage","url":"https:\/\/portaltela.pt\/s.01k8rhncp4jt1\/2026\/01\/unnamed-file-4592.jpg","contentUrl":"https:\/\/portaltela.pt\/s.01k8rhncp4jt1\/2026\/01\/unnamed-file-4592.jpg","width":796,"height":448,"caption":"PRO.VAR apresenta hoje \u00e0s Finan\u00e7as propostas para viabilizar restaura\u00e7\u00e3o"},{"@type":"BreadcrumbList","@id":"https:\/\/portaltela.pt\/noticias\/2026\/01\/22\/pro-var-apresenta-hoje-as-financas-propostas-para-viabilizar-a-restauracao\/#breadcrumb","itemListElement":[{"@type":"ListItem","position":1,"name":"In\u00edcio","item":"https:\/\/portaltela.pt\/"},{"@type":"ListItem","position":2,"name":"PRO.VAR apresenta hoje \u00e0s Finan\u00e7as propostas para viabilizar a restaura\u00e7\u00e3o"}]},{"@type":"WebSite","@id":"https:\/\/portaltela.pt\/#website","url":"https:\/\/portaltela.pt\/","name":"Portal Tela Portugal","description":"","potentialAction":[{"@type":"SearchAction","target":{"@type":"EntryPoint","urlTemplate":"https:\/\/portaltela.pt\/?s={search_term_string}"},"query-input":{"@type":"PropertyValueSpecification","valueRequired":true,"valueName":"search_term_string"}}],"inLanguage":"pt-PT"},{"@type":"Person","@id":"https:\/\/portaltela.pt\/#\/schema\/person\/c4278d4a6028830caff9ee44b42d32ed","name":"Telinha","image":{"@type":"ImageObject","inLanguage":"pt-PT","@id":"https:\/\/portaltela.pt\/s.01k8rhncp4jt1\/2025\/11\/talking-bot-125x125.png","url":"https:\/\/portaltela.pt\/s.01k8rhncp4jt1\/2025\/11\/talking-bot-125x125.png","contentUrl":"https:\/\/portaltela.pt\/s.01k8rhncp4jt1\/2025\/11\/talking-bot-125x125.png","caption":"Telinha"},"sameAs":["https:\/\/portaltela.pt\/"],"url":"https:\/\/portaltela.pt\/por\/367410592786\/"}]}},"_links":{"self":[{"href":"https:\/\/portaltela.pt\/api\/wp\/v2\/posts\/162499","targetHints":{"allow":["GET"]}}],"collection":[{"href":"https:\/\/portaltela.pt\/api\/wp\/v2\/posts"}],"about":[{"href":"https:\/\/portaltela.pt\/api\/wp\/v2\/types\/post"}],"author":[{"embeddable":true,"href":"https:\/\/portaltela.pt\/api\/wp\/v2\/users\/2"}],"replies":[{"embeddable":true,"href":"https:\/\/portaltela.pt\/api\/wp\/v2\/comments?post=162499"}],"version-history":[{"count":0,"href":"https:\/\/portaltela.pt\/api\/wp\/v2\/posts\/162499\/revisions"}],"wp:featuredmedia":[{"embeddable":true,"href":"https:\/\/portaltela.pt\/api\/wp\/v2\/media\/162538"}],"wp:attachment":[{"href":"https:\/\/portaltela.pt\/api\/wp\/v2\/media?parent=162499"}],"wp:term":[{"taxonomy":"category","embeddable":true,"href":"https:\/\/portaltela.pt\/api\/wp\/v2\/categories?post=162499"},{"taxonomy":"post_tag","embeddable":true,"href":"https:\/\/portaltela.pt\/api\/wp\/v2\/tags?post=162499"}],"curies":[{"name":"wp","href":"https:\/\/api.w.org\/{rel}","templated":true}]}}