{"id":162475,"date":"2026-01-22T05:00:00","date_gmt":"2026-01-22T08:00:00","guid":{"rendered":"https:\/\/portaltela.pt\/noticias\/2026\/01\/22\/ex-organizador-de-vigilias-de-tiananmen-admite-culpabilidade-por-subversao\/"},"modified":"2026-01-22T05:00:00","modified_gmt":"2026-01-22T08:00:00","slug":"ex-organizador-de-vigilias-de-tiananmen-admite-culpabilidade-por-subversao","status":"publish","type":"post","link":"https:\/\/portaltela.pt\/noticias\/2026\/01\/22\/ex-organizador-de-vigilias-de-tiananmen-admite-culpabilidade-por-subversao\/","title":{"rendered":"Ex-organizador de vig\u00edlias de Tiananmen admite culpabilidade por subvers\u00e3o"},"content":{"rendered":"<p>Albert Ho Chun-yan declarou-se culpado hoje, no in\u00edcio do julgamento por incitamento \u00e0 subvers\u00e3o. O ex-organizador da vig\u00edlia de Tiananmen em Hong Kong \u00e9 acusado pelo Minist\u00e9rio P\u00fablico de defender o fim do regime de partido \u00fanico chin\u00eas ao longo de d\u00e9cadas de discursos.<\/p>\n<p>Chow Hang-tung e Lee Cheuk-yan, antigos l\u00edderes da Alian\u00e7a de Hong Kong de Apoio aos Movimentos Democr\u00e1ticos Patri\u00f3ticos da China, declararam-se inocentes. A sess\u00e3o foi presidida pelo juiz Alex Lee Wan-tang.<\/p>\n<p>O julgamento de Albert Ho, Chow Hang-tung, Lee Cheuk-yan e de Jimmy Lai decorre numa altura de grande tens\u00e3o pol\u00edtica. Lai foi considerado culpado em dezembro de conspira\u00e7\u00e3o para conluio com for\u00e7as estrangeiras e para publicar artigos sediciosos.<\/p>\n<h3>Deten\u00e7\u00e3o e enquadramento legal<\/h3>\n<p>Os tr\u00eas ativistas, detidos em setembro de 2021, permanecem na pris\u00e3o. Ho teve liberta\u00e7\u00e3o provis\u00f3ria por cau\u00e7\u00e3o, mas regressou \u00e0 pris\u00e3o ap\u00f3s alega\u00e7\u00f5es de violar termos. As audi\u00eancias dever\u00e3o durar 75 dias, com in\u00edcio adiado duas vezes.<\/p>\n<p>O procurador Ned Lai Ka-yee alegou que Ho, em discursos nas vig\u00edlias, defendeu repetidamente o fim do regime chin\u00eas. A defesa sustenta que tais mensagens se enquadram na liberdade de express\u00e3o protegida.<\/p>\n<p>As vig\u00edlias pelas v\u00edtimas do Massacre de Tiananmen foram interrompidas em 2020 por causa da covid-19 e n\u00e3o voltaram, devido \u00e0 Lei de Seguran\u00e7a Nacional implantada por Pequim em 2020.<\/p>\n<h3>Contexto regional<\/h3>\n<p>Hong Kong e Macau ficaram como os \u00fanicos locais onde vig\u00edlias a luz de velas marcavam o 4 de junho. Em Macau, a vig\u00edlia no Largo do Senado tamb\u00e9m foi proibida, refletindo o clima de repress\u00e3o.<\/p>\n<p>Diplomatas de Fran\u00e7a, Su\u00e9cia e Irlanda estiveram presentes, juntamente com antigos membros e volunt\u00e1rios da Alian\u00e7a, dissolvida em 2021. A Amnistia Internacional reiterou cr\u00edticas \u00e0 aplica\u00e7\u00e3o da lei de seguran\u00e7a nacional.<\/p>\n<p>A organiza\u00e7\u00e3o salientou que mais de 300 pessoas foram detidas desde 2020 em casos ligados \u00e0 seguran\u00e7a nacional, envolvendo ativistas, jornalistas e acad\u00e9micos, segundo o grupo.<\/p>\n","protected":false},"excerpt":{"rendered":"<ul>\n<li>Albert Ho Chun-yan declarou-se culpado de incitamento \u00e0 subvers\u00e3o, no in\u00edcio do julgamento por vig\u00edlias em mem\u00f3ria de Tiananmen em Hong Kong.<\/li>\n<li>Chow Hang-tung e Lee Cheuk-yan declararam-se inocentes; Jimmy Lai j\u00e1 foi considerado culpado, tamb\u00e9m nesse processo, por conspira\u00e7\u00e3o para conluio com for\u00e7as estrangeiras e por conspira\u00e7\u00e3o para publicar artigos sediciosos.<\/li>\n<li>O julgamento \u00e9 presidido pelo juiz Alex Lee Wan-tang; as audi\u00eancias devem durar cerca de setenta e cinco dias.<\/li>\n<li>Se forem condenados, os tr\u00eas ativistas podem enfrentar at\u00e9 dez anos de pris\u00e3o ao abrigo da lei de seguran\u00e7a nacional, implementada em 2020. Est\u00e3o detidos desde setembro de 2021, com Ho libertado brevemente em cau\u00e7\u00e3o e depois reencarcerado.<\/li>\n<li>As vig\u00edlias foram interrompidas em 2020 devido \u00e0 covid-19 e n\u00e3o retomaram, com a lei de seguran\u00e7a nacional a impedir manifesta\u00e7\u00f5es; organiza\u00e7\u00f5es como a Amnistia Internacional criticam as deten\u00e7\u00f5es e o uso da NSL.<\/li>\n<\/ul>\n","protected":false},"author":2,"featured_media":162479,"comment_status":"closed","ping_status":"closed","sticky":false,"template":"","format":"standard","meta":{"footnotes":""},"categories":[],"tags":[1730,2633,3788,2920,2832,250],"class_list":["post-162475","post","type-post","status-publish","format-standard","has-post-thumbnail","hentry","tag-amnistia-internacional","tag-direitos-humanos","tag-lei-de-seguranca-nacional","tag-liberdade-de-expressao","tag-politica","tag-seguranca-publica"],"yoast_head":"<!-- This site is optimized with the Yoast SEO plugin v27.2 - https:\/\/yoast.com\/product\/yoast-seo-wordpress\/ -->\n<title>Ex-organizador de vig\u00edlias de Tiananmen admite culpabilidade por subvers\u00e3o - Portal Tela Portugal<\/title>\n<meta name=\"robots\" content=\"index, follow, max-snippet:-1, max-image-preview:large, max-video-preview:-1\" \/>\n<meta property=\"og:locale\" content=\"pt_PT\" \/>\n<meta property=\"og:type\" content=\"article\" \/>\n<meta property=\"og:title\" content=\"Ex-organizador de vig\u00edlias de Tiananmen admite culpabilidade por subvers\u00e3o - Portal Tela Portugal\" \/>\n<meta property=\"og:description\" content=\"Albert Ho Chun-yan declarou-se culpado de incitamento \u00e0 subvers\u00e3o, no in\u00edcio do julgamento por vig\u00edlias em mem\u00f3ria de Tiananmen em Hong Kong. Chow Hang-tung e Lee Cheuk-yan declararam-se inocentes; Jimmy Lai j\u00e1 foi considerado culpado, tamb\u00e9m nesse processo, por conspira\u00e7\u00e3o para conluio com for\u00e7as estrangeiras e por conspira\u00e7\u00e3o para publicar artigos sediciosos. O julgamento \u00e9 presidido pelo juiz Alex Lee Wan-tang; as audi\u00eancias devem durar cerca de setenta e cinco dias. Se forem condenados, os tr\u00eas ativistas podem enfrentar at\u00e9 dez anos de pris\u00e3o ao abrigo da lei de seguran\u00e7a nacional, implementada em 2020. Est\u00e3o detidos desde setembro de 2021, com Ho libertado brevemente em cau\u00e7\u00e3o e depois reencarcerado. As vig\u00edlias foram interrompidas em 2020 devido \u00e0 covid-19 e n\u00e3o retomaram, com a lei de seguran\u00e7a nacional a impedir manifesta\u00e7\u00f5es; organiza\u00e7\u00f5es como a Amnistia Internacional criticam as deten\u00e7\u00f5es e o uso da NSL.\" \/>\n<meta property=\"og:url\" content=\"https:\/\/portaltela.pt\/noticias\/2026\/01\/22\/ex-organizador-de-vigilias-de-tiananmen-admite-culpabilidade-por-subversao\/\" \/>\n<meta property=\"og:site_name\" content=\"Portal Tela Portugal\" \/>\n<meta property=\"article:published_time\" content=\"2026-01-22T08:00:00+00:00\" \/>\n<meta name=\"author\" content=\"Telinha\" \/>\n<meta name=\"twitter:card\" content=\"summary_large_image\" \/>\n<meta name=\"twitter:label1\" content=\"Escrito por\" \/>\n\t<meta name=\"twitter:data1\" content=\"Telinha\" \/>\n\t<meta name=\"twitter:label2\" content=\"Tempo estimado de leitura\" \/>\n\t<meta name=\"twitter:data2\" content=\"2 minutos\" \/>\n<script type=\"application\/ld+json\" class=\"yoast-schema-graph\">{\"@context\":\"https:\/\/schema.org\",\"@graph\":[{\"@type\":\"Article\",\"@id\":\"https:\/\/portaltela.pt\/noticias\/2026\/01\/22\/ex-organizador-de-vigilias-de-tiananmen-admite-culpabilidade-por-subversao\/#article\",\"isPartOf\":{\"@id\":\"https:\/\/portaltela.pt\/noticias\/2026\/01\/22\/ex-organizador-de-vigilias-de-tiananmen-admite-culpabilidade-por-subversao\/\"},\"author\":{\"name\":\"Telinha\",\"@id\":\"https:\/\/portaltela.pt\/#\/schema\/person\/c4278d4a6028830caff9ee44b42d32ed\"},\"headline\":\"Ex-organizador de vig\u00edlias de Tiananmen admite culpabilidade por subvers\u00e3o\",\"datePublished\":\"2026-01-22T08:00:00+00:00\",\"mainEntityOfPage\":{\"@id\":\"https:\/\/portaltela.pt\/noticias\/2026\/01\/22\/ex-organizador-de-vigilias-de-tiananmen-admite-culpabilidade-por-subversao\/\"},\"wordCount\":357,\"image\":{\"@id\":\"https:\/\/portaltela.pt\/noticias\/2026\/01\/22\/ex-organizador-de-vigilias-de-tiananmen-admite-culpabilidade-por-subversao\/#primaryimage\"},\"thumbnailUrl\":\"https:\/\/portaltela.pt\/s.01k8rhncp4jt1\/2026\/01\/naom_6971d94bb18cc.jpg\",\"keywords\":[\"Amnistia Internacional\",\"direitos humanos\",\"Lei de Seguran\u00e7a Nacional\",\"liberdade de express\u00e3o\",\"pol\u00edtica\",\"seguran\u00e7a p\u00fablica\"],\"inLanguage\":\"pt-PT\"},{\"@type\":\"WebPage\",\"@id\":\"https:\/\/portaltela.pt\/noticias\/2026\/01\/22\/ex-organizador-de-vigilias-de-tiananmen-admite-culpabilidade-por-subversao\/\",\"url\":\"https:\/\/portaltela.pt\/noticias\/2026\/01\/22\/ex-organizador-de-vigilias-de-tiananmen-admite-culpabilidade-por-subversao\/\",\"name\":\"Ex-organizador de vig\u00edlias de Tiananmen admite culpabilidade por subvers\u00e3o - Portal Tela Portugal\",\"isPartOf\":{\"@id\":\"https:\/\/portaltela.pt\/#website\"},\"primaryImageOfPage\":{\"@id\":\"https:\/\/portaltela.pt\/noticias\/2026\/01\/22\/ex-organizador-de-vigilias-de-tiananmen-admite-culpabilidade-por-subversao\/#primaryimage\"},\"image\":{\"@id\":\"https:\/\/portaltela.pt\/noticias\/2026\/01\/22\/ex-organizador-de-vigilias-de-tiananmen-admite-culpabilidade-por-subversao\/#primaryimage\"},\"thumbnailUrl\":\"https:\/\/portaltela.pt\/s.01k8rhncp4jt1\/2026\/01\/naom_6971d94bb18cc.jpg\",\"datePublished\":\"2026-01-22T08:00:00+00:00\",\"author\":{\"@id\":\"https:\/\/portaltela.pt\/#\/schema\/person\/c4278d4a6028830caff9ee44b42d32ed\"},\"breadcrumb\":{\"@id\":\"https:\/\/portaltela.pt\/noticias\/2026\/01\/22\/ex-organizador-de-vigilias-de-tiananmen-admite-culpabilidade-por-subversao\/#breadcrumb\"},\"inLanguage\":\"pt-PT\",\"potentialAction\":[{\"@type\":\"ReadAction\",\"target\":[\"https:\/\/portaltela.pt\/noticias\/2026\/01\/22\/ex-organizador-de-vigilias-de-tiananmen-admite-culpabilidade-por-subversao\/\"]}]},{\"@type\":\"ImageObject\",\"inLanguage\":\"pt-PT\",\"@id\":\"https:\/\/portaltela.pt\/noticias\/2026\/01\/22\/ex-organizador-de-vigilias-de-tiananmen-admite-culpabilidade-por-subversao\/#primaryimage\",\"url\":\"https:\/\/portaltela.pt\/s.01k8rhncp4jt1\/2026\/01\/naom_6971d94bb18cc.jpg\",\"contentUrl\":\"https:\/\/portaltela.pt\/s.01k8rhncp4jt1\/2026\/01\/naom_6971d94bb18cc.jpg\",\"width\":796,\"height\":448,\"caption\":\"Ex-organizador de vig\u00edlias de Tiananmen declara-se culpado por subvers\u00e3o\"},{\"@type\":\"BreadcrumbList\",\"@id\":\"https:\/\/portaltela.pt\/noticias\/2026\/01\/22\/ex-organizador-de-vigilias-de-tiananmen-admite-culpabilidade-por-subversao\/#breadcrumb\",\"itemListElement\":[{\"@type\":\"ListItem\",\"position\":1,\"name\":\"In\u00edcio\",\"item\":\"https:\/\/portaltela.pt\/\"},{\"@type\":\"ListItem\",\"position\":2,\"name\":\"Ex-organizador de vig\u00edlias de Tiananmen admite culpabilidade por subvers\u00e3o\"}]},{\"@type\":\"WebSite\",\"@id\":\"https:\/\/portaltela.pt\/#website\",\"url\":\"https:\/\/portaltela.pt\/\",\"name\":\"Portal Tela Portugal\",\"description\":\"\",\"potentialAction\":[{\"@type\":\"SearchAction\",\"target\":{\"@type\":\"EntryPoint\",\"urlTemplate\":\"https:\/\/portaltela.pt\/?s={search_term_string}\"},\"query-input\":{\"@type\":\"PropertyValueSpecification\",\"valueRequired\":true,\"valueName\":\"search_term_string\"}}],\"inLanguage\":\"pt-PT\"},{\"@type\":\"Person\",\"@id\":\"https:\/\/portaltela.pt\/#\/schema\/person\/c4278d4a6028830caff9ee44b42d32ed\",\"name\":\"Telinha\",\"image\":{\"@type\":\"ImageObject\",\"inLanguage\":\"pt-PT\",\"@id\":\"https:\/\/portaltela.pt\/s.01k8rhncp4jt1\/2025\/11\/talking-bot-125x125.png\",\"url\":\"https:\/\/portaltela.pt\/s.01k8rhncp4jt1\/2025\/11\/talking-bot-125x125.png\",\"contentUrl\":\"https:\/\/portaltela.pt\/s.01k8rhncp4jt1\/2025\/11\/talking-bot-125x125.png\",\"caption\":\"Telinha\"},\"sameAs\":[\"https:\/\/portaltela.pt\/\"],\"url\":\"https:\/\/portaltela.pt\/por\/367410592786\/\"}]}<\/script>\n<!-- \/ Yoast SEO plugin. -->","yoast_head_json":{"title":"Ex-organizador de vig\u00edlias de Tiananmen admite culpabilidade por subvers\u00e3o - Portal Tela Portugal","robots":{"index":"index","follow":"follow","max-snippet":"max-snippet:-1","max-image-preview":"max-image-preview:large","max-video-preview":"max-video-preview:-1"},"og_locale":"pt_PT","og_type":"article","og_title":"Ex-organizador de vig\u00edlias de Tiananmen admite culpabilidade por subvers\u00e3o - Portal Tela Portugal","og_description":"Albert Ho Chun-yan declarou-se culpado de incitamento \u00e0 subvers\u00e3o, no in\u00edcio do julgamento por vig\u00edlias em mem\u00f3ria de Tiananmen em Hong Kong. Chow Hang-tung e Lee Cheuk-yan declararam-se inocentes; Jimmy Lai j\u00e1 foi considerado culpado, tamb\u00e9m nesse processo, por conspira\u00e7\u00e3o para conluio com for\u00e7as estrangeiras e por conspira\u00e7\u00e3o para publicar artigos sediciosos. O julgamento \u00e9 presidido pelo juiz Alex Lee Wan-tang; as audi\u00eancias devem durar cerca de setenta e cinco dias. Se forem condenados, os tr\u00eas ativistas podem enfrentar at\u00e9 dez anos de pris\u00e3o ao abrigo da lei de seguran\u00e7a nacional, implementada em 2020. Est\u00e3o detidos desde setembro de 2021, com Ho libertado brevemente em cau\u00e7\u00e3o e depois reencarcerado. As vig\u00edlias foram interrompidas em 2020 devido \u00e0 covid-19 e n\u00e3o retomaram, com a lei de seguran\u00e7a nacional a impedir manifesta\u00e7\u00f5es; organiza\u00e7\u00f5es como a Amnistia Internacional criticam as deten\u00e7\u00f5es e o uso da NSL.","og_url":"https:\/\/portaltela.pt\/noticias\/2026\/01\/22\/ex-organizador-de-vigilias-de-tiananmen-admite-culpabilidade-por-subversao\/","og_site_name":"Portal Tela Portugal","article_published_time":"2026-01-22T08:00:00+00:00","author":"Telinha","twitter_card":"summary_large_image","twitter_misc":{"Escrito por":"Telinha","Tempo estimado de leitura":"2 minutos"},"schema":{"@context":"https:\/\/schema.org","@graph":[{"@type":"Article","@id":"https:\/\/portaltela.pt\/noticias\/2026\/01\/22\/ex-organizador-de-vigilias-de-tiananmen-admite-culpabilidade-por-subversao\/#article","isPartOf":{"@id":"https:\/\/portaltela.pt\/noticias\/2026\/01\/22\/ex-organizador-de-vigilias-de-tiananmen-admite-culpabilidade-por-subversao\/"},"author":{"name":"Telinha","@id":"https:\/\/portaltela.pt\/#\/schema\/person\/c4278d4a6028830caff9ee44b42d32ed"},"headline":"Ex-organizador de vig\u00edlias de Tiananmen admite culpabilidade por subvers\u00e3o","datePublished":"2026-01-22T08:00:00+00:00","mainEntityOfPage":{"@id":"https:\/\/portaltela.pt\/noticias\/2026\/01\/22\/ex-organizador-de-vigilias-de-tiananmen-admite-culpabilidade-por-subversao\/"},"wordCount":357,"image":{"@id":"https:\/\/portaltela.pt\/noticias\/2026\/01\/22\/ex-organizador-de-vigilias-de-tiananmen-admite-culpabilidade-por-subversao\/#primaryimage"},"thumbnailUrl":"https:\/\/portaltela.pt\/s.01k8rhncp4jt1\/2026\/01\/naom_6971d94bb18cc.jpg","keywords":["Amnistia Internacional","direitos humanos","Lei de Seguran\u00e7a Nacional","liberdade de express\u00e3o","pol\u00edtica","seguran\u00e7a p\u00fablica"],"inLanguage":"pt-PT"},{"@type":"WebPage","@id":"https:\/\/portaltela.pt\/noticias\/2026\/01\/22\/ex-organizador-de-vigilias-de-tiananmen-admite-culpabilidade-por-subversao\/","url":"https:\/\/portaltela.pt\/noticias\/2026\/01\/22\/ex-organizador-de-vigilias-de-tiananmen-admite-culpabilidade-por-subversao\/","name":"Ex-organizador de vig\u00edlias de Tiananmen admite culpabilidade por subvers\u00e3o - Portal Tela Portugal","isPartOf":{"@id":"https:\/\/portaltela.pt\/#website"},"primaryImageOfPage":{"@id":"https:\/\/portaltela.pt\/noticias\/2026\/01\/22\/ex-organizador-de-vigilias-de-tiananmen-admite-culpabilidade-por-subversao\/#primaryimage"},"image":{"@id":"https:\/\/portaltela.pt\/noticias\/2026\/01\/22\/ex-organizador-de-vigilias-de-tiananmen-admite-culpabilidade-por-subversao\/#primaryimage"},"thumbnailUrl":"https:\/\/portaltela.pt\/s.01k8rhncp4jt1\/2026\/01\/naom_6971d94bb18cc.jpg","datePublished":"2026-01-22T08:00:00+00:00","author":{"@id":"https:\/\/portaltela.pt\/#\/schema\/person\/c4278d4a6028830caff9ee44b42d32ed"},"breadcrumb":{"@id":"https:\/\/portaltela.pt\/noticias\/2026\/01\/22\/ex-organizador-de-vigilias-de-tiananmen-admite-culpabilidade-por-subversao\/#breadcrumb"},"inLanguage":"pt-PT","potentialAction":[{"@type":"ReadAction","target":["https:\/\/portaltela.pt\/noticias\/2026\/01\/22\/ex-organizador-de-vigilias-de-tiananmen-admite-culpabilidade-por-subversao\/"]}]},{"@type":"ImageObject","inLanguage":"pt-PT","@id":"https:\/\/portaltela.pt\/noticias\/2026\/01\/22\/ex-organizador-de-vigilias-de-tiananmen-admite-culpabilidade-por-subversao\/#primaryimage","url":"https:\/\/portaltela.pt\/s.01k8rhncp4jt1\/2026\/01\/naom_6971d94bb18cc.jpg","contentUrl":"https:\/\/portaltela.pt\/s.01k8rhncp4jt1\/2026\/01\/naom_6971d94bb18cc.jpg","width":796,"height":448,"caption":"Ex-organizador de vig\u00edlias de Tiananmen declara-se culpado por subvers\u00e3o"},{"@type":"BreadcrumbList","@id":"https:\/\/portaltela.pt\/noticias\/2026\/01\/22\/ex-organizador-de-vigilias-de-tiananmen-admite-culpabilidade-por-subversao\/#breadcrumb","itemListElement":[{"@type":"ListItem","position":1,"name":"In\u00edcio","item":"https:\/\/portaltela.pt\/"},{"@type":"ListItem","position":2,"name":"Ex-organizador de vig\u00edlias de Tiananmen admite culpabilidade por subvers\u00e3o"}]},{"@type":"WebSite","@id":"https:\/\/portaltela.pt\/#website","url":"https:\/\/portaltela.pt\/","name":"Portal Tela Portugal","description":"","potentialAction":[{"@type":"SearchAction","target":{"@type":"EntryPoint","urlTemplate":"https:\/\/portaltela.pt\/?s={search_term_string}"},"query-input":{"@type":"PropertyValueSpecification","valueRequired":true,"valueName":"search_term_string"}}],"inLanguage":"pt-PT"},{"@type":"Person","@id":"https:\/\/portaltela.pt\/#\/schema\/person\/c4278d4a6028830caff9ee44b42d32ed","name":"Telinha","image":{"@type":"ImageObject","inLanguage":"pt-PT","@id":"https:\/\/portaltela.pt\/s.01k8rhncp4jt1\/2025\/11\/talking-bot-125x125.png","url":"https:\/\/portaltela.pt\/s.01k8rhncp4jt1\/2025\/11\/talking-bot-125x125.png","contentUrl":"https:\/\/portaltela.pt\/s.01k8rhncp4jt1\/2025\/11\/talking-bot-125x125.png","caption":"Telinha"},"sameAs":["https:\/\/portaltela.pt\/"],"url":"https:\/\/portaltela.pt\/por\/367410592786\/"}]}},"_links":{"self":[{"href":"https:\/\/portaltela.pt\/api\/wp\/v2\/posts\/162475","targetHints":{"allow":["GET"]}}],"collection":[{"href":"https:\/\/portaltela.pt\/api\/wp\/v2\/posts"}],"about":[{"href":"https:\/\/portaltela.pt\/api\/wp\/v2\/types\/post"}],"author":[{"embeddable":true,"href":"https:\/\/portaltela.pt\/api\/wp\/v2\/users\/2"}],"replies":[{"embeddable":true,"href":"https:\/\/portaltela.pt\/api\/wp\/v2\/comments?post=162475"}],"version-history":[{"count":0,"href":"https:\/\/portaltela.pt\/api\/wp\/v2\/posts\/162475\/revisions"}],"wp:featuredmedia":[{"embeddable":true,"href":"https:\/\/portaltela.pt\/api\/wp\/v2\/media\/162479"}],"wp:attachment":[{"href":"https:\/\/portaltela.pt\/api\/wp\/v2\/media?parent=162475"}],"wp:term":[{"taxonomy":"category","embeddable":true,"href":"https:\/\/portaltela.pt\/api\/wp\/v2\/categories?post=162475"},{"taxonomy":"post_tag","embeddable":true,"href":"https:\/\/portaltela.pt\/api\/wp\/v2\/tags?post=162475"}],"curies":[{"name":"wp","href":"https:\/\/api.w.org\/{rel}","templated":true}]}}